{"id":26631,"date":"2019-10-03T11:25:56","date_gmt":"2019-10-03T14:25:56","guid":{"rendered":"http:\/\/psol50.org.br\/?p=26631"},"modified":"2019-10-03T11:25:56","modified_gmt":"2019-10-03T14:25:56","slug":"camara-aprova-mocao-repudio-a-bolsonaro-apos-vexame-na-onu","status":"publish","type":"post","link":"https:\/\/psol50.org.br\/camara-aprova-mocao-repudio-a-bolsonaro-apos-vexame-na-onu\/","title":{"rendered":"C\u00e2mara aprova mo\u00e7\u00e3o de rep\u00fadio a Bolsonaro ap\u00f3s vexame na ONU"},"content":{"rendered":"<p>Deputados e deputadas da oposi\u00e7\u00e3o conseguiram aprovar, na \u00faltima quarta-feira (2) na Comiss\u00e3o de Cultura da C\u00e2mara dos Deputados uma mo\u00e7\u00e3o de rep\u00fadio ao discurso do presidente Jair Bolsonaro na Assembleia Geral da ONU. A mo\u00e7\u00e3o \u00e9 uma iniciativa da deputada do PSOL \u00c1urea Carolina.<\/p>\n<p>\u201cO presidente Jair Bolsonaro \u00e9 uma vergonha. Trata nossa pol\u00edtica internacional de maneira amadora, grosseira e irrespons\u00e1vel, envergonha as m\u00e3es, pais, av\u00f3s, mulheres e trabalhadores deste pa\u00eds, com sua perversidade sem fim\u201d, justifica \u00c1urea.<\/p>\n<p>Os poucos governistas presentes tentaram obstruir a vota\u00e7\u00e3o, mas n\u00e3o tiveram sucesso.<\/p>\n<p>A <a href=\"https:\/\/www.camara.leg.br\/proposicoesWeb\/prop_mostrarintegra;jsessionid=63DF7685E208B1785E2E705E0F713545.proposicoesWebExterno1?codteor=1811303&amp;filename=REQ+85\/2019+CCULT\">mo\u00e7\u00e3o de rep\u00fadio<\/a>\u00a0diz, entre outras coisas, que &#8220;enquanto a Amaz\u00f4nia arde em chamas, o presidente anti-ind\u00edgena Jair Bolsonaro segue destilando sua ignor\u00e2ncia (&#8230;) contra os povos ind\u00edgenas do Brasil&#8221;. Afirma, ainda, que &#8220;\u00e9\u00a0inaceit\u00e1vel que o governo atual fa\u00e7a discurso com inverdades sobre os povos ind\u00edgenas, desqualificando lideran\u00e7as ind\u00edgenas e ironizando os povos. Os povos ind\u00edgenas n\u00e3o precisam de cuidados de um Presidente que historicamente sempre foi contra os direitos deste. A luta dos povos ind\u00edgenas \u00e9 urgente e coletiva&#8221;.<\/p>\n<p>Pelo Twitter, \u00c1urea Carolina comemorou a aprova\u00e7\u00e3o da mo\u00e7\u00e3o:<\/p>\n<blockquote class=\"twitter-tweet\" data-width=\"550\" data-dnt=\"true\">\n<p lang=\"pt\" dir=\"ltr\">APROVADA! Com 12 votos SIM e 4 em obstru\u00e7\u00e3o, a Ccult repudia a fala de <a href=\"https:\/\/twitter.com\/jairbolsonaro?ref_src=twsrc%5Etfw\">@jairbolsonaro<\/a> na ONU sobre os povos ind\u00edgenas. Obrigada a <a href=\"https:\/\/twitter.com\/pauloteixeira13?ref_src=twsrc%5Etfw\">@pauloteixeira13<\/a>, <a href=\"https:\/\/twitter.com\/tuliogadelha?ref_src=twsrc%5Etfw\">@tuliogadelha<\/a>, <a href=\"https:\/\/twitter.com\/jandira_feghali?ref_src=twsrc%5Etfw\">@jandira_feghali<\/a>, <a href=\"https:\/\/twitter.com\/caleromarcelo?ref_src=twsrc%5Etfw\">@caleromarcelo<\/a>, <a href=\"https:\/\/twitter.com\/waldenorpereira?ref_src=twsrc%5Etfw\">@waldenorpereira<\/a> e <a href=\"https:\/\/twitter.com\/TadeuAlencarPE?ref_src=twsrc%5Etfw\">@TadeuAlencarPE<\/a> pelo pronunciamento favor\u00e1vel ao nosso pedido.<\/p>\n<p>&mdash; \u00c1urea Carolina (@aureacarolinax) <a href=\"https:\/\/twitter.com\/aureacarolinax\/status\/1179474021181734913?ref_src=twsrc%5Etfw\">October 2, 2019<\/a><\/p><\/blockquote>\n<p><script async src=\"https:\/\/platform.twitter.com\/widgets.js\" charset=\"utf-8\"><\/script><\/p>\n","protected":false},"excerpt":{"rendered":"<p>Deputados e deputadas da oposi\u00e7\u00e3o conseguiram aprovar, na \u00faltima quarta-feira (2) na Comiss\u00e3o de Cultura da C\u00e2mara dos Deputados uma mo\u00e7\u00e3o de rep\u00fadio ao discurso do presidente Jair Bolsonaro na Assembleia Geral da ONU. A mo\u00e7\u00e3o \u00e9 uma iniciativa da deputada do PSOL \u00c1urea Carolina. \u201cO presidente Jair Bolsonaro \u00e9 uma vergonha. Trata nossa pol\u00edtica [&hellip;]<\/p>\n","protected":false},"author":2,"featured_media":26634,"comment_status":"closed","ping_status":"open","sticky":false,"template":"","format":"standard","meta":{"_acf_changed":false,"footnotes":""},"categories":[6],"tags":[56,163,67,2049,232],"class_list":{"0":"post-26631","1":"post","2":"type-post","3":"status-publish","4":"format-standard","5":"has-post-thumbnail","7":"category-noticias","8":"tag-bolsonaro","9":"tag-camara","10":"tag-discurso","11":"tag-mocao","12":"tag-onu"},"acf":[],"yoast_head":"<!-- This site is optimized with the Yoast SEO plugin v26.5 - https:\/\/yoast.com\/wordpress\/plugins\/seo\/ -->\n<title>C\u00e2mara aprova mo\u00e7\u00e3o de rep\u00fadio a Bolsonaro ap\u00f3s vexame na ONU - PSOL 50<\/title>\n<meta name=\"description\" content=\"A mo\u00e7\u00e3o \u00e9 uma iniciativa de \u00c1urea Carolina (PSOL-MG) e foi aprovada na Comiss\u00e3o de Cultura da C\u00e2mara dos Deputados.\" \/>\n<meta name=\"robots\" content=\"index, follow, max-snippet:-1, max-image-preview:large, max-video-preview:-1\" \/>\n<link rel=\"canonical\" href=\"https:\/\/psol50.org.br\/camara-aprova-mocao-repudio-a-bolsonaro-apos-vexame-na-onu\/\" \/>\n<meta property=\"og:locale\" content=\"pt_BR\" \/>\n<meta property=\"og:type\" content=\"article\" \/>\n<meta property=\"og:title\" content=\"C\u00e2mara aprova mo\u00e7\u00e3o de rep\u00fadio a Bolsonaro ap\u00f3s vexame na ONU\" \/>\n<meta property=\"og:description\" content=\"A mo\u00e7\u00e3o \u00e9 uma iniciativa de \u00c1urea Carolina (PSOL-MG) e foi aprovada na Comiss\u00e3o de Cultura da C\u00e2mara dos Deputados.\" \/>\n<meta property=\"og:url\" content=\"https:\/\/psol50.org.br\/camara-aprova-mocao-repudio-a-bolsonaro-apos-vexame-na-onu\/\" \/>\n<meta property=\"og:site_name\" content=\"PSOL 50\" \/>\n<meta property=\"article:publisher\" content=\"https:\/\/www.facebook.com\/psol50\" \/>\n<meta property=\"article:published_time\" content=\"2019-10-03T14:25:56+00:00\" \/>\n<meta property=\"og:image\" content=\"https:\/\/psol50.org.br\/inc\/uploads\/2019\/10\/jair.bolsonaro.onu_.jpg\" \/>\n\t<meta property=\"og:image:width\" content=\"1620\" \/>\n\t<meta property=\"og:image:height\" content=\"1080\" \/>\n\t<meta property=\"og:image:type\" content=\"image\/jpeg\" \/>\n<meta name=\"author\" content=\"Comunica\u00e7\u00e3o PSOL\" \/>\n<meta name=\"twitter:card\" content=\"summary_large_image\" \/>\n<meta name=\"twitter:title\" content=\"C\u00e2mara aprova mo\u00e7\u00e3o de rep\u00fadio a Bolsonaro ap\u00f3s vexame na ONU\" \/>\n<meta name=\"twitter:description\" content=\"A mo\u00e7\u00e3o \u00e9 uma iniciativa de \u00c1urea Carolina (PSOL-MG) e foi aprovada na Comiss\u00e3o de Cultura da C\u00e2mara dos Deputados.\" \/>\n<meta name=\"twitter:image\" content=\"https:\/\/psol50.org.br\/inc\/uploads\/2019\/10\/jair.bolsonaro.onu_.jpg\" \/>\n<meta name=\"twitter:creator\" content=\"@psol50\" \/>\n<meta name=\"twitter:site\" content=\"@psol50\" \/>\n<meta name=\"twitter:label1\" content=\"Escrito por\" \/>\n\t<meta name=\"twitter:data1\" content=\"Comunica\u00e7\u00e3o PSOL\" \/>\n\t<meta name=\"twitter:label2\" content=\"Est. tempo de leitura\" \/>\n\t<meta name=\"twitter:data2\" content=\"1 minuto\" \/>\n<script type=\"application\/ld+json\" class=\"yoast-schema-graph\">{\"@context\":\"https:\/\/schema.org\",\"@graph\":[{\"@type\":\"Article\",\"@id\":\"https:\/\/psol50.org.br\/camara-aprova-mocao-repudio-a-bolsonaro-apos-vexame-na-onu\/#article\",\"isPartOf\":{\"@id\":\"https:\/\/psol50.org.br\/camara-aprova-mocao-repudio-a-bolsonaro-apos-vexame-na-onu\/\"},\"author\":{\"name\":\"Comunica\u00e7\u00e3o PSOL\",\"@id\":\"https:\/\/psol50.org.br\/#\/schema\/person\/475dfa57d0b815993c714c2e96491fcd\"},\"headline\":\"C\u00e2mara aprova mo\u00e7\u00e3o de rep\u00fadio a Bolsonaro ap\u00f3s vexame na ONU\",\"datePublished\":\"2019-10-03T14:25:56+00:00\",\"mainEntityOfPage\":{\"@id\":\"https:\/\/psol50.org.br\/camara-aprova-mocao-repudio-a-bolsonaro-apos-vexame-na-onu\/\"},\"wordCount\":225,\"publisher\":{\"@id\":\"https:\/\/psol50.org.br\/#organization\"},\"image\":{\"@id\":\"https:\/\/psol50.org.br\/camara-aprova-mocao-repudio-a-bolsonaro-apos-vexame-na-onu\/#primaryimage\"},\"thumbnailUrl\":\"https:\/\/psol50.org.br\/inc\/uploads\/2019\/10\/jair.bolsonaro.onu_.jpg\",\"keywords\":[\"Bolsonaro\",\"c\u00e2mara\",\"discurso\",\"mo\u00e7\u00e3o\",\"ONU\"],\"articleSection\":[\"Not\u00edcias\"],\"inLanguage\":\"pt-BR\"},{\"@type\":\"WebPage\",\"@id\":\"https:\/\/psol50.org.br\/camara-aprova-mocao-repudio-a-bolsonaro-apos-vexame-na-onu\/\",\"url\":\"https:\/\/psol50.org.br\/camara-aprova-mocao-repudio-a-bolsonaro-apos-vexame-na-onu\/\",\"name\":\"C\u00e2mara aprova mo\u00e7\u00e3o de rep\u00fadio a Bolsonaro ap\u00f3s vexame na ONU - PSOL 50\",\"isPartOf\":{\"@id\":\"https:\/\/psol50.org.br\/#website\"},\"primaryImageOfPage\":{\"@id\":\"https:\/\/psol50.org.br\/camara-aprova-mocao-repudio-a-bolsonaro-apos-vexame-na-onu\/#primaryimage\"},\"image\":{\"@id\":\"https:\/\/psol50.org.br\/camara-aprova-mocao-repudio-a-bolsonaro-apos-vexame-na-onu\/#primaryimage\"},\"thumbnailUrl\":\"https:\/\/psol50.org.br\/inc\/uploads\/2019\/10\/jair.bolsonaro.onu_.jpg\",\"datePublished\":\"2019-10-03T14:25:56+00:00\",\"description\":\"A mo\u00e7\u00e3o \u00e9 uma iniciativa de \u00c1urea Carolina (PSOL-MG) e foi aprovada na Comiss\u00e3o de Cultura da C\u00e2mara dos Deputados.\",\"breadcrumb\":{\"@id\":\"https:\/\/psol50.org.br\/camara-aprova-mocao-repudio-a-bolsonaro-apos-vexame-na-onu\/#breadcrumb\"},\"inLanguage\":\"pt-BR\",\"potentialAction\":[{\"@type\":\"ReadAction\",\"target\":[\"https:\/\/psol50.org.br\/camara-aprova-mocao-repudio-a-bolsonaro-apos-vexame-na-onu\/\"]}]},{\"@type\":\"ImageObject\",\"inLanguage\":\"pt-BR\",\"@id\":\"https:\/\/psol50.org.br\/camara-aprova-mocao-repudio-a-bolsonaro-apos-vexame-na-onu\/#primaryimage\",\"url\":\"https:\/\/psol50.org.br\/inc\/uploads\/2019\/10\/jair.bolsonaro.onu_.jpg\",\"contentUrl\":\"https:\/\/psol50.org.br\/inc\/uploads\/2019\/10\/jair.bolsonaro.onu_.jpg\",\"width\":1620,\"height\":1080,\"caption\":\"Foto: Alan Santos\/PR\"},{\"@type\":\"BreadcrumbList\",\"@id\":\"https:\/\/psol50.org.br\/camara-aprova-mocao-repudio-a-bolsonaro-apos-vexame-na-onu\/#breadcrumb\",\"itemListElement\":[{\"@type\":\"ListItem\",\"position\":1,\"name\":\"In\u00edcio\",\"item\":\"https:\/\/psol50.org.br\/\"},{\"@type\":\"ListItem\",\"position\":2,\"name\":\"C\u00e2mara aprova mo\u00e7\u00e3o de rep\u00fadio a Bolsonaro ap\u00f3s vexame na ONU\"}]},{\"@type\":\"WebSite\",\"@id\":\"https:\/\/psol50.org.br\/#website\",\"url\":\"https:\/\/psol50.org.br\/\",\"name\":\"PSOL 50\",\"description\":\"Site oficial do Partido Socialismo e Liberdade\",\"publisher\":{\"@id\":\"https:\/\/psol50.org.br\/#organization\"},\"alternateName\":\"PSOL50\",\"potentialAction\":[{\"@type\":\"SearchAction\",\"target\":{\"@type\":\"EntryPoint\",\"urlTemplate\":\"https:\/\/psol50.org.br\/?s={search_term_string}\"},\"query-input\":{\"@type\":\"PropertyValueSpecification\",\"valueRequired\":true,\"valueName\":\"search_term_string\"}}],\"inLanguage\":\"pt-BR\"},{\"@type\":\"Organization\",\"@id\":\"https:\/\/psol50.org.br\/#organization\",\"name\":\"PSOL 50\",\"alternateName\":\"PSOL 50\",\"url\":\"https:\/\/psol50.org.br\/\",\"logo\":{\"@type\":\"ImageObject\",\"inLanguage\":\"pt-BR\",\"@id\":\"https:\/\/psol50.org.br\/#\/schema\/logo\/image\/\",\"url\":\"https:\/\/psol50.org.br\/inc\/uploads\/2018\/07\/capa.png\",\"contentUrl\":\"https:\/\/psol50.org.br\/inc\/uploads\/2018\/07\/capa.png\",\"width\":1350,\"height\":900,\"caption\":\"PSOL 50\"},\"image\":{\"@id\":\"https:\/\/psol50.org.br\/#\/schema\/logo\/image\/\"},\"sameAs\":[\"https:\/\/www.facebook.com\/psol50\",\"https:\/\/x.com\/psol50\",\"https:\/\/www.instagram.com\/psol50\/\",\"https:\/\/www.youtube.com\/channel\/UC7SnJS5o1os7a6CaiNabzcg\"]},{\"@type\":\"Person\",\"@id\":\"https:\/\/psol50.org.br\/#\/schema\/person\/475dfa57d0b815993c714c2e96491fcd\",\"name\":\"Comunica\u00e7\u00e3o PSOL\",\"image\":{\"@type\":\"ImageObject\",\"inLanguage\":\"pt-BR\",\"@id\":\"https:\/\/psol50.org.br\/#\/schema\/person\/image\/\",\"url\":\"https:\/\/secure.gravatar.com\/avatar\/b34fc4f4e468a4e51785917065a3db57b841f5c95dba6ad8c73aaf8f66f8f9bf?s=96&d=mm&r=g\",\"contentUrl\":\"https:\/\/secure.gravatar.com\/avatar\/b34fc4f4e468a4e51785917065a3db57b841f5c95dba6ad8c73aaf8f66f8f9bf?s=96&d=mm&r=g\",\"caption\":\"Comunica\u00e7\u00e3o PSOL\"}}]}<\/script>\n<!-- \/ Yoast SEO plugin. -->","yoast_head_json":{"title":"C\u00e2mara aprova mo\u00e7\u00e3o de rep\u00fadio a Bolsonaro ap\u00f3s vexame na ONU - PSOL 50","description":"A mo\u00e7\u00e3o \u00e9 uma iniciativa de \u00c1urea Carolina (PSOL-MG) e foi aprovada na Comiss\u00e3o de Cultura da C\u00e2mara dos Deputados.","robots":{"index":"index","follow":"follow","max-snippet":"max-snippet:-1","max-image-preview":"max-image-preview:large","max-video-preview":"max-video-preview:-1"},"canonical":"https:\/\/psol50.org.br\/camara-aprova-mocao-repudio-a-bolsonaro-apos-vexame-na-onu\/","og_locale":"pt_BR","og_type":"article","og_title":"C\u00e2mara aprova mo\u00e7\u00e3o de rep\u00fadio a Bolsonaro ap\u00f3s vexame na ONU","og_description":"A mo\u00e7\u00e3o \u00e9 uma iniciativa de \u00c1urea Carolina (PSOL-MG) e foi aprovada na Comiss\u00e3o de Cultura da C\u00e2mara dos Deputados.","og_url":"https:\/\/psol50.org.br\/camara-aprova-mocao-repudio-a-bolsonaro-apos-vexame-na-onu\/","og_site_name":"PSOL 50","article_publisher":"https:\/\/www.facebook.com\/psol50","article_published_time":"2019-10-03T14:25:56+00:00","og_image":[{"width":1620,"height":1080,"url":"https:\/\/psol50.org.br\/inc\/uploads\/2019\/10\/jair.bolsonaro.onu_.jpg","type":"image\/jpeg"}],"author":"Comunica\u00e7\u00e3o PSOL","twitter_card":"summary_large_image","twitter_title":"C\u00e2mara aprova mo\u00e7\u00e3o de rep\u00fadio a Bolsonaro ap\u00f3s vexame na ONU","twitter_description":"A mo\u00e7\u00e3o \u00e9 uma iniciativa de \u00c1urea Carolina (PSOL-MG) e foi aprovada na Comiss\u00e3o de Cultura da C\u00e2mara dos Deputados.","twitter_image":"https:\/\/psol50.org.br\/inc\/uploads\/2019\/10\/jair.bolsonaro.onu_.jpg","twitter_creator":"@psol50","twitter_site":"@psol50","twitter_misc":{"Escrito por":"Comunica\u00e7\u00e3o PSOL","Est. tempo de leitura":"1 minuto"},"schema":{"@context":"https:\/\/schema.org","@graph":[{"@type":"Article","@id":"https:\/\/psol50.org.br\/camara-aprova-mocao-repudio-a-bolsonaro-apos-vexame-na-onu\/#article","isPartOf":{"@id":"https:\/\/psol50.org.br\/camara-aprova-mocao-repudio-a-bolsonaro-apos-vexame-na-onu\/"},"author":{"name":"Comunica\u00e7\u00e3o PSOL","@id":"https:\/\/psol50.org.br\/#\/schema\/person\/475dfa57d0b815993c714c2e96491fcd"},"headline":"C\u00e2mara aprova mo\u00e7\u00e3o de rep\u00fadio a Bolsonaro ap\u00f3s vexame na ONU","datePublished":"2019-10-03T14:25:56+00:00","mainEntityOfPage":{"@id":"https:\/\/psol50.org.br\/camara-aprova-mocao-repudio-a-bolsonaro-apos-vexame-na-onu\/"},"wordCount":225,"publisher":{"@id":"https:\/\/psol50.org.br\/#organization"},"image":{"@id":"https:\/\/psol50.org.br\/camara-aprova-mocao-repudio-a-bolsonaro-apos-vexame-na-onu\/#primaryimage"},"thumbnailUrl":"https:\/\/psol50.org.br\/inc\/uploads\/2019\/10\/jair.bolsonaro.onu_.jpg","keywords":["Bolsonaro","c\u00e2mara","discurso","mo\u00e7\u00e3o","ONU"],"articleSection":["Not\u00edcias"],"inLanguage":"pt-BR"},{"@type":"WebPage","@id":"https:\/\/psol50.org.br\/camara-aprova-mocao-repudio-a-bolsonaro-apos-vexame-na-onu\/","url":"https:\/\/psol50.org.br\/camara-aprova-mocao-repudio-a-bolsonaro-apos-vexame-na-onu\/","name":"C\u00e2mara aprova mo\u00e7\u00e3o de rep\u00fadio a Bolsonaro ap\u00f3s vexame na ONU - PSOL 50","isPartOf":{"@id":"https:\/\/psol50.org.br\/#website"},"primaryImageOfPage":{"@id":"https:\/\/psol50.org.br\/camara-aprova-mocao-repudio-a-bolsonaro-apos-vexame-na-onu\/#primaryimage"},"image":{"@id":"https:\/\/psol50.org.br\/camara-aprova-mocao-repudio-a-bolsonaro-apos-vexame-na-onu\/#primaryimage"},"thumbnailUrl":"https:\/\/psol50.org.br\/inc\/uploads\/2019\/10\/jair.bolsonaro.onu_.jpg","datePublished":"2019-10-03T14:25:56+00:00","description":"A mo\u00e7\u00e3o \u00e9 uma iniciativa de \u00c1urea Carolina (PSOL-MG) e foi aprovada na Comiss\u00e3o de Cultura da C\u00e2mara dos Deputados.","breadcrumb":{"@id":"https:\/\/psol50.org.br\/camara-aprova-mocao-repudio-a-bolsonaro-apos-vexame-na-onu\/#breadcrumb"},"inLanguage":"pt-BR","potentialAction":[{"@type":"ReadAction","target":["https:\/\/psol50.org.br\/camara-aprova-mocao-repudio-a-bolsonaro-apos-vexame-na-onu\/"]}]},{"@type":"ImageObject","inLanguage":"pt-BR","@id":"https:\/\/psol50.org.br\/camara-aprova-mocao-repudio-a-bolsonaro-apos-vexame-na-onu\/#primaryimage","url":"https:\/\/psol50.org.br\/inc\/uploads\/2019\/10\/jair.bolsonaro.onu_.jpg","contentUrl":"https:\/\/psol50.org.br\/inc\/uploads\/2019\/10\/jair.bolsonaro.onu_.jpg","width":1620,"height":1080,"caption":"Foto: Alan Santos\/PR"},{"@type":"BreadcrumbList","@id":"https:\/\/psol50.org.br\/camara-aprova-mocao-repudio-a-bolsonaro-apos-vexame-na-onu\/#breadcrumb","itemListElement":[{"@type":"ListItem","position":1,"name":"In\u00edcio","item":"https:\/\/psol50.org.br\/"},{"@type":"ListItem","position":2,"name":"C\u00e2mara aprova mo\u00e7\u00e3o de rep\u00fadio a Bolsonaro ap\u00f3s vexame na ONU"}]},{"@type":"WebSite","@id":"https:\/\/psol50.org.br\/#website","url":"https:\/\/psol50.org.br\/","name":"PSOL 50","description":"Site oficial do Partido Socialismo e Liberdade","publisher":{"@id":"https:\/\/psol50.org.br\/#organization"},"alternateName":"PSOL50","potentialAction":[{"@type":"SearchAction","target":{"@type":"EntryPoint","urlTemplate":"https:\/\/psol50.org.br\/?s={search_term_string}"},"query-input":{"@type":"PropertyValueSpecification","valueRequired":true,"valueName":"search_term_string"}}],"inLanguage":"pt-BR"},{"@type":"Organization","@id":"https:\/\/psol50.org.br\/#organization","name":"PSOL 50","alternateName":"PSOL 50","url":"https:\/\/psol50.org.br\/","logo":{"@type":"ImageObject","inLanguage":"pt-BR","@id":"https:\/\/psol50.org.br\/#\/schema\/logo\/image\/","url":"https:\/\/psol50.org.br\/inc\/uploads\/2018\/07\/capa.png","contentUrl":"https:\/\/psol50.org.br\/inc\/uploads\/2018\/07\/capa.png","width":1350,"height":900,"caption":"PSOL 50"},"image":{"@id":"https:\/\/psol50.org.br\/#\/schema\/logo\/image\/"},"sameAs":["https:\/\/www.facebook.com\/psol50","https:\/\/x.com\/psol50","https:\/\/www.instagram.com\/psol50\/","https:\/\/www.youtube.com\/channel\/UC7SnJS5o1os7a6CaiNabzcg"]},{"@type":"Person","@id":"https:\/\/psol50.org.br\/#\/schema\/person\/475dfa57d0b815993c714c2e96491fcd","name":"Comunica\u00e7\u00e3o PSOL","image":{"@type":"ImageObject","inLanguage":"pt-BR","@id":"https:\/\/psol50.org.br\/#\/schema\/person\/image\/","url":"https:\/\/secure.gravatar.com\/avatar\/b34fc4f4e468a4e51785917065a3db57b841f5c95dba6ad8c73aaf8f66f8f9bf?s=96&d=mm&r=g","contentUrl":"https:\/\/secure.gravatar.com\/avatar\/b34fc4f4e468a4e51785917065a3db57b841f5c95dba6ad8c73aaf8f66f8f9bf?s=96&d=mm&r=g","caption":"Comunica\u00e7\u00e3o PSOL"}}]}},"_links":{"self":[{"href":"https:\/\/psol50.org.br\/rest\/wp\/v2\/posts\/26631","targetHints":{"allow":["GET"]}}],"collection":[{"href":"https:\/\/psol50.org.br\/rest\/wp\/v2\/posts"}],"about":[{"href":"https:\/\/psol50.org.br\/rest\/wp\/v2\/types\/post"}],"author":[{"embeddable":true,"href":"https:\/\/psol50.org.br\/rest\/wp\/v2\/users\/2"}],"replies":[{"embeddable":true,"href":"https:\/\/psol50.org.br\/rest\/wp\/v2\/comments?post=26631"}],"version-history":[{"count":0,"href":"https:\/\/psol50.org.br\/rest\/wp\/v2\/posts\/26631\/revisions"}],"wp:featuredmedia":[{"embeddable":true,"href":"https:\/\/psol50.org.br\/rest\/wp\/v2\/media\/26634"}],"wp:attachment":[{"href":"https:\/\/psol50.org.br\/rest\/wp\/v2\/media?parent=26631"}],"wp:term":[{"taxonomy":"category","embeddable":true,"href":"https:\/\/psol50.org.br\/rest\/wp\/v2\/categories?post=26631"},{"taxonomy":"post_tag","embeddable":true,"href":"https:\/\/psol50.org.br\/rest\/wp\/v2\/tags?post=26631"}],"curies":[{"name":"wp","href":"https:\/\/api.w.org\/{rel}","templated":true}]}}