{"id":26637,"date":"2019-10-03T17:23:41","date_gmt":"2019-10-03T20:23:41","guid":{"rendered":"http:\/\/psol50.org.br\/?p=26637"},"modified":"2019-10-03T17:23:41","modified_gmt":"2019-10-03T20:23:41","slug":"psol-impede-que-e-o-projeto-que-aumenta-o-abismo-salarial-entre-militares-va-direto-ao-senado","status":"publish","type":"post","link":"https:\/\/psol50.org.br\/psol-impede-que-e-o-projeto-que-aumenta-o-abismo-salarial-entre-militares-va-direto-ao-senado\/","title":{"rendered":"PSOL impede que o projeto que aumenta o abismo salarial entre militares v\u00e1 direto ao Senado"},"content":{"rendered":"<p>Os deputados do PSOL Marcelo Freixo e Glauber Braga conseguiram, nesta quinta-feira (3), reunir as assinaturas necess\u00e1rias para fazer com que o projeto de lei 1645\/2019, que reformula as carreiras das For\u00e7as Armadas, seja levado ao plen\u00e1rio da C\u00e2mara dos Deputados. Na tramita\u00e7\u00e3o atual do projeto, se ele fosse aprovado pela comisss\u00e3o que o analisa, j\u00e1 seria enviado diretamente ao Senado.<\/p>\n<p>O projeto, apresentado pelo governo Bolsonaro, vem sendo chamado pela maioria dos militares do Brasil de &#8220;PL da Trai\u00e7\u00e3o&#8221;, afinal aumenta o abismo salarial dentro das tropas. Como exemplo, enquanto um general de brigada ter\u00e1, at\u00e9 2023, um aumento de 55,7% em sua remunera\u00e7\u00e3o, um terceiro-sargento ter\u00e1 aumento de apenas 4,6% no mesmo per\u00edodo. Ou seja, enquanto o integrante da c\u00fapula das For\u00e7as Armadas passar\u00e1 a ganhar R$ 30.725,40 perante os R$ 19.734,20 atuais, o militar de menor patente passar\u00e1 de R$ 4.896 para receber R$ 5.125,50.<\/p>\n<p>Outras mudan\u00e7as absurdas acontecem nas gratifica\u00e7\u00f5es dos militares. O Adicional de Habilita\u00e7\u00e3o para generais e coron\u00e9is vai passar de 30% para 71% do soldo, enquanto o de cabos e sargentos continuar\u00e1 em 12%, sem aumento. O governo tamb\u00e9m cria uma nova gratifica\u00e7\u00e3o, chamada Adicional de Disponibilidade. Para um coronel, ela equivaler\u00e1 a 32% do soldo. J\u00e1 para soldados e cabos, ela ser\u00e1 de 5%.<\/p>\n<p>Em seu Twitter, Marcelo Freixo explicou a situa\u00e7\u00e3o atual do projeto e criticou a postura de Jair Bolsonaro, que prometeu em campanha valorizar sargentos, cabos e soldados, e agora trabalha para agradar apenas a c\u00fapula das For\u00e7as Armadas.<\/p>\n<blockquote class=\"twitter-tweet\" data-width=\"550\" data-dnt=\"true\">\n<p lang=\"pt\" dir=\"ltr\">7. O candidato Bolsonaro diz uma coisa, mas o presidente Bolsonaro faz outra. Na campanha, ele prometeu valorizar tenentes, sargentos, cabos e soldados. Mas agora privilegia a c\u00fapula das For\u00e7as Armadas. N\u00e3o \u00e0 toa a proposta est\u00e1 sendo chamada pelos militares de PL da Trai\u00e7\u00e3o.  \u270a<\/p>\n<p>&mdash; Marcelo Freixo (@MarceloFreixo) <a href=\"https:\/\/twitter.com\/MarceloFreixo\/status\/1179840587995983877?ref_src=twsrc%5Etfw\">October 3, 2019<\/a><\/p><\/blockquote>\n<p><script async src=\"https:\/\/platform.twitter.com\/widgets.js\" charset=\"utf-8\"><\/script><\/p>\n","protected":false},"excerpt":{"rendered":"<p>Os deputados do PSOL Marcelo Freixo e Glauber Braga conseguiram, nesta quinta-feira (3), reunir as assinaturas necess\u00e1rias para fazer com que o projeto de lei 1645\/2019, que reformula as carreiras das For\u00e7as Armadas, seja levado ao plen\u00e1rio da C\u00e2mara dos Deputados. Na tramita\u00e7\u00e3o atual do projeto, se ele fosse aprovado pela comisss\u00e3o que o analisa, [&hellip;]<\/p>\n","protected":false},"author":2,"featured_media":26365,"comment_status":"closed","ping_status":"open","sticky":false,"template":"","format":"standard","meta":{"_acf_changed":false,"footnotes":""},"categories":[6],"tags":[2050,1499,175,1191,22,2051,2052],"class_list":{"0":"post-26637","1":"post","2":"type-post","3":"status-publish","4":"format-standard","5":"has-post-thumbnail","7":"category-noticias","8":"tag-carreiras","9":"tag-forcas-armadas","10":"tag-freixo","11":"tag-glauber-braga","12":"tag-psol","13":"tag-reformulacao","14":"tag-traicao"},"acf":[],"yoast_head":"<!-- This site is optimized with the Yoast SEO plugin v26.5 - https:\/\/yoast.com\/wordpress\/plugins\/seo\/ -->\n<title>PSOL impede que o projeto que aumenta o abismo salarial entre militares v\u00e1 direto ao Senado<\/title>\n<meta name=\"robots\" content=\"index, follow, max-snippet:-1, max-image-preview:large, max-video-preview:-1\" \/>\n<link rel=\"canonical\" href=\"https:\/\/psol50.org.br\/psol-impede-que-e-o-projeto-que-aumenta-o-abismo-salarial-entre-militares-va-direto-ao-senado\/\" \/>\n<meta property=\"og:locale\" content=\"pt_BR\" \/>\n<meta property=\"og:type\" content=\"article\" \/>\n<meta property=\"og:title\" content=\"PSOL impede que o projeto que aumenta o abismo salarial entre militares v\u00e1 direto ao Senado\" \/>\n<meta property=\"og:description\" content=\"Reformula\u00e7\u00e3o das carreiras das For\u00e7as Armadas proposta pelo governo Bolsonaro privilegia a c\u00fapula e trai a maioria dos militares brasileiros.\" \/>\n<meta property=\"og:url\" content=\"https:\/\/psol50.org.br\/psol-impede-que-e-o-projeto-que-aumenta-o-abismo-salarial-entre-militares-va-direto-ao-senado\/\" \/>\n<meta property=\"og:site_name\" content=\"PSOL 50\" \/>\n<meta property=\"article:publisher\" content=\"https:\/\/www.facebook.com\/psol50\" \/>\n<meta property=\"article:published_time\" content=\"2019-10-03T20:23:41+00:00\" \/>\n<meta property=\"og:image\" content=\"https:\/\/psol50.org.br\/inc\/uploads\/2019\/09\/Bolsonaro.MARCOS-CORREA-PR.png\" \/>\n\t<meta property=\"og:image:width\" content=\"1200\" \/>\n\t<meta property=\"og:image:height\" content=\"720\" \/>\n\t<meta property=\"og:image:type\" content=\"image\/png\" \/>\n<meta name=\"author\" content=\"Comunica\u00e7\u00e3o PSOL\" \/>\n<meta name=\"twitter:card\" content=\"summary_large_image\" \/>\n<meta name=\"twitter:title\" content=\"PSOL impede que o projeto que aumenta o abismo salarial entre militares v\u00e1 direto ao Senado\" \/>\n<meta name=\"twitter:description\" content=\"Reformula\u00e7\u00e3o das carreiras das For\u00e7as Armadas proposta pelo governo Bolsonaro privilegia a c\u00fapula e trai a maioria dos militares brasileiros.\" \/>\n<meta name=\"twitter:image\" content=\"https:\/\/psol50.org.br\/inc\/uploads\/2019\/09\/Bolsonaro.MARCOS-CORREA-PR.png\" \/>\n<meta name=\"twitter:creator\" content=\"@psol50\" \/>\n<meta name=\"twitter:site\" content=\"@psol50\" \/>\n<meta name=\"twitter:label1\" content=\"Escrito por\" \/>\n\t<meta name=\"twitter:data1\" content=\"Comunica\u00e7\u00e3o PSOL\" \/>\n\t<meta name=\"twitter:label2\" content=\"Est. tempo de leitura\" \/>\n\t<meta name=\"twitter:data2\" content=\"1 minuto\" \/>\n<script type=\"application\/ld+json\" class=\"yoast-schema-graph\">{\"@context\":\"https:\/\/schema.org\",\"@graph\":[{\"@type\":\"Article\",\"@id\":\"https:\/\/psol50.org.br\/psol-impede-que-e-o-projeto-que-aumenta-o-abismo-salarial-entre-militares-va-direto-ao-senado\/#article\",\"isPartOf\":{\"@id\":\"https:\/\/psol50.org.br\/psol-impede-que-e-o-projeto-que-aumenta-o-abismo-salarial-entre-militares-va-direto-ao-senado\/\"},\"author\":{\"name\":\"Comunica\u00e7\u00e3o PSOL\",\"@id\":\"https:\/\/psol50.org.br\/#\/schema\/person\/475dfa57d0b815993c714c2e96491fcd\"},\"headline\":\"PSOL impede que o projeto que aumenta o abismo salarial entre militares v\u00e1 direto ao Senado\",\"datePublished\":\"2019-10-03T20:23:41+00:00\",\"mainEntityOfPage\":{\"@id\":\"https:\/\/psol50.org.br\/psol-impede-que-e-o-projeto-que-aumenta-o-abismo-salarial-entre-militares-va-direto-ao-senado\/\"},\"wordCount\":277,\"publisher\":{\"@id\":\"https:\/\/psol50.org.br\/#organization\"},\"image\":{\"@id\":\"https:\/\/psol50.org.br\/psol-impede-que-e-o-projeto-que-aumenta-o-abismo-salarial-entre-militares-va-direto-ao-senado\/#primaryimage\"},\"thumbnailUrl\":\"https:\/\/psol50.org.br\/inc\/uploads\/2019\/09\/Bolsonaro.MARCOS-CORREA-PR.png\",\"keywords\":[\"carreiras\",\"For\u00e7as Armadas\",\"freixo\",\"Glauber Braga\",\"PSOL\",\"reformula\u00e7\u00e3o\",\"trai\u00e7\u00e3o\"],\"articleSection\":[\"Not\u00edcias\"],\"inLanguage\":\"pt-BR\"},{\"@type\":\"WebPage\",\"@id\":\"https:\/\/psol50.org.br\/psol-impede-que-e-o-projeto-que-aumenta-o-abismo-salarial-entre-militares-va-direto-ao-senado\/\",\"url\":\"https:\/\/psol50.org.br\/psol-impede-que-e-o-projeto-que-aumenta-o-abismo-salarial-entre-militares-va-direto-ao-senado\/\",\"name\":\"PSOL impede que o projeto que aumenta o abismo salarial entre militares v\u00e1 direto ao Senado\",\"isPartOf\":{\"@id\":\"https:\/\/psol50.org.br\/#website\"},\"primaryImageOfPage\":{\"@id\":\"https:\/\/psol50.org.br\/psol-impede-que-e-o-projeto-que-aumenta-o-abismo-salarial-entre-militares-va-direto-ao-senado\/#primaryimage\"},\"image\":{\"@id\":\"https:\/\/psol50.org.br\/psol-impede-que-e-o-projeto-que-aumenta-o-abismo-salarial-entre-militares-va-direto-ao-senado\/#primaryimage\"},\"thumbnailUrl\":\"https:\/\/psol50.org.br\/inc\/uploads\/2019\/09\/Bolsonaro.MARCOS-CORREA-PR.png\",\"datePublished\":\"2019-10-03T20:23:41+00:00\",\"breadcrumb\":{\"@id\":\"https:\/\/psol50.org.br\/psol-impede-que-e-o-projeto-que-aumenta-o-abismo-salarial-entre-militares-va-direto-ao-senado\/#breadcrumb\"},\"inLanguage\":\"pt-BR\",\"potentialAction\":[{\"@type\":\"ReadAction\",\"target\":[\"https:\/\/psol50.org.br\/psol-impede-que-e-o-projeto-que-aumenta-o-abismo-salarial-entre-militares-va-direto-ao-senado\/\"]}]},{\"@type\":\"ImageObject\",\"inLanguage\":\"pt-BR\",\"@id\":\"https:\/\/psol50.org.br\/psol-impede-que-e-o-projeto-que-aumenta-o-abismo-salarial-entre-militares-va-direto-ao-senado\/#primaryimage\",\"url\":\"https:\/\/psol50.org.br\/inc\/uploads\/2019\/09\/Bolsonaro.MARCOS-CORREA-PR.png\",\"contentUrl\":\"https:\/\/psol50.org.br\/inc\/uploads\/2019\/09\/Bolsonaro.MARCOS-CORREA-PR.png\",\"width\":1200,\"height\":720,\"caption\":\"Marcos Corr\u00eaa\/PR\"},{\"@type\":\"BreadcrumbList\",\"@id\":\"https:\/\/psol50.org.br\/psol-impede-que-e-o-projeto-que-aumenta-o-abismo-salarial-entre-militares-va-direto-ao-senado\/#breadcrumb\",\"itemListElement\":[{\"@type\":\"ListItem\",\"position\":1,\"name\":\"In\u00edcio\",\"item\":\"https:\/\/psol50.org.br\/\"},{\"@type\":\"ListItem\",\"position\":2,\"name\":\"PSOL impede que o projeto que aumenta o abismo salarial entre militares v\u00e1 direto ao Senado\"}]},{\"@type\":\"WebSite\",\"@id\":\"https:\/\/psol50.org.br\/#website\",\"url\":\"https:\/\/psol50.org.br\/\",\"name\":\"PSOL 50\",\"description\":\"Site oficial do Partido Socialismo e Liberdade\",\"publisher\":{\"@id\":\"https:\/\/psol50.org.br\/#organization\"},\"alternateName\":\"PSOL50\",\"potentialAction\":[{\"@type\":\"SearchAction\",\"target\":{\"@type\":\"EntryPoint\",\"urlTemplate\":\"https:\/\/psol50.org.br\/?s={search_term_string}\"},\"query-input\":{\"@type\":\"PropertyValueSpecification\",\"valueRequired\":true,\"valueName\":\"search_term_string\"}}],\"inLanguage\":\"pt-BR\"},{\"@type\":\"Organization\",\"@id\":\"https:\/\/psol50.org.br\/#organization\",\"name\":\"PSOL 50\",\"alternateName\":\"PSOL 50\",\"url\":\"https:\/\/psol50.org.br\/\",\"logo\":{\"@type\":\"ImageObject\",\"inLanguage\":\"pt-BR\",\"@id\":\"https:\/\/psol50.org.br\/#\/schema\/logo\/image\/\",\"url\":\"https:\/\/psol50.org.br\/inc\/uploads\/2018\/07\/capa.png\",\"contentUrl\":\"https:\/\/psol50.org.br\/inc\/uploads\/2018\/07\/capa.png\",\"width\":1350,\"height\":900,\"caption\":\"PSOL 50\"},\"image\":{\"@id\":\"https:\/\/psol50.org.br\/#\/schema\/logo\/image\/\"},\"sameAs\":[\"https:\/\/www.facebook.com\/psol50\",\"https:\/\/x.com\/psol50\",\"https:\/\/www.instagram.com\/psol50\/\",\"https:\/\/www.youtube.com\/channel\/UC7SnJS5o1os7a6CaiNabzcg\"]},{\"@type\":\"Person\",\"@id\":\"https:\/\/psol50.org.br\/#\/schema\/person\/475dfa57d0b815993c714c2e96491fcd\",\"name\":\"Comunica\u00e7\u00e3o PSOL\",\"image\":{\"@type\":\"ImageObject\",\"inLanguage\":\"pt-BR\",\"@id\":\"https:\/\/psol50.org.br\/#\/schema\/person\/image\/\",\"url\":\"https:\/\/secure.gravatar.com\/avatar\/b34fc4f4e468a4e51785917065a3db57b841f5c95dba6ad8c73aaf8f66f8f9bf?s=96&d=mm&r=g\",\"contentUrl\":\"https:\/\/secure.gravatar.com\/avatar\/b34fc4f4e468a4e51785917065a3db57b841f5c95dba6ad8c73aaf8f66f8f9bf?s=96&d=mm&r=g\",\"caption\":\"Comunica\u00e7\u00e3o PSOL\"}}]}<\/script>\n<!-- \/ Yoast SEO plugin. -->","yoast_head_json":{"title":"PSOL impede que o projeto que aumenta o abismo salarial entre militares v\u00e1 direto ao Senado","robots":{"index":"index","follow":"follow","max-snippet":"max-snippet:-1","max-image-preview":"max-image-preview:large","max-video-preview":"max-video-preview:-1"},"canonical":"https:\/\/psol50.org.br\/psol-impede-que-e-o-projeto-que-aumenta-o-abismo-salarial-entre-militares-va-direto-ao-senado\/","og_locale":"pt_BR","og_type":"article","og_title":"PSOL impede que o projeto que aumenta o abismo salarial entre militares v\u00e1 direto ao Senado","og_description":"Reformula\u00e7\u00e3o das carreiras das For\u00e7as Armadas proposta pelo governo Bolsonaro privilegia a c\u00fapula e trai a maioria dos militares brasileiros.","og_url":"https:\/\/psol50.org.br\/psol-impede-que-e-o-projeto-que-aumenta-o-abismo-salarial-entre-militares-va-direto-ao-senado\/","og_site_name":"PSOL 50","article_publisher":"https:\/\/www.facebook.com\/psol50","article_published_time":"2019-10-03T20:23:41+00:00","og_image":[{"width":1200,"height":720,"url":"https:\/\/psol50.org.br\/inc\/uploads\/2019\/09\/Bolsonaro.MARCOS-CORREA-PR.png","type":"image\/png"}],"author":"Comunica\u00e7\u00e3o PSOL","twitter_card":"summary_large_image","twitter_title":"PSOL impede que o projeto que aumenta o abismo salarial entre militares v\u00e1 direto ao Senado","twitter_description":"Reformula\u00e7\u00e3o das carreiras das For\u00e7as Armadas proposta pelo governo Bolsonaro privilegia a c\u00fapula e trai a maioria dos militares brasileiros.","twitter_image":"https:\/\/psol50.org.br\/inc\/uploads\/2019\/09\/Bolsonaro.MARCOS-CORREA-PR.png","twitter_creator":"@psol50","twitter_site":"@psol50","twitter_misc":{"Escrito por":"Comunica\u00e7\u00e3o PSOL","Est. tempo de leitura":"1 minuto"},"schema":{"@context":"https:\/\/schema.org","@graph":[{"@type":"Article","@id":"https:\/\/psol50.org.br\/psol-impede-que-e-o-projeto-que-aumenta-o-abismo-salarial-entre-militares-va-direto-ao-senado\/#article","isPartOf":{"@id":"https:\/\/psol50.org.br\/psol-impede-que-e-o-projeto-que-aumenta-o-abismo-salarial-entre-militares-va-direto-ao-senado\/"},"author":{"name":"Comunica\u00e7\u00e3o PSOL","@id":"https:\/\/psol50.org.br\/#\/schema\/person\/475dfa57d0b815993c714c2e96491fcd"},"headline":"PSOL impede que o projeto que aumenta o abismo salarial entre militares v\u00e1 direto ao Senado","datePublished":"2019-10-03T20:23:41+00:00","mainEntityOfPage":{"@id":"https:\/\/psol50.org.br\/psol-impede-que-e-o-projeto-que-aumenta-o-abismo-salarial-entre-militares-va-direto-ao-senado\/"},"wordCount":277,"publisher":{"@id":"https:\/\/psol50.org.br\/#organization"},"image":{"@id":"https:\/\/psol50.org.br\/psol-impede-que-e-o-projeto-que-aumenta-o-abismo-salarial-entre-militares-va-direto-ao-senado\/#primaryimage"},"thumbnailUrl":"https:\/\/psol50.org.br\/inc\/uploads\/2019\/09\/Bolsonaro.MARCOS-CORREA-PR.png","keywords":["carreiras","For\u00e7as Armadas","freixo","Glauber Braga","PSOL","reformula\u00e7\u00e3o","trai\u00e7\u00e3o"],"articleSection":["Not\u00edcias"],"inLanguage":"pt-BR"},{"@type":"WebPage","@id":"https:\/\/psol50.org.br\/psol-impede-que-e-o-projeto-que-aumenta-o-abismo-salarial-entre-militares-va-direto-ao-senado\/","url":"https:\/\/psol50.org.br\/psol-impede-que-e-o-projeto-que-aumenta-o-abismo-salarial-entre-militares-va-direto-ao-senado\/","name":"PSOL impede que o projeto que aumenta o abismo salarial entre militares v\u00e1 direto ao Senado","isPartOf":{"@id":"https:\/\/psol50.org.br\/#website"},"primaryImageOfPage":{"@id":"https:\/\/psol50.org.br\/psol-impede-que-e-o-projeto-que-aumenta-o-abismo-salarial-entre-militares-va-direto-ao-senado\/#primaryimage"},"image":{"@id":"https:\/\/psol50.org.br\/psol-impede-que-e-o-projeto-que-aumenta-o-abismo-salarial-entre-militares-va-direto-ao-senado\/#primaryimage"},"thumbnailUrl":"https:\/\/psol50.org.br\/inc\/uploads\/2019\/09\/Bolsonaro.MARCOS-CORREA-PR.png","datePublished":"2019-10-03T20:23:41+00:00","breadcrumb":{"@id":"https:\/\/psol50.org.br\/psol-impede-que-e-o-projeto-que-aumenta-o-abismo-salarial-entre-militares-va-direto-ao-senado\/#breadcrumb"},"inLanguage":"pt-BR","potentialAction":[{"@type":"ReadAction","target":["https:\/\/psol50.org.br\/psol-impede-que-e-o-projeto-que-aumenta-o-abismo-salarial-entre-militares-va-direto-ao-senado\/"]}]},{"@type":"ImageObject","inLanguage":"pt-BR","@id":"https:\/\/psol50.org.br\/psol-impede-que-e-o-projeto-que-aumenta-o-abismo-salarial-entre-militares-va-direto-ao-senado\/#primaryimage","url":"https:\/\/psol50.org.br\/inc\/uploads\/2019\/09\/Bolsonaro.MARCOS-CORREA-PR.png","contentUrl":"https:\/\/psol50.org.br\/inc\/uploads\/2019\/09\/Bolsonaro.MARCOS-CORREA-PR.png","width":1200,"height":720,"caption":"Marcos Corr\u00eaa\/PR"},{"@type":"BreadcrumbList","@id":"https:\/\/psol50.org.br\/psol-impede-que-e-o-projeto-que-aumenta-o-abismo-salarial-entre-militares-va-direto-ao-senado\/#breadcrumb","itemListElement":[{"@type":"ListItem","position":1,"name":"In\u00edcio","item":"https:\/\/psol50.org.br\/"},{"@type":"ListItem","position":2,"name":"PSOL impede que o projeto que aumenta o abismo salarial entre militares v\u00e1 direto ao Senado"}]},{"@type":"WebSite","@id":"https:\/\/psol50.org.br\/#website","url":"https:\/\/psol50.org.br\/","name":"PSOL 50","description":"Site oficial do Partido Socialismo e Liberdade","publisher":{"@id":"https:\/\/psol50.org.br\/#organization"},"alternateName":"PSOL50","potentialAction":[{"@type":"SearchAction","target":{"@type":"EntryPoint","urlTemplate":"https:\/\/psol50.org.br\/?s={search_term_string}"},"query-input":{"@type":"PropertyValueSpecification","valueRequired":true,"valueName":"search_term_string"}}],"inLanguage":"pt-BR"},{"@type":"Organization","@id":"https:\/\/psol50.org.br\/#organization","name":"PSOL 50","alternateName":"PSOL 50","url":"https:\/\/psol50.org.br\/","logo":{"@type":"ImageObject","inLanguage":"pt-BR","@id":"https:\/\/psol50.org.br\/#\/schema\/logo\/image\/","url":"https:\/\/psol50.org.br\/inc\/uploads\/2018\/07\/capa.png","contentUrl":"https:\/\/psol50.org.br\/inc\/uploads\/2018\/07\/capa.png","width":1350,"height":900,"caption":"PSOL 50"},"image":{"@id":"https:\/\/psol50.org.br\/#\/schema\/logo\/image\/"},"sameAs":["https:\/\/www.facebook.com\/psol50","https:\/\/x.com\/psol50","https:\/\/www.instagram.com\/psol50\/","https:\/\/www.youtube.com\/channel\/UC7SnJS5o1os7a6CaiNabzcg"]},{"@type":"Person","@id":"https:\/\/psol50.org.br\/#\/schema\/person\/475dfa57d0b815993c714c2e96491fcd","name":"Comunica\u00e7\u00e3o PSOL","image":{"@type":"ImageObject","inLanguage":"pt-BR","@id":"https:\/\/psol50.org.br\/#\/schema\/person\/image\/","url":"https:\/\/secure.gravatar.com\/avatar\/b34fc4f4e468a4e51785917065a3db57b841f5c95dba6ad8c73aaf8f66f8f9bf?s=96&d=mm&r=g","contentUrl":"https:\/\/secure.gravatar.com\/avatar\/b34fc4f4e468a4e51785917065a3db57b841f5c95dba6ad8c73aaf8f66f8f9bf?s=96&d=mm&r=g","caption":"Comunica\u00e7\u00e3o PSOL"}}]}},"_links":{"self":[{"href":"https:\/\/psol50.org.br\/rest\/wp\/v2\/posts\/26637","targetHints":{"allow":["GET"]}}],"collection":[{"href":"https:\/\/psol50.org.br\/rest\/wp\/v2\/posts"}],"about":[{"href":"https:\/\/psol50.org.br\/rest\/wp\/v2\/types\/post"}],"author":[{"embeddable":true,"href":"https:\/\/psol50.org.br\/rest\/wp\/v2\/users\/2"}],"replies":[{"embeddable":true,"href":"https:\/\/psol50.org.br\/rest\/wp\/v2\/comments?post=26637"}],"version-history":[{"count":0,"href":"https:\/\/psol50.org.br\/rest\/wp\/v2\/posts\/26637\/revisions"}],"wp:featuredmedia":[{"embeddable":true,"href":"https:\/\/psol50.org.br\/rest\/wp\/v2\/media\/26365"}],"wp:attachment":[{"href":"https:\/\/psol50.org.br\/rest\/wp\/v2\/media?parent=26637"}],"wp:term":[{"taxonomy":"category","embeddable":true,"href":"https:\/\/psol50.org.br\/rest\/wp\/v2\/categories?post=26637"},{"taxonomy":"post_tag","embeddable":true,"href":"https:\/\/psol50.org.br\/rest\/wp\/v2\/tags?post=26637"}],"curies":[{"name":"wp","href":"https:\/\/api.w.org\/{rel}","templated":true}]}}