{"id":26665,"date":"2019-10-07T15:55:53","date_gmt":"2019-10-07T18:55:53","guid":{"rendered":"http:\/\/psol50.org.br\/?p=26665"},"modified":"2019-10-07T15:55:53","modified_gmt":"2019-10-07T18:55:53","slug":"psol-quer-convocar-moro-e-ministro-do-laranjal-do-psl-para-esclarecimentos-na-camara","status":"publish","type":"post","link":"https:\/\/psol50.org.br\/psol-quer-convocar-moro-e-ministro-do-laranjal-do-psl-para-esclarecimentos-na-camara\/","title":{"rendered":"PSOL quer convocar Moro e ministro do &#8220;laranjal do PSL&#8221; para esclarecimentos na C\u00e2mara"},"content":{"rendered":"<p>O PSOL <a href=\"http:\/\/psol50.org.br\/inc\/uploads\/2019\/10\/220119_Req-Conv_CCJ_-Moro-e-Turismo.pdf\">apresentar\u00e1 requerimento<\/a> na Comiss\u00e3o de Constitui\u00e7\u00e3o e Justi\u00e7a da C\u00e2mara nesta ter\u00e7a-feira (8) para convocar os ministros S\u00e9rgio Moro (Justi\u00e7a) e Marcelo \u00c1lvaro Ant\u00f4nio (Turismo) para prestar esclarecimentos sobre o caso do &#8220;laranjal do PSL&#8221;.<\/p>\n<p>No in\u00edcio de fevereiro, reportagens divulgaram a exist\u00eancia de um esquema de desvio de verbas p\u00fablicas de campanha do PSL em 2018 que deveriam ser destinadas legalmente a candidaturas femininas, mas que na pr\u00e1tica foram destinadas para diversos outros fins. A pr\u00e1tica de &#8220;candidaturas de fachada&#8221; do partido de Jair Bolsonaro ficou conhecido como &#8220;laranjal do PSL&#8221;.<\/p>\n<p>O ministro \u00c1lvaro Ant\u00f4nio foi indiciado pela Pol\u00edcia Federal\u00a0e\u00a0denunciado pelo Minist\u00e9rio P\u00fablico de Minas Gerais na \u00faltima sexta (4) sob acusa\u00e7\u00e3o dos crimes de falsidade ideol\u00f3gica eleitoral, apropria\u00e7\u00e3o ind\u00e9bita de recurso eleitoral e associa\u00e7\u00e3o criminosa.<\/p>\n<p>Outra reportagem, publicada pela Folha de S.Paulo no final de semana, aponta para acusa\u00e7\u00f5es de caixa 2 (dinheiro n\u00e3o declarado utilizado em campanhas eleitorais, o que \u00e9 crime) deste dinheiro do &#8220;laranjal&#8221; nas campanhas de Marcelo \u00c1lvaro Ant\u00f4nio a deputado federal em Minas Gerais, bem como da campanha presidencial de Jair Bolsonaro.<\/p>\n<p>Os dois negam as acusa\u00e7\u00f5es e Bolsonaro chegou a dizer que o jornalismo praticado pela Folha era &#8220;esgoto&#8221;. Outro que saiu rapidamente em defesa de seu &#8220;patr\u00e3o&#8221; foi o atual ministro da Justi\u00e7a S\u00e9rgio Moro, que ignorou o trabalho de investiga\u00e7\u00f5es da Pol\u00edcia Federal, da qual \u00e9 comandante, e inocentou o presidente das acusa\u00e7\u00f5es.<\/p>\n<p>Como na \u00e9poca da divulga\u00e7\u00e3o do esquema de candidaturas laranjas, quando Bolsonaro disse que S\u00e9rgio Moro havia lhe enviado informa\u00e7\u00f5es sigilosas da investiga\u00e7\u00e3o, o ministro aparenta trabalhar politicamente com as informa\u00e7\u00f5es que possui atrav\u00e9s de seu cargo no governo. Por isso seu nome tamb\u00e9m consta no requerimento do PSOL para esclarecimentos ao povo brasileiro no parlamento das \u00faltimas acusa\u00e7\u00f5es que o governo federal vem sofrendo.<\/p>\n","protected":false},"excerpt":{"rendered":"<p>O PSOL apresentar\u00e1 requerimento na Comiss\u00e3o de Constitui\u00e7\u00e3o e Justi\u00e7a da C\u00e2mara nesta ter\u00e7a-feira (8) para convocar os ministros S\u00e9rgio Moro (Justi\u00e7a) e Marcelo \u00c1lvaro Ant\u00f4nio (Turismo) para prestar esclarecimentos sobre o caso do &#8220;laranjal do PSL&#8221;. No in\u00edcio de fevereiro, reportagens divulgaram a exist\u00eancia de um esquema de desvio de verbas p\u00fablicas de campanha [&hellip;]<\/p>\n","protected":false},"author":2,"featured_media":26668,"comment_status":"closed","ping_status":"open","sticky":false,"template":"","format":"standard","meta":{"_acf_changed":false,"footnotes":""},"categories":[6],"tags":[56,2058,1257,1724,177,22],"class_list":{"0":"post-26665","1":"post","2":"type-post","3":"status-publish","4":"format-standard","5":"has-post-thumbnail","7":"category-noticias","8":"tag-bolsonaro","9":"tag-caixa-2","10":"tag-laranjal","11":"tag-ministro-do-turismo","12":"tag-moro","13":"tag-psol"},"acf":[],"yoast_head":"<!-- This site is optimized with the Yoast SEO plugin v26.5 - https:\/\/yoast.com\/wordpress\/plugins\/seo\/ -->\n<title>PSOL quer convocar Moro e ministro do &quot;laranjal do PSL&quot; para esclarecimentos na C\u00e2mara<\/title>\n<meta name=\"description\" content=\"A pr\u00e1tica de &quot;candidaturas femininas de fachada&quot; do partido de Bolsonaro ficou conhecido como &quot;laranjal do PSL&quot;\" \/>\n<meta name=\"robots\" content=\"index, follow, max-snippet:-1, max-image-preview:large, max-video-preview:-1\" \/>\n<link rel=\"canonical\" href=\"https:\/\/psol50.org.br\/psol-quer-convocar-moro-e-ministro-do-laranjal-do-psl-para-esclarecimentos-na-camara\/\" \/>\n<meta property=\"og:locale\" content=\"pt_BR\" \/>\n<meta property=\"og:type\" content=\"article\" \/>\n<meta property=\"og:title\" content=\"PSOL quer convocar Moro e ministro do &quot;laranjal do PSL&quot; para esclarecimentos na C\u00e2mara\" \/>\n<meta property=\"og:description\" content=\"A pr\u00e1tica de &quot;candidaturas femininas de fachada&quot; do partido de Bolsonaro ficou conhecido como &quot;laranjal do PSL&quot;\" \/>\n<meta property=\"og:url\" content=\"https:\/\/psol50.org.br\/psol-quer-convocar-moro-e-ministro-do-laranjal-do-psl-para-esclarecimentos-na-camara\/\" \/>\n<meta property=\"og:site_name\" content=\"PSOL 50\" \/>\n<meta property=\"article:publisher\" content=\"https:\/\/www.facebook.com\/psol50\" \/>\n<meta property=\"article:published_time\" content=\"2019-10-07T18:55:53+00:00\" \/>\n<meta property=\"og:image\" content=\"https:\/\/psol50.org.br\/inc\/uploads\/2019\/10\/marcelo-alvaro-antonio-bolsonaro-527x330-1.jpg\" \/>\n\t<meta property=\"og:image:width\" content=\"527\" \/>\n\t<meta property=\"og:image:height\" content=\"330\" \/>\n\t<meta property=\"og:image:type\" content=\"image\/jpeg\" \/>\n<meta name=\"author\" content=\"Comunica\u00e7\u00e3o PSOL\" \/>\n<meta name=\"twitter:card\" content=\"summary_large_image\" \/>\n<meta name=\"twitter:title\" content=\"PSOL quer convocar Moro e ministro do &quot;laranjal do PSL&quot; para esclarecimentos na C\u00e2mara\" \/>\n<meta name=\"twitter:description\" content=\"A pr\u00e1tica de &quot;candidaturas femininas de fachada&quot; do partido de Bolsonaro ficou conhecido como &quot;laranjal do PSL&quot;\" \/>\n<meta name=\"twitter:image\" content=\"https:\/\/psol50.org.br\/inc\/uploads\/2019\/10\/marcelo-alvaro-antonio-bolsonaro-527x330-1.jpg\" \/>\n<meta name=\"twitter:creator\" content=\"@psol50\" \/>\n<meta name=\"twitter:site\" content=\"@psol50\" \/>\n<meta name=\"twitter:label1\" content=\"Escrito por\" \/>\n\t<meta name=\"twitter:data1\" content=\"Comunica\u00e7\u00e3o PSOL\" \/>\n\t<meta name=\"twitter:label2\" content=\"Est. tempo de leitura\" \/>\n\t<meta name=\"twitter:data2\" content=\"2 minutos\" \/>\n<script type=\"application\/ld+json\" class=\"yoast-schema-graph\">{\"@context\":\"https:\/\/schema.org\",\"@graph\":[{\"@type\":\"Article\",\"@id\":\"https:\/\/psol50.org.br\/psol-quer-convocar-moro-e-ministro-do-laranjal-do-psl-para-esclarecimentos-na-camara\/#article\",\"isPartOf\":{\"@id\":\"https:\/\/psol50.org.br\/psol-quer-convocar-moro-e-ministro-do-laranjal-do-psl-para-esclarecimentos-na-camara\/\"},\"author\":{\"name\":\"Comunica\u00e7\u00e3o PSOL\",\"@id\":\"https:\/\/psol50.org.br\/#\/schema\/person\/475dfa57d0b815993c714c2e96491fcd\"},\"headline\":\"PSOL quer convocar Moro e ministro do &#8220;laranjal do PSL&#8221; para esclarecimentos na C\u00e2mara\",\"datePublished\":\"2019-10-07T18:55:53+00:00\",\"mainEntityOfPage\":{\"@id\":\"https:\/\/psol50.org.br\/psol-quer-convocar-moro-e-ministro-do-laranjal-do-psl-para-esclarecimentos-na-camara\/\"},\"wordCount\":352,\"publisher\":{\"@id\":\"https:\/\/psol50.org.br\/#organization\"},\"image\":{\"@id\":\"https:\/\/psol50.org.br\/psol-quer-convocar-moro-e-ministro-do-laranjal-do-psl-para-esclarecimentos-na-camara\/#primaryimage\"},\"thumbnailUrl\":\"https:\/\/psol50.org.br\/inc\/uploads\/2019\/10\/marcelo-alvaro-antonio-bolsonaro-527x330-1.jpg\",\"keywords\":[\"Bolsonaro\",\"caixa 2\",\"laranjal\",\"Ministro do Turismo\",\"Moro\",\"PSOL\"],\"articleSection\":[\"Not\u00edcias\"],\"inLanguage\":\"pt-BR\"},{\"@type\":\"WebPage\",\"@id\":\"https:\/\/psol50.org.br\/psol-quer-convocar-moro-e-ministro-do-laranjal-do-psl-para-esclarecimentos-na-camara\/\",\"url\":\"https:\/\/psol50.org.br\/psol-quer-convocar-moro-e-ministro-do-laranjal-do-psl-para-esclarecimentos-na-camara\/\",\"name\":\"PSOL quer convocar Moro e ministro do \\\"laranjal do PSL\\\" para esclarecimentos na C\u00e2mara\",\"isPartOf\":{\"@id\":\"https:\/\/psol50.org.br\/#website\"},\"primaryImageOfPage\":{\"@id\":\"https:\/\/psol50.org.br\/psol-quer-convocar-moro-e-ministro-do-laranjal-do-psl-para-esclarecimentos-na-camara\/#primaryimage\"},\"image\":{\"@id\":\"https:\/\/psol50.org.br\/psol-quer-convocar-moro-e-ministro-do-laranjal-do-psl-para-esclarecimentos-na-camara\/#primaryimage\"},\"thumbnailUrl\":\"https:\/\/psol50.org.br\/inc\/uploads\/2019\/10\/marcelo-alvaro-antonio-bolsonaro-527x330-1.jpg\",\"datePublished\":\"2019-10-07T18:55:53+00:00\",\"description\":\"A pr\u00e1tica de \\\"candidaturas femininas de fachada\\\" do partido de Bolsonaro ficou conhecido como \\\"laranjal do PSL\\\"\",\"breadcrumb\":{\"@id\":\"https:\/\/psol50.org.br\/psol-quer-convocar-moro-e-ministro-do-laranjal-do-psl-para-esclarecimentos-na-camara\/#breadcrumb\"},\"inLanguage\":\"pt-BR\",\"potentialAction\":[{\"@type\":\"ReadAction\",\"target\":[\"https:\/\/psol50.org.br\/psol-quer-convocar-moro-e-ministro-do-laranjal-do-psl-para-esclarecimentos-na-camara\/\"]}]},{\"@type\":\"ImageObject\",\"inLanguage\":\"pt-BR\",\"@id\":\"https:\/\/psol50.org.br\/psol-quer-convocar-moro-e-ministro-do-laranjal-do-psl-para-esclarecimentos-na-camara\/#primaryimage\",\"url\":\"https:\/\/psol50.org.br\/inc\/uploads\/2019\/10\/marcelo-alvaro-antonio-bolsonaro-527x330-1.jpg\",\"contentUrl\":\"https:\/\/psol50.org.br\/inc\/uploads\/2019\/10\/marcelo-alvaro-antonio-bolsonaro-527x330-1.jpg\",\"width\":527,\"height\":330},{\"@type\":\"BreadcrumbList\",\"@id\":\"https:\/\/psol50.org.br\/psol-quer-convocar-moro-e-ministro-do-laranjal-do-psl-para-esclarecimentos-na-camara\/#breadcrumb\",\"itemListElement\":[{\"@type\":\"ListItem\",\"position\":1,\"name\":\"In\u00edcio\",\"item\":\"https:\/\/psol50.org.br\/\"},{\"@type\":\"ListItem\",\"position\":2,\"name\":\"PSOL quer convocar Moro e ministro do &#8220;laranjal do PSL&#8221; para esclarecimentos na C\u00e2mara\"}]},{\"@type\":\"WebSite\",\"@id\":\"https:\/\/psol50.org.br\/#website\",\"url\":\"https:\/\/psol50.org.br\/\",\"name\":\"PSOL 50\",\"description\":\"Site oficial do Partido Socialismo e Liberdade\",\"publisher\":{\"@id\":\"https:\/\/psol50.org.br\/#organization\"},\"alternateName\":\"PSOL50\",\"potentialAction\":[{\"@type\":\"SearchAction\",\"target\":{\"@type\":\"EntryPoint\",\"urlTemplate\":\"https:\/\/psol50.org.br\/?s={search_term_string}\"},\"query-input\":{\"@type\":\"PropertyValueSpecification\",\"valueRequired\":true,\"valueName\":\"search_term_string\"}}],\"inLanguage\":\"pt-BR\"},{\"@type\":\"Organization\",\"@id\":\"https:\/\/psol50.org.br\/#organization\",\"name\":\"PSOL 50\",\"alternateName\":\"PSOL 50\",\"url\":\"https:\/\/psol50.org.br\/\",\"logo\":{\"@type\":\"ImageObject\",\"inLanguage\":\"pt-BR\",\"@id\":\"https:\/\/psol50.org.br\/#\/schema\/logo\/image\/\",\"url\":\"https:\/\/psol50.org.br\/inc\/uploads\/2018\/07\/capa.png\",\"contentUrl\":\"https:\/\/psol50.org.br\/inc\/uploads\/2018\/07\/capa.png\",\"width\":1350,\"height\":900,\"caption\":\"PSOL 50\"},\"image\":{\"@id\":\"https:\/\/psol50.org.br\/#\/schema\/logo\/image\/\"},\"sameAs\":[\"https:\/\/www.facebook.com\/psol50\",\"https:\/\/x.com\/psol50\",\"https:\/\/www.instagram.com\/psol50\/\",\"https:\/\/www.youtube.com\/channel\/UC7SnJS5o1os7a6CaiNabzcg\"]},{\"@type\":\"Person\",\"@id\":\"https:\/\/psol50.org.br\/#\/schema\/person\/475dfa57d0b815993c714c2e96491fcd\",\"name\":\"Comunica\u00e7\u00e3o PSOL\",\"image\":{\"@type\":\"ImageObject\",\"inLanguage\":\"pt-BR\",\"@id\":\"https:\/\/psol50.org.br\/#\/schema\/person\/image\/\",\"url\":\"https:\/\/secure.gravatar.com\/avatar\/b34fc4f4e468a4e51785917065a3db57b841f5c95dba6ad8c73aaf8f66f8f9bf?s=96&d=mm&r=g\",\"contentUrl\":\"https:\/\/secure.gravatar.com\/avatar\/b34fc4f4e468a4e51785917065a3db57b841f5c95dba6ad8c73aaf8f66f8f9bf?s=96&d=mm&r=g\",\"caption\":\"Comunica\u00e7\u00e3o PSOL\"}}]}<\/script>\n<!-- \/ Yoast SEO plugin. -->","yoast_head_json":{"title":"PSOL quer convocar Moro e ministro do \"laranjal do PSL\" para esclarecimentos na C\u00e2mara","description":"A pr\u00e1tica de \"candidaturas femininas de fachada\" do partido de Bolsonaro ficou conhecido como \"laranjal do PSL\"","robots":{"index":"index","follow":"follow","max-snippet":"max-snippet:-1","max-image-preview":"max-image-preview:large","max-video-preview":"max-video-preview:-1"},"canonical":"https:\/\/psol50.org.br\/psol-quer-convocar-moro-e-ministro-do-laranjal-do-psl-para-esclarecimentos-na-camara\/","og_locale":"pt_BR","og_type":"article","og_title":"PSOL quer convocar Moro e ministro do \"laranjal do PSL\" para esclarecimentos na C\u00e2mara","og_description":"A pr\u00e1tica de \"candidaturas femininas de fachada\" do partido de Bolsonaro ficou conhecido como \"laranjal do PSL\"","og_url":"https:\/\/psol50.org.br\/psol-quer-convocar-moro-e-ministro-do-laranjal-do-psl-para-esclarecimentos-na-camara\/","og_site_name":"PSOL 50","article_publisher":"https:\/\/www.facebook.com\/psol50","article_published_time":"2019-10-07T18:55:53+00:00","og_image":[{"width":527,"height":330,"url":"https:\/\/psol50.org.br\/inc\/uploads\/2019\/10\/marcelo-alvaro-antonio-bolsonaro-527x330-1.jpg","type":"image\/jpeg"}],"author":"Comunica\u00e7\u00e3o PSOL","twitter_card":"summary_large_image","twitter_title":"PSOL quer convocar Moro e ministro do \"laranjal do PSL\" para esclarecimentos na C\u00e2mara","twitter_description":"A pr\u00e1tica de \"candidaturas femininas de fachada\" do partido de Bolsonaro ficou conhecido como \"laranjal do PSL\"","twitter_image":"https:\/\/psol50.org.br\/inc\/uploads\/2019\/10\/marcelo-alvaro-antonio-bolsonaro-527x330-1.jpg","twitter_creator":"@psol50","twitter_site":"@psol50","twitter_misc":{"Escrito por":"Comunica\u00e7\u00e3o PSOL","Est. tempo de leitura":"2 minutos"},"schema":{"@context":"https:\/\/schema.org","@graph":[{"@type":"Article","@id":"https:\/\/psol50.org.br\/psol-quer-convocar-moro-e-ministro-do-laranjal-do-psl-para-esclarecimentos-na-camara\/#article","isPartOf":{"@id":"https:\/\/psol50.org.br\/psol-quer-convocar-moro-e-ministro-do-laranjal-do-psl-para-esclarecimentos-na-camara\/"},"author":{"name":"Comunica\u00e7\u00e3o PSOL","@id":"https:\/\/psol50.org.br\/#\/schema\/person\/475dfa57d0b815993c714c2e96491fcd"},"headline":"PSOL quer convocar Moro e ministro do &#8220;laranjal do PSL&#8221; para esclarecimentos na C\u00e2mara","datePublished":"2019-10-07T18:55:53+00:00","mainEntityOfPage":{"@id":"https:\/\/psol50.org.br\/psol-quer-convocar-moro-e-ministro-do-laranjal-do-psl-para-esclarecimentos-na-camara\/"},"wordCount":352,"publisher":{"@id":"https:\/\/psol50.org.br\/#organization"},"image":{"@id":"https:\/\/psol50.org.br\/psol-quer-convocar-moro-e-ministro-do-laranjal-do-psl-para-esclarecimentos-na-camara\/#primaryimage"},"thumbnailUrl":"https:\/\/psol50.org.br\/inc\/uploads\/2019\/10\/marcelo-alvaro-antonio-bolsonaro-527x330-1.jpg","keywords":["Bolsonaro","caixa 2","laranjal","Ministro do Turismo","Moro","PSOL"],"articleSection":["Not\u00edcias"],"inLanguage":"pt-BR"},{"@type":"WebPage","@id":"https:\/\/psol50.org.br\/psol-quer-convocar-moro-e-ministro-do-laranjal-do-psl-para-esclarecimentos-na-camara\/","url":"https:\/\/psol50.org.br\/psol-quer-convocar-moro-e-ministro-do-laranjal-do-psl-para-esclarecimentos-na-camara\/","name":"PSOL quer convocar Moro e ministro do \"laranjal do PSL\" para esclarecimentos na C\u00e2mara","isPartOf":{"@id":"https:\/\/psol50.org.br\/#website"},"primaryImageOfPage":{"@id":"https:\/\/psol50.org.br\/psol-quer-convocar-moro-e-ministro-do-laranjal-do-psl-para-esclarecimentos-na-camara\/#primaryimage"},"image":{"@id":"https:\/\/psol50.org.br\/psol-quer-convocar-moro-e-ministro-do-laranjal-do-psl-para-esclarecimentos-na-camara\/#primaryimage"},"thumbnailUrl":"https:\/\/psol50.org.br\/inc\/uploads\/2019\/10\/marcelo-alvaro-antonio-bolsonaro-527x330-1.jpg","datePublished":"2019-10-07T18:55:53+00:00","description":"A pr\u00e1tica de \"candidaturas femininas de fachada\" do partido de Bolsonaro ficou conhecido como \"laranjal do PSL\"","breadcrumb":{"@id":"https:\/\/psol50.org.br\/psol-quer-convocar-moro-e-ministro-do-laranjal-do-psl-para-esclarecimentos-na-camara\/#breadcrumb"},"inLanguage":"pt-BR","potentialAction":[{"@type":"ReadAction","target":["https:\/\/psol50.org.br\/psol-quer-convocar-moro-e-ministro-do-laranjal-do-psl-para-esclarecimentos-na-camara\/"]}]},{"@type":"ImageObject","inLanguage":"pt-BR","@id":"https:\/\/psol50.org.br\/psol-quer-convocar-moro-e-ministro-do-laranjal-do-psl-para-esclarecimentos-na-camara\/#primaryimage","url":"https:\/\/psol50.org.br\/inc\/uploads\/2019\/10\/marcelo-alvaro-antonio-bolsonaro-527x330-1.jpg","contentUrl":"https:\/\/psol50.org.br\/inc\/uploads\/2019\/10\/marcelo-alvaro-antonio-bolsonaro-527x330-1.jpg","width":527,"height":330},{"@type":"BreadcrumbList","@id":"https:\/\/psol50.org.br\/psol-quer-convocar-moro-e-ministro-do-laranjal-do-psl-para-esclarecimentos-na-camara\/#breadcrumb","itemListElement":[{"@type":"ListItem","position":1,"name":"In\u00edcio","item":"https:\/\/psol50.org.br\/"},{"@type":"ListItem","position":2,"name":"PSOL quer convocar Moro e ministro do &#8220;laranjal do PSL&#8221; para esclarecimentos na C\u00e2mara"}]},{"@type":"WebSite","@id":"https:\/\/psol50.org.br\/#website","url":"https:\/\/psol50.org.br\/","name":"PSOL 50","description":"Site oficial do Partido Socialismo e Liberdade","publisher":{"@id":"https:\/\/psol50.org.br\/#organization"},"alternateName":"PSOL50","potentialAction":[{"@type":"SearchAction","target":{"@type":"EntryPoint","urlTemplate":"https:\/\/psol50.org.br\/?s={search_term_string}"},"query-input":{"@type":"PropertyValueSpecification","valueRequired":true,"valueName":"search_term_string"}}],"inLanguage":"pt-BR"},{"@type":"Organization","@id":"https:\/\/psol50.org.br\/#organization","name":"PSOL 50","alternateName":"PSOL 50","url":"https:\/\/psol50.org.br\/","logo":{"@type":"ImageObject","inLanguage":"pt-BR","@id":"https:\/\/psol50.org.br\/#\/schema\/logo\/image\/","url":"https:\/\/psol50.org.br\/inc\/uploads\/2018\/07\/capa.png","contentUrl":"https:\/\/psol50.org.br\/inc\/uploads\/2018\/07\/capa.png","width":1350,"height":900,"caption":"PSOL 50"},"image":{"@id":"https:\/\/psol50.org.br\/#\/schema\/logo\/image\/"},"sameAs":["https:\/\/www.facebook.com\/psol50","https:\/\/x.com\/psol50","https:\/\/www.instagram.com\/psol50\/","https:\/\/www.youtube.com\/channel\/UC7SnJS5o1os7a6CaiNabzcg"]},{"@type":"Person","@id":"https:\/\/psol50.org.br\/#\/schema\/person\/475dfa57d0b815993c714c2e96491fcd","name":"Comunica\u00e7\u00e3o PSOL","image":{"@type":"ImageObject","inLanguage":"pt-BR","@id":"https:\/\/psol50.org.br\/#\/schema\/person\/image\/","url":"https:\/\/secure.gravatar.com\/avatar\/b34fc4f4e468a4e51785917065a3db57b841f5c95dba6ad8c73aaf8f66f8f9bf?s=96&d=mm&r=g","contentUrl":"https:\/\/secure.gravatar.com\/avatar\/b34fc4f4e468a4e51785917065a3db57b841f5c95dba6ad8c73aaf8f66f8f9bf?s=96&d=mm&r=g","caption":"Comunica\u00e7\u00e3o PSOL"}}]}},"_links":{"self":[{"href":"https:\/\/psol50.org.br\/rest\/wp\/v2\/posts\/26665","targetHints":{"allow":["GET"]}}],"collection":[{"href":"https:\/\/psol50.org.br\/rest\/wp\/v2\/posts"}],"about":[{"href":"https:\/\/psol50.org.br\/rest\/wp\/v2\/types\/post"}],"author":[{"embeddable":true,"href":"https:\/\/psol50.org.br\/rest\/wp\/v2\/users\/2"}],"replies":[{"embeddable":true,"href":"https:\/\/psol50.org.br\/rest\/wp\/v2\/comments?post=26665"}],"version-history":[{"count":0,"href":"https:\/\/psol50.org.br\/rest\/wp\/v2\/posts\/26665\/revisions"}],"wp:featuredmedia":[{"embeddable":true,"href":"https:\/\/psol50.org.br\/rest\/wp\/v2\/media\/26668"}],"wp:attachment":[{"href":"https:\/\/psol50.org.br\/rest\/wp\/v2\/media?parent=26665"}],"wp:term":[{"taxonomy":"category","embeddable":true,"href":"https:\/\/psol50.org.br\/rest\/wp\/v2\/categories?post=26665"},{"taxonomy":"post_tag","embeddable":true,"href":"https:\/\/psol50.org.br\/rest\/wp\/v2\/tags?post=26665"}],"curies":[{"name":"wp","href":"https:\/\/api.w.org\/{rel}","templated":true}]}}