{"id":26687,"date":"2019-10-08T17:45:51","date_gmt":"2019-10-08T20:45:51","guid":{"rendered":"http:\/\/psol50.org.br\/?p=26687"},"modified":"2019-10-08T17:45:51","modified_gmt":"2019-10-08T20:45:51","slug":"solidariedade-e-apoio-a-luta-do-povo-equatoriano","status":"publish","type":"post","link":"https:\/\/psol50.org.br\/solidariedade-e-apoio-a-luta-do-povo-equatoriano\/","title":{"rendered":"Solidariedade e apoio \u00e0 luta do povo equatoriano"},"content":{"rendered":"<p class=\"p1\">Uma rebeli\u00e3o popular toma o Equador nos \u00faltimos dias em resposta \u00e0s recentes medidas de austeridade propostas pelo presidente Lenin Moreno. O pacote econ\u00f4mico imposto pelo FMI, que, entre outras medidas, aumentou o pre\u00e7o dos combust\u00edveis em mais de 100%, mobilizou a popula\u00e7\u00e3o equatoriana contra o aprofundamento das pol\u00edticas neoliberais do governo de Moreno e levou o pa\u00eds a uma enorme instabilidade pol\u00edtica.<\/p>\n<p class=\"p1\">No \u00faltimo dia 07 de outubro, o movimento ind\u00edgena se uniu aos manifestantes das cidades e paralisou importantes estradas de todo o pa\u00eds, cercando a capital Quito e obrigando a mudan\u00e7a da sede do governo para a cidade de Guayaquil. A repress\u00e3o do governo tem sido dura e centenas de manifestantes j\u00e1 foram presos, mas as cenas de resist\u00eancia heroica da popula\u00e7\u00e3o nas ruas de Quito se espalharam pelo mundo e mobilizam a opini\u00e3o p\u00fablica internacional contra a viol\u00eancia.<\/p>\n<p class=\"p1\">Desde o Brasil, n\u00f3s do PSOL defendemos a revoga\u00e7\u00e3o do pacote de medidas do FMI e nos solidarizamos com a luta do povo equatoriano. Defendemos tamb\u00e9m o fim imediato da repress\u00e3o pol\u00edtica, a liberdade de todos os presos e a ren\u00fancia imediata de Lenin Moreno, o principal respons\u00e1vel pela crise atual.<\/p>\n<p class=\"p1\">Equador se levanta! Nossa luta \u00e9 uma s\u00f3!<\/p>\n<p><em><strong>Executiva Nacional do PSOL<\/strong><\/em><br \/>\n<em><strong>08 de outubro de 2019<\/strong><\/em><\/p>\n","protected":false},"excerpt":{"rendered":"<p>Uma rebeli\u00e3o popular toma o Equador nos \u00faltimos dias em resposta \u00e0s recentes medidas de austeridade propostas pelo presidente Lenin Moreno. O pacote econ\u00f4mico imposto pelo FMI, que, entre outras medidas, aumentou o pre\u00e7o dos combust\u00edveis em mais de 100%, mobilizou a popula\u00e7\u00e3o equatoriana contra o aprofundamento das pol\u00edticas neoliberais do governo de Moreno e [&hellip;]<\/p>\n","protected":false},"author":2,"featured_media":26688,"comment_status":"closed","ping_status":"open","sticky":false,"template":"","format":"standard","meta":{"_acf_changed":false,"footnotes":""},"categories":[6],"tags":[482,2060,2061,314,19],"class_list":{"0":"post-26687","1":"post","2":"type-post","3":"status-publish","4":"format-standard","5":"has-post-thumbnail","7":"category-noticias","8":"tag-equador","9":"tag-fmi","10":"tag-lenin-moreno","11":"tag-manifestacoes","12":"tag-nota"},"acf":[],"yoast_head":"<!-- This site is optimized with the Yoast SEO plugin v26.5 - https:\/\/yoast.com\/wordpress\/plugins\/seo\/ -->\n<title>Solidariedade e apoio \u00e0 luta do povo equatoriano - PSOL 50<\/title>\n<meta name=\"description\" content=\"N\u00f3s do PSOL defendemos a revoga\u00e7\u00e3o do pacote do FMI, fim da repress\u00e3o pol\u00edtica, ren\u00fancia de Lenin Moreno e nos solidarizamos com a luta do povo equatoriano.\" \/>\n<meta name=\"robots\" content=\"index, follow, max-snippet:-1, max-image-preview:large, max-video-preview:-1\" \/>\n<link rel=\"canonical\" href=\"https:\/\/psol50.org.br\/solidariedade-e-apoio-a-luta-do-povo-equatoriano\/\" \/>\n<meta property=\"og:locale\" content=\"pt_BR\" \/>\n<meta property=\"og:type\" content=\"article\" \/>\n<meta property=\"og:title\" content=\"Solidariedade e apoio \u00e0 luta do povo equatoriano\" \/>\n<meta property=\"og:description\" content=\"N\u00f3s do PSOL defendemos a revoga\u00e7\u00e3o do pacote do FMI, fim da repress\u00e3o pol\u00edtica, ren\u00fancia de Lenin Moreno e nos solidarizamos com a luta do povo equatoriano.\" \/>\n<meta property=\"og:url\" content=\"https:\/\/psol50.org.br\/solidariedade-e-apoio-a-luta-do-povo-equatoriano\/\" \/>\n<meta property=\"og:site_name\" content=\"PSOL 50\" \/>\n<meta property=\"article:publisher\" content=\"https:\/\/www.facebook.com\/psol50\" \/>\n<meta property=\"article:published_time\" content=\"2019-10-08T20:45:51+00:00\" \/>\n<meta property=\"og:image\" content=\"https:\/\/psol50.org.br\/inc\/uploads\/2019\/10\/Ecuador-1.jpg\" \/>\n\t<meta property=\"og:image:width\" content=\"855\" \/>\n\t<meta property=\"og:image:height\" content=\"457\" \/>\n\t<meta property=\"og:image:type\" content=\"image\/jpeg\" \/>\n<meta name=\"author\" content=\"Comunica\u00e7\u00e3o PSOL\" \/>\n<meta name=\"twitter:card\" content=\"summary_large_image\" \/>\n<meta name=\"twitter:title\" content=\"Solidariedade e apoio \u00e0 luta do povo equatoriano\" \/>\n<meta name=\"twitter:description\" content=\"N\u00f3s do PSOL defendemos a revoga\u00e7\u00e3o do pacote do FMI, fim da repress\u00e3o pol\u00edtica, ren\u00fancia de Lenin Moreno e nos solidarizamos com a luta do povo equatoriano.\" \/>\n<meta name=\"twitter:image\" content=\"https:\/\/psol50.org.br\/inc\/uploads\/2019\/10\/Ecuador-1.jpg\" \/>\n<meta name=\"twitter:creator\" content=\"@psol50\" \/>\n<meta name=\"twitter:site\" content=\"@psol50\" \/>\n<meta name=\"twitter:label1\" content=\"Escrito por\" \/>\n\t<meta name=\"twitter:data1\" content=\"Comunica\u00e7\u00e3o PSOL\" \/>\n\t<meta name=\"twitter:label2\" content=\"Est. tempo de leitura\" \/>\n\t<meta name=\"twitter:data2\" content=\"1 minuto\" \/>\n<script type=\"application\/ld+json\" class=\"yoast-schema-graph\">{\"@context\":\"https:\/\/schema.org\",\"@graph\":[{\"@type\":\"Article\",\"@id\":\"https:\/\/psol50.org.br\/solidariedade-e-apoio-a-luta-do-povo-equatoriano\/#article\",\"isPartOf\":{\"@id\":\"https:\/\/psol50.org.br\/solidariedade-e-apoio-a-luta-do-povo-equatoriano\/\"},\"author\":{\"name\":\"Comunica\u00e7\u00e3o PSOL\",\"@id\":\"https:\/\/psol50.org.br\/#\/schema\/person\/475dfa57d0b815993c714c2e96491fcd\"},\"headline\":\"Solidariedade e apoio \u00e0 luta do povo equatoriano\",\"datePublished\":\"2019-10-08T20:45:51+00:00\",\"mainEntityOfPage\":{\"@id\":\"https:\/\/psol50.org.br\/solidariedade-e-apoio-a-luta-do-povo-equatoriano\/\"},\"wordCount\":236,\"publisher\":{\"@id\":\"https:\/\/psol50.org.br\/#organization\"},\"image\":{\"@id\":\"https:\/\/psol50.org.br\/solidariedade-e-apoio-a-luta-do-povo-equatoriano\/#primaryimage\"},\"thumbnailUrl\":\"https:\/\/psol50.org.br\/inc\/uploads\/2019\/10\/Ecuador-1.jpg\",\"keywords\":[\"equador\",\"FMI\",\"lenin moreno\",\"manifesta\u00e7\u00f5es\",\"nota\"],\"articleSection\":[\"Not\u00edcias\"],\"inLanguage\":\"pt-BR\"},{\"@type\":\"WebPage\",\"@id\":\"https:\/\/psol50.org.br\/solidariedade-e-apoio-a-luta-do-povo-equatoriano\/\",\"url\":\"https:\/\/psol50.org.br\/solidariedade-e-apoio-a-luta-do-povo-equatoriano\/\",\"name\":\"Solidariedade e apoio \u00e0 luta do povo equatoriano - PSOL 50\",\"isPartOf\":{\"@id\":\"https:\/\/psol50.org.br\/#website\"},\"primaryImageOfPage\":{\"@id\":\"https:\/\/psol50.org.br\/solidariedade-e-apoio-a-luta-do-povo-equatoriano\/#primaryimage\"},\"image\":{\"@id\":\"https:\/\/psol50.org.br\/solidariedade-e-apoio-a-luta-do-povo-equatoriano\/#primaryimage\"},\"thumbnailUrl\":\"https:\/\/psol50.org.br\/inc\/uploads\/2019\/10\/Ecuador-1.jpg\",\"datePublished\":\"2019-10-08T20:45:51+00:00\",\"description\":\"N\u00f3s do PSOL defendemos a revoga\u00e7\u00e3o do pacote do FMI, fim da repress\u00e3o pol\u00edtica, ren\u00fancia de Lenin Moreno e nos solidarizamos com a luta do povo equatoriano.\",\"breadcrumb\":{\"@id\":\"https:\/\/psol50.org.br\/solidariedade-e-apoio-a-luta-do-povo-equatoriano\/#breadcrumb\"},\"inLanguage\":\"pt-BR\",\"potentialAction\":[{\"@type\":\"ReadAction\",\"target\":[\"https:\/\/psol50.org.br\/solidariedade-e-apoio-a-luta-do-povo-equatoriano\/\"]}]},{\"@type\":\"ImageObject\",\"inLanguage\":\"pt-BR\",\"@id\":\"https:\/\/psol50.org.br\/solidariedade-e-apoio-a-luta-do-povo-equatoriano\/#primaryimage\",\"url\":\"https:\/\/psol50.org.br\/inc\/uploads\/2019\/10\/Ecuador-1.jpg\",\"contentUrl\":\"https:\/\/psol50.org.br\/inc\/uploads\/2019\/10\/Ecuador-1.jpg\",\"width\":855,\"height\":457},{\"@type\":\"BreadcrumbList\",\"@id\":\"https:\/\/psol50.org.br\/solidariedade-e-apoio-a-luta-do-povo-equatoriano\/#breadcrumb\",\"itemListElement\":[{\"@type\":\"ListItem\",\"position\":1,\"name\":\"In\u00edcio\",\"item\":\"https:\/\/psol50.org.br\/\"},{\"@type\":\"ListItem\",\"position\":2,\"name\":\"Solidariedade e apoio \u00e0 luta do povo equatoriano\"}]},{\"@type\":\"WebSite\",\"@id\":\"https:\/\/psol50.org.br\/#website\",\"url\":\"https:\/\/psol50.org.br\/\",\"name\":\"PSOL 50\",\"description\":\"Site oficial do Partido Socialismo e Liberdade\",\"publisher\":{\"@id\":\"https:\/\/psol50.org.br\/#organization\"},\"alternateName\":\"PSOL50\",\"potentialAction\":[{\"@type\":\"SearchAction\",\"target\":{\"@type\":\"EntryPoint\",\"urlTemplate\":\"https:\/\/psol50.org.br\/?s={search_term_string}\"},\"query-input\":{\"@type\":\"PropertyValueSpecification\",\"valueRequired\":true,\"valueName\":\"search_term_string\"}}],\"inLanguage\":\"pt-BR\"},{\"@type\":\"Organization\",\"@id\":\"https:\/\/psol50.org.br\/#organization\",\"name\":\"PSOL 50\",\"alternateName\":\"PSOL 50\",\"url\":\"https:\/\/psol50.org.br\/\",\"logo\":{\"@type\":\"ImageObject\",\"inLanguage\":\"pt-BR\",\"@id\":\"https:\/\/psol50.org.br\/#\/schema\/logo\/image\/\",\"url\":\"https:\/\/psol50.org.br\/inc\/uploads\/2018\/07\/capa.png\",\"contentUrl\":\"https:\/\/psol50.org.br\/inc\/uploads\/2018\/07\/capa.png\",\"width\":1350,\"height\":900,\"caption\":\"PSOL 50\"},\"image\":{\"@id\":\"https:\/\/psol50.org.br\/#\/schema\/logo\/image\/\"},\"sameAs\":[\"https:\/\/www.facebook.com\/psol50\",\"https:\/\/x.com\/psol50\",\"https:\/\/www.instagram.com\/psol50\/\",\"https:\/\/www.youtube.com\/channel\/UC7SnJS5o1os7a6CaiNabzcg\"]},{\"@type\":\"Person\",\"@id\":\"https:\/\/psol50.org.br\/#\/schema\/person\/475dfa57d0b815993c714c2e96491fcd\",\"name\":\"Comunica\u00e7\u00e3o PSOL\",\"image\":{\"@type\":\"ImageObject\",\"inLanguage\":\"pt-BR\",\"@id\":\"https:\/\/psol50.org.br\/#\/schema\/person\/image\/\",\"url\":\"https:\/\/secure.gravatar.com\/avatar\/b34fc4f4e468a4e51785917065a3db57b841f5c95dba6ad8c73aaf8f66f8f9bf?s=96&d=mm&r=g\",\"contentUrl\":\"https:\/\/secure.gravatar.com\/avatar\/b34fc4f4e468a4e51785917065a3db57b841f5c95dba6ad8c73aaf8f66f8f9bf?s=96&d=mm&r=g\",\"caption\":\"Comunica\u00e7\u00e3o PSOL\"}}]}<\/script>\n<!-- \/ Yoast SEO plugin. -->","yoast_head_json":{"title":"Solidariedade e apoio \u00e0 luta do povo equatoriano - PSOL 50","description":"N\u00f3s do PSOL defendemos a revoga\u00e7\u00e3o do pacote do FMI, fim da repress\u00e3o pol\u00edtica, ren\u00fancia de Lenin Moreno e nos solidarizamos com a luta do povo equatoriano.","robots":{"index":"index","follow":"follow","max-snippet":"max-snippet:-1","max-image-preview":"max-image-preview:large","max-video-preview":"max-video-preview:-1"},"canonical":"https:\/\/psol50.org.br\/solidariedade-e-apoio-a-luta-do-povo-equatoriano\/","og_locale":"pt_BR","og_type":"article","og_title":"Solidariedade e apoio \u00e0 luta do povo equatoriano","og_description":"N\u00f3s do PSOL defendemos a revoga\u00e7\u00e3o do pacote do FMI, fim da repress\u00e3o pol\u00edtica, ren\u00fancia de Lenin Moreno e nos solidarizamos com a luta do povo equatoriano.","og_url":"https:\/\/psol50.org.br\/solidariedade-e-apoio-a-luta-do-povo-equatoriano\/","og_site_name":"PSOL 50","article_publisher":"https:\/\/www.facebook.com\/psol50","article_published_time":"2019-10-08T20:45:51+00:00","og_image":[{"width":855,"height":457,"url":"https:\/\/psol50.org.br\/inc\/uploads\/2019\/10\/Ecuador-1.jpg","type":"image\/jpeg"}],"author":"Comunica\u00e7\u00e3o PSOL","twitter_card":"summary_large_image","twitter_title":"Solidariedade e apoio \u00e0 luta do povo equatoriano","twitter_description":"N\u00f3s do PSOL defendemos a revoga\u00e7\u00e3o do pacote do FMI, fim da repress\u00e3o pol\u00edtica, ren\u00fancia de Lenin Moreno e nos solidarizamos com a luta do povo equatoriano.","twitter_image":"https:\/\/psol50.org.br\/inc\/uploads\/2019\/10\/Ecuador-1.jpg","twitter_creator":"@psol50","twitter_site":"@psol50","twitter_misc":{"Escrito por":"Comunica\u00e7\u00e3o PSOL","Est. tempo de leitura":"1 minuto"},"schema":{"@context":"https:\/\/schema.org","@graph":[{"@type":"Article","@id":"https:\/\/psol50.org.br\/solidariedade-e-apoio-a-luta-do-povo-equatoriano\/#article","isPartOf":{"@id":"https:\/\/psol50.org.br\/solidariedade-e-apoio-a-luta-do-povo-equatoriano\/"},"author":{"name":"Comunica\u00e7\u00e3o PSOL","@id":"https:\/\/psol50.org.br\/#\/schema\/person\/475dfa57d0b815993c714c2e96491fcd"},"headline":"Solidariedade e apoio \u00e0 luta do povo equatoriano","datePublished":"2019-10-08T20:45:51+00:00","mainEntityOfPage":{"@id":"https:\/\/psol50.org.br\/solidariedade-e-apoio-a-luta-do-povo-equatoriano\/"},"wordCount":236,"publisher":{"@id":"https:\/\/psol50.org.br\/#organization"},"image":{"@id":"https:\/\/psol50.org.br\/solidariedade-e-apoio-a-luta-do-povo-equatoriano\/#primaryimage"},"thumbnailUrl":"https:\/\/psol50.org.br\/inc\/uploads\/2019\/10\/Ecuador-1.jpg","keywords":["equador","FMI","lenin moreno","manifesta\u00e7\u00f5es","nota"],"articleSection":["Not\u00edcias"],"inLanguage":"pt-BR"},{"@type":"WebPage","@id":"https:\/\/psol50.org.br\/solidariedade-e-apoio-a-luta-do-povo-equatoriano\/","url":"https:\/\/psol50.org.br\/solidariedade-e-apoio-a-luta-do-povo-equatoriano\/","name":"Solidariedade e apoio \u00e0 luta do povo equatoriano - PSOL 50","isPartOf":{"@id":"https:\/\/psol50.org.br\/#website"},"primaryImageOfPage":{"@id":"https:\/\/psol50.org.br\/solidariedade-e-apoio-a-luta-do-povo-equatoriano\/#primaryimage"},"image":{"@id":"https:\/\/psol50.org.br\/solidariedade-e-apoio-a-luta-do-povo-equatoriano\/#primaryimage"},"thumbnailUrl":"https:\/\/psol50.org.br\/inc\/uploads\/2019\/10\/Ecuador-1.jpg","datePublished":"2019-10-08T20:45:51+00:00","description":"N\u00f3s do PSOL defendemos a revoga\u00e7\u00e3o do pacote do FMI, fim da repress\u00e3o pol\u00edtica, ren\u00fancia de Lenin Moreno e nos solidarizamos com a luta do povo equatoriano.","breadcrumb":{"@id":"https:\/\/psol50.org.br\/solidariedade-e-apoio-a-luta-do-povo-equatoriano\/#breadcrumb"},"inLanguage":"pt-BR","potentialAction":[{"@type":"ReadAction","target":["https:\/\/psol50.org.br\/solidariedade-e-apoio-a-luta-do-povo-equatoriano\/"]}]},{"@type":"ImageObject","inLanguage":"pt-BR","@id":"https:\/\/psol50.org.br\/solidariedade-e-apoio-a-luta-do-povo-equatoriano\/#primaryimage","url":"https:\/\/psol50.org.br\/inc\/uploads\/2019\/10\/Ecuador-1.jpg","contentUrl":"https:\/\/psol50.org.br\/inc\/uploads\/2019\/10\/Ecuador-1.jpg","width":855,"height":457},{"@type":"BreadcrumbList","@id":"https:\/\/psol50.org.br\/solidariedade-e-apoio-a-luta-do-povo-equatoriano\/#breadcrumb","itemListElement":[{"@type":"ListItem","position":1,"name":"In\u00edcio","item":"https:\/\/psol50.org.br\/"},{"@type":"ListItem","position":2,"name":"Solidariedade e apoio \u00e0 luta do povo equatoriano"}]},{"@type":"WebSite","@id":"https:\/\/psol50.org.br\/#website","url":"https:\/\/psol50.org.br\/","name":"PSOL 50","description":"Site oficial do Partido Socialismo e Liberdade","publisher":{"@id":"https:\/\/psol50.org.br\/#organization"},"alternateName":"PSOL50","potentialAction":[{"@type":"SearchAction","target":{"@type":"EntryPoint","urlTemplate":"https:\/\/psol50.org.br\/?s={search_term_string}"},"query-input":{"@type":"PropertyValueSpecification","valueRequired":true,"valueName":"search_term_string"}}],"inLanguage":"pt-BR"},{"@type":"Organization","@id":"https:\/\/psol50.org.br\/#organization","name":"PSOL 50","alternateName":"PSOL 50","url":"https:\/\/psol50.org.br\/","logo":{"@type":"ImageObject","inLanguage":"pt-BR","@id":"https:\/\/psol50.org.br\/#\/schema\/logo\/image\/","url":"https:\/\/psol50.org.br\/inc\/uploads\/2018\/07\/capa.png","contentUrl":"https:\/\/psol50.org.br\/inc\/uploads\/2018\/07\/capa.png","width":1350,"height":900,"caption":"PSOL 50"},"image":{"@id":"https:\/\/psol50.org.br\/#\/schema\/logo\/image\/"},"sameAs":["https:\/\/www.facebook.com\/psol50","https:\/\/x.com\/psol50","https:\/\/www.instagram.com\/psol50\/","https:\/\/www.youtube.com\/channel\/UC7SnJS5o1os7a6CaiNabzcg"]},{"@type":"Person","@id":"https:\/\/psol50.org.br\/#\/schema\/person\/475dfa57d0b815993c714c2e96491fcd","name":"Comunica\u00e7\u00e3o PSOL","image":{"@type":"ImageObject","inLanguage":"pt-BR","@id":"https:\/\/psol50.org.br\/#\/schema\/person\/image\/","url":"https:\/\/secure.gravatar.com\/avatar\/b34fc4f4e468a4e51785917065a3db57b841f5c95dba6ad8c73aaf8f66f8f9bf?s=96&d=mm&r=g","contentUrl":"https:\/\/secure.gravatar.com\/avatar\/b34fc4f4e468a4e51785917065a3db57b841f5c95dba6ad8c73aaf8f66f8f9bf?s=96&d=mm&r=g","caption":"Comunica\u00e7\u00e3o PSOL"}}]}},"_links":{"self":[{"href":"https:\/\/psol50.org.br\/rest\/wp\/v2\/posts\/26687","targetHints":{"allow":["GET"]}}],"collection":[{"href":"https:\/\/psol50.org.br\/rest\/wp\/v2\/posts"}],"about":[{"href":"https:\/\/psol50.org.br\/rest\/wp\/v2\/types\/post"}],"author":[{"embeddable":true,"href":"https:\/\/psol50.org.br\/rest\/wp\/v2\/users\/2"}],"replies":[{"embeddable":true,"href":"https:\/\/psol50.org.br\/rest\/wp\/v2\/comments?post=26687"}],"version-history":[{"count":0,"href":"https:\/\/psol50.org.br\/rest\/wp\/v2\/posts\/26687\/revisions"}],"wp:featuredmedia":[{"embeddable":true,"href":"https:\/\/psol50.org.br\/rest\/wp\/v2\/media\/26688"}],"wp:attachment":[{"href":"https:\/\/psol50.org.br\/rest\/wp\/v2\/media?parent=26687"}],"wp:term":[{"taxonomy":"category","embeddable":true,"href":"https:\/\/psol50.org.br\/rest\/wp\/v2\/categories?post=26687"},{"taxonomy":"post_tag","embeddable":true,"href":"https:\/\/psol50.org.br\/rest\/wp\/v2\/tags?post=26687"}],"curies":[{"name":"wp","href":"https:\/\/api.w.org\/{rel}","templated":true}]}}