{"id":26697,"date":"2019-10-10T17:22:40","date_gmt":"2019-10-10T20:22:40","guid":{"rendered":"http:\/\/psol50.org.br\/?p=26697"},"modified":"2019-10-10T17:22:40","modified_gmt":"2019-10-10T20:22:40","slug":"psol-questiona-governo-federal-sobre-consulta-a-povos-indigenas-em-caso-de-grandes-obras","status":"publish","type":"post","link":"https:\/\/psol50.org.br\/psol-questiona-governo-federal-sobre-consulta-a-povos-indigenas-em-caso-de-grandes-obras\/","title":{"rendered":"PSOL questiona governo federal sobre consulta a povos ind\u00edgenas em caso de grandes obras"},"content":{"rendered":"<p>A bancada do PSOL na C\u00e2mara dos Deputados apresentou requerimentos de informa\u00e7\u00e3o a diversas pastas do governo federal sobre a tentativa de deixar de fazer consultas aos povos ind\u00edgenas sobre grandes obras que afetam suas comunidades.<\/p>\n<p>O Brasil \u00e9 signat\u00e1rio da Conven\u00e7\u00e3o 169 da Organiza\u00e7\u00e3o Internacional do Trabalho (OIT), que prev\u00ea este dispositivo para garantir autonomia aos povos origin\u00e1rios e participa\u00e7\u00e3o em decis\u00f5es sobre seus territ\u00f3rios. A conven\u00e7\u00e3o foi adotada em 1989 em Genebra, na Su\u00ed\u00e7a, aprovada pelo Congresso brasileiro em 2002 e tornada lei em 2004 por decreto presidencial.<\/p>\n<blockquote class=\"twitter-tweet\" data-width=\"550\" data-dnt=\"true\">\n<p lang=\"pt\" dir=\"ltr\">Bancada cobra do governo federal explica\u00e7\u00f5es sobre a possibilidade de revis\u00e3o da aplica\u00e7\u00e3o da Conven\u00e7\u00e3o 169 da Organiza\u00e7\u00e3o Internacional do Trabalho (OIT), que prev\u00ea a consulta aos povos ind\u00edgenas sobre medidas que os afetem, como grandes obras. <a href=\"https:\/\/t.co\/BNDCsjmCVu\">pic.twitter.com\/BNDCsjmCVu<\/a><\/p>\n<p>&mdash; PSOL na C\u00e2mara (@psolnacamara) <a href=\"https:\/\/twitter.com\/psolnacamara\/status\/1182353769004175360?ref_src=twsrc%5Etfw\">October 10, 2019<\/a><\/p><\/blockquote>\n<p><script async src=\"https:\/\/platform.twitter.com\/widgets.js\" charset=\"utf-8\"><\/script><\/p>\n<p><a href=\"https:\/\/www1.folha.uol.com.br\/poder\/2019\/10\/grupo-do-governo-articula-revisao-de-consulta-a-indios-sobre-grandes-obras.shtml\">Surgiram informa\u00e7\u00f5es na imprensa<\/a> de que h\u00e1 um grupo de trabalho no governo Bolsonaro para realizar uma solicita\u00e7\u00e3o \u00e0 Advocacia Geral da Uni\u00e3o (AGU) para que reveja seu posicionamento favor\u00e1vel ao cumprimento do dispositivo internacional, atrav\u00e9s do parecer n\u00famero 1 de 2006.<\/p>\n<p>Os requerimentos s\u00e3o destinados \u00e0 AGU (advogado-geral Andr\u00e9 Luiz Mendon\u00e7a), ao Gabinete de Seguran\u00e7a Institucional (general Augusto Heleno) e \u00e0 Casa Civil (ministro Onyx Lorenzoni). O governo federal tem 30 dias para responder os questionamentos.<\/p>\n","protected":false},"excerpt":{"rendered":"<p>A bancada do PSOL na C\u00e2mara dos Deputados apresentou requerimentos de informa\u00e7\u00e3o a diversas pastas do governo federal sobre a tentativa de deixar de fazer consultas aos povos ind\u00edgenas sobre grandes obras que afetam suas comunidades. O Brasil \u00e9 signat\u00e1rio da Conven\u00e7\u00e3o 169 da Organiza\u00e7\u00e3o Internacional do Trabalho (OIT), que prev\u00ea este dispositivo para garantir [&hellip;]<\/p>\n","protected":false},"author":2,"featured_media":25580,"comment_status":"closed","ping_status":"open","sticky":false,"template":"","format":"standard","meta":{"_acf_changed":false,"footnotes":""},"categories":[6],"tags":[760,56,2062,2063,2064,439,22],"class_list":{"0":"post-26697","1":"post","2":"type-post","3":"status-publish","4":"format-standard","5":"has-post-thumbnail","7":"category-noticias","8":"tag-agu","9":"tag-bolsonaro","10":"tag-convencao","11":"tag-obras","12":"tag-oit","13":"tag-povos-indigenas","14":"tag-psol"},"acf":[],"yoast_head":"<!-- This site is optimized with the Yoast SEO plugin v26.5 - https:\/\/yoast.com\/wordpress\/plugins\/seo\/ -->\n<title>PSOL questiona governo federal sobre consulta a povos ind\u00edgenas em caso de grandes obras<\/title>\n<meta name=\"description\" content=\"Bolsonaro procura brechas para desrespeitar conven\u00e7\u00e3o internacional em caso de grandes obras.\" \/>\n<meta name=\"robots\" content=\"index, follow, max-snippet:-1, max-image-preview:large, max-video-preview:-1\" \/>\n<link rel=\"canonical\" href=\"https:\/\/psol50.org.br\/psol-questiona-governo-federal-sobre-consulta-a-povos-indigenas-em-caso-de-grandes-obras\/\" \/>\n<meta property=\"og:locale\" content=\"pt_BR\" \/>\n<meta property=\"og:type\" content=\"article\" \/>\n<meta property=\"og:title\" content=\"PSOL questiona governo federal sobre consulta a povos ind\u00edgenas\" \/>\n<meta property=\"og:description\" content=\"Bolsonaro procura brechas para desrespeitar conven\u00e7\u00e3o internacional em caso de grandes obras\" \/>\n<meta property=\"og:url\" content=\"https:\/\/psol50.org.br\/psol-questiona-governo-federal-sobre-consulta-a-povos-indigenas-em-caso-de-grandes-obras\/\" \/>\n<meta property=\"og:site_name\" content=\"PSOL 50\" \/>\n<meta property=\"article:publisher\" content=\"https:\/\/www.facebook.com\/psol50\" \/>\n<meta property=\"article:published_time\" content=\"2019-10-10T20:22:40+00:00\" \/>\n<meta property=\"og:image\" content=\"https:\/\/psol50.org.br\/inc\/uploads\/2019\/06\/indigenas-protesto-brasilia-constituicao-750x410-1.jpg\" \/>\n\t<meta property=\"og:image:width\" content=\"750\" \/>\n\t<meta property=\"og:image:height\" content=\"410\" \/>\n\t<meta property=\"og:image:type\" content=\"image\/jpeg\" \/>\n<meta name=\"author\" content=\"Comunica\u00e7\u00e3o PSOL\" \/>\n<meta name=\"twitter:card\" content=\"summary_large_image\" \/>\n<meta name=\"twitter:title\" content=\"PSOL questiona governo federal sobre consulta a povos ind\u00edgenas\" \/>\n<meta name=\"twitter:description\" content=\"Bolsonaro procura brechas para desrespeitar conven\u00e7\u00e3o internacional em caso de grandes obras\" \/>\n<meta name=\"twitter:image\" content=\"https:\/\/psol50.org.br\/inc\/uploads\/2019\/06\/indigenas-protesto-brasilia-constituicao-750x410-1.jpg\" \/>\n<meta name=\"twitter:creator\" content=\"@psol50\" \/>\n<meta name=\"twitter:site\" content=\"@psol50\" \/>\n<meta name=\"twitter:label1\" content=\"Escrito por\" \/>\n\t<meta name=\"twitter:data1\" content=\"Comunica\u00e7\u00e3o PSOL\" \/>\n\t<meta name=\"twitter:label2\" content=\"Est. tempo de leitura\" \/>\n\t<meta name=\"twitter:data2\" content=\"1 minuto\" \/>\n<script type=\"application\/ld+json\" class=\"yoast-schema-graph\">{\"@context\":\"https:\/\/schema.org\",\"@graph\":[{\"@type\":\"Article\",\"@id\":\"https:\/\/psol50.org.br\/psol-questiona-governo-federal-sobre-consulta-a-povos-indigenas-em-caso-de-grandes-obras\/#article\",\"isPartOf\":{\"@id\":\"https:\/\/psol50.org.br\/psol-questiona-governo-federal-sobre-consulta-a-povos-indigenas-em-caso-de-grandes-obras\/\"},\"author\":{\"name\":\"Comunica\u00e7\u00e3o PSOL\",\"@id\":\"https:\/\/psol50.org.br\/#\/schema\/person\/475dfa57d0b815993c714c2e96491fcd\"},\"headline\":\"PSOL questiona governo federal sobre consulta a povos ind\u00edgenas em caso de grandes obras\",\"datePublished\":\"2019-10-10T20:22:40+00:00\",\"mainEntityOfPage\":{\"@id\":\"https:\/\/psol50.org.br\/psol-questiona-governo-federal-sobre-consulta-a-povos-indigenas-em-caso-de-grandes-obras\/\"},\"wordCount\":197,\"publisher\":{\"@id\":\"https:\/\/psol50.org.br\/#organization\"},\"image\":{\"@id\":\"https:\/\/psol50.org.br\/psol-questiona-governo-federal-sobre-consulta-a-povos-indigenas-em-caso-de-grandes-obras\/#primaryimage\"},\"thumbnailUrl\":\"https:\/\/psol50.org.br\/inc\/uploads\/2019\/06\/indigenas-protesto-brasilia-constituicao-750x410-1.jpg\",\"keywords\":[\"AGU\",\"Bolsonaro\",\"conven\u00e7\u00e3o\",\"obras\",\"OIT\",\"povos ind\u00edgenas\",\"PSOL\"],\"articleSection\":[\"Not\u00edcias\"],\"inLanguage\":\"pt-BR\"},{\"@type\":\"WebPage\",\"@id\":\"https:\/\/psol50.org.br\/psol-questiona-governo-federal-sobre-consulta-a-povos-indigenas-em-caso-de-grandes-obras\/\",\"url\":\"https:\/\/psol50.org.br\/psol-questiona-governo-federal-sobre-consulta-a-povos-indigenas-em-caso-de-grandes-obras\/\",\"name\":\"PSOL questiona governo federal sobre consulta a povos ind\u00edgenas em caso de grandes obras\",\"isPartOf\":{\"@id\":\"https:\/\/psol50.org.br\/#website\"},\"primaryImageOfPage\":{\"@id\":\"https:\/\/psol50.org.br\/psol-questiona-governo-federal-sobre-consulta-a-povos-indigenas-em-caso-de-grandes-obras\/#primaryimage\"},\"image\":{\"@id\":\"https:\/\/psol50.org.br\/psol-questiona-governo-federal-sobre-consulta-a-povos-indigenas-em-caso-de-grandes-obras\/#primaryimage\"},\"thumbnailUrl\":\"https:\/\/psol50.org.br\/inc\/uploads\/2019\/06\/indigenas-protesto-brasilia-constituicao-750x410-1.jpg\",\"datePublished\":\"2019-10-10T20:22:40+00:00\",\"description\":\"Bolsonaro procura brechas para desrespeitar conven\u00e7\u00e3o internacional em caso de grandes obras.\",\"breadcrumb\":{\"@id\":\"https:\/\/psol50.org.br\/psol-questiona-governo-federal-sobre-consulta-a-povos-indigenas-em-caso-de-grandes-obras\/#breadcrumb\"},\"inLanguage\":\"pt-BR\",\"potentialAction\":[{\"@type\":\"ReadAction\",\"target\":[\"https:\/\/psol50.org.br\/psol-questiona-governo-federal-sobre-consulta-a-povos-indigenas-em-caso-de-grandes-obras\/\"]}]},{\"@type\":\"ImageObject\",\"inLanguage\":\"pt-BR\",\"@id\":\"https:\/\/psol50.org.br\/psol-questiona-governo-federal-sobre-consulta-a-povos-indigenas-em-caso-de-grandes-obras\/#primaryimage\",\"url\":\"https:\/\/psol50.org.br\/inc\/uploads\/2019\/06\/indigenas-protesto-brasilia-constituicao-750x410-1.jpg\",\"contentUrl\":\"https:\/\/psol50.org.br\/inc\/uploads\/2019\/06\/indigenas-protesto-brasilia-constituicao-750x410-1.jpg\",\"width\":750,\"height\":410},{\"@type\":\"BreadcrumbList\",\"@id\":\"https:\/\/psol50.org.br\/psol-questiona-governo-federal-sobre-consulta-a-povos-indigenas-em-caso-de-grandes-obras\/#breadcrumb\",\"itemListElement\":[{\"@type\":\"ListItem\",\"position\":1,\"name\":\"In\u00edcio\",\"item\":\"https:\/\/psol50.org.br\/\"},{\"@type\":\"ListItem\",\"position\":2,\"name\":\"PSOL questiona governo federal sobre consulta a povos ind\u00edgenas em caso de grandes obras\"}]},{\"@type\":\"WebSite\",\"@id\":\"https:\/\/psol50.org.br\/#website\",\"url\":\"https:\/\/psol50.org.br\/\",\"name\":\"PSOL 50\",\"description\":\"Site oficial do Partido Socialismo e Liberdade\",\"publisher\":{\"@id\":\"https:\/\/psol50.org.br\/#organization\"},\"alternateName\":\"PSOL50\",\"potentialAction\":[{\"@type\":\"SearchAction\",\"target\":{\"@type\":\"EntryPoint\",\"urlTemplate\":\"https:\/\/psol50.org.br\/?s={search_term_string}\"},\"query-input\":{\"@type\":\"PropertyValueSpecification\",\"valueRequired\":true,\"valueName\":\"search_term_string\"}}],\"inLanguage\":\"pt-BR\"},{\"@type\":\"Organization\",\"@id\":\"https:\/\/psol50.org.br\/#organization\",\"name\":\"PSOL 50\",\"alternateName\":\"PSOL 50\",\"url\":\"https:\/\/psol50.org.br\/\",\"logo\":{\"@type\":\"ImageObject\",\"inLanguage\":\"pt-BR\",\"@id\":\"https:\/\/psol50.org.br\/#\/schema\/logo\/image\/\",\"url\":\"https:\/\/psol50.org.br\/inc\/uploads\/2018\/07\/capa.png\",\"contentUrl\":\"https:\/\/psol50.org.br\/inc\/uploads\/2018\/07\/capa.png\",\"width\":1350,\"height\":900,\"caption\":\"PSOL 50\"},\"image\":{\"@id\":\"https:\/\/psol50.org.br\/#\/schema\/logo\/image\/\"},\"sameAs\":[\"https:\/\/www.facebook.com\/psol50\",\"https:\/\/x.com\/psol50\",\"https:\/\/www.instagram.com\/psol50\/\",\"https:\/\/www.youtube.com\/channel\/UC7SnJS5o1os7a6CaiNabzcg\"]},{\"@type\":\"Person\",\"@id\":\"https:\/\/psol50.org.br\/#\/schema\/person\/475dfa57d0b815993c714c2e96491fcd\",\"name\":\"Comunica\u00e7\u00e3o PSOL\",\"image\":{\"@type\":\"ImageObject\",\"inLanguage\":\"pt-BR\",\"@id\":\"https:\/\/psol50.org.br\/#\/schema\/person\/image\/\",\"url\":\"https:\/\/secure.gravatar.com\/avatar\/b34fc4f4e468a4e51785917065a3db57b841f5c95dba6ad8c73aaf8f66f8f9bf?s=96&d=mm&r=g\",\"contentUrl\":\"https:\/\/secure.gravatar.com\/avatar\/b34fc4f4e468a4e51785917065a3db57b841f5c95dba6ad8c73aaf8f66f8f9bf?s=96&d=mm&r=g\",\"caption\":\"Comunica\u00e7\u00e3o PSOL\"}}]}<\/script>\n<!-- \/ Yoast SEO plugin. -->","yoast_head_json":{"title":"PSOL questiona governo federal sobre consulta a povos ind\u00edgenas em caso de grandes obras","description":"Bolsonaro procura brechas para desrespeitar conven\u00e7\u00e3o internacional em caso de grandes obras.","robots":{"index":"index","follow":"follow","max-snippet":"max-snippet:-1","max-image-preview":"max-image-preview:large","max-video-preview":"max-video-preview:-1"},"canonical":"https:\/\/psol50.org.br\/psol-questiona-governo-federal-sobre-consulta-a-povos-indigenas-em-caso-de-grandes-obras\/","og_locale":"pt_BR","og_type":"article","og_title":"PSOL questiona governo federal sobre consulta a povos ind\u00edgenas","og_description":"Bolsonaro procura brechas para desrespeitar conven\u00e7\u00e3o internacional em caso de grandes obras","og_url":"https:\/\/psol50.org.br\/psol-questiona-governo-federal-sobre-consulta-a-povos-indigenas-em-caso-de-grandes-obras\/","og_site_name":"PSOL 50","article_publisher":"https:\/\/www.facebook.com\/psol50","article_published_time":"2019-10-10T20:22:40+00:00","og_image":[{"width":750,"height":410,"url":"https:\/\/psol50.org.br\/inc\/uploads\/2019\/06\/indigenas-protesto-brasilia-constituicao-750x410-1.jpg","type":"image\/jpeg"}],"author":"Comunica\u00e7\u00e3o PSOL","twitter_card":"summary_large_image","twitter_title":"PSOL questiona governo federal sobre consulta a povos ind\u00edgenas","twitter_description":"Bolsonaro procura brechas para desrespeitar conven\u00e7\u00e3o internacional em caso de grandes obras","twitter_image":"https:\/\/psol50.org.br\/inc\/uploads\/2019\/06\/indigenas-protesto-brasilia-constituicao-750x410-1.jpg","twitter_creator":"@psol50","twitter_site":"@psol50","twitter_misc":{"Escrito por":"Comunica\u00e7\u00e3o PSOL","Est. tempo de leitura":"1 minuto"},"schema":{"@context":"https:\/\/schema.org","@graph":[{"@type":"Article","@id":"https:\/\/psol50.org.br\/psol-questiona-governo-federal-sobre-consulta-a-povos-indigenas-em-caso-de-grandes-obras\/#article","isPartOf":{"@id":"https:\/\/psol50.org.br\/psol-questiona-governo-federal-sobre-consulta-a-povos-indigenas-em-caso-de-grandes-obras\/"},"author":{"name":"Comunica\u00e7\u00e3o PSOL","@id":"https:\/\/psol50.org.br\/#\/schema\/person\/475dfa57d0b815993c714c2e96491fcd"},"headline":"PSOL questiona governo federal sobre consulta a povos ind\u00edgenas em caso de grandes obras","datePublished":"2019-10-10T20:22:40+00:00","mainEntityOfPage":{"@id":"https:\/\/psol50.org.br\/psol-questiona-governo-federal-sobre-consulta-a-povos-indigenas-em-caso-de-grandes-obras\/"},"wordCount":197,"publisher":{"@id":"https:\/\/psol50.org.br\/#organization"},"image":{"@id":"https:\/\/psol50.org.br\/psol-questiona-governo-federal-sobre-consulta-a-povos-indigenas-em-caso-de-grandes-obras\/#primaryimage"},"thumbnailUrl":"https:\/\/psol50.org.br\/inc\/uploads\/2019\/06\/indigenas-protesto-brasilia-constituicao-750x410-1.jpg","keywords":["AGU","Bolsonaro","conven\u00e7\u00e3o","obras","OIT","povos ind\u00edgenas","PSOL"],"articleSection":["Not\u00edcias"],"inLanguage":"pt-BR"},{"@type":"WebPage","@id":"https:\/\/psol50.org.br\/psol-questiona-governo-federal-sobre-consulta-a-povos-indigenas-em-caso-de-grandes-obras\/","url":"https:\/\/psol50.org.br\/psol-questiona-governo-federal-sobre-consulta-a-povos-indigenas-em-caso-de-grandes-obras\/","name":"PSOL questiona governo federal sobre consulta a povos ind\u00edgenas em caso de grandes obras","isPartOf":{"@id":"https:\/\/psol50.org.br\/#website"},"primaryImageOfPage":{"@id":"https:\/\/psol50.org.br\/psol-questiona-governo-federal-sobre-consulta-a-povos-indigenas-em-caso-de-grandes-obras\/#primaryimage"},"image":{"@id":"https:\/\/psol50.org.br\/psol-questiona-governo-federal-sobre-consulta-a-povos-indigenas-em-caso-de-grandes-obras\/#primaryimage"},"thumbnailUrl":"https:\/\/psol50.org.br\/inc\/uploads\/2019\/06\/indigenas-protesto-brasilia-constituicao-750x410-1.jpg","datePublished":"2019-10-10T20:22:40+00:00","description":"Bolsonaro procura brechas para desrespeitar conven\u00e7\u00e3o internacional em caso de grandes obras.","breadcrumb":{"@id":"https:\/\/psol50.org.br\/psol-questiona-governo-federal-sobre-consulta-a-povos-indigenas-em-caso-de-grandes-obras\/#breadcrumb"},"inLanguage":"pt-BR","potentialAction":[{"@type":"ReadAction","target":["https:\/\/psol50.org.br\/psol-questiona-governo-federal-sobre-consulta-a-povos-indigenas-em-caso-de-grandes-obras\/"]}]},{"@type":"ImageObject","inLanguage":"pt-BR","@id":"https:\/\/psol50.org.br\/psol-questiona-governo-federal-sobre-consulta-a-povos-indigenas-em-caso-de-grandes-obras\/#primaryimage","url":"https:\/\/psol50.org.br\/inc\/uploads\/2019\/06\/indigenas-protesto-brasilia-constituicao-750x410-1.jpg","contentUrl":"https:\/\/psol50.org.br\/inc\/uploads\/2019\/06\/indigenas-protesto-brasilia-constituicao-750x410-1.jpg","width":750,"height":410},{"@type":"BreadcrumbList","@id":"https:\/\/psol50.org.br\/psol-questiona-governo-federal-sobre-consulta-a-povos-indigenas-em-caso-de-grandes-obras\/#breadcrumb","itemListElement":[{"@type":"ListItem","position":1,"name":"In\u00edcio","item":"https:\/\/psol50.org.br\/"},{"@type":"ListItem","position":2,"name":"PSOL questiona governo federal sobre consulta a povos ind\u00edgenas em caso de grandes obras"}]},{"@type":"WebSite","@id":"https:\/\/psol50.org.br\/#website","url":"https:\/\/psol50.org.br\/","name":"PSOL 50","description":"Site oficial do Partido Socialismo e Liberdade","publisher":{"@id":"https:\/\/psol50.org.br\/#organization"},"alternateName":"PSOL50","potentialAction":[{"@type":"SearchAction","target":{"@type":"EntryPoint","urlTemplate":"https:\/\/psol50.org.br\/?s={search_term_string}"},"query-input":{"@type":"PropertyValueSpecification","valueRequired":true,"valueName":"search_term_string"}}],"inLanguage":"pt-BR"},{"@type":"Organization","@id":"https:\/\/psol50.org.br\/#organization","name":"PSOL 50","alternateName":"PSOL 50","url":"https:\/\/psol50.org.br\/","logo":{"@type":"ImageObject","inLanguage":"pt-BR","@id":"https:\/\/psol50.org.br\/#\/schema\/logo\/image\/","url":"https:\/\/psol50.org.br\/inc\/uploads\/2018\/07\/capa.png","contentUrl":"https:\/\/psol50.org.br\/inc\/uploads\/2018\/07\/capa.png","width":1350,"height":900,"caption":"PSOL 50"},"image":{"@id":"https:\/\/psol50.org.br\/#\/schema\/logo\/image\/"},"sameAs":["https:\/\/www.facebook.com\/psol50","https:\/\/x.com\/psol50","https:\/\/www.instagram.com\/psol50\/","https:\/\/www.youtube.com\/channel\/UC7SnJS5o1os7a6CaiNabzcg"]},{"@type":"Person","@id":"https:\/\/psol50.org.br\/#\/schema\/person\/475dfa57d0b815993c714c2e96491fcd","name":"Comunica\u00e7\u00e3o PSOL","image":{"@type":"ImageObject","inLanguage":"pt-BR","@id":"https:\/\/psol50.org.br\/#\/schema\/person\/image\/","url":"https:\/\/secure.gravatar.com\/avatar\/b34fc4f4e468a4e51785917065a3db57b841f5c95dba6ad8c73aaf8f66f8f9bf?s=96&d=mm&r=g","contentUrl":"https:\/\/secure.gravatar.com\/avatar\/b34fc4f4e468a4e51785917065a3db57b841f5c95dba6ad8c73aaf8f66f8f9bf?s=96&d=mm&r=g","caption":"Comunica\u00e7\u00e3o PSOL"}}]}},"_links":{"self":[{"href":"https:\/\/psol50.org.br\/rest\/wp\/v2\/posts\/26697","targetHints":{"allow":["GET"]}}],"collection":[{"href":"https:\/\/psol50.org.br\/rest\/wp\/v2\/posts"}],"about":[{"href":"https:\/\/psol50.org.br\/rest\/wp\/v2\/types\/post"}],"author":[{"embeddable":true,"href":"https:\/\/psol50.org.br\/rest\/wp\/v2\/users\/2"}],"replies":[{"embeddable":true,"href":"https:\/\/psol50.org.br\/rest\/wp\/v2\/comments?post=26697"}],"version-history":[{"count":0,"href":"https:\/\/psol50.org.br\/rest\/wp\/v2\/posts\/26697\/revisions"}],"wp:featuredmedia":[{"embeddable":true,"href":"https:\/\/psol50.org.br\/rest\/wp\/v2\/media\/25580"}],"wp:attachment":[{"href":"https:\/\/psol50.org.br\/rest\/wp\/v2\/media?parent=26697"}],"wp:term":[{"taxonomy":"category","embeddable":true,"href":"https:\/\/psol50.org.br\/rest\/wp\/v2\/categories?post=26697"},{"taxonomy":"post_tag","embeddable":true,"href":"https:\/\/psol50.org.br\/rest\/wp\/v2\/tags?post=26697"}],"curies":[{"name":"wp","href":"https:\/\/api.w.org\/{rel}","templated":true}]}}