{"id":2671,"date":"2014-04-05T00:00:00","date_gmt":"2014-04-05T18:45:03","guid":{"rendered":"http:\/\/psol50.org.br\/arquivo\/2014\/04\/05\/pms-do-para-se-rebelam-contra-o-governo-do-psdb\/"},"modified":"2014-04-05T00:00:00","modified_gmt":"2014-04-05T18:45:03","slug":"pms-do-para-se-rebelam-contra-o-governo-do-psdb","status":"publish","type":"post","link":"https:\/\/psol50.org.br\/pms-do-para-se-rebelam-contra-o-governo-do-psdb\/","title":{"rendered":"PMs do Par\u00e1 se rebelam contra o governo do PSDB"},"content":{"rendered":"<p>Policiais militares do Par\u00e1 paralisaram suas atividades e desde a \u00faltima quinta-feira (3\/4) realizam diversas manifesta\u00e7\u00f5es pelo Estado. O 6\u00b0 Batalh\u00e3o tem sido palco das principais manifesta\u00e7\u00f5es e, ao todo, j\u00e1 s\u00e3o 12 batalh\u00f5es rebelados no Par\u00e1. Na quarta-feira (2), a Assembleia Legislativa do Par\u00e1 (Alepa) aprovou aumento salarial apenas para os oficiais da PM, causando descontentamento entre os profissionais com outros cargos.<\/p>\n<p>\u201cAo apresentar o projeto de lei que s\u00f3 atendia aos interesses dos oficiais (patentes superiores), com o aumento escalonado de 110% at\u00e9 2018, o governo aprofundou as desigualdades dentro da corpora\u00e7\u00e3o. A tentativa dos deputados da&nbsp;oposi\u00e7\u00e3o de proporcionar aos pra\u00e7as os mesmos ganhos dos oficiais foi inviabilizada pela postura intransigente do governo\u201d, afirmou o deputado Edmilson Rodrigues (PSOL).<\/p>\n<p>Edmilson Rodrigues vem acompanhando desde o primeiro dia as manifesta\u00e7\u00f5es e vem sendo o principal interlocutor da categoria no processo de negocia\u00e7\u00e3o com o Estado. Os pra\u00e7as reivindicam a isonomia nos reajustes da categoria, al\u00e9m da n\u00e3o retalia\u00e7\u00e3o a nenhum Policial envolvido nas manifesta\u00e7\u00f5es e a exonera\u00e7\u00e3o do tenente coronel Am\u00e9rico Moraes Pereira Junior, comandante do 6\u00b0 Batalh\u00e3o onde se iniciaram as manifesta\u00e7\u00f5es contra a diferencia\u00e7\u00e3o no reajuste salarial.<\/p>\n<p>\u201cPe\u00e7o prud\u00eancia ao governador e ao comandante geral da PM para evitar que o descontentamento redunde em consequ\u00eancias dr\u00e1sticas ao funcionamento da institui\u00e7\u00e3o militar e da seguran\u00e7a p\u00fablica, j\u00e1 t\u00e3o comprometida com \u00edndices crescentes de viol\u00eancia\u201d, reivindicou Edmilson.&nbsp;<\/p>\n<p>Segundo relat\u00f3rio da ONG mexicana Conselho Cidad\u00e3o para a Seguran\u00e7a P\u00fablica e Justi\u00e7a Penal, a capital do Par\u00e1 figura entre a 10\u00b0 cidade mais violenta do mundo. &nbsp;A ex-senadora e vereadora de Bel\u00e9m, Marinor Brito, tamb\u00e9m apoia as manifesta\u00e7\u00f5es dos pra\u00e7as da PM.<\/p>\n","protected":false},"excerpt":{"rendered":"<p>A Assembleia Legislativa do Par\u00e1 (Alepa) aprovou aumento salarial apenas para os oficiais da PM, causando descontentamento entre os profissionais com outros cargos<\/p>\n","protected":false},"author":2,"featured_media":0,"comment_status":"open","ping_status":"open","sticky":false,"template":"","format":"standard","meta":{"_acf_changed":false,"footnotes":""},"categories":[4766,6],"tags":[],"class_list":{"0":"post-2671","1":"post","2":"type-post","3":"status-publish","4":"format-standard","6":"category-arquivo","7":"category-noticias"},"acf":[],"yoast_head":"<!-- This site is optimized with the Yoast SEO plugin v26.5 - https:\/\/yoast.com\/wordpress\/plugins\/seo\/ -->\n<title>PMs do Par\u00e1 se rebelam contra o governo do PSDB - PSOL 50<\/title>\n<meta name=\"robots\" content=\"index, follow, max-snippet:-1, max-image-preview:large, max-video-preview:-1\" \/>\n<link rel=\"canonical\" href=\"https:\/\/psol50.org.br\/pms-do-para-se-rebelam-contra-o-governo-do-psdb\/\" \/>\n<meta property=\"og:locale\" content=\"pt_BR\" \/>\n<meta property=\"og:type\" content=\"article\" \/>\n<meta property=\"og:title\" content=\"PMs do Par\u00e1 se rebelam contra o governo do PSDB - PSOL 50\" \/>\n<meta property=\"og:description\" content=\"A Assembleia Legislativa do Par\u00e1 (Alepa) aprovou aumento salarial apenas para os oficiais da PM, causando descontentamento entre os profissionais com outros cargos\" \/>\n<meta property=\"og:url\" content=\"https:\/\/psol50.org.br\/pms-do-para-se-rebelam-contra-o-governo-do-psdb\/\" \/>\n<meta property=\"og:site_name\" content=\"PSOL 50\" \/>\n<meta property=\"article:publisher\" content=\"https:\/\/www.facebook.com\/psol50\" \/>\n<meta property=\"article:published_time\" content=\"2014-04-05T18:45:03+00:00\" \/>\n<meta property=\"og:image\" content=\"https:\/\/psol50.org.br\/inc\/uploads\/2018\/07\/capa.png\" \/>\n\t<meta property=\"og:image:width\" content=\"1350\" \/>\n\t<meta property=\"og:image:height\" content=\"900\" \/>\n\t<meta property=\"og:image:type\" content=\"image\/png\" \/>\n<meta name=\"author\" content=\"Comunica\u00e7\u00e3o PSOL\" \/>\n<meta name=\"twitter:card\" content=\"summary_large_image\" \/>\n<meta name=\"twitter:creator\" content=\"@psol50\" \/>\n<meta name=\"twitter:site\" content=\"@psol50\" \/>\n<meta name=\"twitter:label1\" content=\"Escrito por\" \/>\n\t<meta name=\"twitter:data1\" content=\"Comunica\u00e7\u00e3o PSOL\" \/>\n\t<meta name=\"twitter:label2\" content=\"Est. tempo de leitura\" \/>\n\t<meta name=\"twitter:data2\" content=\"2 minutos\" \/>\n<script type=\"application\/ld+json\" class=\"yoast-schema-graph\">{\"@context\":\"https:\/\/schema.org\",\"@graph\":[{\"@type\":\"Article\",\"@id\":\"https:\/\/psol50.org.br\/pms-do-para-se-rebelam-contra-o-governo-do-psdb\/#article\",\"isPartOf\":{\"@id\":\"https:\/\/psol50.org.br\/pms-do-para-se-rebelam-contra-o-governo-do-psdb\/\"},\"author\":{\"name\":\"Comunica\u00e7\u00e3o PSOL\",\"@id\":\"https:\/\/psol50.org.br\/#\/schema\/person\/475dfa57d0b815993c714c2e96491fcd\"},\"headline\":\"PMs do Par\u00e1 se rebelam contra o governo do PSDB\",\"datePublished\":\"2014-04-05T18:45:03+00:00\",\"mainEntityOfPage\":{\"@id\":\"https:\/\/psol50.org.br\/pms-do-para-se-rebelam-contra-o-governo-do-psdb\/\"},\"wordCount\":315,\"commentCount\":0,\"publisher\":{\"@id\":\"https:\/\/psol50.org.br\/#organization\"},\"articleSection\":[\"Arquivo\",\"Not\u00edcias\"],\"inLanguage\":\"pt-BR\",\"potentialAction\":[{\"@type\":\"CommentAction\",\"name\":\"Comment\",\"target\":[\"https:\/\/psol50.org.br\/pms-do-para-se-rebelam-contra-o-governo-do-psdb\/#respond\"]}]},{\"@type\":\"WebPage\",\"@id\":\"https:\/\/psol50.org.br\/pms-do-para-se-rebelam-contra-o-governo-do-psdb\/\",\"url\":\"https:\/\/psol50.org.br\/pms-do-para-se-rebelam-contra-o-governo-do-psdb\/\",\"name\":\"PMs do Par\u00e1 se rebelam contra o governo do PSDB - PSOL 50\",\"isPartOf\":{\"@id\":\"https:\/\/psol50.org.br\/#website\"},\"datePublished\":\"2014-04-05T18:45:03+00:00\",\"breadcrumb\":{\"@id\":\"https:\/\/psol50.org.br\/pms-do-para-se-rebelam-contra-o-governo-do-psdb\/#breadcrumb\"},\"inLanguage\":\"pt-BR\",\"potentialAction\":[{\"@type\":\"ReadAction\",\"target\":[\"https:\/\/psol50.org.br\/pms-do-para-se-rebelam-contra-o-governo-do-psdb\/\"]}]},{\"@type\":\"BreadcrumbList\",\"@id\":\"https:\/\/psol50.org.br\/pms-do-para-se-rebelam-contra-o-governo-do-psdb\/#breadcrumb\",\"itemListElement\":[{\"@type\":\"ListItem\",\"position\":1,\"name\":\"In\u00edcio\",\"item\":\"https:\/\/psol50.org.br\/\"},{\"@type\":\"ListItem\",\"position\":2,\"name\":\"PMs do Par\u00e1 se rebelam contra o governo do PSDB\"}]},{\"@type\":\"WebSite\",\"@id\":\"https:\/\/psol50.org.br\/#website\",\"url\":\"https:\/\/psol50.org.br\/\",\"name\":\"PSOL 50\",\"description\":\"Site oficial do Partido Socialismo e Liberdade\",\"publisher\":{\"@id\":\"https:\/\/psol50.org.br\/#organization\"},\"alternateName\":\"PSOL50\",\"potentialAction\":[{\"@type\":\"SearchAction\",\"target\":{\"@type\":\"EntryPoint\",\"urlTemplate\":\"https:\/\/psol50.org.br\/?s={search_term_string}\"},\"query-input\":{\"@type\":\"PropertyValueSpecification\",\"valueRequired\":true,\"valueName\":\"search_term_string\"}}],\"inLanguage\":\"pt-BR\"},{\"@type\":\"Organization\",\"@id\":\"https:\/\/psol50.org.br\/#organization\",\"name\":\"PSOL 50\",\"alternateName\":\"PSOL 50\",\"url\":\"https:\/\/psol50.org.br\/\",\"logo\":{\"@type\":\"ImageObject\",\"inLanguage\":\"pt-BR\",\"@id\":\"https:\/\/psol50.org.br\/#\/schema\/logo\/image\/\",\"url\":\"https:\/\/psol50.org.br\/inc\/uploads\/2018\/07\/capa.png\",\"contentUrl\":\"https:\/\/psol50.org.br\/inc\/uploads\/2018\/07\/capa.png\",\"width\":1350,\"height\":900,\"caption\":\"PSOL 50\"},\"image\":{\"@id\":\"https:\/\/psol50.org.br\/#\/schema\/logo\/image\/\"},\"sameAs\":[\"https:\/\/www.facebook.com\/psol50\",\"https:\/\/x.com\/psol50\",\"https:\/\/www.instagram.com\/psol50\/\",\"https:\/\/www.youtube.com\/channel\/UC7SnJS5o1os7a6CaiNabzcg\"]},{\"@type\":\"Person\",\"@id\":\"https:\/\/psol50.org.br\/#\/schema\/person\/475dfa57d0b815993c714c2e96491fcd\",\"name\":\"Comunica\u00e7\u00e3o PSOL\",\"image\":{\"@type\":\"ImageObject\",\"inLanguage\":\"pt-BR\",\"@id\":\"https:\/\/psol50.org.br\/#\/schema\/person\/image\/\",\"url\":\"https:\/\/secure.gravatar.com\/avatar\/b34fc4f4e468a4e51785917065a3db57b841f5c95dba6ad8c73aaf8f66f8f9bf?s=96&d=mm&r=g\",\"contentUrl\":\"https:\/\/secure.gravatar.com\/avatar\/b34fc4f4e468a4e51785917065a3db57b841f5c95dba6ad8c73aaf8f66f8f9bf?s=96&d=mm&r=g\",\"caption\":\"Comunica\u00e7\u00e3o PSOL\"}}]}<\/script>\n<!-- \/ Yoast SEO plugin. -->","yoast_head_json":{"title":"PMs do Par\u00e1 se rebelam contra o governo do PSDB - PSOL 50","robots":{"index":"index","follow":"follow","max-snippet":"max-snippet:-1","max-image-preview":"max-image-preview:large","max-video-preview":"max-video-preview:-1"},"canonical":"https:\/\/psol50.org.br\/pms-do-para-se-rebelam-contra-o-governo-do-psdb\/","og_locale":"pt_BR","og_type":"article","og_title":"PMs do Par\u00e1 se rebelam contra o governo do PSDB - PSOL 50","og_description":"A Assembleia Legislativa do Par\u00e1 (Alepa) aprovou aumento salarial apenas para os oficiais da PM, causando descontentamento entre os profissionais com outros cargos","og_url":"https:\/\/psol50.org.br\/pms-do-para-se-rebelam-contra-o-governo-do-psdb\/","og_site_name":"PSOL 50","article_publisher":"https:\/\/www.facebook.com\/psol50","article_published_time":"2014-04-05T18:45:03+00:00","og_image":[{"width":1350,"height":900,"url":"https:\/\/psol50.org.br\/inc\/uploads\/2018\/07\/capa.png","type":"image\/png"}],"author":"Comunica\u00e7\u00e3o PSOL","twitter_card":"summary_large_image","twitter_creator":"@psol50","twitter_site":"@psol50","twitter_misc":{"Escrito por":"Comunica\u00e7\u00e3o PSOL","Est. tempo de leitura":"2 minutos"},"schema":{"@context":"https:\/\/schema.org","@graph":[{"@type":"Article","@id":"https:\/\/psol50.org.br\/pms-do-para-se-rebelam-contra-o-governo-do-psdb\/#article","isPartOf":{"@id":"https:\/\/psol50.org.br\/pms-do-para-se-rebelam-contra-o-governo-do-psdb\/"},"author":{"name":"Comunica\u00e7\u00e3o PSOL","@id":"https:\/\/psol50.org.br\/#\/schema\/person\/475dfa57d0b815993c714c2e96491fcd"},"headline":"PMs do Par\u00e1 se rebelam contra o governo do PSDB","datePublished":"2014-04-05T18:45:03+00:00","mainEntityOfPage":{"@id":"https:\/\/psol50.org.br\/pms-do-para-se-rebelam-contra-o-governo-do-psdb\/"},"wordCount":315,"commentCount":0,"publisher":{"@id":"https:\/\/psol50.org.br\/#organization"},"articleSection":["Arquivo","Not\u00edcias"],"inLanguage":"pt-BR","potentialAction":[{"@type":"CommentAction","name":"Comment","target":["https:\/\/psol50.org.br\/pms-do-para-se-rebelam-contra-o-governo-do-psdb\/#respond"]}]},{"@type":"WebPage","@id":"https:\/\/psol50.org.br\/pms-do-para-se-rebelam-contra-o-governo-do-psdb\/","url":"https:\/\/psol50.org.br\/pms-do-para-se-rebelam-contra-o-governo-do-psdb\/","name":"PMs do Par\u00e1 se rebelam contra o governo do PSDB - PSOL 50","isPartOf":{"@id":"https:\/\/psol50.org.br\/#website"},"datePublished":"2014-04-05T18:45:03+00:00","breadcrumb":{"@id":"https:\/\/psol50.org.br\/pms-do-para-se-rebelam-contra-o-governo-do-psdb\/#breadcrumb"},"inLanguage":"pt-BR","potentialAction":[{"@type":"ReadAction","target":["https:\/\/psol50.org.br\/pms-do-para-se-rebelam-contra-o-governo-do-psdb\/"]}]},{"@type":"BreadcrumbList","@id":"https:\/\/psol50.org.br\/pms-do-para-se-rebelam-contra-o-governo-do-psdb\/#breadcrumb","itemListElement":[{"@type":"ListItem","position":1,"name":"In\u00edcio","item":"https:\/\/psol50.org.br\/"},{"@type":"ListItem","position":2,"name":"PMs do Par\u00e1 se rebelam contra o governo do PSDB"}]},{"@type":"WebSite","@id":"https:\/\/psol50.org.br\/#website","url":"https:\/\/psol50.org.br\/","name":"PSOL 50","description":"Site oficial do Partido Socialismo e Liberdade","publisher":{"@id":"https:\/\/psol50.org.br\/#organization"},"alternateName":"PSOL50","potentialAction":[{"@type":"SearchAction","target":{"@type":"EntryPoint","urlTemplate":"https:\/\/psol50.org.br\/?s={search_term_string}"},"query-input":{"@type":"PropertyValueSpecification","valueRequired":true,"valueName":"search_term_string"}}],"inLanguage":"pt-BR"},{"@type":"Organization","@id":"https:\/\/psol50.org.br\/#organization","name":"PSOL 50","alternateName":"PSOL 50","url":"https:\/\/psol50.org.br\/","logo":{"@type":"ImageObject","inLanguage":"pt-BR","@id":"https:\/\/psol50.org.br\/#\/schema\/logo\/image\/","url":"https:\/\/psol50.org.br\/inc\/uploads\/2018\/07\/capa.png","contentUrl":"https:\/\/psol50.org.br\/inc\/uploads\/2018\/07\/capa.png","width":1350,"height":900,"caption":"PSOL 50"},"image":{"@id":"https:\/\/psol50.org.br\/#\/schema\/logo\/image\/"},"sameAs":["https:\/\/www.facebook.com\/psol50","https:\/\/x.com\/psol50","https:\/\/www.instagram.com\/psol50\/","https:\/\/www.youtube.com\/channel\/UC7SnJS5o1os7a6CaiNabzcg"]},{"@type":"Person","@id":"https:\/\/psol50.org.br\/#\/schema\/person\/475dfa57d0b815993c714c2e96491fcd","name":"Comunica\u00e7\u00e3o PSOL","image":{"@type":"ImageObject","inLanguage":"pt-BR","@id":"https:\/\/psol50.org.br\/#\/schema\/person\/image\/","url":"https:\/\/secure.gravatar.com\/avatar\/b34fc4f4e468a4e51785917065a3db57b841f5c95dba6ad8c73aaf8f66f8f9bf?s=96&d=mm&r=g","contentUrl":"https:\/\/secure.gravatar.com\/avatar\/b34fc4f4e468a4e51785917065a3db57b841f5c95dba6ad8c73aaf8f66f8f9bf?s=96&d=mm&r=g","caption":"Comunica\u00e7\u00e3o PSOL"}}]}},"_links":{"self":[{"href":"https:\/\/psol50.org.br\/rest\/wp\/v2\/posts\/2671","targetHints":{"allow":["GET"]}}],"collection":[{"href":"https:\/\/psol50.org.br\/rest\/wp\/v2\/posts"}],"about":[{"href":"https:\/\/psol50.org.br\/rest\/wp\/v2\/types\/post"}],"author":[{"embeddable":true,"href":"https:\/\/psol50.org.br\/rest\/wp\/v2\/users\/2"}],"replies":[{"embeddable":true,"href":"https:\/\/psol50.org.br\/rest\/wp\/v2\/comments?post=2671"}],"version-history":[{"count":0,"href":"https:\/\/psol50.org.br\/rest\/wp\/v2\/posts\/2671\/revisions"}],"wp:attachment":[{"href":"https:\/\/psol50.org.br\/rest\/wp\/v2\/media?parent=2671"}],"wp:term":[{"taxonomy":"category","embeddable":true,"href":"https:\/\/psol50.org.br\/rest\/wp\/v2\/categories?post=2671"},{"taxonomy":"post_tag","embeddable":true,"href":"https:\/\/psol50.org.br\/rest\/wp\/v2\/tags?post=2671"}],"curies":[{"name":"wp","href":"https:\/\/api.w.org\/{rel}","templated":true}]}}