{"id":26711,"date":"2019-10-15T10:31:29","date_gmt":"2019-10-15T13:31:29","guid":{"rendered":"http:\/\/psol50.org.br\/?p=26711"},"modified":"2019-10-15T10:31:29","modified_gmt":"2019-10-15T13:31:29","slug":"psol-exige-investigacao-de-censura-da-imagem-de-marielle-franco-na-ebc","status":"publish","type":"post","link":"https:\/\/psol50.org.br\/psol-exige-investigacao-de-censura-da-imagem-de-marielle-franco-na-ebc\/","title":{"rendered":"PSOL exige investiga\u00e7\u00e3o de censura da imagem de Marielle Franco na EBC"},"content":{"rendered":"<p>O PSOL pediu que a Procuradoria Geral da Rep\u00fablica investigue a Empresa Brasil de Comunica\u00e7\u00e3o por censurar uma imagem de Marielle Franco na TV Brasil. A ilustra\u00e7\u00e3o do rosto da ex-vereadora aparecia por 5 segundos, o que foi suficiente para que o trecho fosse removido, o diretor de programa\u00e7\u00e3o demitido e o programa cancelado.<\/p>\n<p>&#8220;N\u00e3o houve interesse p\u00fablico, mas pessoal e particular, orientado ideologicamente, com o \u00fanico objetivo de perseguir as bandeiras e a mem\u00f3ria de Marielle Franco&#8221;, defenderam os deputados do PSOL em representa\u00e7\u00e3o protocolada pelo l\u00edder do partido na C\u00e2mara, Ivan Valente.<\/p>\n<p>No documento, os deputados afirmaram\u00a0 tamb\u00e9m que o presidente da EBC, general Luiz Carlos Pereira Gomes; o ministro de Governo, general Luiz Eduardo Ramos; e o secret\u00e1rio de Comunica\u00e7\u00e3o da Presid\u00eancia, Fabio Wajngarten &#8220;se valem dos seus cargos para implementar uma guerra ideol\u00f3gica contra quem discorda democraticamente do atual governo federal, ato completamente inconstitucional e ilegal&#8221;.<\/p>\n<p>Al\u00e9m da investiga\u00e7\u00e3o, o PSOL pediu que a PGR responsabilize Pereira Gomes, Ramos e Wajngarten por dano moral coletivo, e que uma eventual indeniza\u00e7\u00e3o seja revertida para organiza\u00e7\u00f5es de combate ao racismo. O PSOL tamb\u00e9m cobrou respostas sobre o assassinato de de Marielle Franco. O crime aconteceu h\u00e1 1 ano e 7 meses e\u00a0 seguimos sem respostas sobre quem foram os mandantes do crime.<\/p>\n<p>Al\u00e9m do partido o Minist\u00e9rio P\u00fablico tamb\u00e9m pediu\u00a0 ao Tribunal de Contas da Uni\u00e3o a investiga\u00e7\u00e3o do caso. No documento, o subprocurador-geral Lucas Rocha Furtado afirmou que para al\u00e9m da censura, a empresa pode ter incorrido em &#8220;flagrante desvio de finalidade p\u00fablica&#8221; ao vetar a imagem de Marielle Franco, ligada ao movimento LGBT e \u00e0 esquerda, &#8220;dois assuntos que, sistematicamente, s\u00e3o objetos de atos de censura por parte de \u00f3rg\u00e3os p\u00fablicos no \u00e2mbito cultural, conforme investiga\u00e7\u00f5es levadas a efeito por \u00f3rg\u00e3os de controle nos \u00faltimos meses&#8221;.<\/p>\n","protected":false},"excerpt":{"rendered":"<p>O PSOL pediu que a Procuradoria Geral da Rep\u00fablica investigue a Empresa Brasil de Comunica\u00e7\u00e3o por censurar uma imagem de Marielle Franco na TV Brasil. A ilustra\u00e7\u00e3o do rosto da ex-vereadora aparecia por 5 segundos, o que foi suficiente para que o trecho fosse removido, o diretor de programa\u00e7\u00e3o demitido e o programa cancelado. &#8220;N\u00e3o [&hellip;]<\/p>\n","protected":false},"author":2,"featured_media":26712,"comment_status":"closed","ping_status":"open","sticky":false,"template":"","format":"standard","meta":{"_acf_changed":false,"footnotes":""},"categories":[6],"tags":[2066,56,709,234,731,552,194,474,77,1722,658,166],"class_list":{"0":"post-26711","1":"post","2":"type-post","3":"status-publish","4":"format-standard","5":"has-post-thumbnail","7":"category-noticias","8":"tag-bancada-do-psol-na-camara","9":"tag-bolsonaro","10":"tag-camara-dos-deputados","11":"tag-censura","12":"tag-ebc","13":"tag-ivan-valente","14":"tag-marielle-franco","15":"tag-mp","16":"tag-pgr","17":"tag-procuradoria-geral-da-republica","18":"tag-requerimento","19":"tag-tcu"},"acf":[],"yoast_head":"<!-- This site is optimized with the Yoast SEO plugin v26.5 - https:\/\/yoast.com\/wordpress\/plugins\/seo\/ -->\n<title>PSOL exige investiga\u00e7\u00e3o de censura da imagem de Marielle Franco na EBC - PSOL 50<\/title>\n<meta name=\"robots\" content=\"index, follow, max-snippet:-1, max-image-preview:large, max-video-preview:-1\" \/>\n<link rel=\"canonical\" href=\"https:\/\/psol50.org.br\/psol-exige-investigacao-de-censura-da-imagem-de-marielle-franco-na-ebc\/\" \/>\n<meta property=\"og:locale\" content=\"pt_BR\" \/>\n<meta property=\"og:type\" content=\"article\" \/>\n<meta property=\"og:title\" content=\"PSOL exige investiga\u00e7\u00e3o de censura da imagem de Marielle Franco na EBC\" \/>\n<meta property=\"og:description\" content=\"Governo Bolsonaro persegue as bandeiras e a mem\u00f3ria de Marielle Franco\" \/>\n<meta property=\"og:url\" content=\"https:\/\/psol50.org.br\/psol-exige-investigacao-de-censura-da-imagem-de-marielle-franco-na-ebc\/\" \/>\n<meta property=\"og:site_name\" content=\"PSOL 50\" \/>\n<meta property=\"article:publisher\" content=\"https:\/\/www.facebook.com\/psol50\" \/>\n<meta property=\"article:published_time\" content=\"2019-10-15T13:31:29+00:00\" \/>\n<meta property=\"og:image\" content=\"https:\/\/psol50.org.br\/inc\/uploads\/2019\/10\/MarielleFranco-EBC-Censura.jpg\" \/>\n\t<meta property=\"og:image:width\" content=\"1086\" \/>\n\t<meta property=\"og:image:height\" content=\"652\" \/>\n\t<meta property=\"og:image:type\" content=\"image\/jpeg\" \/>\n<meta name=\"author\" content=\"Comunica\u00e7\u00e3o PSOL\" \/>\n<meta name=\"twitter:card\" content=\"summary_large_image\" \/>\n<meta name=\"twitter:title\" content=\"PSOL exige investiga\u00e7\u00e3o de censura da imagem de Marielle Franco na EBC\" \/>\n<meta name=\"twitter:description\" content=\"Governo Bolsonaro persegue as bandeiras e a mem\u00f3ria de Marielle Franco\" \/>\n<meta name=\"twitter:image\" content=\"https:\/\/psol50.org.br\/inc\/uploads\/2019\/10\/MarielleFranco-EBC-Censura.jpg\" \/>\n<meta name=\"twitter:creator\" content=\"@psol50\" \/>\n<meta name=\"twitter:site\" content=\"@psol50\" \/>\n<meta name=\"twitter:label1\" content=\"Escrito por\" \/>\n\t<meta name=\"twitter:data1\" content=\"Comunica\u00e7\u00e3o PSOL\" \/>\n\t<meta name=\"twitter:label2\" content=\"Est. tempo de leitura\" \/>\n\t<meta name=\"twitter:data2\" content=\"2 minutos\" \/>\n<script type=\"application\/ld+json\" class=\"yoast-schema-graph\">{\"@context\":\"https:\/\/schema.org\",\"@graph\":[{\"@type\":\"Article\",\"@id\":\"https:\/\/psol50.org.br\/psol-exige-investigacao-de-censura-da-imagem-de-marielle-franco-na-ebc\/#article\",\"isPartOf\":{\"@id\":\"https:\/\/psol50.org.br\/psol-exige-investigacao-de-censura-da-imagem-de-marielle-franco-na-ebc\/\"},\"author\":{\"name\":\"Comunica\u00e7\u00e3o PSOL\",\"@id\":\"https:\/\/psol50.org.br\/#\/schema\/person\/475dfa57d0b815993c714c2e96491fcd\"},\"headline\":\"PSOL exige investiga\u00e7\u00e3o de censura da imagem de Marielle Franco na EBC\",\"datePublished\":\"2019-10-15T13:31:29+00:00\",\"mainEntityOfPage\":{\"@id\":\"https:\/\/psol50.org.br\/psol-exige-investigacao-de-censura-da-imagem-de-marielle-franco-na-ebc\/\"},\"wordCount\":342,\"publisher\":{\"@id\":\"https:\/\/psol50.org.br\/#organization\"},\"image\":{\"@id\":\"https:\/\/psol50.org.br\/psol-exige-investigacao-de-censura-da-imagem-de-marielle-franco-na-ebc\/#primaryimage\"},\"thumbnailUrl\":\"https:\/\/psol50.org.br\/inc\/uploads\/2019\/10\/MarielleFranco-EBC-Censura.jpg\",\"keywords\":[\"bancada do PSOL na C\u00e2mara\",\"Bolsonaro\",\"C\u00e2mara dos Deputados\",\"censura\",\"EBC\",\"Ivan Valente\",\"Marielle Franco\",\"MP\",\"PGR\",\"Procuradoria Geral da Rep\u00fablica\",\"requerimento\",\"tcu\"],\"articleSection\":[\"Not\u00edcias\"],\"inLanguage\":\"pt-BR\"},{\"@type\":\"WebPage\",\"@id\":\"https:\/\/psol50.org.br\/psol-exige-investigacao-de-censura-da-imagem-de-marielle-franco-na-ebc\/\",\"url\":\"https:\/\/psol50.org.br\/psol-exige-investigacao-de-censura-da-imagem-de-marielle-franco-na-ebc\/\",\"name\":\"PSOL exige investiga\u00e7\u00e3o de censura da imagem de Marielle Franco na EBC - PSOL 50\",\"isPartOf\":{\"@id\":\"https:\/\/psol50.org.br\/#website\"},\"primaryImageOfPage\":{\"@id\":\"https:\/\/psol50.org.br\/psol-exige-investigacao-de-censura-da-imagem-de-marielle-franco-na-ebc\/#primaryimage\"},\"image\":{\"@id\":\"https:\/\/psol50.org.br\/psol-exige-investigacao-de-censura-da-imagem-de-marielle-franco-na-ebc\/#primaryimage\"},\"thumbnailUrl\":\"https:\/\/psol50.org.br\/inc\/uploads\/2019\/10\/MarielleFranco-EBC-Censura.jpg\",\"datePublished\":\"2019-10-15T13:31:29+00:00\",\"breadcrumb\":{\"@id\":\"https:\/\/psol50.org.br\/psol-exige-investigacao-de-censura-da-imagem-de-marielle-franco-na-ebc\/#breadcrumb\"},\"inLanguage\":\"pt-BR\",\"potentialAction\":[{\"@type\":\"ReadAction\",\"target\":[\"https:\/\/psol50.org.br\/psol-exige-investigacao-de-censura-da-imagem-de-marielle-franco-na-ebc\/\"]}]},{\"@type\":\"ImageObject\",\"inLanguage\":\"pt-BR\",\"@id\":\"https:\/\/psol50.org.br\/psol-exige-investigacao-de-censura-da-imagem-de-marielle-franco-na-ebc\/#primaryimage\",\"url\":\"https:\/\/psol50.org.br\/inc\/uploads\/2019\/10\/MarielleFranco-EBC-Censura.jpg\",\"contentUrl\":\"https:\/\/psol50.org.br\/inc\/uploads\/2019\/10\/MarielleFranco-EBC-Censura.jpg\",\"width\":1086,\"height\":652,\"caption\":\"Reprodu\u00e7\u00e3o\/TV Brasil\"},{\"@type\":\"BreadcrumbList\",\"@id\":\"https:\/\/psol50.org.br\/psol-exige-investigacao-de-censura-da-imagem-de-marielle-franco-na-ebc\/#breadcrumb\",\"itemListElement\":[{\"@type\":\"ListItem\",\"position\":1,\"name\":\"In\u00edcio\",\"item\":\"https:\/\/psol50.org.br\/\"},{\"@type\":\"ListItem\",\"position\":2,\"name\":\"PSOL exige investiga\u00e7\u00e3o de censura da imagem de Marielle Franco na EBC\"}]},{\"@type\":\"WebSite\",\"@id\":\"https:\/\/psol50.org.br\/#website\",\"url\":\"https:\/\/psol50.org.br\/\",\"name\":\"PSOL 50\",\"description\":\"Site oficial do Partido Socialismo e Liberdade\",\"publisher\":{\"@id\":\"https:\/\/psol50.org.br\/#organization\"},\"alternateName\":\"PSOL50\",\"potentialAction\":[{\"@type\":\"SearchAction\",\"target\":{\"@type\":\"EntryPoint\",\"urlTemplate\":\"https:\/\/psol50.org.br\/?s={search_term_string}\"},\"query-input\":{\"@type\":\"PropertyValueSpecification\",\"valueRequired\":true,\"valueName\":\"search_term_string\"}}],\"inLanguage\":\"pt-BR\"},{\"@type\":\"Organization\",\"@id\":\"https:\/\/psol50.org.br\/#organization\",\"name\":\"PSOL 50\",\"alternateName\":\"PSOL 50\",\"url\":\"https:\/\/psol50.org.br\/\",\"logo\":{\"@type\":\"ImageObject\",\"inLanguage\":\"pt-BR\",\"@id\":\"https:\/\/psol50.org.br\/#\/schema\/logo\/image\/\",\"url\":\"https:\/\/psol50.org.br\/inc\/uploads\/2018\/07\/capa.png\",\"contentUrl\":\"https:\/\/psol50.org.br\/inc\/uploads\/2018\/07\/capa.png\",\"width\":1350,\"height\":900,\"caption\":\"PSOL 50\"},\"image\":{\"@id\":\"https:\/\/psol50.org.br\/#\/schema\/logo\/image\/\"},\"sameAs\":[\"https:\/\/www.facebook.com\/psol50\",\"https:\/\/x.com\/psol50\",\"https:\/\/www.instagram.com\/psol50\/\",\"https:\/\/www.youtube.com\/channel\/UC7SnJS5o1os7a6CaiNabzcg\"]},{\"@type\":\"Person\",\"@id\":\"https:\/\/psol50.org.br\/#\/schema\/person\/475dfa57d0b815993c714c2e96491fcd\",\"name\":\"Comunica\u00e7\u00e3o PSOL\",\"image\":{\"@type\":\"ImageObject\",\"inLanguage\":\"pt-BR\",\"@id\":\"https:\/\/psol50.org.br\/#\/schema\/person\/image\/\",\"url\":\"https:\/\/secure.gravatar.com\/avatar\/b34fc4f4e468a4e51785917065a3db57b841f5c95dba6ad8c73aaf8f66f8f9bf?s=96&d=mm&r=g\",\"contentUrl\":\"https:\/\/secure.gravatar.com\/avatar\/b34fc4f4e468a4e51785917065a3db57b841f5c95dba6ad8c73aaf8f66f8f9bf?s=96&d=mm&r=g\",\"caption\":\"Comunica\u00e7\u00e3o PSOL\"}}]}<\/script>\n<!-- \/ Yoast SEO plugin. -->","yoast_head_json":{"title":"PSOL exige investiga\u00e7\u00e3o de censura da imagem de Marielle Franco na EBC - PSOL 50","robots":{"index":"index","follow":"follow","max-snippet":"max-snippet:-1","max-image-preview":"max-image-preview:large","max-video-preview":"max-video-preview:-1"},"canonical":"https:\/\/psol50.org.br\/psol-exige-investigacao-de-censura-da-imagem-de-marielle-franco-na-ebc\/","og_locale":"pt_BR","og_type":"article","og_title":"PSOL exige investiga\u00e7\u00e3o de censura da imagem de Marielle Franco na EBC","og_description":"Governo Bolsonaro persegue as bandeiras e a mem\u00f3ria de Marielle Franco","og_url":"https:\/\/psol50.org.br\/psol-exige-investigacao-de-censura-da-imagem-de-marielle-franco-na-ebc\/","og_site_name":"PSOL 50","article_publisher":"https:\/\/www.facebook.com\/psol50","article_published_time":"2019-10-15T13:31:29+00:00","og_image":[{"width":1086,"height":652,"url":"https:\/\/psol50.org.br\/inc\/uploads\/2019\/10\/MarielleFranco-EBC-Censura.jpg","type":"image\/jpeg"}],"author":"Comunica\u00e7\u00e3o PSOL","twitter_card":"summary_large_image","twitter_title":"PSOL exige investiga\u00e7\u00e3o de censura da imagem de Marielle Franco na EBC","twitter_description":"Governo Bolsonaro persegue as bandeiras e a mem\u00f3ria de Marielle Franco","twitter_image":"https:\/\/psol50.org.br\/inc\/uploads\/2019\/10\/MarielleFranco-EBC-Censura.jpg","twitter_creator":"@psol50","twitter_site":"@psol50","twitter_misc":{"Escrito por":"Comunica\u00e7\u00e3o PSOL","Est. tempo de leitura":"2 minutos"},"schema":{"@context":"https:\/\/schema.org","@graph":[{"@type":"Article","@id":"https:\/\/psol50.org.br\/psol-exige-investigacao-de-censura-da-imagem-de-marielle-franco-na-ebc\/#article","isPartOf":{"@id":"https:\/\/psol50.org.br\/psol-exige-investigacao-de-censura-da-imagem-de-marielle-franco-na-ebc\/"},"author":{"name":"Comunica\u00e7\u00e3o PSOL","@id":"https:\/\/psol50.org.br\/#\/schema\/person\/475dfa57d0b815993c714c2e96491fcd"},"headline":"PSOL exige investiga\u00e7\u00e3o de censura da imagem de Marielle Franco na EBC","datePublished":"2019-10-15T13:31:29+00:00","mainEntityOfPage":{"@id":"https:\/\/psol50.org.br\/psol-exige-investigacao-de-censura-da-imagem-de-marielle-franco-na-ebc\/"},"wordCount":342,"publisher":{"@id":"https:\/\/psol50.org.br\/#organization"},"image":{"@id":"https:\/\/psol50.org.br\/psol-exige-investigacao-de-censura-da-imagem-de-marielle-franco-na-ebc\/#primaryimage"},"thumbnailUrl":"https:\/\/psol50.org.br\/inc\/uploads\/2019\/10\/MarielleFranco-EBC-Censura.jpg","keywords":["bancada do PSOL na C\u00e2mara","Bolsonaro","C\u00e2mara dos Deputados","censura","EBC","Ivan Valente","Marielle Franco","MP","PGR","Procuradoria Geral da Rep\u00fablica","requerimento","tcu"],"articleSection":["Not\u00edcias"],"inLanguage":"pt-BR"},{"@type":"WebPage","@id":"https:\/\/psol50.org.br\/psol-exige-investigacao-de-censura-da-imagem-de-marielle-franco-na-ebc\/","url":"https:\/\/psol50.org.br\/psol-exige-investigacao-de-censura-da-imagem-de-marielle-franco-na-ebc\/","name":"PSOL exige investiga\u00e7\u00e3o de censura da imagem de Marielle Franco na EBC - PSOL 50","isPartOf":{"@id":"https:\/\/psol50.org.br\/#website"},"primaryImageOfPage":{"@id":"https:\/\/psol50.org.br\/psol-exige-investigacao-de-censura-da-imagem-de-marielle-franco-na-ebc\/#primaryimage"},"image":{"@id":"https:\/\/psol50.org.br\/psol-exige-investigacao-de-censura-da-imagem-de-marielle-franco-na-ebc\/#primaryimage"},"thumbnailUrl":"https:\/\/psol50.org.br\/inc\/uploads\/2019\/10\/MarielleFranco-EBC-Censura.jpg","datePublished":"2019-10-15T13:31:29+00:00","breadcrumb":{"@id":"https:\/\/psol50.org.br\/psol-exige-investigacao-de-censura-da-imagem-de-marielle-franco-na-ebc\/#breadcrumb"},"inLanguage":"pt-BR","potentialAction":[{"@type":"ReadAction","target":["https:\/\/psol50.org.br\/psol-exige-investigacao-de-censura-da-imagem-de-marielle-franco-na-ebc\/"]}]},{"@type":"ImageObject","inLanguage":"pt-BR","@id":"https:\/\/psol50.org.br\/psol-exige-investigacao-de-censura-da-imagem-de-marielle-franco-na-ebc\/#primaryimage","url":"https:\/\/psol50.org.br\/inc\/uploads\/2019\/10\/MarielleFranco-EBC-Censura.jpg","contentUrl":"https:\/\/psol50.org.br\/inc\/uploads\/2019\/10\/MarielleFranco-EBC-Censura.jpg","width":1086,"height":652,"caption":"Reprodu\u00e7\u00e3o\/TV Brasil"},{"@type":"BreadcrumbList","@id":"https:\/\/psol50.org.br\/psol-exige-investigacao-de-censura-da-imagem-de-marielle-franco-na-ebc\/#breadcrumb","itemListElement":[{"@type":"ListItem","position":1,"name":"In\u00edcio","item":"https:\/\/psol50.org.br\/"},{"@type":"ListItem","position":2,"name":"PSOL exige investiga\u00e7\u00e3o de censura da imagem de Marielle Franco na EBC"}]},{"@type":"WebSite","@id":"https:\/\/psol50.org.br\/#website","url":"https:\/\/psol50.org.br\/","name":"PSOL 50","description":"Site oficial do Partido Socialismo e Liberdade","publisher":{"@id":"https:\/\/psol50.org.br\/#organization"},"alternateName":"PSOL50","potentialAction":[{"@type":"SearchAction","target":{"@type":"EntryPoint","urlTemplate":"https:\/\/psol50.org.br\/?s={search_term_string}"},"query-input":{"@type":"PropertyValueSpecification","valueRequired":true,"valueName":"search_term_string"}}],"inLanguage":"pt-BR"},{"@type":"Organization","@id":"https:\/\/psol50.org.br\/#organization","name":"PSOL 50","alternateName":"PSOL 50","url":"https:\/\/psol50.org.br\/","logo":{"@type":"ImageObject","inLanguage":"pt-BR","@id":"https:\/\/psol50.org.br\/#\/schema\/logo\/image\/","url":"https:\/\/psol50.org.br\/inc\/uploads\/2018\/07\/capa.png","contentUrl":"https:\/\/psol50.org.br\/inc\/uploads\/2018\/07\/capa.png","width":1350,"height":900,"caption":"PSOL 50"},"image":{"@id":"https:\/\/psol50.org.br\/#\/schema\/logo\/image\/"},"sameAs":["https:\/\/www.facebook.com\/psol50","https:\/\/x.com\/psol50","https:\/\/www.instagram.com\/psol50\/","https:\/\/www.youtube.com\/channel\/UC7SnJS5o1os7a6CaiNabzcg"]},{"@type":"Person","@id":"https:\/\/psol50.org.br\/#\/schema\/person\/475dfa57d0b815993c714c2e96491fcd","name":"Comunica\u00e7\u00e3o PSOL","image":{"@type":"ImageObject","inLanguage":"pt-BR","@id":"https:\/\/psol50.org.br\/#\/schema\/person\/image\/","url":"https:\/\/secure.gravatar.com\/avatar\/b34fc4f4e468a4e51785917065a3db57b841f5c95dba6ad8c73aaf8f66f8f9bf?s=96&d=mm&r=g","contentUrl":"https:\/\/secure.gravatar.com\/avatar\/b34fc4f4e468a4e51785917065a3db57b841f5c95dba6ad8c73aaf8f66f8f9bf?s=96&d=mm&r=g","caption":"Comunica\u00e7\u00e3o PSOL"}}]}},"_links":{"self":[{"href":"https:\/\/psol50.org.br\/rest\/wp\/v2\/posts\/26711","targetHints":{"allow":["GET"]}}],"collection":[{"href":"https:\/\/psol50.org.br\/rest\/wp\/v2\/posts"}],"about":[{"href":"https:\/\/psol50.org.br\/rest\/wp\/v2\/types\/post"}],"author":[{"embeddable":true,"href":"https:\/\/psol50.org.br\/rest\/wp\/v2\/users\/2"}],"replies":[{"embeddable":true,"href":"https:\/\/psol50.org.br\/rest\/wp\/v2\/comments?post=26711"}],"version-history":[{"count":0,"href":"https:\/\/psol50.org.br\/rest\/wp\/v2\/posts\/26711\/revisions"}],"wp:featuredmedia":[{"embeddable":true,"href":"https:\/\/psol50.org.br\/rest\/wp\/v2\/media\/26712"}],"wp:attachment":[{"href":"https:\/\/psol50.org.br\/rest\/wp\/v2\/media?parent=26711"}],"wp:term":[{"taxonomy":"category","embeddable":true,"href":"https:\/\/psol50.org.br\/rest\/wp\/v2\/categories?post=26711"},{"taxonomy":"post_tag","embeddable":true,"href":"https:\/\/psol50.org.br\/rest\/wp\/v2\/tags?post=26711"}],"curies":[{"name":"wp","href":"https:\/\/api.w.org\/{rel}","templated":true}]}}