{"id":26722,"date":"2019-10-15T17:48:07","date_gmt":"2019-10-15T20:48:07","guid":{"rendered":"http:\/\/psol50.org.br\/?p=26722"},"modified":"2019-10-15T17:48:07","modified_gmt":"2019-10-15T20:48:07","slug":"centrao-e-bolsonaro-se-aliam-para-destruir-funcionalismo-publico","status":"publish","type":"post","link":"https:\/\/psol50.org.br\/centrao-e-bolsonaro-se-aliam-para-destruir-funcionalismo-publico\/","title":{"rendered":"Centr\u00e3o e Bolsonaro se aliam para destruir funcionalismo p\u00fablico"},"content":{"rendered":"<p>Sem tanto alarde, os deputados do Centr\u00e3o da C\u00e2mara dos Deputados tentam emplacar nesta semana uma &#8220;reforma administrativa por etapas&#8221;, com o aval do governo Bolsonaro e seu ministro da economia Paulo Guedes, que pode destruir as estruturas do servi\u00e7o p\u00fablico brasileiro. O deputado Felipe Francischini (PSL-PR) anunciou que pretende pautar a primeira etapa nesta semana na CCJ, atrav\u00e9s da <a href=\"https:\/\/www.camara.leg.br\/proposicoesWeb\/fichadetramitacao?idProposicao=2182708\">PEC 438\/2018<\/a>, de autoria de Pedro Paulo (DEM-RJ).<\/p>\n<p>A proposta de emenda \u00e0 Constitui\u00e7\u00e3o articulada por v\u00e1rios deputados do Centr\u00e3o, e que passa a contar com apoio do governo, cria mecanismos para cortes de sal\u00e1rio e demiss\u00f5es em massa de funcion\u00e1rios p\u00fablicos sob o pretexto de &#8220;conten\u00e7\u00e3o de gastos&#8221; para que o governo cumpra a &#8220;Regra de Ouro&#8221;, que determina que a emiss\u00e3o de t\u00edtulos da d\u00edvida p\u00fablica n\u00e3o pode ser maior do que as despesas do governo, caso o contr\u00e1rio a gest\u00e3o \u00e9 enquadrada na Lei de Responsabilidade Fiscal.<\/p>\n<p>Entre outras medidas, a <a href=\"https:\/\/economia.uol.com.br\/noticias\/reuters\/2019\/09\/16\/venda-de-credito-de-divida-ativa-prevista-em-pec-da-regra-de-ouro-e-inconstitucional-diz-pgfn.htm\">proposta inconstitucional, segundo a Procuradoria Geral da Fazenda Nacional (PGFN)<\/a>, prev\u00ea:<\/p>\n<ul>\n<li>Permiss\u00e3o para redu\u00e7\u00e3o tempor\u00e1ria de jornada de trabalho dos servidores p\u00fablicos com redu\u00e7\u00e3o proporcional dos sal\u00e1rios;<\/li>\n<li>Redu\u00e7\u00e3o de pelo menos 20% dos cargos em fun\u00e7\u00e3o de confian\u00e7a ou de servidores n\u00e3o est\u00e1veis;<\/li>\n<li>Corte no Abono Salarial a partir do ano seguinte ao descumprimento da Regra de Ouro;<\/li>\n<li>Cobran\u00e7a de 3% a mais na contribui\u00e7\u00e3o previdenci\u00e1ria suplementar de servidores ativos, aposentados e pensionistas, bem como de militares ativos e inativos.<\/li>\n<\/ul>\n<p>A proposta \u00e9 um passo adiante na destrui\u00e7\u00e3o de direitos e servi\u00e7os p\u00fablicos ap\u00f3s a aprova\u00e7\u00e3o da Reforma da Previd\u00eancia na C\u00e2mara dos Deputados. Com esta &#8220;reforma administrativa&#8221;, que d\u00e1 seu pontap\u00e9 inicial com a PEC 438\/2018, o governo Bolsonaro conseguir\u00e1 sucatear ainda mais servi\u00e7os p\u00fablicos essenciais que contar\u00e3o com ainda menos funcion\u00e1rios e estrutura, visando privatiza\u00e7\u00f5es futuras, ao mesmo tempo em que retira direitos de servidores p\u00fablicos e aposentados.<\/p>\n","protected":false},"excerpt":{"rendered":"<p>Sem tanto alarde, os deputados do Centr\u00e3o da C\u00e2mara dos Deputados tentam emplacar nesta semana uma &#8220;reforma administrativa por etapas&#8221;, com o aval do governo Bolsonaro e seu ministro da economia Paulo Guedes, que pode destruir as estruturas do servi\u00e7o p\u00fablico brasileiro. O deputado Felipe Francischini (PSL-PR) anunciou que pretende pautar a primeira etapa nesta [&hellip;]<\/p>\n","protected":false},"author":2,"featured_media":26221,"comment_status":"closed","ping_status":"open","sticky":false,"template":"","format":"standard","meta":{"_acf_changed":false,"footnotes":""},"categories":[6],"tags":[56,669,2068,2069,2025,2070,2071,2072],"class_list":{"0":"post-26722","1":"post","2":"type-post","3":"status-publish","4":"format-standard","5":"has-post-thumbnail","7":"category-noticias","8":"tag-bolsonaro","9":"tag-centrao","10":"tag-divida-publica","11":"tag-funcionalismo","12":"tag-pec","13":"tag-publico","14":"tag-reforma-administrativa","15":"tag-servidor"},"acf":[],"yoast_head":"<!-- This site is optimized with the Yoast SEO plugin v26.5 - https:\/\/yoast.com\/wordpress\/plugins\/seo\/ -->\n<title>Centr\u00e3o e Bolsonaro se aliam para destruir funcionalismo p\u00fablico - PSOL 50<\/title>\n<meta name=\"description\" content=\"Sem alarde, PEC que d\u00e1 pontap\u00e9 em &quot;reforma administrativa&quot; pode ser votada ainda esta semana na CCJ da C\u00e2mara.\" \/>\n<meta name=\"robots\" content=\"index, follow, max-snippet:-1, max-image-preview:large, max-video-preview:-1\" \/>\n<link rel=\"canonical\" href=\"https:\/\/psol50.org.br\/centrao-e-bolsonaro-se-aliam-para-destruir-funcionalismo-publico\/\" \/>\n<meta property=\"og:locale\" content=\"pt_BR\" \/>\n<meta property=\"og:type\" content=\"article\" \/>\n<meta property=\"og:title\" content=\"Centr\u00e3o e Bolsonaro se aliam para destruir funcionalismo p\u00fablico\" \/>\n<meta property=\"og:description\" content=\"Sem alarde, PEC que d\u00e1 pontap\u00e9 em &quot;reforma administrativa&quot; pode ser votada ainda esta semana na CCJ da C\u00e2mara.\" \/>\n<meta property=\"og:url\" content=\"https:\/\/psol50.org.br\/centrao-e-bolsonaro-se-aliam-para-destruir-funcionalismo-publico\/\" \/>\n<meta property=\"og:site_name\" content=\"PSOL 50\" \/>\n<meta property=\"article:publisher\" content=\"https:\/\/www.facebook.com\/psol50\" \/>\n<meta property=\"article:published_time\" content=\"2019-10-15T20:48:07+00:00\" \/>\n<meta property=\"og:image\" content=\"https:\/\/psol50.org.br\/inc\/uploads\/2019\/08\/Jair-Bolsonaro.-Onyx-Lorenzoni.-Marcelo-CamargoAgencia-Brasil.jpg\" \/>\n\t<meta property=\"og:image:width\" content=\"1140\" \/>\n\t<meta property=\"og:image:height\" content=\"760\" \/>\n\t<meta property=\"og:image:type\" content=\"image\/jpeg\" \/>\n<meta name=\"author\" content=\"Comunica\u00e7\u00e3o PSOL\" \/>\n<meta name=\"twitter:card\" content=\"summary_large_image\" \/>\n<meta name=\"twitter:title\" content=\"Centr\u00e3o e Bolsonaro se aliam para destruir funcionalismo p\u00fablico\" \/>\n<meta name=\"twitter:description\" content=\"Sem alarde, PEC que d\u00e1 pontap\u00e9 em &quot;reforma administrativa&quot; pode ser votada ainda esta semana na CCJ da C\u00e2mara.\" \/>\n<meta name=\"twitter:image\" content=\"https:\/\/psol50.org.br\/inc\/uploads\/2019\/08\/Jair-Bolsonaro.-Onyx-Lorenzoni.-Marcelo-CamargoAgencia-Brasil.jpg\" \/>\n<meta name=\"twitter:creator\" content=\"@psol50\" \/>\n<meta name=\"twitter:site\" content=\"@psol50\" \/>\n<meta name=\"twitter:label1\" content=\"Escrito por\" \/>\n\t<meta name=\"twitter:data1\" content=\"Comunica\u00e7\u00e3o PSOL\" \/>\n\t<meta name=\"twitter:label2\" content=\"Est. tempo de leitura\" \/>\n\t<meta name=\"twitter:data2\" content=\"2 minutos\" \/>\n<script type=\"application\/ld+json\" class=\"yoast-schema-graph\">{\"@context\":\"https:\/\/schema.org\",\"@graph\":[{\"@type\":\"Article\",\"@id\":\"https:\/\/psol50.org.br\/centrao-e-bolsonaro-se-aliam-para-destruir-funcionalismo-publico\/#article\",\"isPartOf\":{\"@id\":\"https:\/\/psol50.org.br\/centrao-e-bolsonaro-se-aliam-para-destruir-funcionalismo-publico\/\"},\"author\":{\"name\":\"Comunica\u00e7\u00e3o PSOL\",\"@id\":\"https:\/\/psol50.org.br\/#\/schema\/person\/475dfa57d0b815993c714c2e96491fcd\"},\"headline\":\"Centr\u00e3o e Bolsonaro se aliam para destruir funcionalismo p\u00fablico\",\"datePublished\":\"2019-10-15T20:48:07+00:00\",\"mainEntityOfPage\":{\"@id\":\"https:\/\/psol50.org.br\/centrao-e-bolsonaro-se-aliam-para-destruir-funcionalismo-publico\/\"},\"wordCount\":355,\"publisher\":{\"@id\":\"https:\/\/psol50.org.br\/#organization\"},\"image\":{\"@id\":\"https:\/\/psol50.org.br\/centrao-e-bolsonaro-se-aliam-para-destruir-funcionalismo-publico\/#primaryimage\"},\"thumbnailUrl\":\"https:\/\/psol50.org.br\/inc\/uploads\/2019\/08\/Jair-Bolsonaro.-Onyx-Lorenzoni.-Marcelo-CamargoAgencia-Brasil.jpg\",\"keywords\":[\"Bolsonaro\",\"centr\u00e3o\",\"d\u00edvida p\u00fablica\",\"funcionalismo\",\"PEC\",\"p\u00fablico\",\"reforma administrativa\",\"servidor\"],\"articleSection\":[\"Not\u00edcias\"],\"inLanguage\":\"pt-BR\"},{\"@type\":\"WebPage\",\"@id\":\"https:\/\/psol50.org.br\/centrao-e-bolsonaro-se-aliam-para-destruir-funcionalismo-publico\/\",\"url\":\"https:\/\/psol50.org.br\/centrao-e-bolsonaro-se-aliam-para-destruir-funcionalismo-publico\/\",\"name\":\"Centr\u00e3o e Bolsonaro se aliam para destruir funcionalismo p\u00fablico - PSOL 50\",\"isPartOf\":{\"@id\":\"https:\/\/psol50.org.br\/#website\"},\"primaryImageOfPage\":{\"@id\":\"https:\/\/psol50.org.br\/centrao-e-bolsonaro-se-aliam-para-destruir-funcionalismo-publico\/#primaryimage\"},\"image\":{\"@id\":\"https:\/\/psol50.org.br\/centrao-e-bolsonaro-se-aliam-para-destruir-funcionalismo-publico\/#primaryimage\"},\"thumbnailUrl\":\"https:\/\/psol50.org.br\/inc\/uploads\/2019\/08\/Jair-Bolsonaro.-Onyx-Lorenzoni.-Marcelo-CamargoAgencia-Brasil.jpg\",\"datePublished\":\"2019-10-15T20:48:07+00:00\",\"description\":\"Sem alarde, PEC que d\u00e1 pontap\u00e9 em \\\"reforma administrativa\\\" pode ser votada ainda esta semana na CCJ da C\u00e2mara.\",\"breadcrumb\":{\"@id\":\"https:\/\/psol50.org.br\/centrao-e-bolsonaro-se-aliam-para-destruir-funcionalismo-publico\/#breadcrumb\"},\"inLanguage\":\"pt-BR\",\"potentialAction\":[{\"@type\":\"ReadAction\",\"target\":[\"https:\/\/psol50.org.br\/centrao-e-bolsonaro-se-aliam-para-destruir-funcionalismo-publico\/\"]}]},{\"@type\":\"ImageObject\",\"inLanguage\":\"pt-BR\",\"@id\":\"https:\/\/psol50.org.br\/centrao-e-bolsonaro-se-aliam-para-destruir-funcionalismo-publico\/#primaryimage\",\"url\":\"https:\/\/psol50.org.br\/inc\/uploads\/2019\/08\/Jair-Bolsonaro.-Onyx-Lorenzoni.-Marcelo-CamargoAgencia-Brasil.jpg\",\"contentUrl\":\"https:\/\/psol50.org.br\/inc\/uploads\/2019\/08\/Jair-Bolsonaro.-Onyx-Lorenzoni.-Marcelo-CamargoAgencia-Brasil.jpg\",\"width\":1140,\"height\":760,\"caption\":\"Marcelo Camargo\/Agencia Brasil\"},{\"@type\":\"BreadcrumbList\",\"@id\":\"https:\/\/psol50.org.br\/centrao-e-bolsonaro-se-aliam-para-destruir-funcionalismo-publico\/#breadcrumb\",\"itemListElement\":[{\"@type\":\"ListItem\",\"position\":1,\"name\":\"In\u00edcio\",\"item\":\"https:\/\/psol50.org.br\/\"},{\"@type\":\"ListItem\",\"position\":2,\"name\":\"Centr\u00e3o e Bolsonaro se aliam para destruir funcionalismo p\u00fablico\"}]},{\"@type\":\"WebSite\",\"@id\":\"https:\/\/psol50.org.br\/#website\",\"url\":\"https:\/\/psol50.org.br\/\",\"name\":\"PSOL 50\",\"description\":\"Site oficial do Partido Socialismo e Liberdade\",\"publisher\":{\"@id\":\"https:\/\/psol50.org.br\/#organization\"},\"alternateName\":\"PSOL50\",\"potentialAction\":[{\"@type\":\"SearchAction\",\"target\":{\"@type\":\"EntryPoint\",\"urlTemplate\":\"https:\/\/psol50.org.br\/?s={search_term_string}\"},\"query-input\":{\"@type\":\"PropertyValueSpecification\",\"valueRequired\":true,\"valueName\":\"search_term_string\"}}],\"inLanguage\":\"pt-BR\"},{\"@type\":\"Organization\",\"@id\":\"https:\/\/psol50.org.br\/#organization\",\"name\":\"PSOL 50\",\"alternateName\":\"PSOL 50\",\"url\":\"https:\/\/psol50.org.br\/\",\"logo\":{\"@type\":\"ImageObject\",\"inLanguage\":\"pt-BR\",\"@id\":\"https:\/\/psol50.org.br\/#\/schema\/logo\/image\/\",\"url\":\"https:\/\/psol50.org.br\/inc\/uploads\/2018\/07\/capa.png\",\"contentUrl\":\"https:\/\/psol50.org.br\/inc\/uploads\/2018\/07\/capa.png\",\"width\":1350,\"height\":900,\"caption\":\"PSOL 50\"},\"image\":{\"@id\":\"https:\/\/psol50.org.br\/#\/schema\/logo\/image\/\"},\"sameAs\":[\"https:\/\/www.facebook.com\/psol50\",\"https:\/\/x.com\/psol50\",\"https:\/\/www.instagram.com\/psol50\/\",\"https:\/\/www.youtube.com\/channel\/UC7SnJS5o1os7a6CaiNabzcg\"]},{\"@type\":\"Person\",\"@id\":\"https:\/\/psol50.org.br\/#\/schema\/person\/475dfa57d0b815993c714c2e96491fcd\",\"name\":\"Comunica\u00e7\u00e3o PSOL\",\"image\":{\"@type\":\"ImageObject\",\"inLanguage\":\"pt-BR\",\"@id\":\"https:\/\/psol50.org.br\/#\/schema\/person\/image\/\",\"url\":\"https:\/\/secure.gravatar.com\/avatar\/b34fc4f4e468a4e51785917065a3db57b841f5c95dba6ad8c73aaf8f66f8f9bf?s=96&d=mm&r=g\",\"contentUrl\":\"https:\/\/secure.gravatar.com\/avatar\/b34fc4f4e468a4e51785917065a3db57b841f5c95dba6ad8c73aaf8f66f8f9bf?s=96&d=mm&r=g\",\"caption\":\"Comunica\u00e7\u00e3o PSOL\"}}]}<\/script>\n<!-- \/ Yoast SEO plugin. -->","yoast_head_json":{"title":"Centr\u00e3o e Bolsonaro se aliam para destruir funcionalismo p\u00fablico - PSOL 50","description":"Sem alarde, PEC que d\u00e1 pontap\u00e9 em \"reforma administrativa\" pode ser votada ainda esta semana na CCJ da C\u00e2mara.","robots":{"index":"index","follow":"follow","max-snippet":"max-snippet:-1","max-image-preview":"max-image-preview:large","max-video-preview":"max-video-preview:-1"},"canonical":"https:\/\/psol50.org.br\/centrao-e-bolsonaro-se-aliam-para-destruir-funcionalismo-publico\/","og_locale":"pt_BR","og_type":"article","og_title":"Centr\u00e3o e Bolsonaro se aliam para destruir funcionalismo p\u00fablico","og_description":"Sem alarde, PEC que d\u00e1 pontap\u00e9 em \"reforma administrativa\" pode ser votada ainda esta semana na CCJ da C\u00e2mara.","og_url":"https:\/\/psol50.org.br\/centrao-e-bolsonaro-se-aliam-para-destruir-funcionalismo-publico\/","og_site_name":"PSOL 50","article_publisher":"https:\/\/www.facebook.com\/psol50","article_published_time":"2019-10-15T20:48:07+00:00","og_image":[{"width":1140,"height":760,"url":"https:\/\/psol50.org.br\/inc\/uploads\/2019\/08\/Jair-Bolsonaro.-Onyx-Lorenzoni.-Marcelo-CamargoAgencia-Brasil.jpg","type":"image\/jpeg"}],"author":"Comunica\u00e7\u00e3o PSOL","twitter_card":"summary_large_image","twitter_title":"Centr\u00e3o e Bolsonaro se aliam para destruir funcionalismo p\u00fablico","twitter_description":"Sem alarde, PEC que d\u00e1 pontap\u00e9 em \"reforma administrativa\" pode ser votada ainda esta semana na CCJ da C\u00e2mara.","twitter_image":"https:\/\/psol50.org.br\/inc\/uploads\/2019\/08\/Jair-Bolsonaro.-Onyx-Lorenzoni.-Marcelo-CamargoAgencia-Brasil.jpg","twitter_creator":"@psol50","twitter_site":"@psol50","twitter_misc":{"Escrito por":"Comunica\u00e7\u00e3o PSOL","Est. tempo de leitura":"2 minutos"},"schema":{"@context":"https:\/\/schema.org","@graph":[{"@type":"Article","@id":"https:\/\/psol50.org.br\/centrao-e-bolsonaro-se-aliam-para-destruir-funcionalismo-publico\/#article","isPartOf":{"@id":"https:\/\/psol50.org.br\/centrao-e-bolsonaro-se-aliam-para-destruir-funcionalismo-publico\/"},"author":{"name":"Comunica\u00e7\u00e3o PSOL","@id":"https:\/\/psol50.org.br\/#\/schema\/person\/475dfa57d0b815993c714c2e96491fcd"},"headline":"Centr\u00e3o e Bolsonaro se aliam para destruir funcionalismo p\u00fablico","datePublished":"2019-10-15T20:48:07+00:00","mainEntityOfPage":{"@id":"https:\/\/psol50.org.br\/centrao-e-bolsonaro-se-aliam-para-destruir-funcionalismo-publico\/"},"wordCount":355,"publisher":{"@id":"https:\/\/psol50.org.br\/#organization"},"image":{"@id":"https:\/\/psol50.org.br\/centrao-e-bolsonaro-se-aliam-para-destruir-funcionalismo-publico\/#primaryimage"},"thumbnailUrl":"https:\/\/psol50.org.br\/inc\/uploads\/2019\/08\/Jair-Bolsonaro.-Onyx-Lorenzoni.-Marcelo-CamargoAgencia-Brasil.jpg","keywords":["Bolsonaro","centr\u00e3o","d\u00edvida p\u00fablica","funcionalismo","PEC","p\u00fablico","reforma administrativa","servidor"],"articleSection":["Not\u00edcias"],"inLanguage":"pt-BR"},{"@type":"WebPage","@id":"https:\/\/psol50.org.br\/centrao-e-bolsonaro-se-aliam-para-destruir-funcionalismo-publico\/","url":"https:\/\/psol50.org.br\/centrao-e-bolsonaro-se-aliam-para-destruir-funcionalismo-publico\/","name":"Centr\u00e3o e Bolsonaro se aliam para destruir funcionalismo p\u00fablico - PSOL 50","isPartOf":{"@id":"https:\/\/psol50.org.br\/#website"},"primaryImageOfPage":{"@id":"https:\/\/psol50.org.br\/centrao-e-bolsonaro-se-aliam-para-destruir-funcionalismo-publico\/#primaryimage"},"image":{"@id":"https:\/\/psol50.org.br\/centrao-e-bolsonaro-se-aliam-para-destruir-funcionalismo-publico\/#primaryimage"},"thumbnailUrl":"https:\/\/psol50.org.br\/inc\/uploads\/2019\/08\/Jair-Bolsonaro.-Onyx-Lorenzoni.-Marcelo-CamargoAgencia-Brasil.jpg","datePublished":"2019-10-15T20:48:07+00:00","description":"Sem alarde, PEC que d\u00e1 pontap\u00e9 em \"reforma administrativa\" pode ser votada ainda esta semana na CCJ da C\u00e2mara.","breadcrumb":{"@id":"https:\/\/psol50.org.br\/centrao-e-bolsonaro-se-aliam-para-destruir-funcionalismo-publico\/#breadcrumb"},"inLanguage":"pt-BR","potentialAction":[{"@type":"ReadAction","target":["https:\/\/psol50.org.br\/centrao-e-bolsonaro-se-aliam-para-destruir-funcionalismo-publico\/"]}]},{"@type":"ImageObject","inLanguage":"pt-BR","@id":"https:\/\/psol50.org.br\/centrao-e-bolsonaro-se-aliam-para-destruir-funcionalismo-publico\/#primaryimage","url":"https:\/\/psol50.org.br\/inc\/uploads\/2019\/08\/Jair-Bolsonaro.-Onyx-Lorenzoni.-Marcelo-CamargoAgencia-Brasil.jpg","contentUrl":"https:\/\/psol50.org.br\/inc\/uploads\/2019\/08\/Jair-Bolsonaro.-Onyx-Lorenzoni.-Marcelo-CamargoAgencia-Brasil.jpg","width":1140,"height":760,"caption":"Marcelo Camargo\/Agencia Brasil"},{"@type":"BreadcrumbList","@id":"https:\/\/psol50.org.br\/centrao-e-bolsonaro-se-aliam-para-destruir-funcionalismo-publico\/#breadcrumb","itemListElement":[{"@type":"ListItem","position":1,"name":"In\u00edcio","item":"https:\/\/psol50.org.br\/"},{"@type":"ListItem","position":2,"name":"Centr\u00e3o e Bolsonaro se aliam para destruir funcionalismo p\u00fablico"}]},{"@type":"WebSite","@id":"https:\/\/psol50.org.br\/#website","url":"https:\/\/psol50.org.br\/","name":"PSOL 50","description":"Site oficial do Partido Socialismo e Liberdade","publisher":{"@id":"https:\/\/psol50.org.br\/#organization"},"alternateName":"PSOL50","potentialAction":[{"@type":"SearchAction","target":{"@type":"EntryPoint","urlTemplate":"https:\/\/psol50.org.br\/?s={search_term_string}"},"query-input":{"@type":"PropertyValueSpecification","valueRequired":true,"valueName":"search_term_string"}}],"inLanguage":"pt-BR"},{"@type":"Organization","@id":"https:\/\/psol50.org.br\/#organization","name":"PSOL 50","alternateName":"PSOL 50","url":"https:\/\/psol50.org.br\/","logo":{"@type":"ImageObject","inLanguage":"pt-BR","@id":"https:\/\/psol50.org.br\/#\/schema\/logo\/image\/","url":"https:\/\/psol50.org.br\/inc\/uploads\/2018\/07\/capa.png","contentUrl":"https:\/\/psol50.org.br\/inc\/uploads\/2018\/07\/capa.png","width":1350,"height":900,"caption":"PSOL 50"},"image":{"@id":"https:\/\/psol50.org.br\/#\/schema\/logo\/image\/"},"sameAs":["https:\/\/www.facebook.com\/psol50","https:\/\/x.com\/psol50","https:\/\/www.instagram.com\/psol50\/","https:\/\/www.youtube.com\/channel\/UC7SnJS5o1os7a6CaiNabzcg"]},{"@type":"Person","@id":"https:\/\/psol50.org.br\/#\/schema\/person\/475dfa57d0b815993c714c2e96491fcd","name":"Comunica\u00e7\u00e3o PSOL","image":{"@type":"ImageObject","inLanguage":"pt-BR","@id":"https:\/\/psol50.org.br\/#\/schema\/person\/image\/","url":"https:\/\/secure.gravatar.com\/avatar\/b34fc4f4e468a4e51785917065a3db57b841f5c95dba6ad8c73aaf8f66f8f9bf?s=96&d=mm&r=g","contentUrl":"https:\/\/secure.gravatar.com\/avatar\/b34fc4f4e468a4e51785917065a3db57b841f5c95dba6ad8c73aaf8f66f8f9bf?s=96&d=mm&r=g","caption":"Comunica\u00e7\u00e3o PSOL"}}]}},"_links":{"self":[{"href":"https:\/\/psol50.org.br\/rest\/wp\/v2\/posts\/26722","targetHints":{"allow":["GET"]}}],"collection":[{"href":"https:\/\/psol50.org.br\/rest\/wp\/v2\/posts"}],"about":[{"href":"https:\/\/psol50.org.br\/rest\/wp\/v2\/types\/post"}],"author":[{"embeddable":true,"href":"https:\/\/psol50.org.br\/rest\/wp\/v2\/users\/2"}],"replies":[{"embeddable":true,"href":"https:\/\/psol50.org.br\/rest\/wp\/v2\/comments?post=26722"}],"version-history":[{"count":0,"href":"https:\/\/psol50.org.br\/rest\/wp\/v2\/posts\/26722\/revisions"}],"wp:featuredmedia":[{"embeddable":true,"href":"https:\/\/psol50.org.br\/rest\/wp\/v2\/media\/26221"}],"wp:attachment":[{"href":"https:\/\/psol50.org.br\/rest\/wp\/v2\/media?parent=26722"}],"wp:term":[{"taxonomy":"category","embeddable":true,"href":"https:\/\/psol50.org.br\/rest\/wp\/v2\/categories?post=26722"},{"taxonomy":"post_tag","embeddable":true,"href":"https:\/\/psol50.org.br\/rest\/wp\/v2\/tags?post=26722"}],"curies":[{"name":"wp","href":"https:\/\/api.w.org\/{rel}","templated":true}]}}