{"id":26735,"date":"2019-10-16T15:28:52","date_gmt":"2019-10-16T18:28:52","guid":{"rendered":"http:\/\/psol50.org.br\/?p=26735"},"modified":"2019-10-16T15:28:52","modified_gmt":"2019-10-16T18:28:52","slug":"psol-denuncia-tortura-em-presidios-do-para-a-onu","status":"publish","type":"post","link":"https:\/\/psol50.org.br\/psol-denuncia-tortura-em-presidios-do-para-a-onu\/","title":{"rendered":"PSOL denuncia tortura em pres\u00eddios do Par\u00e1 \u00e0 ONU"},"content":{"rendered":"<p>A bancada do PSOL na C\u00e2mara dos Deputados enviou uma carta \u00e0 Organiza\u00e7\u00e3o das Na\u00e7\u00f5es Unidas (ONU) para denunciar o governo de Jair Bolsonaro pelo grave esc\u00e2ndalo de tortura generalizada em pres\u00eddios do Par\u00e1. O documento apresenta uma s\u00e9rie de den\u00fancias de maus tratos e tortura em escala industrial implantada por agentes federais da For\u00e7a-Tarefa de Interven\u00e7\u00e3o Penitenci\u00e1ria (FTIP), comandada pelo Minist\u00e9rio da Justi\u00e7a, de S\u00e9rgio Moro.<\/p>\n<p>O texto foi endere\u00e7ado \u00e0s relatorias especiais da ONU para tortura, mulheres e execu\u00e7\u00e3o extrajudicial \u2014 integram o Alto Comissariado para os Direitos Humanos e o Conselho de Direitos Humanos, em Genebra. Tamb\u00e9m foi encaminhado diretamente a Michelle Bachelet, alta comiss\u00e1ria de Direitos Humanos da ONU e ex-presidenta do Chile. O pr\u00f3ximo passo \u00e9 levar o caso \u00e0 Comiss\u00e3o Interamericana de Direitos Humanos (CIDH) da Organiza\u00e7\u00e3o dos Estados Americanos (OEA).<\/p>\n<p>O documento da bancada do PSOL pede que as autoridades da ONU tratem a quest\u00e3o com urg\u00eancia e se pronunciem oficialmente, tendo em vista a gravidade do tema, al\u00e9m de requisitar explica\u00e7\u00f5es da delega\u00e7\u00e3o brasileira na Assembleia Geral.<\/p>\n<p>&#8220;Tortura n\u00e3o \u00e9 disciplina, n\u00e3o \u00e9 cumprimento de lei. Pelo contr\u00e1rio. Tortura \u00e9 crime, tem tipifica\u00e7\u00e3o penal. Mulheres sendo colocadas sobre formigueiros, presos sendo empalados, spray de pimenta sendo jogado em presos sem comer&#8230; Isso n\u00e3o \u00e9 um desvio, isso \u00e9 uma ordem, uma orienta\u00e7\u00e3o coletiva de uma a\u00e7\u00e3o p\u00fablica. \u00c9 completamente inaceit\u00e1vel&#8221;, explicou o deputado Marcelo Freixo ao jornal El Pa\u00eds sobre as den\u00fancias apresentadas \u00e0 ONU.<\/p>\n<p>Uma a\u00e7\u00e3o apresentada pelo Minist\u00e9rio P\u00fablico Federal (MPF) denuncia que os presos do sistema carcer\u00e1rio do Par\u00e1 est\u00e3o submetidos a uma rotina que inclui pauladas com vassouras, ataques di\u00e1rios com balas de borracha e spray de pimenta, empalamento pelo \u00e2nus, perfura\u00e7\u00e3o dos p\u00e9s com pregos, entre outras atrocidades<\/p>\n<p>A den\u00fancia acontece \u00e0s v\u00e9speras da vota\u00e7\u00e3o dos pa\u00edses que dever\u00e3o integrar o Conselho de Direitos Humanos entre 2020 e 2022, marcada para esta quinta-feira na Assembleia Geral, em Nova York. A Am\u00e9rica Latina possui duas vagas, mas Venezuela e Costa Rica tamb\u00e9m s\u00e3o candidatas a integr\u00e1-lo. O Brasil precisa de ao menos 97 dos 194 votos para ser eleito, mas mais de uma centena de entidades \u2014 ind\u00edgenas, defensores dos Direitos Humanos, movimento negro, movimento sem-terra, movimento LGBT, ju\u00edzes, cat\u00f3licos, entre outros \u2014 se uniram de forma in\u00e9dita contra a escolha.<\/p>\n","protected":false},"excerpt":{"rendered":"<p>A bancada do PSOL na C\u00e2mara dos Deputados enviou uma carta \u00e0 Organiza\u00e7\u00e3o das Na\u00e7\u00f5es Unidas (ONU) para denunciar o governo de Jair Bolsonaro pelo grave esc\u00e2ndalo de tortura generalizada em pres\u00eddios do Par\u00e1. O documento apresenta uma s\u00e9rie de den\u00fancias de maus tratos e tortura em escala industrial implantada por agentes federais da For\u00e7a-Tarefa [&hellip;]<\/p>\n","protected":false},"author":2,"featured_media":26736,"comment_status":"closed","ping_status":"open","sticky":false,"template":"","format":"standard","meta":{"_acf_changed":false,"footnotes":""},"categories":[6],"tags":[534,232,50,168,22,1210],"class_list":{"0":"post-26735","1":"post","2":"type-post","3":"status-publish","4":"format-standard","5":"has-post-thumbnail","7":"category-noticias","8":"tag-direitos-humanos","9":"tag-onu","10":"tag-para","11":"tag-presidios","12":"tag-psol","13":"tag-tortura"},"acf":[],"yoast_head":"<!-- This site is optimized with the Yoast SEO plugin v26.5 - https:\/\/yoast.com\/wordpress\/plugins\/seo\/ -->\n<title>PSOL denuncia tortura em pres\u00eddios do Par\u00e1 \u00e0 ONU<\/title>\n<meta name=\"description\" content=\"Carta dos parlamentares do PSOL pede que organiza\u00e7\u00f5es internacionais tomem provid\u00eancias urgentes para interromper cenas de horror\" \/>\n<meta name=\"robots\" content=\"index, follow, max-snippet:-1, max-image-preview:large, max-video-preview:-1\" \/>\n<link rel=\"canonical\" href=\"https:\/\/psol50.org.br\/psol-denuncia-tortura-em-presidios-do-para-a-onu\/\" \/>\n<meta property=\"og:locale\" content=\"pt_BR\" \/>\n<meta property=\"og:type\" content=\"article\" \/>\n<meta property=\"og:title\" content=\"PSOL denuncia tortura em pres\u00eddios do Par\u00e1 \u00e0 ONU\" \/>\n<meta property=\"og:description\" content=\"Carta dos parlamentares do PSOL pede que organiza\u00e7\u00f5es internacionais tomem provid\u00eancias urgentes para interromper cenas de horror\" \/>\n<meta property=\"og:url\" content=\"https:\/\/psol50.org.br\/psol-denuncia-tortura-em-presidios-do-para-a-onu\/\" \/>\n<meta property=\"og:site_name\" content=\"PSOL 50\" \/>\n<meta property=\"article:publisher\" content=\"https:\/\/www.facebook.com\/psol50\" \/>\n<meta property=\"article:published_time\" content=\"2019-10-16T18:28:52+00:00\" \/>\n<meta property=\"og:image\" content=\"https:\/\/psol50.org.br\/inc\/uploads\/2019\/10\/Sergio-Moto-e1570574820856-750x430-1.jpeg\" \/>\n\t<meta property=\"og:image:width\" content=\"750\" \/>\n\t<meta property=\"og:image:height\" content=\"430\" \/>\n\t<meta property=\"og:image:type\" content=\"image\/jpeg\" \/>\n<meta name=\"author\" content=\"Comunica\u00e7\u00e3o PSOL\" \/>\n<meta name=\"twitter:card\" content=\"summary_large_image\" \/>\n<meta name=\"twitter:title\" content=\"PSOL denuncia tortura em pres\u00eddios do Par\u00e1 \u00e0 ONU\" \/>\n<meta name=\"twitter:description\" content=\"Carta dos parlamentares do PSOL pede que organiza\u00e7\u00f5es internacionais tomem provid\u00eancias urgentes para interromper cenas de horror\" \/>\n<meta name=\"twitter:image\" content=\"https:\/\/psol50.org.br\/inc\/uploads\/2019\/10\/Sergio-Moto-e1570574820856-750x430-1.jpeg\" \/>\n<meta name=\"twitter:creator\" content=\"@psol50\" \/>\n<meta name=\"twitter:site\" content=\"@psol50\" \/>\n<meta name=\"twitter:label1\" content=\"Escrito por\" \/>\n\t<meta name=\"twitter:data1\" content=\"Comunica\u00e7\u00e3o PSOL\" \/>\n\t<meta name=\"twitter:label2\" content=\"Est. tempo de leitura\" \/>\n\t<meta name=\"twitter:data2\" content=\"2 minutos\" \/>\n<script type=\"application\/ld+json\" class=\"yoast-schema-graph\">{\"@context\":\"https:\/\/schema.org\",\"@graph\":[{\"@type\":\"Article\",\"@id\":\"https:\/\/psol50.org.br\/psol-denuncia-tortura-em-presidios-do-para-a-onu\/#article\",\"isPartOf\":{\"@id\":\"https:\/\/psol50.org.br\/psol-denuncia-tortura-em-presidios-do-para-a-onu\/\"},\"author\":{\"name\":\"Comunica\u00e7\u00e3o PSOL\",\"@id\":\"https:\/\/psol50.org.br\/#\/schema\/person\/475dfa57d0b815993c714c2e96491fcd\"},\"headline\":\"PSOL denuncia tortura em pres\u00eddios do Par\u00e1 \u00e0 ONU\",\"datePublished\":\"2019-10-16T18:28:52+00:00\",\"mainEntityOfPage\":{\"@id\":\"https:\/\/psol50.org.br\/psol-denuncia-tortura-em-presidios-do-para-a-onu\/\"},\"wordCount\":432,\"publisher\":{\"@id\":\"https:\/\/psol50.org.br\/#organization\"},\"image\":{\"@id\":\"https:\/\/psol50.org.br\/psol-denuncia-tortura-em-presidios-do-para-a-onu\/#primaryimage\"},\"thumbnailUrl\":\"https:\/\/psol50.org.br\/inc\/uploads\/2019\/10\/Sergio-Moto-e1570574820856-750x430-1.jpeg\",\"keywords\":[\"direitos humanos\",\"ONU\",\"Par\u00e1\",\"Pres\u00eddios\",\"PSOL\",\"tortura\"],\"articleSection\":[\"Not\u00edcias\"],\"inLanguage\":\"pt-BR\"},{\"@type\":\"WebPage\",\"@id\":\"https:\/\/psol50.org.br\/psol-denuncia-tortura-em-presidios-do-para-a-onu\/\",\"url\":\"https:\/\/psol50.org.br\/psol-denuncia-tortura-em-presidios-do-para-a-onu\/\",\"name\":\"PSOL denuncia tortura em pres\u00eddios do Par\u00e1 \u00e0 ONU\",\"isPartOf\":{\"@id\":\"https:\/\/psol50.org.br\/#website\"},\"primaryImageOfPage\":{\"@id\":\"https:\/\/psol50.org.br\/psol-denuncia-tortura-em-presidios-do-para-a-onu\/#primaryimage\"},\"image\":{\"@id\":\"https:\/\/psol50.org.br\/psol-denuncia-tortura-em-presidios-do-para-a-onu\/#primaryimage\"},\"thumbnailUrl\":\"https:\/\/psol50.org.br\/inc\/uploads\/2019\/10\/Sergio-Moto-e1570574820856-750x430-1.jpeg\",\"datePublished\":\"2019-10-16T18:28:52+00:00\",\"description\":\"Carta dos parlamentares do PSOL pede que organiza\u00e7\u00f5es internacionais tomem provid\u00eancias urgentes para interromper cenas de horror\",\"breadcrumb\":{\"@id\":\"https:\/\/psol50.org.br\/psol-denuncia-tortura-em-presidios-do-para-a-onu\/#breadcrumb\"},\"inLanguage\":\"pt-BR\",\"potentialAction\":[{\"@type\":\"ReadAction\",\"target\":[\"https:\/\/psol50.org.br\/psol-denuncia-tortura-em-presidios-do-para-a-onu\/\"]}]},{\"@type\":\"ImageObject\",\"inLanguage\":\"pt-BR\",\"@id\":\"https:\/\/psol50.org.br\/psol-denuncia-tortura-em-presidios-do-para-a-onu\/#primaryimage\",\"url\":\"https:\/\/psol50.org.br\/inc\/uploads\/2019\/10\/Sergio-Moto-e1570574820856-750x430-1.jpeg\",\"contentUrl\":\"https:\/\/psol50.org.br\/inc\/uploads\/2019\/10\/Sergio-Moto-e1570574820856-750x430-1.jpeg\",\"width\":750,\"height\":430,\"caption\":\"Foto: Minist\u00e9rio da Justi\u00e7a\"},{\"@type\":\"BreadcrumbList\",\"@id\":\"https:\/\/psol50.org.br\/psol-denuncia-tortura-em-presidios-do-para-a-onu\/#breadcrumb\",\"itemListElement\":[{\"@type\":\"ListItem\",\"position\":1,\"name\":\"In\u00edcio\",\"item\":\"https:\/\/psol50.org.br\/\"},{\"@type\":\"ListItem\",\"position\":2,\"name\":\"PSOL denuncia tortura em pres\u00eddios do Par\u00e1 \u00e0 ONU\"}]},{\"@type\":\"WebSite\",\"@id\":\"https:\/\/psol50.org.br\/#website\",\"url\":\"https:\/\/psol50.org.br\/\",\"name\":\"PSOL 50\",\"description\":\"Site oficial do Partido Socialismo e Liberdade\",\"publisher\":{\"@id\":\"https:\/\/psol50.org.br\/#organization\"},\"alternateName\":\"PSOL50\",\"potentialAction\":[{\"@type\":\"SearchAction\",\"target\":{\"@type\":\"EntryPoint\",\"urlTemplate\":\"https:\/\/psol50.org.br\/?s={search_term_string}\"},\"query-input\":{\"@type\":\"PropertyValueSpecification\",\"valueRequired\":true,\"valueName\":\"search_term_string\"}}],\"inLanguage\":\"pt-BR\"},{\"@type\":\"Organization\",\"@id\":\"https:\/\/psol50.org.br\/#organization\",\"name\":\"PSOL 50\",\"alternateName\":\"PSOL 50\",\"url\":\"https:\/\/psol50.org.br\/\",\"logo\":{\"@type\":\"ImageObject\",\"inLanguage\":\"pt-BR\",\"@id\":\"https:\/\/psol50.org.br\/#\/schema\/logo\/image\/\",\"url\":\"https:\/\/psol50.org.br\/inc\/uploads\/2018\/07\/capa.png\",\"contentUrl\":\"https:\/\/psol50.org.br\/inc\/uploads\/2018\/07\/capa.png\",\"width\":1350,\"height\":900,\"caption\":\"PSOL 50\"},\"image\":{\"@id\":\"https:\/\/psol50.org.br\/#\/schema\/logo\/image\/\"},\"sameAs\":[\"https:\/\/www.facebook.com\/psol50\",\"https:\/\/x.com\/psol50\",\"https:\/\/www.instagram.com\/psol50\/\",\"https:\/\/www.youtube.com\/channel\/UC7SnJS5o1os7a6CaiNabzcg\"]},{\"@type\":\"Person\",\"@id\":\"https:\/\/psol50.org.br\/#\/schema\/person\/475dfa57d0b815993c714c2e96491fcd\",\"name\":\"Comunica\u00e7\u00e3o PSOL\",\"image\":{\"@type\":\"ImageObject\",\"inLanguage\":\"pt-BR\",\"@id\":\"https:\/\/psol50.org.br\/#\/schema\/person\/image\/\",\"url\":\"https:\/\/secure.gravatar.com\/avatar\/b34fc4f4e468a4e51785917065a3db57b841f5c95dba6ad8c73aaf8f66f8f9bf?s=96&d=mm&r=g\",\"contentUrl\":\"https:\/\/secure.gravatar.com\/avatar\/b34fc4f4e468a4e51785917065a3db57b841f5c95dba6ad8c73aaf8f66f8f9bf?s=96&d=mm&r=g\",\"caption\":\"Comunica\u00e7\u00e3o PSOL\"}}]}<\/script>\n<!-- \/ Yoast SEO plugin. -->","yoast_head_json":{"title":"PSOL denuncia tortura em pres\u00eddios do Par\u00e1 \u00e0 ONU","description":"Carta dos parlamentares do PSOL pede que organiza\u00e7\u00f5es internacionais tomem provid\u00eancias urgentes para interromper cenas de horror","robots":{"index":"index","follow":"follow","max-snippet":"max-snippet:-1","max-image-preview":"max-image-preview:large","max-video-preview":"max-video-preview:-1"},"canonical":"https:\/\/psol50.org.br\/psol-denuncia-tortura-em-presidios-do-para-a-onu\/","og_locale":"pt_BR","og_type":"article","og_title":"PSOL denuncia tortura em pres\u00eddios do Par\u00e1 \u00e0 ONU","og_description":"Carta dos parlamentares do PSOL pede que organiza\u00e7\u00f5es internacionais tomem provid\u00eancias urgentes para interromper cenas de horror","og_url":"https:\/\/psol50.org.br\/psol-denuncia-tortura-em-presidios-do-para-a-onu\/","og_site_name":"PSOL 50","article_publisher":"https:\/\/www.facebook.com\/psol50","article_published_time":"2019-10-16T18:28:52+00:00","og_image":[{"width":750,"height":430,"url":"https:\/\/psol50.org.br\/inc\/uploads\/2019\/10\/Sergio-Moto-e1570574820856-750x430-1.jpeg","type":"image\/jpeg"}],"author":"Comunica\u00e7\u00e3o PSOL","twitter_card":"summary_large_image","twitter_title":"PSOL denuncia tortura em pres\u00eddios do Par\u00e1 \u00e0 ONU","twitter_description":"Carta dos parlamentares do PSOL pede que organiza\u00e7\u00f5es internacionais tomem provid\u00eancias urgentes para interromper cenas de horror","twitter_image":"https:\/\/psol50.org.br\/inc\/uploads\/2019\/10\/Sergio-Moto-e1570574820856-750x430-1.jpeg","twitter_creator":"@psol50","twitter_site":"@psol50","twitter_misc":{"Escrito por":"Comunica\u00e7\u00e3o PSOL","Est. tempo de leitura":"2 minutos"},"schema":{"@context":"https:\/\/schema.org","@graph":[{"@type":"Article","@id":"https:\/\/psol50.org.br\/psol-denuncia-tortura-em-presidios-do-para-a-onu\/#article","isPartOf":{"@id":"https:\/\/psol50.org.br\/psol-denuncia-tortura-em-presidios-do-para-a-onu\/"},"author":{"name":"Comunica\u00e7\u00e3o PSOL","@id":"https:\/\/psol50.org.br\/#\/schema\/person\/475dfa57d0b815993c714c2e96491fcd"},"headline":"PSOL denuncia tortura em pres\u00eddios do Par\u00e1 \u00e0 ONU","datePublished":"2019-10-16T18:28:52+00:00","mainEntityOfPage":{"@id":"https:\/\/psol50.org.br\/psol-denuncia-tortura-em-presidios-do-para-a-onu\/"},"wordCount":432,"publisher":{"@id":"https:\/\/psol50.org.br\/#organization"},"image":{"@id":"https:\/\/psol50.org.br\/psol-denuncia-tortura-em-presidios-do-para-a-onu\/#primaryimage"},"thumbnailUrl":"https:\/\/psol50.org.br\/inc\/uploads\/2019\/10\/Sergio-Moto-e1570574820856-750x430-1.jpeg","keywords":["direitos humanos","ONU","Par\u00e1","Pres\u00eddios","PSOL","tortura"],"articleSection":["Not\u00edcias"],"inLanguage":"pt-BR"},{"@type":"WebPage","@id":"https:\/\/psol50.org.br\/psol-denuncia-tortura-em-presidios-do-para-a-onu\/","url":"https:\/\/psol50.org.br\/psol-denuncia-tortura-em-presidios-do-para-a-onu\/","name":"PSOL denuncia tortura em pres\u00eddios do Par\u00e1 \u00e0 ONU","isPartOf":{"@id":"https:\/\/psol50.org.br\/#website"},"primaryImageOfPage":{"@id":"https:\/\/psol50.org.br\/psol-denuncia-tortura-em-presidios-do-para-a-onu\/#primaryimage"},"image":{"@id":"https:\/\/psol50.org.br\/psol-denuncia-tortura-em-presidios-do-para-a-onu\/#primaryimage"},"thumbnailUrl":"https:\/\/psol50.org.br\/inc\/uploads\/2019\/10\/Sergio-Moto-e1570574820856-750x430-1.jpeg","datePublished":"2019-10-16T18:28:52+00:00","description":"Carta dos parlamentares do PSOL pede que organiza\u00e7\u00f5es internacionais tomem provid\u00eancias urgentes para interromper cenas de horror","breadcrumb":{"@id":"https:\/\/psol50.org.br\/psol-denuncia-tortura-em-presidios-do-para-a-onu\/#breadcrumb"},"inLanguage":"pt-BR","potentialAction":[{"@type":"ReadAction","target":["https:\/\/psol50.org.br\/psol-denuncia-tortura-em-presidios-do-para-a-onu\/"]}]},{"@type":"ImageObject","inLanguage":"pt-BR","@id":"https:\/\/psol50.org.br\/psol-denuncia-tortura-em-presidios-do-para-a-onu\/#primaryimage","url":"https:\/\/psol50.org.br\/inc\/uploads\/2019\/10\/Sergio-Moto-e1570574820856-750x430-1.jpeg","contentUrl":"https:\/\/psol50.org.br\/inc\/uploads\/2019\/10\/Sergio-Moto-e1570574820856-750x430-1.jpeg","width":750,"height":430,"caption":"Foto: Minist\u00e9rio da Justi\u00e7a"},{"@type":"BreadcrumbList","@id":"https:\/\/psol50.org.br\/psol-denuncia-tortura-em-presidios-do-para-a-onu\/#breadcrumb","itemListElement":[{"@type":"ListItem","position":1,"name":"In\u00edcio","item":"https:\/\/psol50.org.br\/"},{"@type":"ListItem","position":2,"name":"PSOL denuncia tortura em pres\u00eddios do Par\u00e1 \u00e0 ONU"}]},{"@type":"WebSite","@id":"https:\/\/psol50.org.br\/#website","url":"https:\/\/psol50.org.br\/","name":"PSOL 50","description":"Site oficial do Partido Socialismo e Liberdade","publisher":{"@id":"https:\/\/psol50.org.br\/#organization"},"alternateName":"PSOL50","potentialAction":[{"@type":"SearchAction","target":{"@type":"EntryPoint","urlTemplate":"https:\/\/psol50.org.br\/?s={search_term_string}"},"query-input":{"@type":"PropertyValueSpecification","valueRequired":true,"valueName":"search_term_string"}}],"inLanguage":"pt-BR"},{"@type":"Organization","@id":"https:\/\/psol50.org.br\/#organization","name":"PSOL 50","alternateName":"PSOL 50","url":"https:\/\/psol50.org.br\/","logo":{"@type":"ImageObject","inLanguage":"pt-BR","@id":"https:\/\/psol50.org.br\/#\/schema\/logo\/image\/","url":"https:\/\/psol50.org.br\/inc\/uploads\/2018\/07\/capa.png","contentUrl":"https:\/\/psol50.org.br\/inc\/uploads\/2018\/07\/capa.png","width":1350,"height":900,"caption":"PSOL 50"},"image":{"@id":"https:\/\/psol50.org.br\/#\/schema\/logo\/image\/"},"sameAs":["https:\/\/www.facebook.com\/psol50","https:\/\/x.com\/psol50","https:\/\/www.instagram.com\/psol50\/","https:\/\/www.youtube.com\/channel\/UC7SnJS5o1os7a6CaiNabzcg"]},{"@type":"Person","@id":"https:\/\/psol50.org.br\/#\/schema\/person\/475dfa57d0b815993c714c2e96491fcd","name":"Comunica\u00e7\u00e3o PSOL","image":{"@type":"ImageObject","inLanguage":"pt-BR","@id":"https:\/\/psol50.org.br\/#\/schema\/person\/image\/","url":"https:\/\/secure.gravatar.com\/avatar\/b34fc4f4e468a4e51785917065a3db57b841f5c95dba6ad8c73aaf8f66f8f9bf?s=96&d=mm&r=g","contentUrl":"https:\/\/secure.gravatar.com\/avatar\/b34fc4f4e468a4e51785917065a3db57b841f5c95dba6ad8c73aaf8f66f8f9bf?s=96&d=mm&r=g","caption":"Comunica\u00e7\u00e3o PSOL"}}]}},"_links":{"self":[{"href":"https:\/\/psol50.org.br\/rest\/wp\/v2\/posts\/26735","targetHints":{"allow":["GET"]}}],"collection":[{"href":"https:\/\/psol50.org.br\/rest\/wp\/v2\/posts"}],"about":[{"href":"https:\/\/psol50.org.br\/rest\/wp\/v2\/types\/post"}],"author":[{"embeddable":true,"href":"https:\/\/psol50.org.br\/rest\/wp\/v2\/users\/2"}],"replies":[{"embeddable":true,"href":"https:\/\/psol50.org.br\/rest\/wp\/v2\/comments?post=26735"}],"version-history":[{"count":0,"href":"https:\/\/psol50.org.br\/rest\/wp\/v2\/posts\/26735\/revisions"}],"wp:featuredmedia":[{"embeddable":true,"href":"https:\/\/psol50.org.br\/rest\/wp\/v2\/media\/26736"}],"wp:attachment":[{"href":"https:\/\/psol50.org.br\/rest\/wp\/v2\/media?parent=26735"}],"wp:term":[{"taxonomy":"category","embeddable":true,"href":"https:\/\/psol50.org.br\/rest\/wp\/v2\/categories?post=26735"},{"taxonomy":"post_tag","embeddable":true,"href":"https:\/\/psol50.org.br\/rest\/wp\/v2\/tags?post=26735"}],"curies":[{"name":"wp","href":"https:\/\/api.w.org\/{rel}","templated":true}]}}