{"id":26752,"date":"2019-10-18T13:12:46","date_gmt":"2019-10-18T16:12:46","guid":{"rendered":"http:\/\/psol50.org.br\/?p=26752"},"modified":"2019-10-18T13:12:46","modified_gmt":"2019-10-18T16:12:46","slug":"ivan-valente-bolsodoria-e-a-destruicao-planejada-da-educacao","status":"publish","type":"post","link":"https:\/\/psol50.org.br\/ivan-valente-bolsodoria-e-a-destruicao-planejada-da-educacao\/","title":{"rendered":"Ivan Valente | BolsoDoria e a destrui\u00e7\u00e3o planejada da educa\u00e7\u00e3o"},"content":{"rendered":"<p>A ascens\u00e3o recente da ultradireita no Brasil trouxe consequ\u00eancias delet\u00e9rias e profundas \u00e0 constru\u00e7\u00e3o da cidadania no Brasil. A educa\u00e7\u00e3o \u00e9 uma das principais v\u00edtimas deste movimento pol\u00edtico que conta com v\u00e1rios protagonistas emergentes e oportunistas. Embora n\u00e3o pensados conjuntamente, os ataques s\u00e3o orquestrados e respondem a uma l\u00f3gica de desvaloriza\u00e7\u00e3o da escola como espa\u00e7o democr\u00e1tico, de cria\u00e7\u00e3o do saber e do pensamento cr\u00edtico.<\/p>\n<p>Em S\u00e3o Paulo, o desmonte da escola p\u00fablica \u00e9 um projeto que se efetiva, ao menos, h\u00e1 mais de duas d\u00e9cadas: per\u00edodo em que os tucanos governam o Estado. Doria \u00e9 a mais nova s\u00edntese desta trag\u00e9dia que deixar\u00e1 sequelas em larga escala. O governador n\u00e3o negocia reajustes salariais nem tampouco melhorias nas condi\u00e7\u00f5es de trabalho para os docentes da rede estadual, al\u00e9m de aplicar as conten\u00e7\u00f5es or\u00e7ament\u00e1rias. Henrique Meirelles, Secret\u00e1rio da Fazenda e Planejamento do Estado de S\u00e3o Paulo, \u00e9 um digno representante do capital financeiro e seu papel \u00e9 o de valorizar pap\u00e9is e desmontar escolas.<\/p>\n<p>Doria, na linha do gestor dur\u00e3o com professores e fala mansa com empres\u00e1rios e banqueiros, al\u00e9m de n\u00e3o negociar as demandas da categoria age no sentido de precarizar ainda mais as condi\u00e7\u00f5es de trabalho. Ele pretende picotar as f\u00e9rias dos docentes em quatro per\u00edodos, ampliando o tempo de trabalho e impossibilitando a recupera\u00e7\u00e3o do desgaste sofrido com o magist\u00e9rio.<\/p>\n<p>A \u00faltima pol\u00eamica \u00e9 a Portaria 06\/2019, que versa sobre novos crit\u00e9rios para a atribui\u00e7\u00e3o de Classes e de Aulas para 2020 na Rede Estadual de SP. Trata-se de mais uma medida autorit\u00e1ria, elaborada sem nenhuma discuss\u00e3o com a categoria. Injusta, pois obriga os profissionais a aderirem \u00e0 jornada integral e a permanecerem mais tempo na escola, mas sem aumento proporcional de sal\u00e1rio, prejudicando a carreira e contribuindo para o achatamento salarial. Segue a mesma l\u00f3gica que infesta as mentes mais retr\u00f3gradas de que os problemas centrais da educa\u00e7\u00e3o se limitam ao maior tempo de aula, ou seja, o quantitativo se sobrepondo ao qualitativo.<\/p>\n<p>O autoritarismo de Doria se mostra latente e se expressa, por exemplo, no projeto Escola em Tempo Integral no Ensino M\u00e9dio. Sem nenhuma discuss\u00e3o com a comunidade e distantes dos anseios de uma escola de qualidade, ainda desconsidera os problemas de infraestrutura nas unidades e aquelas localizadas em \u00e1reas de maior vulnerabilidade, onde a necessidade de trabalho \u00e9 mais premente, ser\u00e3o diretamente afetadas. N\u00e3o se trata de ser contra escola em tempo integral, proposta que defendemos, mas sim de reconhecer que o projeto nasce falido pelo componente autorit\u00e1rio que o distancia das reais demandas da comunidade escolar.<\/p>\n<p>H\u00e1 ainda outros projetos em curso, que merecem a cr\u00edtica profunda pelos princ\u00edpios que os movem. A cria\u00e7\u00e3o de grades curriculares m\u00f3veis aponta para a flexibiliza\u00e7\u00e3o dos componentes curriculares b\u00e1sicos e a introdu\u00e7\u00e3o de disciplinas t\u00e9cnicas e pr\u00e1ticas. \u00c9 o Programa Inova Educa\u00e7\u00e3o que \u00e9 feito em parceria com o Instituto Ayrton Senna. Em outras palavras, \u00e9 a decreta\u00e7\u00e3o da educa\u00e7\u00e3o como geradora de m\u00e3o de obra barata e o abandono de seu papel como estruturante na forma\u00e7\u00e3o de nossos jovens.<\/p>\n<p>Na onda reacion\u00e1ria, uma das maiores s\u00ednteses do atraso na educa\u00e7\u00e3o \u00e9 o projeto Escola Sem Partido, que busca criminalizar docentes, inibir o debate democr\u00e1tico e a liberdade de c\u00e1tedra. Seus resultados apontam para uma escola disciplinada pelo discurso \u00fanico e pautado pela hist\u00f3ria oficial.<\/p>\n<p>A ideologia de g\u00eanero e a militariza\u00e7\u00e3o das escolas seguem na mesma linha de obstru\u00e7\u00e3o da pluralidade. A primeira se d\u00e1 pela transforma\u00e7\u00e3o de um pensamento abstrato e sem fundamento em uma pr\u00e1tica de censura ao trabalho dos docentes. O segundo como desdobramento direto da louva\u00e7\u00e3o ao golpe de 64 pelos tresloucados saudosistas que enxergam virtudes no autoritarismo e na ditadura. \u00c0 rigor, o que existe de discuss\u00e3o ideologizada sobre o g\u00eanero vem exatamente do grupo que faz apologia do pretenso sexismo escolar.<\/p>\n<p>Movimentos conservadores que nasceram na sociedade embalam as pol\u00edticas p\u00fablicas projetadas por Bolsonaro e o Ministro da Educa\u00e7\u00e3o Abraham Weintraub. Mas a destrui\u00e7\u00e3o segue em outro plano. Bolsonaro aplica o ajuste fiscal promovendo cortes or\u00e7ament\u00e1rios que estrangulam o pleno desenvolvimento da pesquisa e do ensino. As Universidades federais est\u00e3o arrochadas e os \u00f3rg\u00e3os de fomento \u00e0 pesquisa vivem \u00e0 beira da insolv\u00eancia.<\/p>\n<p>A mesma pol\u00edtica coloca em xeque no FUNDEB e sua manuten\u00e7\u00e3o. No parlamento ganha for\u00e7a a proposta de ampliar a parcela de contribui\u00e7\u00e3o do MEC dos 10% atuais para 40%. O Ministro Weintraub se op\u00f5e visceralmente, dado o seu compromisso com o estado m\u00ednimo e a privatiza\u00e7\u00e3o da educa\u00e7\u00e3o. Tornar o FUNDEB permanente e promover aportes sucessivos e crescentes s\u00e3o absolutamente necess\u00e1rios para se resgatar a educa\u00e7\u00e3o brasileira da crise que a cerca.<\/p>\n<p>As recentes rusgas p\u00fablicas entre Doria e Bolsonaro se limitam \u00e0 disputa de espa\u00e7o pol\u00edtico de olho nas elei\u00e7\u00f5es. N\u00e3o s\u00e3o diferen\u00e7as de projetos. Ao contr\u00e1rio, ambos navegam no mesmo espectro da pol\u00edtica nacional: a ultradireita reacion\u00e1ria e neoliberal.<\/p>\n<p>Na semana em que se comemora o dia dos mestres, as not\u00edcias que chegam pelas m\u00e3os dos governantes n\u00e3o s\u00e3o nada estimulantes. Mas nossos educadores sabem que o magist\u00e9rio \u00e9 um exerc\u00edcio di\u00e1rio de resist\u00eancia e persist\u00eancia, e \u00e9 dessa resili\u00eancia que nasce a esperan\u00e7a de mudan\u00e7as.<\/p>\n<p>Os educadores est\u00e3o em luta. No dia 11 de outubro fizeram uma grande manifesta\u00e7\u00e3o na Av. Paulista em defesa da educa\u00e7\u00e3o e dos direitos e contra o autoritarismo. Vamos juntos. Paulo Freire \u00e9 nossa refer\u00eancia.<\/p>\n<p><em><strong>Ivan Valente<\/strong><\/em><br \/>\n<em><strong>L\u00edder da bancada do PSOL na C\u00e2mara dos Deputados<\/strong><\/em><\/p>\n","protected":false},"excerpt":{"rendered":"<p>A ascens\u00e3o recente da ultradireita no Brasil trouxe consequ\u00eancias delet\u00e9rias e profundas \u00e0 constru\u00e7\u00e3o da cidadania no Brasil. A educa\u00e7\u00e3o \u00e9 uma das principais v\u00edtimas deste movimento pol\u00edtico que conta com v\u00e1rios protagonistas emergentes e oportunistas. Embora n\u00e3o pensados conjuntamente, os ataques s\u00e3o orquestrados e respondem a uma l\u00f3gica de desvaloriza\u00e7\u00e3o da escola como espa\u00e7o [&hellip;]<\/p>\n","protected":false},"author":2,"featured_media":26753,"comment_status":"closed","ping_status":"open","sticky":false,"template":"","format":"standard","meta":{"_acf_changed":false,"footnotes":""},"categories":[3,6],"tags":[56,113,164,552],"class_list":{"0":"post-26752","1":"post","2":"type-post","3":"status-publish","4":"format-standard","5":"has-post-thumbnail","7":"category-artigos-e-entrevistas","8":"category-noticias","9":"tag-bolsonaro","10":"tag-doria","11":"tag-educacao","12":"tag-ivan-valente"},"acf":[],"yoast_head":"<!-- This site is optimized with the Yoast SEO plugin v26.5 - https:\/\/yoast.com\/wordpress\/plugins\/seo\/ -->\n<title>Ivan Valente | BolsoDoria e a destrui\u00e7\u00e3o planejada da educa\u00e7\u00e3o - PSOL 50<\/title>\n<meta name=\"description\" content=\"A educa\u00e7\u00e3o \u00e9 uma das principais v\u00edtimas deste movimento pol\u00edtico que conta com v\u00e1rios protagonistas emergentes e oportunistas.\" \/>\n<meta name=\"robots\" content=\"index, follow, max-snippet:-1, max-image-preview:large, max-video-preview:-1\" \/>\n<link rel=\"canonical\" href=\"https:\/\/psol50.org.br\/ivan-valente-bolsodoria-e-a-destruicao-planejada-da-educacao\/\" \/>\n<meta property=\"og:locale\" content=\"pt_BR\" \/>\n<meta property=\"og:type\" content=\"article\" \/>\n<meta property=\"og:title\" content=\"BolsoDoria e a destrui\u00e7\u00e3o planejada da educa\u00e7\u00e3o\" \/>\n<meta property=\"og:description\" content=\"A educa\u00e7\u00e3o \u00e9 uma das principais v\u00edtimas deste movimento pol\u00edtico que conta com v\u00e1rios protagonistas emergentes e oportunistas.\" \/>\n<meta property=\"og:url\" content=\"https:\/\/psol50.org.br\/ivan-valente-bolsodoria-e-a-destruicao-planejada-da-educacao\/\" \/>\n<meta property=\"og:site_name\" content=\"PSOL 50\" \/>\n<meta property=\"article:publisher\" content=\"https:\/\/www.facebook.com\/psol50\" \/>\n<meta property=\"article:published_time\" content=\"2019-10-18T16:12:46+00:00\" \/>\n<meta property=\"og:image\" content=\"https:\/\/psol50.org.br\/inc\/uploads\/2019\/10\/bolsodoria.png\" \/>\n\t<meta property=\"og:image:width\" content=\"675\" \/>\n\t<meta property=\"og:image:height\" content=\"450\" \/>\n\t<meta property=\"og:image:type\" content=\"image\/png\" \/>\n<meta name=\"author\" content=\"Comunica\u00e7\u00e3o PSOL\" \/>\n<meta name=\"twitter:card\" content=\"summary_large_image\" \/>\n<meta name=\"twitter:title\" content=\"BolsoDoria e a destrui\u00e7\u00e3o planejada da educa\u00e7\u00e3o\" \/>\n<meta name=\"twitter:description\" content=\"A educa\u00e7\u00e3o \u00e9 uma das principais v\u00edtimas deste movimento pol\u00edtico que conta com v\u00e1rios protagonistas emergentes e oportunistas.\" \/>\n<meta name=\"twitter:image\" content=\"https:\/\/psol50.org.br\/inc\/uploads\/2019\/10\/bolsodoria.png\" \/>\n<meta name=\"twitter:creator\" content=\"@psol50\" \/>\n<meta name=\"twitter:site\" content=\"@psol50\" \/>\n<meta name=\"twitter:label1\" content=\"Escrito por\" \/>\n\t<meta name=\"twitter:data1\" content=\"Comunica\u00e7\u00e3o PSOL\" \/>\n\t<meta name=\"twitter:label2\" content=\"Est. tempo de leitura\" \/>\n\t<meta name=\"twitter:data2\" content=\"5 minutos\" \/>\n<script type=\"application\/ld+json\" class=\"yoast-schema-graph\">{\"@context\":\"https:\/\/schema.org\",\"@graph\":[{\"@type\":\"Article\",\"@id\":\"https:\/\/psol50.org.br\/ivan-valente-bolsodoria-e-a-destruicao-planejada-da-educacao\/#article\",\"isPartOf\":{\"@id\":\"https:\/\/psol50.org.br\/ivan-valente-bolsodoria-e-a-destruicao-planejada-da-educacao\/\"},\"author\":{\"name\":\"Comunica\u00e7\u00e3o PSOL\",\"@id\":\"https:\/\/psol50.org.br\/#\/schema\/person\/475dfa57d0b815993c714c2e96491fcd\"},\"headline\":\"Ivan Valente | BolsoDoria e a destrui\u00e7\u00e3o planejada da educa\u00e7\u00e3o\",\"datePublished\":\"2019-10-18T16:12:46+00:00\",\"mainEntityOfPage\":{\"@id\":\"https:\/\/psol50.org.br\/ivan-valente-bolsodoria-e-a-destruicao-planejada-da-educacao\/\"},\"wordCount\":1013,\"publisher\":{\"@id\":\"https:\/\/psol50.org.br\/#organization\"},\"image\":{\"@id\":\"https:\/\/psol50.org.br\/ivan-valente-bolsodoria-e-a-destruicao-planejada-da-educacao\/#primaryimage\"},\"thumbnailUrl\":\"https:\/\/psol50.org.br\/inc\/uploads\/2019\/10\/bolsodoria.png\",\"keywords\":[\"Bolsonaro\",\"doria\",\"Educa\u00e7\u00e3o\",\"Ivan Valente\"],\"articleSection\":[\"Artigos\",\"Not\u00edcias\"],\"inLanguage\":\"pt-BR\"},{\"@type\":\"WebPage\",\"@id\":\"https:\/\/psol50.org.br\/ivan-valente-bolsodoria-e-a-destruicao-planejada-da-educacao\/\",\"url\":\"https:\/\/psol50.org.br\/ivan-valente-bolsodoria-e-a-destruicao-planejada-da-educacao\/\",\"name\":\"Ivan Valente | BolsoDoria e a destrui\u00e7\u00e3o planejada da educa\u00e7\u00e3o - PSOL 50\",\"isPartOf\":{\"@id\":\"https:\/\/psol50.org.br\/#website\"},\"primaryImageOfPage\":{\"@id\":\"https:\/\/psol50.org.br\/ivan-valente-bolsodoria-e-a-destruicao-planejada-da-educacao\/#primaryimage\"},\"image\":{\"@id\":\"https:\/\/psol50.org.br\/ivan-valente-bolsodoria-e-a-destruicao-planejada-da-educacao\/#primaryimage\"},\"thumbnailUrl\":\"https:\/\/psol50.org.br\/inc\/uploads\/2019\/10\/bolsodoria.png\",\"datePublished\":\"2019-10-18T16:12:46+00:00\",\"description\":\"A educa\u00e7\u00e3o \u00e9 uma das principais v\u00edtimas deste movimento pol\u00edtico que conta com v\u00e1rios protagonistas emergentes e oportunistas.\",\"breadcrumb\":{\"@id\":\"https:\/\/psol50.org.br\/ivan-valente-bolsodoria-e-a-destruicao-planejada-da-educacao\/#breadcrumb\"},\"inLanguage\":\"pt-BR\",\"potentialAction\":[{\"@type\":\"ReadAction\",\"target\":[\"https:\/\/psol50.org.br\/ivan-valente-bolsodoria-e-a-destruicao-planejada-da-educacao\/\"]}]},{\"@type\":\"ImageObject\",\"inLanguage\":\"pt-BR\",\"@id\":\"https:\/\/psol50.org.br\/ivan-valente-bolsodoria-e-a-destruicao-planejada-da-educacao\/#primaryimage\",\"url\":\"https:\/\/psol50.org.br\/inc\/uploads\/2019\/10\/bolsodoria.png\",\"contentUrl\":\"https:\/\/psol50.org.br\/inc\/uploads\/2019\/10\/bolsodoria.png\",\"width\":675,\"height\":450,\"caption\":\"Foto: Twitter\/Reprodu\u00e7\u00e3o\"},{\"@type\":\"BreadcrumbList\",\"@id\":\"https:\/\/psol50.org.br\/ivan-valente-bolsodoria-e-a-destruicao-planejada-da-educacao\/#breadcrumb\",\"itemListElement\":[{\"@type\":\"ListItem\",\"position\":1,\"name\":\"In\u00edcio\",\"item\":\"https:\/\/psol50.org.br\/\"},{\"@type\":\"ListItem\",\"position\":2,\"name\":\"Ivan Valente | BolsoDoria e a destrui\u00e7\u00e3o planejada da educa\u00e7\u00e3o\"}]},{\"@type\":\"WebSite\",\"@id\":\"https:\/\/psol50.org.br\/#website\",\"url\":\"https:\/\/psol50.org.br\/\",\"name\":\"PSOL 50\",\"description\":\"Site oficial do Partido Socialismo e Liberdade\",\"publisher\":{\"@id\":\"https:\/\/psol50.org.br\/#organization\"},\"alternateName\":\"PSOL50\",\"potentialAction\":[{\"@type\":\"SearchAction\",\"target\":{\"@type\":\"EntryPoint\",\"urlTemplate\":\"https:\/\/psol50.org.br\/?s={search_term_string}\"},\"query-input\":{\"@type\":\"PropertyValueSpecification\",\"valueRequired\":true,\"valueName\":\"search_term_string\"}}],\"inLanguage\":\"pt-BR\"},{\"@type\":\"Organization\",\"@id\":\"https:\/\/psol50.org.br\/#organization\",\"name\":\"PSOL 50\",\"alternateName\":\"PSOL 50\",\"url\":\"https:\/\/psol50.org.br\/\",\"logo\":{\"@type\":\"ImageObject\",\"inLanguage\":\"pt-BR\",\"@id\":\"https:\/\/psol50.org.br\/#\/schema\/logo\/image\/\",\"url\":\"https:\/\/psol50.org.br\/inc\/uploads\/2018\/07\/capa.png\",\"contentUrl\":\"https:\/\/psol50.org.br\/inc\/uploads\/2018\/07\/capa.png\",\"width\":1350,\"height\":900,\"caption\":\"PSOL 50\"},\"image\":{\"@id\":\"https:\/\/psol50.org.br\/#\/schema\/logo\/image\/\"},\"sameAs\":[\"https:\/\/www.facebook.com\/psol50\",\"https:\/\/x.com\/psol50\",\"https:\/\/www.instagram.com\/psol50\/\",\"https:\/\/www.youtube.com\/channel\/UC7SnJS5o1os7a6CaiNabzcg\"]},{\"@type\":\"Person\",\"@id\":\"https:\/\/psol50.org.br\/#\/schema\/person\/475dfa57d0b815993c714c2e96491fcd\",\"name\":\"Comunica\u00e7\u00e3o PSOL\",\"image\":{\"@type\":\"ImageObject\",\"inLanguage\":\"pt-BR\",\"@id\":\"https:\/\/psol50.org.br\/#\/schema\/person\/image\/\",\"url\":\"https:\/\/secure.gravatar.com\/avatar\/b34fc4f4e468a4e51785917065a3db57b841f5c95dba6ad8c73aaf8f66f8f9bf?s=96&d=mm&r=g\",\"contentUrl\":\"https:\/\/secure.gravatar.com\/avatar\/b34fc4f4e468a4e51785917065a3db57b841f5c95dba6ad8c73aaf8f66f8f9bf?s=96&d=mm&r=g\",\"caption\":\"Comunica\u00e7\u00e3o PSOL\"}}]}<\/script>\n<!-- \/ Yoast SEO plugin. -->","yoast_head_json":{"title":"Ivan Valente | BolsoDoria e a destrui\u00e7\u00e3o planejada da educa\u00e7\u00e3o - PSOL 50","description":"A educa\u00e7\u00e3o \u00e9 uma das principais v\u00edtimas deste movimento pol\u00edtico que conta com v\u00e1rios protagonistas emergentes e oportunistas.","robots":{"index":"index","follow":"follow","max-snippet":"max-snippet:-1","max-image-preview":"max-image-preview:large","max-video-preview":"max-video-preview:-1"},"canonical":"https:\/\/psol50.org.br\/ivan-valente-bolsodoria-e-a-destruicao-planejada-da-educacao\/","og_locale":"pt_BR","og_type":"article","og_title":"BolsoDoria e a destrui\u00e7\u00e3o planejada da educa\u00e7\u00e3o","og_description":"A educa\u00e7\u00e3o \u00e9 uma das principais v\u00edtimas deste movimento pol\u00edtico que conta com v\u00e1rios protagonistas emergentes e oportunistas.","og_url":"https:\/\/psol50.org.br\/ivan-valente-bolsodoria-e-a-destruicao-planejada-da-educacao\/","og_site_name":"PSOL 50","article_publisher":"https:\/\/www.facebook.com\/psol50","article_published_time":"2019-10-18T16:12:46+00:00","og_image":[{"width":675,"height":450,"url":"https:\/\/psol50.org.br\/inc\/uploads\/2019\/10\/bolsodoria.png","type":"image\/png"}],"author":"Comunica\u00e7\u00e3o PSOL","twitter_card":"summary_large_image","twitter_title":"BolsoDoria e a destrui\u00e7\u00e3o planejada da educa\u00e7\u00e3o","twitter_description":"A educa\u00e7\u00e3o \u00e9 uma das principais v\u00edtimas deste movimento pol\u00edtico que conta com v\u00e1rios protagonistas emergentes e oportunistas.","twitter_image":"https:\/\/psol50.org.br\/inc\/uploads\/2019\/10\/bolsodoria.png","twitter_creator":"@psol50","twitter_site":"@psol50","twitter_misc":{"Escrito por":"Comunica\u00e7\u00e3o PSOL","Est. tempo de leitura":"5 minutos"},"schema":{"@context":"https:\/\/schema.org","@graph":[{"@type":"Article","@id":"https:\/\/psol50.org.br\/ivan-valente-bolsodoria-e-a-destruicao-planejada-da-educacao\/#article","isPartOf":{"@id":"https:\/\/psol50.org.br\/ivan-valente-bolsodoria-e-a-destruicao-planejada-da-educacao\/"},"author":{"name":"Comunica\u00e7\u00e3o PSOL","@id":"https:\/\/psol50.org.br\/#\/schema\/person\/475dfa57d0b815993c714c2e96491fcd"},"headline":"Ivan Valente | BolsoDoria e a destrui\u00e7\u00e3o planejada da educa\u00e7\u00e3o","datePublished":"2019-10-18T16:12:46+00:00","mainEntityOfPage":{"@id":"https:\/\/psol50.org.br\/ivan-valente-bolsodoria-e-a-destruicao-planejada-da-educacao\/"},"wordCount":1013,"publisher":{"@id":"https:\/\/psol50.org.br\/#organization"},"image":{"@id":"https:\/\/psol50.org.br\/ivan-valente-bolsodoria-e-a-destruicao-planejada-da-educacao\/#primaryimage"},"thumbnailUrl":"https:\/\/psol50.org.br\/inc\/uploads\/2019\/10\/bolsodoria.png","keywords":["Bolsonaro","doria","Educa\u00e7\u00e3o","Ivan Valente"],"articleSection":["Artigos","Not\u00edcias"],"inLanguage":"pt-BR"},{"@type":"WebPage","@id":"https:\/\/psol50.org.br\/ivan-valente-bolsodoria-e-a-destruicao-planejada-da-educacao\/","url":"https:\/\/psol50.org.br\/ivan-valente-bolsodoria-e-a-destruicao-planejada-da-educacao\/","name":"Ivan Valente | BolsoDoria e a destrui\u00e7\u00e3o planejada da educa\u00e7\u00e3o - PSOL 50","isPartOf":{"@id":"https:\/\/psol50.org.br\/#website"},"primaryImageOfPage":{"@id":"https:\/\/psol50.org.br\/ivan-valente-bolsodoria-e-a-destruicao-planejada-da-educacao\/#primaryimage"},"image":{"@id":"https:\/\/psol50.org.br\/ivan-valente-bolsodoria-e-a-destruicao-planejada-da-educacao\/#primaryimage"},"thumbnailUrl":"https:\/\/psol50.org.br\/inc\/uploads\/2019\/10\/bolsodoria.png","datePublished":"2019-10-18T16:12:46+00:00","description":"A educa\u00e7\u00e3o \u00e9 uma das principais v\u00edtimas deste movimento pol\u00edtico que conta com v\u00e1rios protagonistas emergentes e oportunistas.","breadcrumb":{"@id":"https:\/\/psol50.org.br\/ivan-valente-bolsodoria-e-a-destruicao-planejada-da-educacao\/#breadcrumb"},"inLanguage":"pt-BR","potentialAction":[{"@type":"ReadAction","target":["https:\/\/psol50.org.br\/ivan-valente-bolsodoria-e-a-destruicao-planejada-da-educacao\/"]}]},{"@type":"ImageObject","inLanguage":"pt-BR","@id":"https:\/\/psol50.org.br\/ivan-valente-bolsodoria-e-a-destruicao-planejada-da-educacao\/#primaryimage","url":"https:\/\/psol50.org.br\/inc\/uploads\/2019\/10\/bolsodoria.png","contentUrl":"https:\/\/psol50.org.br\/inc\/uploads\/2019\/10\/bolsodoria.png","width":675,"height":450,"caption":"Foto: Twitter\/Reprodu\u00e7\u00e3o"},{"@type":"BreadcrumbList","@id":"https:\/\/psol50.org.br\/ivan-valente-bolsodoria-e-a-destruicao-planejada-da-educacao\/#breadcrumb","itemListElement":[{"@type":"ListItem","position":1,"name":"In\u00edcio","item":"https:\/\/psol50.org.br\/"},{"@type":"ListItem","position":2,"name":"Ivan Valente | BolsoDoria e a destrui\u00e7\u00e3o planejada da educa\u00e7\u00e3o"}]},{"@type":"WebSite","@id":"https:\/\/psol50.org.br\/#website","url":"https:\/\/psol50.org.br\/","name":"PSOL 50","description":"Site oficial do Partido Socialismo e Liberdade","publisher":{"@id":"https:\/\/psol50.org.br\/#organization"},"alternateName":"PSOL50","potentialAction":[{"@type":"SearchAction","target":{"@type":"EntryPoint","urlTemplate":"https:\/\/psol50.org.br\/?s={search_term_string}"},"query-input":{"@type":"PropertyValueSpecification","valueRequired":true,"valueName":"search_term_string"}}],"inLanguage":"pt-BR"},{"@type":"Organization","@id":"https:\/\/psol50.org.br\/#organization","name":"PSOL 50","alternateName":"PSOL 50","url":"https:\/\/psol50.org.br\/","logo":{"@type":"ImageObject","inLanguage":"pt-BR","@id":"https:\/\/psol50.org.br\/#\/schema\/logo\/image\/","url":"https:\/\/psol50.org.br\/inc\/uploads\/2018\/07\/capa.png","contentUrl":"https:\/\/psol50.org.br\/inc\/uploads\/2018\/07\/capa.png","width":1350,"height":900,"caption":"PSOL 50"},"image":{"@id":"https:\/\/psol50.org.br\/#\/schema\/logo\/image\/"},"sameAs":["https:\/\/www.facebook.com\/psol50","https:\/\/x.com\/psol50","https:\/\/www.instagram.com\/psol50\/","https:\/\/www.youtube.com\/channel\/UC7SnJS5o1os7a6CaiNabzcg"]},{"@type":"Person","@id":"https:\/\/psol50.org.br\/#\/schema\/person\/475dfa57d0b815993c714c2e96491fcd","name":"Comunica\u00e7\u00e3o PSOL","image":{"@type":"ImageObject","inLanguage":"pt-BR","@id":"https:\/\/psol50.org.br\/#\/schema\/person\/image\/","url":"https:\/\/secure.gravatar.com\/avatar\/b34fc4f4e468a4e51785917065a3db57b841f5c95dba6ad8c73aaf8f66f8f9bf?s=96&d=mm&r=g","contentUrl":"https:\/\/secure.gravatar.com\/avatar\/b34fc4f4e468a4e51785917065a3db57b841f5c95dba6ad8c73aaf8f66f8f9bf?s=96&d=mm&r=g","caption":"Comunica\u00e7\u00e3o PSOL"}}]}},"_links":{"self":[{"href":"https:\/\/psol50.org.br\/rest\/wp\/v2\/posts\/26752","targetHints":{"allow":["GET"]}}],"collection":[{"href":"https:\/\/psol50.org.br\/rest\/wp\/v2\/posts"}],"about":[{"href":"https:\/\/psol50.org.br\/rest\/wp\/v2\/types\/post"}],"author":[{"embeddable":true,"href":"https:\/\/psol50.org.br\/rest\/wp\/v2\/users\/2"}],"replies":[{"embeddable":true,"href":"https:\/\/psol50.org.br\/rest\/wp\/v2\/comments?post=26752"}],"version-history":[{"count":0,"href":"https:\/\/psol50.org.br\/rest\/wp\/v2\/posts\/26752\/revisions"}],"wp:featuredmedia":[{"embeddable":true,"href":"https:\/\/psol50.org.br\/rest\/wp\/v2\/media\/26753"}],"wp:attachment":[{"href":"https:\/\/psol50.org.br\/rest\/wp\/v2\/media?parent=26752"}],"wp:term":[{"taxonomy":"category","embeddable":true,"href":"https:\/\/psol50.org.br\/rest\/wp\/v2\/categories?post=26752"},{"taxonomy":"post_tag","embeddable":true,"href":"https:\/\/psol50.org.br\/rest\/wp\/v2\/tags?post=26752"}],"curies":[{"name":"wp","href":"https:\/\/api.w.org\/{rel}","templated":true}]}}