{"id":26755,"date":"2019-10-18T13:51:34","date_gmt":"2019-10-18T16:51:34","guid":{"rendered":"http:\/\/psol50.org.br\/?p=26755"},"modified":"2019-10-18T13:51:34","modified_gmt":"2019-10-18T16:51:34","slug":"ecossocialistas-de-sp-realizam-encontro-estadual-no-proximo-sabado-26","status":"publish","type":"post","link":"https:\/\/psol50.org.br\/ecossocialistas-de-sp-realizam-encontro-estadual-no-proximo-sabado-26\/","title":{"rendered":"Ecossocialistas de SP realizam Encontro Estadual no pr\u00f3ximo s\u00e1bado (26)"},"content":{"rendered":"<p>O Encontro Estadual do Setorial Ecossocialista do PSOL-SP acontece no pr\u00f3ximo s\u00e1bado (26), no Sindicato dos Metrovi\u00e1rios, importante local de reuni\u00e3o da esquerda paulista. Com alta procura e n\u00famero de inscri\u00e7\u00f5es nos \u00faltimos dias, o Setorial Ecossocialista teve de encontrar um local bem maior do que o planejado para comportar o grande n\u00famero de militantes ecossocialistas esperado na atividade.<\/p>\n<p>Na programa\u00e7\u00e3o do Encontro, o destaque principal vai para a mesa sobre conjuntura pol\u00edtica, que contar\u00e1 com a presen\u00e7a de Michael L\u00f6wy, soci\u00f3logo marxista e conhecido pelo estudo e publica\u00e7\u00f5es sobre Ecossocialismo, a educadora Chirley Pankara, eleita primeira codeputada estadual ind\u00edgena em S\u00e3o Paulo pela Bancada Ativista (PSOL), o defensor p\u00fablico Andrew Toshio, com atua\u00e7\u00e3o na tutela coletiva de comunidades tradicionais e estudo sobre quilombos, e Patr\u00edcia Alves Mendon\u00e7a, do MST.<\/p>\n<p>O completo desmonte das pol\u00edticas ambientais promovido pelo governo Bolsonaro, incluindo casos de grande repercuss\u00e3o, como a interven\u00e7\u00e3o em \u00f3rg\u00e3os como o IBAMA e o ICMBio, e o aumento exponencial de queimadas no pa\u00eds acompanhado de dr\u00e1stica redu\u00e7\u00e3o de recursos para o combate aos crimes ambientais, t\u00eam levado muitos brasileiros a se interessarem mais pela causa ambiental e a pauta ecossocialista como alternativa vi\u00e1vel para a sobreviv\u00eancia do planeta.<\/p>\n<p>O Setorial Ecossocialista do PSOL-SP teve not\u00e1vel participa\u00e7\u00e3o na Coaliz\u00e3o pelo Clima, que convocou e organizou no Brasil a manifesta\u00e7\u00e3o do dia da Greve Mundial pelo Clima. Foi uma das maiores marchas dos \u00faltimos tempos, com grande diversidade de movimentos e engajamentos.<\/p>\n<p>O Setorial Ecossocialista do PSOL cresce por todo o pa\u00eds com iniciativas de forma\u00e7\u00e3o ecol\u00f3gica, formula\u00e7\u00e3o pol\u00edtica e articula\u00e7\u00e3o da resist\u00eancia ambiental no Brasil. O PSOL se postula e trabalha cada vez mais para ser protagonista na organiza\u00e7\u00e3o da luta em defesa do clima, da Amaz\u00f4nia, da \u00e1gua, da vida e do planeta. \u201cSemear o centro pol\u00edtico do Brasil\u201d, diz a Carta do Gama, que expressa as resolu\u00e7\u00f5es do Encontro Nacional Ecossocialista do PSOL, que aconteceu em 27 e 28 de julho.<\/p>\n<p>Se voc\u00ea \u00e9 de S\u00e3o Paulo, participe do Encontro Ecossocialista do PSOL-SP e ajude a construir a luta anticapitalista e por um novo modelo de desenvolvimento para o pa\u00eds: um modelo ecossocialista de vida. Como dizem os militantes da \u00e1rea, \u201cn\u00e3o podemos trocar \u00e1gua por fuma\u00e7a!\u201d.<\/p>\n<p>&nbsp;<\/p>\n<p><em>Veja a programa\u00e7\u00e3o completa do Encontro Ecossocialista do PSOL-SP:<\/em><\/p>\n<p><strong>PROGRAMA\u00c7\u00c3O<\/strong><\/p>\n<p><em>8h &#8211; 9h30<\/em> &#8211; \u00a0Acolhimento: caf\u00e9 da manh\u00e3 e credenciamento<\/p>\n<p><em>9h30 &#8211; 10h<\/em> &#8211; Abertura e sauda\u00e7\u00f5es<\/p>\n<p><em>10h &#8211; 12h30<\/em> &#8211; Mesa de conjuntura com Michel L\u00f6wy, Chirley Pankar\u00e1 (PSOL),\u00a0 Patr\u00edcia Alves de Mendon\u00e7a (MST) e Andrew Toshio (Defensoria P\u00fablica)<\/p>\n<p><em>12h30 &#8211; 14h<\/em> &#8211; Almo\u00e7o<\/p>\n<p><em>14h<\/em> &#8211; Caf\u00e9 mundial &#8211; din\u00e2mica sobre os temas:\u00a0 Clima, Energia, Biodiversidade, Terra, \u00c1gua e Veganismo<\/p>\n<p><em>16h<\/em> &#8211; GTs &#8211; Comunica\u00e7\u00e3o, Forma\u00e7\u00e3o, Campanhas e Organizativo.<\/p>\n<p><em>17h30<\/em> &#8211; Mapeamento estadual.<\/p>\n<p><em>18h30<\/em> &#8211; Plen\u00e1ria final.<\/p>\n<p><em>19h30<\/em> &#8211; Confraterniza\u00e7\u00e3o<\/p>\n<p><em>Local Quadra do Sindicato dos Metrovi\u00e1rios de S\u00e3o Paulo<\/em><br \/>\n<em>Rua Serra do Japi, 31 (pr\u00f3ximo \u00e0 esta\u00e7\u00e3o Tatuap\u00e9 do Metr\u00f4 &#8211; Linha 3 &#8211; Vermelha)<\/em><\/p>\n","protected":false},"excerpt":{"rendered":"<p>O Encontro Estadual do Setorial Ecossocialista do PSOL-SP acontece no pr\u00f3ximo s\u00e1bado (26), no Sindicato dos Metrovi\u00e1rios, importante local de reuni\u00e3o da esquerda paulista. Com alta procura e n\u00famero de inscri\u00e7\u00f5es nos \u00faltimos dias, o Setorial Ecossocialista teve de encontrar um local bem maior do que o planejado para comportar o grande n\u00famero de militantes [&hellip;]<\/p>\n","protected":false},"author":2,"featured_media":26320,"comment_status":"closed","ping_status":"open","sticky":false,"template":"","format":"standard","meta":{"_acf_changed":false,"footnotes":""},"categories":[6,14],"tags":[96,1168,44,2077,22],"class_list":{"0":"post-26755","1":"post","2":"type-post","3":"status-publish","4":"format-standard","5":"has-post-thumbnail","7":"category-noticias","8":"category-partido","9":"tag-amazonia","10":"tag-ecossocialismo","11":"tag-meio-ambiente","12":"tag-michael-lowy","13":"tag-psol"},"acf":[],"yoast_head":"<!-- This site is optimized with the Yoast SEO plugin v26.5 - https:\/\/yoast.com\/wordpress\/plugins\/seo\/ -->\n<title>Ecossocialistas de SP realizam Encontro Estadual no pr\u00f3ximo s\u00e1bado (26) - PSOL 50<\/title>\n<meta name=\"description\" content=\"Se voc\u00ea \u00e9 de S\u00e3o Paulo, participe do Encontro Ecossocialista do PSOL-SP e ajude a construir a luta anticapitalista e por um novo modelo de desenvolvimento para o pa\u00eds\" \/>\n<meta name=\"robots\" content=\"index, follow, max-snippet:-1, max-image-preview:large, max-video-preview:-1\" \/>\n<link rel=\"canonical\" href=\"https:\/\/psol50.org.br\/ecossocialistas-de-sp-realizam-encontro-estadual-no-proximo-sabado-26\/\" \/>\n<meta property=\"og:locale\" content=\"pt_BR\" \/>\n<meta property=\"og:type\" content=\"article\" \/>\n<meta property=\"og:title\" content=\"Ecossocialistas de SP realizam Encontro Estadual no pr\u00f3ximo s\u00e1bado (26)\" \/>\n<meta property=\"og:description\" content=\"Se voc\u00ea \u00e9 de S\u00e3o Paulo, participe do Encontro Ecossocialista do PSOL-SP e ajude a construir a luta anticapitalista e por um novo modelo de desenvolvimento para o pa\u00eds\" \/>\n<meta property=\"og:url\" content=\"https:\/\/psol50.org.br\/ecossocialistas-de-sp-realizam-encontro-estadual-no-proximo-sabado-26\/\" \/>\n<meta property=\"og:site_name\" content=\"PSOL 50\" \/>\n<meta property=\"article:publisher\" content=\"https:\/\/www.facebook.com\/psol50\" \/>\n<meta property=\"article:published_time\" content=\"2019-10-18T16:51:34+00:00\" \/>\n<meta property=\"og:image\" content=\"https:\/\/psol50.org.br\/inc\/uploads\/2019\/09\/photo_2019-09-03_09-40-25-e1567515396701.jpg\" \/>\n\t<meta property=\"og:image:width\" content=\"960\" \/>\n\t<meta property=\"og:image:height\" content=\"528\" \/>\n\t<meta property=\"og:image:type\" content=\"image\/jpeg\" \/>\n<meta name=\"author\" content=\"Comunica\u00e7\u00e3o PSOL\" \/>\n<meta name=\"twitter:card\" content=\"summary_large_image\" \/>\n<meta name=\"twitter:title\" content=\"Ecossocialistas de SP realizam Encontro Estadual no pr\u00f3ximo s\u00e1bado (26)\" \/>\n<meta name=\"twitter:description\" content=\"Se voc\u00ea \u00e9 de S\u00e3o Paulo, participe do Encontro Ecossocialista do PSOL-SP e ajude a construir a luta anticapitalista e por um novo modelo de desenvolvimento para o pa\u00eds\" \/>\n<meta name=\"twitter:image\" content=\"https:\/\/psol50.org.br\/inc\/uploads\/2019\/09\/photo_2019-09-03_09-40-25-e1567515396701.jpg\" \/>\n<meta name=\"twitter:creator\" content=\"@psol50\" \/>\n<meta name=\"twitter:site\" content=\"@psol50\" \/>\n<meta name=\"twitter:label1\" content=\"Escrito por\" \/>\n\t<meta name=\"twitter:data1\" content=\"Comunica\u00e7\u00e3o PSOL\" \/>\n\t<meta name=\"twitter:label2\" content=\"Est. tempo de leitura\" \/>\n\t<meta name=\"twitter:data2\" content=\"3 minutos\" \/>\n<script type=\"application\/ld+json\" class=\"yoast-schema-graph\">{\"@context\":\"https:\/\/schema.org\",\"@graph\":[{\"@type\":\"Article\",\"@id\":\"https:\/\/psol50.org.br\/ecossocialistas-de-sp-realizam-encontro-estadual-no-proximo-sabado-26\/#article\",\"isPartOf\":{\"@id\":\"https:\/\/psol50.org.br\/ecossocialistas-de-sp-realizam-encontro-estadual-no-proximo-sabado-26\/\"},\"author\":{\"name\":\"Comunica\u00e7\u00e3o PSOL\",\"@id\":\"https:\/\/psol50.org.br\/#\/schema\/person\/475dfa57d0b815993c714c2e96491fcd\"},\"headline\":\"Ecossocialistas de SP realizam Encontro Estadual no pr\u00f3ximo s\u00e1bado (26)\",\"datePublished\":\"2019-10-18T16:51:34+00:00\",\"mainEntityOfPage\":{\"@id\":\"https:\/\/psol50.org.br\/ecossocialistas-de-sp-realizam-encontro-estadual-no-proximo-sabado-26\/\"},\"wordCount\":555,\"publisher\":{\"@id\":\"https:\/\/psol50.org.br\/#organization\"},\"image\":{\"@id\":\"https:\/\/psol50.org.br\/ecossocialistas-de-sp-realizam-encontro-estadual-no-proximo-sabado-26\/#primaryimage\"},\"thumbnailUrl\":\"https:\/\/psol50.org.br\/inc\/uploads\/2019\/09\/photo_2019-09-03_09-40-25-e1567515396701.jpg\",\"keywords\":[\"Amaz\u00f4nia\",\"Ecossocialismo\",\"meio ambiente\",\"michael lowy\",\"PSOL\"],\"articleSection\":[\"Not\u00edcias\",\"Partido\"],\"inLanguage\":\"pt-BR\"},{\"@type\":\"WebPage\",\"@id\":\"https:\/\/psol50.org.br\/ecossocialistas-de-sp-realizam-encontro-estadual-no-proximo-sabado-26\/\",\"url\":\"https:\/\/psol50.org.br\/ecossocialistas-de-sp-realizam-encontro-estadual-no-proximo-sabado-26\/\",\"name\":\"Ecossocialistas de SP realizam Encontro Estadual no pr\u00f3ximo s\u00e1bado (26) - PSOL 50\",\"isPartOf\":{\"@id\":\"https:\/\/psol50.org.br\/#website\"},\"primaryImageOfPage\":{\"@id\":\"https:\/\/psol50.org.br\/ecossocialistas-de-sp-realizam-encontro-estadual-no-proximo-sabado-26\/#primaryimage\"},\"image\":{\"@id\":\"https:\/\/psol50.org.br\/ecossocialistas-de-sp-realizam-encontro-estadual-no-proximo-sabado-26\/#primaryimage\"},\"thumbnailUrl\":\"https:\/\/psol50.org.br\/inc\/uploads\/2019\/09\/photo_2019-09-03_09-40-25-e1567515396701.jpg\",\"datePublished\":\"2019-10-18T16:51:34+00:00\",\"description\":\"Se voc\u00ea \u00e9 de S\u00e3o Paulo, participe do Encontro Ecossocialista do PSOL-SP e ajude a construir a luta anticapitalista e por um novo modelo de desenvolvimento para o pa\u00eds\",\"breadcrumb\":{\"@id\":\"https:\/\/psol50.org.br\/ecossocialistas-de-sp-realizam-encontro-estadual-no-proximo-sabado-26\/#breadcrumb\"},\"inLanguage\":\"pt-BR\",\"potentialAction\":[{\"@type\":\"ReadAction\",\"target\":[\"https:\/\/psol50.org.br\/ecossocialistas-de-sp-realizam-encontro-estadual-no-proximo-sabado-26\/\"]}]},{\"@type\":\"ImageObject\",\"inLanguage\":\"pt-BR\",\"@id\":\"https:\/\/psol50.org.br\/ecossocialistas-de-sp-realizam-encontro-estadual-no-proximo-sabado-26\/#primaryimage\",\"url\":\"https:\/\/psol50.org.br\/inc\/uploads\/2019\/09\/photo_2019-09-03_09-40-25-e1567515396701.jpg\",\"contentUrl\":\"https:\/\/psol50.org.br\/inc\/uploads\/2019\/09\/photo_2019-09-03_09-40-25-e1567515396701.jpg\",\"width\":960,\"height\":528,\"caption\":\"M\u00eddia NINJA\"},{\"@type\":\"BreadcrumbList\",\"@id\":\"https:\/\/psol50.org.br\/ecossocialistas-de-sp-realizam-encontro-estadual-no-proximo-sabado-26\/#breadcrumb\",\"itemListElement\":[{\"@type\":\"ListItem\",\"position\":1,\"name\":\"In\u00edcio\",\"item\":\"https:\/\/psol50.org.br\/\"},{\"@type\":\"ListItem\",\"position\":2,\"name\":\"Ecossocialistas de SP realizam Encontro Estadual no pr\u00f3ximo s\u00e1bado (26)\"}]},{\"@type\":\"WebSite\",\"@id\":\"https:\/\/psol50.org.br\/#website\",\"url\":\"https:\/\/psol50.org.br\/\",\"name\":\"PSOL 50\",\"description\":\"Site oficial do Partido Socialismo e Liberdade\",\"publisher\":{\"@id\":\"https:\/\/psol50.org.br\/#organization\"},\"alternateName\":\"PSOL50\",\"potentialAction\":[{\"@type\":\"SearchAction\",\"target\":{\"@type\":\"EntryPoint\",\"urlTemplate\":\"https:\/\/psol50.org.br\/?s={search_term_string}\"},\"query-input\":{\"@type\":\"PropertyValueSpecification\",\"valueRequired\":true,\"valueName\":\"search_term_string\"}}],\"inLanguage\":\"pt-BR\"},{\"@type\":\"Organization\",\"@id\":\"https:\/\/psol50.org.br\/#organization\",\"name\":\"PSOL 50\",\"alternateName\":\"PSOL 50\",\"url\":\"https:\/\/psol50.org.br\/\",\"logo\":{\"@type\":\"ImageObject\",\"inLanguage\":\"pt-BR\",\"@id\":\"https:\/\/psol50.org.br\/#\/schema\/logo\/image\/\",\"url\":\"https:\/\/psol50.org.br\/inc\/uploads\/2018\/07\/capa.png\",\"contentUrl\":\"https:\/\/psol50.org.br\/inc\/uploads\/2018\/07\/capa.png\",\"width\":1350,\"height\":900,\"caption\":\"PSOL 50\"},\"image\":{\"@id\":\"https:\/\/psol50.org.br\/#\/schema\/logo\/image\/\"},\"sameAs\":[\"https:\/\/www.facebook.com\/psol50\",\"https:\/\/x.com\/psol50\",\"https:\/\/www.instagram.com\/psol50\/\",\"https:\/\/www.youtube.com\/channel\/UC7SnJS5o1os7a6CaiNabzcg\"]},{\"@type\":\"Person\",\"@id\":\"https:\/\/psol50.org.br\/#\/schema\/person\/475dfa57d0b815993c714c2e96491fcd\",\"name\":\"Comunica\u00e7\u00e3o PSOL\",\"image\":{\"@type\":\"ImageObject\",\"inLanguage\":\"pt-BR\",\"@id\":\"https:\/\/psol50.org.br\/#\/schema\/person\/image\/\",\"url\":\"https:\/\/secure.gravatar.com\/avatar\/b34fc4f4e468a4e51785917065a3db57b841f5c95dba6ad8c73aaf8f66f8f9bf?s=96&d=mm&r=g\",\"contentUrl\":\"https:\/\/secure.gravatar.com\/avatar\/b34fc4f4e468a4e51785917065a3db57b841f5c95dba6ad8c73aaf8f66f8f9bf?s=96&d=mm&r=g\",\"caption\":\"Comunica\u00e7\u00e3o PSOL\"}}]}<\/script>\n<!-- \/ Yoast SEO plugin. -->","yoast_head_json":{"title":"Ecossocialistas de SP realizam Encontro Estadual no pr\u00f3ximo s\u00e1bado (26) - PSOL 50","description":"Se voc\u00ea \u00e9 de S\u00e3o Paulo, participe do Encontro Ecossocialista do PSOL-SP e ajude a construir a luta anticapitalista e por um novo modelo de desenvolvimento para o pa\u00eds","robots":{"index":"index","follow":"follow","max-snippet":"max-snippet:-1","max-image-preview":"max-image-preview:large","max-video-preview":"max-video-preview:-1"},"canonical":"https:\/\/psol50.org.br\/ecossocialistas-de-sp-realizam-encontro-estadual-no-proximo-sabado-26\/","og_locale":"pt_BR","og_type":"article","og_title":"Ecossocialistas de SP realizam Encontro Estadual no pr\u00f3ximo s\u00e1bado (26)","og_description":"Se voc\u00ea \u00e9 de S\u00e3o Paulo, participe do Encontro Ecossocialista do PSOL-SP e ajude a construir a luta anticapitalista e por um novo modelo de desenvolvimento para o pa\u00eds","og_url":"https:\/\/psol50.org.br\/ecossocialistas-de-sp-realizam-encontro-estadual-no-proximo-sabado-26\/","og_site_name":"PSOL 50","article_publisher":"https:\/\/www.facebook.com\/psol50","article_published_time":"2019-10-18T16:51:34+00:00","og_image":[{"width":960,"height":528,"url":"https:\/\/psol50.org.br\/inc\/uploads\/2019\/09\/photo_2019-09-03_09-40-25-e1567515396701.jpg","type":"image\/jpeg"}],"author":"Comunica\u00e7\u00e3o PSOL","twitter_card":"summary_large_image","twitter_title":"Ecossocialistas de SP realizam Encontro Estadual no pr\u00f3ximo s\u00e1bado (26)","twitter_description":"Se voc\u00ea \u00e9 de S\u00e3o Paulo, participe do Encontro Ecossocialista do PSOL-SP e ajude a construir a luta anticapitalista e por um novo modelo de desenvolvimento para o pa\u00eds","twitter_image":"https:\/\/psol50.org.br\/inc\/uploads\/2019\/09\/photo_2019-09-03_09-40-25-e1567515396701.jpg","twitter_creator":"@psol50","twitter_site":"@psol50","twitter_misc":{"Escrito por":"Comunica\u00e7\u00e3o PSOL","Est. tempo de leitura":"3 minutos"},"schema":{"@context":"https:\/\/schema.org","@graph":[{"@type":"Article","@id":"https:\/\/psol50.org.br\/ecossocialistas-de-sp-realizam-encontro-estadual-no-proximo-sabado-26\/#article","isPartOf":{"@id":"https:\/\/psol50.org.br\/ecossocialistas-de-sp-realizam-encontro-estadual-no-proximo-sabado-26\/"},"author":{"name":"Comunica\u00e7\u00e3o PSOL","@id":"https:\/\/psol50.org.br\/#\/schema\/person\/475dfa57d0b815993c714c2e96491fcd"},"headline":"Ecossocialistas de SP realizam Encontro Estadual no pr\u00f3ximo s\u00e1bado (26)","datePublished":"2019-10-18T16:51:34+00:00","mainEntityOfPage":{"@id":"https:\/\/psol50.org.br\/ecossocialistas-de-sp-realizam-encontro-estadual-no-proximo-sabado-26\/"},"wordCount":555,"publisher":{"@id":"https:\/\/psol50.org.br\/#organization"},"image":{"@id":"https:\/\/psol50.org.br\/ecossocialistas-de-sp-realizam-encontro-estadual-no-proximo-sabado-26\/#primaryimage"},"thumbnailUrl":"https:\/\/psol50.org.br\/inc\/uploads\/2019\/09\/photo_2019-09-03_09-40-25-e1567515396701.jpg","keywords":["Amaz\u00f4nia","Ecossocialismo","meio ambiente","michael lowy","PSOL"],"articleSection":["Not\u00edcias","Partido"],"inLanguage":"pt-BR"},{"@type":"WebPage","@id":"https:\/\/psol50.org.br\/ecossocialistas-de-sp-realizam-encontro-estadual-no-proximo-sabado-26\/","url":"https:\/\/psol50.org.br\/ecossocialistas-de-sp-realizam-encontro-estadual-no-proximo-sabado-26\/","name":"Ecossocialistas de SP realizam Encontro Estadual no pr\u00f3ximo s\u00e1bado (26) - PSOL 50","isPartOf":{"@id":"https:\/\/psol50.org.br\/#website"},"primaryImageOfPage":{"@id":"https:\/\/psol50.org.br\/ecossocialistas-de-sp-realizam-encontro-estadual-no-proximo-sabado-26\/#primaryimage"},"image":{"@id":"https:\/\/psol50.org.br\/ecossocialistas-de-sp-realizam-encontro-estadual-no-proximo-sabado-26\/#primaryimage"},"thumbnailUrl":"https:\/\/psol50.org.br\/inc\/uploads\/2019\/09\/photo_2019-09-03_09-40-25-e1567515396701.jpg","datePublished":"2019-10-18T16:51:34+00:00","description":"Se voc\u00ea \u00e9 de S\u00e3o Paulo, participe do Encontro Ecossocialista do PSOL-SP e ajude a construir a luta anticapitalista e por um novo modelo de desenvolvimento para o pa\u00eds","breadcrumb":{"@id":"https:\/\/psol50.org.br\/ecossocialistas-de-sp-realizam-encontro-estadual-no-proximo-sabado-26\/#breadcrumb"},"inLanguage":"pt-BR","potentialAction":[{"@type":"ReadAction","target":["https:\/\/psol50.org.br\/ecossocialistas-de-sp-realizam-encontro-estadual-no-proximo-sabado-26\/"]}]},{"@type":"ImageObject","inLanguage":"pt-BR","@id":"https:\/\/psol50.org.br\/ecossocialistas-de-sp-realizam-encontro-estadual-no-proximo-sabado-26\/#primaryimage","url":"https:\/\/psol50.org.br\/inc\/uploads\/2019\/09\/photo_2019-09-03_09-40-25-e1567515396701.jpg","contentUrl":"https:\/\/psol50.org.br\/inc\/uploads\/2019\/09\/photo_2019-09-03_09-40-25-e1567515396701.jpg","width":960,"height":528,"caption":"M\u00eddia NINJA"},{"@type":"BreadcrumbList","@id":"https:\/\/psol50.org.br\/ecossocialistas-de-sp-realizam-encontro-estadual-no-proximo-sabado-26\/#breadcrumb","itemListElement":[{"@type":"ListItem","position":1,"name":"In\u00edcio","item":"https:\/\/psol50.org.br\/"},{"@type":"ListItem","position":2,"name":"Ecossocialistas de SP realizam Encontro Estadual no pr\u00f3ximo s\u00e1bado (26)"}]},{"@type":"WebSite","@id":"https:\/\/psol50.org.br\/#website","url":"https:\/\/psol50.org.br\/","name":"PSOL 50","description":"Site oficial do Partido Socialismo e Liberdade","publisher":{"@id":"https:\/\/psol50.org.br\/#organization"},"alternateName":"PSOL50","potentialAction":[{"@type":"SearchAction","target":{"@type":"EntryPoint","urlTemplate":"https:\/\/psol50.org.br\/?s={search_term_string}"},"query-input":{"@type":"PropertyValueSpecification","valueRequired":true,"valueName":"search_term_string"}}],"inLanguage":"pt-BR"},{"@type":"Organization","@id":"https:\/\/psol50.org.br\/#organization","name":"PSOL 50","alternateName":"PSOL 50","url":"https:\/\/psol50.org.br\/","logo":{"@type":"ImageObject","inLanguage":"pt-BR","@id":"https:\/\/psol50.org.br\/#\/schema\/logo\/image\/","url":"https:\/\/psol50.org.br\/inc\/uploads\/2018\/07\/capa.png","contentUrl":"https:\/\/psol50.org.br\/inc\/uploads\/2018\/07\/capa.png","width":1350,"height":900,"caption":"PSOL 50"},"image":{"@id":"https:\/\/psol50.org.br\/#\/schema\/logo\/image\/"},"sameAs":["https:\/\/www.facebook.com\/psol50","https:\/\/x.com\/psol50","https:\/\/www.instagram.com\/psol50\/","https:\/\/www.youtube.com\/channel\/UC7SnJS5o1os7a6CaiNabzcg"]},{"@type":"Person","@id":"https:\/\/psol50.org.br\/#\/schema\/person\/475dfa57d0b815993c714c2e96491fcd","name":"Comunica\u00e7\u00e3o PSOL","image":{"@type":"ImageObject","inLanguage":"pt-BR","@id":"https:\/\/psol50.org.br\/#\/schema\/person\/image\/","url":"https:\/\/secure.gravatar.com\/avatar\/b34fc4f4e468a4e51785917065a3db57b841f5c95dba6ad8c73aaf8f66f8f9bf?s=96&d=mm&r=g","contentUrl":"https:\/\/secure.gravatar.com\/avatar\/b34fc4f4e468a4e51785917065a3db57b841f5c95dba6ad8c73aaf8f66f8f9bf?s=96&d=mm&r=g","caption":"Comunica\u00e7\u00e3o PSOL"}}]}},"_links":{"self":[{"href":"https:\/\/psol50.org.br\/rest\/wp\/v2\/posts\/26755","targetHints":{"allow":["GET"]}}],"collection":[{"href":"https:\/\/psol50.org.br\/rest\/wp\/v2\/posts"}],"about":[{"href":"https:\/\/psol50.org.br\/rest\/wp\/v2\/types\/post"}],"author":[{"embeddable":true,"href":"https:\/\/psol50.org.br\/rest\/wp\/v2\/users\/2"}],"replies":[{"embeddable":true,"href":"https:\/\/psol50.org.br\/rest\/wp\/v2\/comments?post=26755"}],"version-history":[{"count":0,"href":"https:\/\/psol50.org.br\/rest\/wp\/v2\/posts\/26755\/revisions"}],"wp:featuredmedia":[{"embeddable":true,"href":"https:\/\/psol50.org.br\/rest\/wp\/v2\/media\/26320"}],"wp:attachment":[{"href":"https:\/\/psol50.org.br\/rest\/wp\/v2\/media?parent=26755"}],"wp:term":[{"taxonomy":"category","embeddable":true,"href":"https:\/\/psol50.org.br\/rest\/wp\/v2\/categories?post=26755"},{"taxonomy":"post_tag","embeddable":true,"href":"https:\/\/psol50.org.br\/rest\/wp\/v2\/tags?post=26755"}],"curies":[{"name":"wp","href":"https:\/\/api.w.org\/{rel}","templated":true}]}}