{"id":26761,"date":"2019-10-22T13:45:00","date_gmt":"2019-10-22T16:45:00","guid":{"rendered":"http:\/\/psol50.org.br\/?p=26761"},"modified":"2019-10-22T13:45:00","modified_gmt":"2019-10-22T16:45:00","slug":"inscricoes-abertas-para-o-premio-marielle-franco-de-direitos-humanos","status":"publish","type":"post","link":"https:\/\/psol50.org.br\/inscricoes-abertas-para-o-premio-marielle-franco-de-direitos-humanos\/","title":{"rendered":"Inscri\u00e7\u00f5es abertas para o Pr\u00eamio Marielle Franco de Direitos Humanos no DF"},"content":{"rendered":"<h6>Organiza\u00e7\u00f5es, empresas, personalidades e servidores podem se inscrever. Iniciativas ser\u00e3o premiadas pela C\u00e2mara Legislativa em novembro<\/h6>\n<p>Est\u00e3o abertas a partir de hoje (22 de outubro) as inscri\u00e7\u00f5es para o <strong>Pr\u00eamio Marielle Franco de Direitos Humanos<\/strong>. Pessoas e organiza\u00e7\u00f5es selecionadas receber\u00e3o a <strong>homenagem em 28 de novembro<\/strong>, na C\u00e2mara Legislativa do DF. Trata-se de reconhecimento da Comiss\u00e3o de Direitos Humanos (CDH) da CLDF ao trabalho de defensoras e defensores de direitos humanos em diversas \u00e1reas de atua\u00e7\u00e3o. As <strong>indica\u00e7\u00f5es podem ser feitas at\u00e9 o dia 8 de novembro<\/strong> no <a href=\"https:\/\/fabiofelix.com.br\">site do deputado F\u00e1bio F\u00e9lix (PSOL-DF).<\/a><\/p>\n<p>Qualquer pessoa pode se indicar ou indicar algu\u00e9m. Organiza\u00e7\u00f5es, empresa, trabalhos acad\u00eamicos, institui\u00e7\u00f5es, sociedade civil e servidores p\u00fablicos comprometidos com a pauta podem ser agraciados com a homenagem. Ser\u00e3o <strong>10 premiados<\/strong> em diferentes \u00e1reas de atua\u00e7\u00e3o. <strong>Servidores da C\u00e2mara Legislativa n\u00e3o poder\u00e3o concorrer ao pr\u00eamio<\/strong>, que \u00e9 restrito a projetos realizados no DF. A quem receber o pr\u00eamio ser\u00e3o concedidos diplomas e medalhas de honra ao m\u00e9rito.<\/p>\n<p>\u201cVivemos tempos de criminaliza\u00e7\u00e3o daqueles que defendem a dignidade e os direitos das pessoas. Ao reconhecer publicamente trabalhos desenvolvidos em nossa cidade, buscamos incentivar mais atores a se engajarem na defesa dos direitos humanos\u201d, destacou o presidente da CDH, deputado Distrital F\u00e1bio Felix (PSOL). O parlamentar tamb\u00e9m refor\u00e7ou a necessidade de implementa\u00e7\u00e3o de medidas que objetivem proteger aqueles que hoje assumem essa defesa, uma vez que h\u00e1 persegui\u00e7\u00e3o, amea\u00e7as e risco de morte, como no caso da vereadora Marielle Franco, executada h\u00e1 19 meses.<\/p>\n<p><strong>Marielle Franco: uma trajet\u00f3ria em defesa dos mais vulner\u00e1veis<\/strong><\/p>\n<p>Marielle Franco foi vereadora pelo estado do Rio de Janeiro. Sua atua\u00e7\u00e3o em movimentos sociais e no mandato foi centrada na defesa dos direitos das mulheres, da popula\u00e7\u00e3o negra, vulner\u00e1vel e perif\u00e9rica. Marielle tamb\u00e9m trabalhou na Coordena\u00e7\u00e3o da Comiss\u00e3o de Direitos Humanos e Cidadania da Assembleia Legislativa do Rio de Janeiro (Alerj). No dia 14 de mar\u00e7o de 2018, Marielle Franco e seu motorista Anderson Gomes foram brutalmente assassinados e, at\u00e9 hoje, o crime n\u00e3o foi elucidado.<\/p>\n<p>\u201cA execu\u00e7\u00e3o de Marielle \u00e9 um ataque direto \u00e0 democracia. N\u00e3o podemos aceitar que uma representante do povo, legitimamente eleita, tenha sua vida encerrada durante o seu mandato por representar os direitos das minorias. Mais do que nunca, \u00e9 imprescind\u00edvel valorizar as iniciativas que colaboram para a constru\u00e7\u00e3o da justi\u00e7a social\u201d, alegou o deputado Distrital F\u00e1bio Felix.<\/p>\n<p><strong>SERVI\u00c7O:<\/strong><br \/>\n<em>Inscri\u00e7\u00f5es para o Pr\u00eamio Marielle Franco de Direitos Humanos<\/em><br \/>\n<em>Prazo: De 22 de outubro a 8 de novembro<\/em><br \/>\n<em>Premia\u00e7\u00e3o: 28 de novembro<\/em><\/p>\n","protected":false},"excerpt":{"rendered":"<p>Organiza\u00e7\u00f5es, empresas, personalidades e servidores podem se inscrever. Iniciativas ser\u00e3o premiadas pela C\u00e2mara Legislativa em novembro Est\u00e3o abertas a partir de hoje (22 de outubro) as inscri\u00e7\u00f5es para o Pr\u00eamio Marielle Franco de Direitos Humanos. Pessoas e organiza\u00e7\u00f5es selecionadas receber\u00e3o a homenagem em 28 de novembro, na C\u00e2mara Legislativa do DF. Trata-se de reconhecimento da [&hellip;]<\/p>\n","protected":false},"author":2,"featured_media":26762,"comment_status":"closed","ping_status":"open","sticky":false,"template":"","format":"standard","meta":{"_acf_changed":false,"footnotes":""},"categories":[6],"tags":[534,33,194,195],"class_list":{"0":"post-26761","1":"post","2":"type-post","3":"status-publish","4":"format-standard","5":"has-post-thumbnail","7":"category-noticias","8":"tag-direitos-humanos","9":"tag-distrito-federal","10":"tag-marielle-franco","11":"tag-premio"},"acf":[],"yoast_head":"<!-- This site is optimized with the Yoast SEO plugin v26.5 - https:\/\/yoast.com\/wordpress\/plugins\/seo\/ -->\n<title>Inscri\u00e7\u00f5es abertas para o Pr\u00eamio Marielle Franco de Direitos Humanos no DF - PSOL 50<\/title>\n<meta name=\"description\" content=\"Organiza\u00e7\u00f5es, empresas, personalidades e servidores podem se inscrever. Iniciativas ser\u00e3o premiadas pela C\u00e2mara Legislativa em novembro\" \/>\n<meta name=\"robots\" content=\"index, follow, max-snippet:-1, max-image-preview:large, max-video-preview:-1\" \/>\n<link rel=\"canonical\" href=\"https:\/\/psol50.org.br\/inscricoes-abertas-para-o-premio-marielle-franco-de-direitos-humanos\/\" \/>\n<meta property=\"og:locale\" content=\"pt_BR\" \/>\n<meta property=\"og:type\" content=\"article\" \/>\n<meta property=\"og:title\" content=\"Inscri\u00e7\u00f5es abertas para o Pr\u00eamio Marielle Franco de Direitos Humanos no DF\" \/>\n<meta property=\"og:description\" content=\"Organiza\u00e7\u00f5es, empresas, personalidades e servidores podem se inscrever. Iniciativas ser\u00e3o premiadas pela C\u00e2mara Legislativa em novembro\" \/>\n<meta property=\"og:url\" content=\"https:\/\/psol50.org.br\/inscricoes-abertas-para-o-premio-marielle-franco-de-direitos-humanos\/\" \/>\n<meta property=\"og:site_name\" content=\"PSOL 50\" \/>\n<meta property=\"article:publisher\" content=\"https:\/\/www.facebook.com\/psol50\" \/>\n<meta property=\"article:published_time\" content=\"2019-10-22T16:45:00+00:00\" \/>\n<meta property=\"og:image\" content=\"https:\/\/psol50.org.br\/inc\/uploads\/2019\/10\/photo_2019-10-22_11-10-07-e1571762637346.jpg\" \/>\n\t<meta property=\"og:image:width\" content=\"1080\" \/>\n\t<meta property=\"og:image:height\" content=\"531\" \/>\n\t<meta property=\"og:image:type\" content=\"image\/jpeg\" \/>\n<meta name=\"author\" content=\"Comunica\u00e7\u00e3o PSOL\" \/>\n<meta name=\"twitter:card\" content=\"summary_large_image\" \/>\n<meta name=\"twitter:title\" content=\"Inscri\u00e7\u00f5es abertas para o Pr\u00eamio Marielle Franco de Direitos Humanos no DF\" \/>\n<meta name=\"twitter:description\" content=\"Organiza\u00e7\u00f5es, empresas, personalidades e servidores podem se inscrever. Iniciativas ser\u00e3o premiadas pela C\u00e2mara Legislativa em novembro\" \/>\n<meta name=\"twitter:image\" content=\"https:\/\/psol50.org.br\/inc\/uploads\/2019\/10\/photo_2019-10-22_11-10-07-e1571762637346.jpg\" \/>\n<meta name=\"twitter:creator\" content=\"@psol50\" \/>\n<meta name=\"twitter:site\" content=\"@psol50\" \/>\n<meta name=\"twitter:label1\" content=\"Escrito por\" \/>\n\t<meta name=\"twitter:data1\" content=\"Comunica\u00e7\u00e3o PSOL\" \/>\n\t<meta name=\"twitter:label2\" content=\"Est. tempo de leitura\" \/>\n\t<meta name=\"twitter:data2\" content=\"2 minutos\" \/>\n<script type=\"application\/ld+json\" class=\"yoast-schema-graph\">{\"@context\":\"https:\/\/schema.org\",\"@graph\":[{\"@type\":\"Article\",\"@id\":\"https:\/\/psol50.org.br\/inscricoes-abertas-para-o-premio-marielle-franco-de-direitos-humanos\/#article\",\"isPartOf\":{\"@id\":\"https:\/\/psol50.org.br\/inscricoes-abertas-para-o-premio-marielle-franco-de-direitos-humanos\/\"},\"author\":{\"name\":\"Comunica\u00e7\u00e3o PSOL\",\"@id\":\"https:\/\/psol50.org.br\/#\/schema\/person\/475dfa57d0b815993c714c2e96491fcd\"},\"headline\":\"Inscri\u00e7\u00f5es abertas para o Pr\u00eamio Marielle Franco de Direitos Humanos no DF\",\"datePublished\":\"2019-10-22T16:45:00+00:00\",\"mainEntityOfPage\":{\"@id\":\"https:\/\/psol50.org.br\/inscricoes-abertas-para-o-premio-marielle-franco-de-direitos-humanos\/\"},\"wordCount\":467,\"publisher\":{\"@id\":\"https:\/\/psol50.org.br\/#organization\"},\"image\":{\"@id\":\"https:\/\/psol50.org.br\/inscricoes-abertas-para-o-premio-marielle-franco-de-direitos-humanos\/#primaryimage\"},\"thumbnailUrl\":\"https:\/\/psol50.org.br\/inc\/uploads\/2019\/10\/photo_2019-10-22_11-10-07-e1571762637346.jpg\",\"keywords\":[\"direitos humanos\",\"Distrito Federal\",\"Marielle Franco\",\"pr\u00eamio\"],\"articleSection\":[\"Not\u00edcias\"],\"inLanguage\":\"pt-BR\"},{\"@type\":\"WebPage\",\"@id\":\"https:\/\/psol50.org.br\/inscricoes-abertas-para-o-premio-marielle-franco-de-direitos-humanos\/\",\"url\":\"https:\/\/psol50.org.br\/inscricoes-abertas-para-o-premio-marielle-franco-de-direitos-humanos\/\",\"name\":\"Inscri\u00e7\u00f5es abertas para o Pr\u00eamio Marielle Franco de Direitos Humanos no DF - PSOL 50\",\"isPartOf\":{\"@id\":\"https:\/\/psol50.org.br\/#website\"},\"primaryImageOfPage\":{\"@id\":\"https:\/\/psol50.org.br\/inscricoes-abertas-para-o-premio-marielle-franco-de-direitos-humanos\/#primaryimage\"},\"image\":{\"@id\":\"https:\/\/psol50.org.br\/inscricoes-abertas-para-o-premio-marielle-franco-de-direitos-humanos\/#primaryimage\"},\"thumbnailUrl\":\"https:\/\/psol50.org.br\/inc\/uploads\/2019\/10\/photo_2019-10-22_11-10-07-e1571762637346.jpg\",\"datePublished\":\"2019-10-22T16:45:00+00:00\",\"description\":\"Organiza\u00e7\u00f5es, empresas, personalidades e servidores podem se inscrever. Iniciativas ser\u00e3o premiadas pela C\u00e2mara Legislativa em novembro\",\"breadcrumb\":{\"@id\":\"https:\/\/psol50.org.br\/inscricoes-abertas-para-o-premio-marielle-franco-de-direitos-humanos\/#breadcrumb\"},\"inLanguage\":\"pt-BR\",\"potentialAction\":[{\"@type\":\"ReadAction\",\"target\":[\"https:\/\/psol50.org.br\/inscricoes-abertas-para-o-premio-marielle-franco-de-direitos-humanos\/\"]}]},{\"@type\":\"ImageObject\",\"inLanguage\":\"pt-BR\",\"@id\":\"https:\/\/psol50.org.br\/inscricoes-abertas-para-o-premio-marielle-franco-de-direitos-humanos\/#primaryimage\",\"url\":\"https:\/\/psol50.org.br\/inc\/uploads\/2019\/10\/photo_2019-10-22_11-10-07-e1571762637346.jpg\",\"contentUrl\":\"https:\/\/psol50.org.br\/inc\/uploads\/2019\/10\/photo_2019-10-22_11-10-07-e1571762637346.jpg\",\"width\":1080,\"height\":531},{\"@type\":\"BreadcrumbList\",\"@id\":\"https:\/\/psol50.org.br\/inscricoes-abertas-para-o-premio-marielle-franco-de-direitos-humanos\/#breadcrumb\",\"itemListElement\":[{\"@type\":\"ListItem\",\"position\":1,\"name\":\"In\u00edcio\",\"item\":\"https:\/\/psol50.org.br\/\"},{\"@type\":\"ListItem\",\"position\":2,\"name\":\"Inscri\u00e7\u00f5es abertas para o Pr\u00eamio Marielle Franco de Direitos Humanos no DF\"}]},{\"@type\":\"WebSite\",\"@id\":\"https:\/\/psol50.org.br\/#website\",\"url\":\"https:\/\/psol50.org.br\/\",\"name\":\"PSOL 50\",\"description\":\"Site oficial do Partido Socialismo e Liberdade\",\"publisher\":{\"@id\":\"https:\/\/psol50.org.br\/#organization\"},\"alternateName\":\"PSOL50\",\"potentialAction\":[{\"@type\":\"SearchAction\",\"target\":{\"@type\":\"EntryPoint\",\"urlTemplate\":\"https:\/\/psol50.org.br\/?s={search_term_string}\"},\"query-input\":{\"@type\":\"PropertyValueSpecification\",\"valueRequired\":true,\"valueName\":\"search_term_string\"}}],\"inLanguage\":\"pt-BR\"},{\"@type\":\"Organization\",\"@id\":\"https:\/\/psol50.org.br\/#organization\",\"name\":\"PSOL 50\",\"alternateName\":\"PSOL 50\",\"url\":\"https:\/\/psol50.org.br\/\",\"logo\":{\"@type\":\"ImageObject\",\"inLanguage\":\"pt-BR\",\"@id\":\"https:\/\/psol50.org.br\/#\/schema\/logo\/image\/\",\"url\":\"https:\/\/psol50.org.br\/inc\/uploads\/2018\/07\/capa.png\",\"contentUrl\":\"https:\/\/psol50.org.br\/inc\/uploads\/2018\/07\/capa.png\",\"width\":1350,\"height\":900,\"caption\":\"PSOL 50\"},\"image\":{\"@id\":\"https:\/\/psol50.org.br\/#\/schema\/logo\/image\/\"},\"sameAs\":[\"https:\/\/www.facebook.com\/psol50\",\"https:\/\/x.com\/psol50\",\"https:\/\/www.instagram.com\/psol50\/\",\"https:\/\/www.youtube.com\/channel\/UC7SnJS5o1os7a6CaiNabzcg\"]},{\"@type\":\"Person\",\"@id\":\"https:\/\/psol50.org.br\/#\/schema\/person\/475dfa57d0b815993c714c2e96491fcd\",\"name\":\"Comunica\u00e7\u00e3o PSOL\",\"image\":{\"@type\":\"ImageObject\",\"inLanguage\":\"pt-BR\",\"@id\":\"https:\/\/psol50.org.br\/#\/schema\/person\/image\/\",\"url\":\"https:\/\/secure.gravatar.com\/avatar\/b34fc4f4e468a4e51785917065a3db57b841f5c95dba6ad8c73aaf8f66f8f9bf?s=96&d=mm&r=g\",\"contentUrl\":\"https:\/\/secure.gravatar.com\/avatar\/b34fc4f4e468a4e51785917065a3db57b841f5c95dba6ad8c73aaf8f66f8f9bf?s=96&d=mm&r=g\",\"caption\":\"Comunica\u00e7\u00e3o PSOL\"}}]}<\/script>\n<!-- \/ Yoast SEO plugin. -->","yoast_head_json":{"title":"Inscri\u00e7\u00f5es abertas para o Pr\u00eamio Marielle Franco de Direitos Humanos no DF - PSOL 50","description":"Organiza\u00e7\u00f5es, empresas, personalidades e servidores podem se inscrever. Iniciativas ser\u00e3o premiadas pela C\u00e2mara Legislativa em novembro","robots":{"index":"index","follow":"follow","max-snippet":"max-snippet:-1","max-image-preview":"max-image-preview:large","max-video-preview":"max-video-preview:-1"},"canonical":"https:\/\/psol50.org.br\/inscricoes-abertas-para-o-premio-marielle-franco-de-direitos-humanos\/","og_locale":"pt_BR","og_type":"article","og_title":"Inscri\u00e7\u00f5es abertas para o Pr\u00eamio Marielle Franco de Direitos Humanos no DF","og_description":"Organiza\u00e7\u00f5es, empresas, personalidades e servidores podem se inscrever. Iniciativas ser\u00e3o premiadas pela C\u00e2mara Legislativa em novembro","og_url":"https:\/\/psol50.org.br\/inscricoes-abertas-para-o-premio-marielle-franco-de-direitos-humanos\/","og_site_name":"PSOL 50","article_publisher":"https:\/\/www.facebook.com\/psol50","article_published_time":"2019-10-22T16:45:00+00:00","og_image":[{"width":1080,"height":531,"url":"https:\/\/psol50.org.br\/inc\/uploads\/2019\/10\/photo_2019-10-22_11-10-07-e1571762637346.jpg","type":"image\/jpeg"}],"author":"Comunica\u00e7\u00e3o PSOL","twitter_card":"summary_large_image","twitter_title":"Inscri\u00e7\u00f5es abertas para o Pr\u00eamio Marielle Franco de Direitos Humanos no DF","twitter_description":"Organiza\u00e7\u00f5es, empresas, personalidades e servidores podem se inscrever. Iniciativas ser\u00e3o premiadas pela C\u00e2mara Legislativa em novembro","twitter_image":"https:\/\/psol50.org.br\/inc\/uploads\/2019\/10\/photo_2019-10-22_11-10-07-e1571762637346.jpg","twitter_creator":"@psol50","twitter_site":"@psol50","twitter_misc":{"Escrito por":"Comunica\u00e7\u00e3o PSOL","Est. tempo de leitura":"2 minutos"},"schema":{"@context":"https:\/\/schema.org","@graph":[{"@type":"Article","@id":"https:\/\/psol50.org.br\/inscricoes-abertas-para-o-premio-marielle-franco-de-direitos-humanos\/#article","isPartOf":{"@id":"https:\/\/psol50.org.br\/inscricoes-abertas-para-o-premio-marielle-franco-de-direitos-humanos\/"},"author":{"name":"Comunica\u00e7\u00e3o PSOL","@id":"https:\/\/psol50.org.br\/#\/schema\/person\/475dfa57d0b815993c714c2e96491fcd"},"headline":"Inscri\u00e7\u00f5es abertas para o Pr\u00eamio Marielle Franco de Direitos Humanos no DF","datePublished":"2019-10-22T16:45:00+00:00","mainEntityOfPage":{"@id":"https:\/\/psol50.org.br\/inscricoes-abertas-para-o-premio-marielle-franco-de-direitos-humanos\/"},"wordCount":467,"publisher":{"@id":"https:\/\/psol50.org.br\/#organization"},"image":{"@id":"https:\/\/psol50.org.br\/inscricoes-abertas-para-o-premio-marielle-franco-de-direitos-humanos\/#primaryimage"},"thumbnailUrl":"https:\/\/psol50.org.br\/inc\/uploads\/2019\/10\/photo_2019-10-22_11-10-07-e1571762637346.jpg","keywords":["direitos humanos","Distrito Federal","Marielle Franco","pr\u00eamio"],"articleSection":["Not\u00edcias"],"inLanguage":"pt-BR"},{"@type":"WebPage","@id":"https:\/\/psol50.org.br\/inscricoes-abertas-para-o-premio-marielle-franco-de-direitos-humanos\/","url":"https:\/\/psol50.org.br\/inscricoes-abertas-para-o-premio-marielle-franco-de-direitos-humanos\/","name":"Inscri\u00e7\u00f5es abertas para o Pr\u00eamio Marielle Franco de Direitos Humanos no DF - PSOL 50","isPartOf":{"@id":"https:\/\/psol50.org.br\/#website"},"primaryImageOfPage":{"@id":"https:\/\/psol50.org.br\/inscricoes-abertas-para-o-premio-marielle-franco-de-direitos-humanos\/#primaryimage"},"image":{"@id":"https:\/\/psol50.org.br\/inscricoes-abertas-para-o-premio-marielle-franco-de-direitos-humanos\/#primaryimage"},"thumbnailUrl":"https:\/\/psol50.org.br\/inc\/uploads\/2019\/10\/photo_2019-10-22_11-10-07-e1571762637346.jpg","datePublished":"2019-10-22T16:45:00+00:00","description":"Organiza\u00e7\u00f5es, empresas, personalidades e servidores podem se inscrever. Iniciativas ser\u00e3o premiadas pela C\u00e2mara Legislativa em novembro","breadcrumb":{"@id":"https:\/\/psol50.org.br\/inscricoes-abertas-para-o-premio-marielle-franco-de-direitos-humanos\/#breadcrumb"},"inLanguage":"pt-BR","potentialAction":[{"@type":"ReadAction","target":["https:\/\/psol50.org.br\/inscricoes-abertas-para-o-premio-marielle-franco-de-direitos-humanos\/"]}]},{"@type":"ImageObject","inLanguage":"pt-BR","@id":"https:\/\/psol50.org.br\/inscricoes-abertas-para-o-premio-marielle-franco-de-direitos-humanos\/#primaryimage","url":"https:\/\/psol50.org.br\/inc\/uploads\/2019\/10\/photo_2019-10-22_11-10-07-e1571762637346.jpg","contentUrl":"https:\/\/psol50.org.br\/inc\/uploads\/2019\/10\/photo_2019-10-22_11-10-07-e1571762637346.jpg","width":1080,"height":531},{"@type":"BreadcrumbList","@id":"https:\/\/psol50.org.br\/inscricoes-abertas-para-o-premio-marielle-franco-de-direitos-humanos\/#breadcrumb","itemListElement":[{"@type":"ListItem","position":1,"name":"In\u00edcio","item":"https:\/\/psol50.org.br\/"},{"@type":"ListItem","position":2,"name":"Inscri\u00e7\u00f5es abertas para o Pr\u00eamio Marielle Franco de Direitos Humanos no DF"}]},{"@type":"WebSite","@id":"https:\/\/psol50.org.br\/#website","url":"https:\/\/psol50.org.br\/","name":"PSOL 50","description":"Site oficial do Partido Socialismo e Liberdade","publisher":{"@id":"https:\/\/psol50.org.br\/#organization"},"alternateName":"PSOL50","potentialAction":[{"@type":"SearchAction","target":{"@type":"EntryPoint","urlTemplate":"https:\/\/psol50.org.br\/?s={search_term_string}"},"query-input":{"@type":"PropertyValueSpecification","valueRequired":true,"valueName":"search_term_string"}}],"inLanguage":"pt-BR"},{"@type":"Organization","@id":"https:\/\/psol50.org.br\/#organization","name":"PSOL 50","alternateName":"PSOL 50","url":"https:\/\/psol50.org.br\/","logo":{"@type":"ImageObject","inLanguage":"pt-BR","@id":"https:\/\/psol50.org.br\/#\/schema\/logo\/image\/","url":"https:\/\/psol50.org.br\/inc\/uploads\/2018\/07\/capa.png","contentUrl":"https:\/\/psol50.org.br\/inc\/uploads\/2018\/07\/capa.png","width":1350,"height":900,"caption":"PSOL 50"},"image":{"@id":"https:\/\/psol50.org.br\/#\/schema\/logo\/image\/"},"sameAs":["https:\/\/www.facebook.com\/psol50","https:\/\/x.com\/psol50","https:\/\/www.instagram.com\/psol50\/","https:\/\/www.youtube.com\/channel\/UC7SnJS5o1os7a6CaiNabzcg"]},{"@type":"Person","@id":"https:\/\/psol50.org.br\/#\/schema\/person\/475dfa57d0b815993c714c2e96491fcd","name":"Comunica\u00e7\u00e3o PSOL","image":{"@type":"ImageObject","inLanguage":"pt-BR","@id":"https:\/\/psol50.org.br\/#\/schema\/person\/image\/","url":"https:\/\/secure.gravatar.com\/avatar\/b34fc4f4e468a4e51785917065a3db57b841f5c95dba6ad8c73aaf8f66f8f9bf?s=96&d=mm&r=g","contentUrl":"https:\/\/secure.gravatar.com\/avatar\/b34fc4f4e468a4e51785917065a3db57b841f5c95dba6ad8c73aaf8f66f8f9bf?s=96&d=mm&r=g","caption":"Comunica\u00e7\u00e3o PSOL"}}]}},"_links":{"self":[{"href":"https:\/\/psol50.org.br\/rest\/wp\/v2\/posts\/26761","targetHints":{"allow":["GET"]}}],"collection":[{"href":"https:\/\/psol50.org.br\/rest\/wp\/v2\/posts"}],"about":[{"href":"https:\/\/psol50.org.br\/rest\/wp\/v2\/types\/post"}],"author":[{"embeddable":true,"href":"https:\/\/psol50.org.br\/rest\/wp\/v2\/users\/2"}],"replies":[{"embeddable":true,"href":"https:\/\/psol50.org.br\/rest\/wp\/v2\/comments?post=26761"}],"version-history":[{"count":0,"href":"https:\/\/psol50.org.br\/rest\/wp\/v2\/posts\/26761\/revisions"}],"wp:featuredmedia":[{"embeddable":true,"href":"https:\/\/psol50.org.br\/rest\/wp\/v2\/media\/26762"}],"wp:attachment":[{"href":"https:\/\/psol50.org.br\/rest\/wp\/v2\/media?parent=26761"}],"wp:term":[{"taxonomy":"category","embeddable":true,"href":"https:\/\/psol50.org.br\/rest\/wp\/v2\/categories?post=26761"},{"taxonomy":"post_tag","embeddable":true,"href":"https:\/\/psol50.org.br\/rest\/wp\/v2\/tags?post=26761"}],"curies":[{"name":"wp","href":"https:\/\/api.w.org\/{rel}","templated":true}]}}