{"id":26775,"date":"2019-10-24T12:23:43","date_gmt":"2019-10-24T15:23:43","guid":{"rendered":"http:\/\/psol50.org.br\/?p=26775"},"modified":"2019-10-24T12:23:43","modified_gmt":"2019-10-24T15:23:43","slug":"joao-doria-veta-dossie-mulher-em-sp-projeto-do-psol-sobre-violencia-de-genero","status":"publish","type":"post","link":"https:\/\/psol50.org.br\/joao-doria-veta-dossie-mulher-em-sp-projeto-do-psol-sobre-violencia-de-genero\/","title":{"rendered":"Jo\u00e3o Doria veta &#8220;Dossi\u00ea Mulher&#8221; em SP, projeto do PSOL sobre viol\u00eancia de g\u00eanero"},"content":{"rendered":"<p>O governador de S\u00e3o Paulo, Jo\u00e3o Doria, vetou nesta semana o projeto de lei &#8220;Dossi\u00ea Mulher&#8221;, de autoria da deputada estadual do PSOL, Isa Penna. A medida previa a cria\u00e7\u00e3o de um banco de dados para unificar os registros de viol\u00eancia contra as mulheres no estado. O projeto foi aprovado na Assembleia Legislativa de S\u00e3o Paulo (Alesp) no final de setembro, com 55 votos favor\u00e1veis.<\/p>\n<p>A iniciativa de Isa Penna foi baseada em um projeto de igual teor apresentado pela vereadora Marielle Franco no Rio de Janeiro, que foi brutalmente assassinada em mar\u00e7o de 2018, em um crime ainda sem respostas. No Rio de Janeiro, a lei foi sancionada em setembro do ano passado.<\/p>\n<p>A medida vetada pelo governador do PSDB criaria um sistema de compila\u00e7\u00e3o usando os dados j\u00e1 existentes, fornecidos por estabelecimentos p\u00fablicos, como hospitais e centros de assist\u00eancia social, al\u00e9m dos de seguran\u00e7a p\u00fablica. Atualmente, j\u00e1 h\u00e1 produ\u00e7\u00e3o de estat\u00edsticas de viol\u00eancia contra a mulher, mas n\u00e3o h\u00e1 um banco de dados \u00fanico que re\u00fana os registros de diferentes secretarias.<\/p>\n<p>&#8220;Ele se reelegeu dizendo que seria o governador do aplicativo do bot\u00e3o do p\u00e2nico, que criaria mais delegacias da mulher. E veta um projeto que pretende mapear as viol\u00eancias, coloca em risco a vida das v\u00edtimas&#8221;, disse Isa Penna sobre o veto de Doria.<\/p>\n<p>A resposta do governo tucano aos questionamentos sobre os motivos do veto \u00e9 vergonhosa. Trata o projeto como &#8220;dispendioso e desnecess\u00e1rio&#8221;.<\/p>\n","protected":false},"excerpt":{"rendered":"<p>O governador de S\u00e3o Paulo, Jo\u00e3o Doria, vetou nesta semana o projeto de lei &#8220;Dossi\u00ea Mulher&#8221;, de autoria da deputada estadual do PSOL, Isa Penna. A medida previa a cria\u00e7\u00e3o de um banco de dados para unificar os registros de viol\u00eancia contra as mulheres no estado. O projeto foi aprovado na Assembleia Legislativa de S\u00e3o [&hellip;]<\/p>\n","protected":false},"author":2,"featured_media":26776,"comment_status":"closed","ping_status":"open","sticky":false,"template":"","format":"standard","meta":{"_acf_changed":false,"footnotes":""},"categories":[6],"tags":[141,113,1001,298,231,22,117,233],"class_list":{"0":"post-26775","1":"post","2":"type-post","3":"status-publish","4":"format-standard","5":"has-post-thumbnail","7":"category-noticias","8":"tag-alesp","9":"tag-doria","10":"tag-dossie","11":"tag-isa-penna","12":"tag-mulher","13":"tag-psol","14":"tag-sao-paulo","15":"tag-violencia"},"acf":[],"yoast_head":"<!-- This site is optimized with the Yoast SEO plugin v26.5 - https:\/\/yoast.com\/wordpress\/plugins\/seo\/ -->\n<title>Jo\u00e3o Doria veta &quot;Dossi\u00ea Mulher&quot; em SP, projeto do PSOL sobre viol\u00eancia de g\u00eanero<\/title>\n<meta name=\"description\" content=\"Projeto da deputada estadual Isa Penna havia sido aprovado em setembro pela ALESP, com 55 votos favor\u00e1veis\" \/>\n<meta name=\"robots\" content=\"index, follow, max-snippet:-1, max-image-preview:large, max-video-preview:-1\" \/>\n<link rel=\"canonical\" href=\"https:\/\/psol50.org.br\/joao-doria-veta-dossie-mulher-em-sp-projeto-do-psol-sobre-violencia-de-genero\/\" \/>\n<meta property=\"og:locale\" content=\"pt_BR\" \/>\n<meta property=\"og:type\" content=\"article\" \/>\n<meta property=\"og:title\" content=\"Doria veta &quot;Dossi\u00ea Mulher&quot; em SP, projeto do PSOL sobre viol\u00eancia de g\u00eanero\" \/>\n<meta property=\"og:description\" content=\"Projeto da deputada estadual Isa Penna havia sido aprovado em setembro pela ALESP, com 55 votos favor\u00e1veis\" \/>\n<meta property=\"og:url\" content=\"https:\/\/psol50.org.br\/joao-doria-veta-dossie-mulher-em-sp-projeto-do-psol-sobre-violencia-de-genero\/\" \/>\n<meta property=\"og:site_name\" content=\"PSOL 50\" \/>\n<meta property=\"article:publisher\" content=\"https:\/\/www.facebook.com\/psol50\" \/>\n<meta property=\"article:published_time\" content=\"2019-10-24T15:23:43+00:00\" \/>\n<meta property=\"og:image\" content=\"https:\/\/psol50.org.br\/inc\/uploads\/2019\/10\/arton30995-d325c.jpg\" \/>\n\t<meta property=\"og:image:width\" content=\"640\" \/>\n\t<meta property=\"og:image:height\" content=\"350\" \/>\n\t<meta property=\"og:image:type\" content=\"image\/jpeg\" \/>\n<meta name=\"author\" content=\"Comunica\u00e7\u00e3o PSOL\" \/>\n<meta name=\"twitter:card\" content=\"summary_large_image\" \/>\n<meta name=\"twitter:title\" content=\"Doria veta &quot;Dossi\u00ea Mulher&quot; em SP, projeto do PSOL sobre viol\u00eancia de g\u00eanero\" \/>\n<meta name=\"twitter:description\" content=\"Projeto da deputada estadual Isa Penna havia sido aprovado em setembro pela ALESP, com 55 votos favor\u00e1veis\" \/>\n<meta name=\"twitter:image\" content=\"https:\/\/psol50.org.br\/inc\/uploads\/2019\/10\/arton30995-d325c.jpg\" \/>\n<meta name=\"twitter:creator\" content=\"@psol50\" \/>\n<meta name=\"twitter:site\" content=\"@psol50\" \/>\n<meta name=\"twitter:label1\" content=\"Escrito por\" \/>\n\t<meta name=\"twitter:data1\" content=\"Comunica\u00e7\u00e3o PSOL\" \/>\n\t<meta name=\"twitter:label2\" content=\"Est. tempo de leitura\" \/>\n\t<meta name=\"twitter:data2\" content=\"1 minuto\" \/>\n<script type=\"application\/ld+json\" class=\"yoast-schema-graph\">{\"@context\":\"https:\/\/schema.org\",\"@graph\":[{\"@type\":\"Article\",\"@id\":\"https:\/\/psol50.org.br\/joao-doria-veta-dossie-mulher-em-sp-projeto-do-psol-sobre-violencia-de-genero\/#article\",\"isPartOf\":{\"@id\":\"https:\/\/psol50.org.br\/joao-doria-veta-dossie-mulher-em-sp-projeto-do-psol-sobre-violencia-de-genero\/\"},\"author\":{\"name\":\"Comunica\u00e7\u00e3o PSOL\",\"@id\":\"https:\/\/psol50.org.br\/#\/schema\/person\/475dfa57d0b815993c714c2e96491fcd\"},\"headline\":\"Jo\u00e3o Doria veta &#8220;Dossi\u00ea Mulher&#8221; em SP, projeto do PSOL sobre viol\u00eancia de g\u00eanero\",\"datePublished\":\"2019-10-24T15:23:43+00:00\",\"mainEntityOfPage\":{\"@id\":\"https:\/\/psol50.org.br\/joao-doria-veta-dossie-mulher-em-sp-projeto-do-psol-sobre-violencia-de-genero\/\"},\"wordCount\":275,\"publisher\":{\"@id\":\"https:\/\/psol50.org.br\/#organization\"},\"image\":{\"@id\":\"https:\/\/psol50.org.br\/joao-doria-veta-dossie-mulher-em-sp-projeto-do-psol-sobre-violencia-de-genero\/#primaryimage\"},\"thumbnailUrl\":\"https:\/\/psol50.org.br\/inc\/uploads\/2019\/10\/arton30995-d325c.jpg\",\"keywords\":[\"alesp\",\"doria\",\"dossi\u00ea\",\"Isa Penna\",\"mulher\",\"PSOL\",\"S\u00e3o Paulo\",\"viol\u00eancia\"],\"articleSection\":[\"Not\u00edcias\"],\"inLanguage\":\"pt-BR\"},{\"@type\":\"WebPage\",\"@id\":\"https:\/\/psol50.org.br\/joao-doria-veta-dossie-mulher-em-sp-projeto-do-psol-sobre-violencia-de-genero\/\",\"url\":\"https:\/\/psol50.org.br\/joao-doria-veta-dossie-mulher-em-sp-projeto-do-psol-sobre-violencia-de-genero\/\",\"name\":\"Jo\u00e3o Doria veta \\\"Dossi\u00ea Mulher\\\" em SP, projeto do PSOL sobre viol\u00eancia de g\u00eanero\",\"isPartOf\":{\"@id\":\"https:\/\/psol50.org.br\/#website\"},\"primaryImageOfPage\":{\"@id\":\"https:\/\/psol50.org.br\/joao-doria-veta-dossie-mulher-em-sp-projeto-do-psol-sobre-violencia-de-genero\/#primaryimage\"},\"image\":{\"@id\":\"https:\/\/psol50.org.br\/joao-doria-veta-dossie-mulher-em-sp-projeto-do-psol-sobre-violencia-de-genero\/#primaryimage\"},\"thumbnailUrl\":\"https:\/\/psol50.org.br\/inc\/uploads\/2019\/10\/arton30995-d325c.jpg\",\"datePublished\":\"2019-10-24T15:23:43+00:00\",\"description\":\"Projeto da deputada estadual Isa Penna havia sido aprovado em setembro pela ALESP, com 55 votos favor\u00e1veis\",\"breadcrumb\":{\"@id\":\"https:\/\/psol50.org.br\/joao-doria-veta-dossie-mulher-em-sp-projeto-do-psol-sobre-violencia-de-genero\/#breadcrumb\"},\"inLanguage\":\"pt-BR\",\"potentialAction\":[{\"@type\":\"ReadAction\",\"target\":[\"https:\/\/psol50.org.br\/joao-doria-veta-dossie-mulher-em-sp-projeto-do-psol-sobre-violencia-de-genero\/\"]}]},{\"@type\":\"ImageObject\",\"inLanguage\":\"pt-BR\",\"@id\":\"https:\/\/psol50.org.br\/joao-doria-veta-dossie-mulher-em-sp-projeto-do-psol-sobre-violencia-de-genero\/#primaryimage\",\"url\":\"https:\/\/psol50.org.br\/inc\/uploads\/2019\/10\/arton30995-d325c.jpg\",\"contentUrl\":\"https:\/\/psol50.org.br\/inc\/uploads\/2019\/10\/arton30995-d325c.jpg\",\"width\":640,\"height\":350,\"caption\":\"Foto: Alesp\"},{\"@type\":\"BreadcrumbList\",\"@id\":\"https:\/\/psol50.org.br\/joao-doria-veta-dossie-mulher-em-sp-projeto-do-psol-sobre-violencia-de-genero\/#breadcrumb\",\"itemListElement\":[{\"@type\":\"ListItem\",\"position\":1,\"name\":\"In\u00edcio\",\"item\":\"https:\/\/psol50.org.br\/\"},{\"@type\":\"ListItem\",\"position\":2,\"name\":\"Jo\u00e3o Doria veta &#8220;Dossi\u00ea Mulher&#8221; em SP, projeto do PSOL sobre viol\u00eancia de g\u00eanero\"}]},{\"@type\":\"WebSite\",\"@id\":\"https:\/\/psol50.org.br\/#website\",\"url\":\"https:\/\/psol50.org.br\/\",\"name\":\"PSOL 50\",\"description\":\"Site oficial do Partido Socialismo e Liberdade\",\"publisher\":{\"@id\":\"https:\/\/psol50.org.br\/#organization\"},\"alternateName\":\"PSOL50\",\"potentialAction\":[{\"@type\":\"SearchAction\",\"target\":{\"@type\":\"EntryPoint\",\"urlTemplate\":\"https:\/\/psol50.org.br\/?s={search_term_string}\"},\"query-input\":{\"@type\":\"PropertyValueSpecification\",\"valueRequired\":true,\"valueName\":\"search_term_string\"}}],\"inLanguage\":\"pt-BR\"},{\"@type\":\"Organization\",\"@id\":\"https:\/\/psol50.org.br\/#organization\",\"name\":\"PSOL 50\",\"alternateName\":\"PSOL 50\",\"url\":\"https:\/\/psol50.org.br\/\",\"logo\":{\"@type\":\"ImageObject\",\"inLanguage\":\"pt-BR\",\"@id\":\"https:\/\/psol50.org.br\/#\/schema\/logo\/image\/\",\"url\":\"https:\/\/psol50.org.br\/inc\/uploads\/2018\/07\/capa.png\",\"contentUrl\":\"https:\/\/psol50.org.br\/inc\/uploads\/2018\/07\/capa.png\",\"width\":1350,\"height\":900,\"caption\":\"PSOL 50\"},\"image\":{\"@id\":\"https:\/\/psol50.org.br\/#\/schema\/logo\/image\/\"},\"sameAs\":[\"https:\/\/www.facebook.com\/psol50\",\"https:\/\/x.com\/psol50\",\"https:\/\/www.instagram.com\/psol50\/\",\"https:\/\/www.youtube.com\/channel\/UC7SnJS5o1os7a6CaiNabzcg\"]},{\"@type\":\"Person\",\"@id\":\"https:\/\/psol50.org.br\/#\/schema\/person\/475dfa57d0b815993c714c2e96491fcd\",\"name\":\"Comunica\u00e7\u00e3o PSOL\",\"image\":{\"@type\":\"ImageObject\",\"inLanguage\":\"pt-BR\",\"@id\":\"https:\/\/psol50.org.br\/#\/schema\/person\/image\/\",\"url\":\"https:\/\/secure.gravatar.com\/avatar\/b34fc4f4e468a4e51785917065a3db57b841f5c95dba6ad8c73aaf8f66f8f9bf?s=96&d=mm&r=g\",\"contentUrl\":\"https:\/\/secure.gravatar.com\/avatar\/b34fc4f4e468a4e51785917065a3db57b841f5c95dba6ad8c73aaf8f66f8f9bf?s=96&d=mm&r=g\",\"caption\":\"Comunica\u00e7\u00e3o PSOL\"}}]}<\/script>\n<!-- \/ Yoast SEO plugin. -->","yoast_head_json":{"title":"Jo\u00e3o Doria veta \"Dossi\u00ea Mulher\" em SP, projeto do PSOL sobre viol\u00eancia de g\u00eanero","description":"Projeto da deputada estadual Isa Penna havia sido aprovado em setembro pela ALESP, com 55 votos favor\u00e1veis","robots":{"index":"index","follow":"follow","max-snippet":"max-snippet:-1","max-image-preview":"max-image-preview:large","max-video-preview":"max-video-preview:-1"},"canonical":"https:\/\/psol50.org.br\/joao-doria-veta-dossie-mulher-em-sp-projeto-do-psol-sobre-violencia-de-genero\/","og_locale":"pt_BR","og_type":"article","og_title":"Doria veta \"Dossi\u00ea Mulher\" em SP, projeto do PSOL sobre viol\u00eancia de g\u00eanero","og_description":"Projeto da deputada estadual Isa Penna havia sido aprovado em setembro pela ALESP, com 55 votos favor\u00e1veis","og_url":"https:\/\/psol50.org.br\/joao-doria-veta-dossie-mulher-em-sp-projeto-do-psol-sobre-violencia-de-genero\/","og_site_name":"PSOL 50","article_publisher":"https:\/\/www.facebook.com\/psol50","article_published_time":"2019-10-24T15:23:43+00:00","og_image":[{"width":640,"height":350,"url":"https:\/\/psol50.org.br\/inc\/uploads\/2019\/10\/arton30995-d325c.jpg","type":"image\/jpeg"}],"author":"Comunica\u00e7\u00e3o PSOL","twitter_card":"summary_large_image","twitter_title":"Doria veta \"Dossi\u00ea Mulher\" em SP, projeto do PSOL sobre viol\u00eancia de g\u00eanero","twitter_description":"Projeto da deputada estadual Isa Penna havia sido aprovado em setembro pela ALESP, com 55 votos favor\u00e1veis","twitter_image":"https:\/\/psol50.org.br\/inc\/uploads\/2019\/10\/arton30995-d325c.jpg","twitter_creator":"@psol50","twitter_site":"@psol50","twitter_misc":{"Escrito por":"Comunica\u00e7\u00e3o PSOL","Est. tempo de leitura":"1 minuto"},"schema":{"@context":"https:\/\/schema.org","@graph":[{"@type":"Article","@id":"https:\/\/psol50.org.br\/joao-doria-veta-dossie-mulher-em-sp-projeto-do-psol-sobre-violencia-de-genero\/#article","isPartOf":{"@id":"https:\/\/psol50.org.br\/joao-doria-veta-dossie-mulher-em-sp-projeto-do-psol-sobre-violencia-de-genero\/"},"author":{"name":"Comunica\u00e7\u00e3o PSOL","@id":"https:\/\/psol50.org.br\/#\/schema\/person\/475dfa57d0b815993c714c2e96491fcd"},"headline":"Jo\u00e3o Doria veta &#8220;Dossi\u00ea Mulher&#8221; em SP, projeto do PSOL sobre viol\u00eancia de g\u00eanero","datePublished":"2019-10-24T15:23:43+00:00","mainEntityOfPage":{"@id":"https:\/\/psol50.org.br\/joao-doria-veta-dossie-mulher-em-sp-projeto-do-psol-sobre-violencia-de-genero\/"},"wordCount":275,"publisher":{"@id":"https:\/\/psol50.org.br\/#organization"},"image":{"@id":"https:\/\/psol50.org.br\/joao-doria-veta-dossie-mulher-em-sp-projeto-do-psol-sobre-violencia-de-genero\/#primaryimage"},"thumbnailUrl":"https:\/\/psol50.org.br\/inc\/uploads\/2019\/10\/arton30995-d325c.jpg","keywords":["alesp","doria","dossi\u00ea","Isa Penna","mulher","PSOL","S\u00e3o Paulo","viol\u00eancia"],"articleSection":["Not\u00edcias"],"inLanguage":"pt-BR"},{"@type":"WebPage","@id":"https:\/\/psol50.org.br\/joao-doria-veta-dossie-mulher-em-sp-projeto-do-psol-sobre-violencia-de-genero\/","url":"https:\/\/psol50.org.br\/joao-doria-veta-dossie-mulher-em-sp-projeto-do-psol-sobre-violencia-de-genero\/","name":"Jo\u00e3o Doria veta \"Dossi\u00ea Mulher\" em SP, projeto do PSOL sobre viol\u00eancia de g\u00eanero","isPartOf":{"@id":"https:\/\/psol50.org.br\/#website"},"primaryImageOfPage":{"@id":"https:\/\/psol50.org.br\/joao-doria-veta-dossie-mulher-em-sp-projeto-do-psol-sobre-violencia-de-genero\/#primaryimage"},"image":{"@id":"https:\/\/psol50.org.br\/joao-doria-veta-dossie-mulher-em-sp-projeto-do-psol-sobre-violencia-de-genero\/#primaryimage"},"thumbnailUrl":"https:\/\/psol50.org.br\/inc\/uploads\/2019\/10\/arton30995-d325c.jpg","datePublished":"2019-10-24T15:23:43+00:00","description":"Projeto da deputada estadual Isa Penna havia sido aprovado em setembro pela ALESP, com 55 votos favor\u00e1veis","breadcrumb":{"@id":"https:\/\/psol50.org.br\/joao-doria-veta-dossie-mulher-em-sp-projeto-do-psol-sobre-violencia-de-genero\/#breadcrumb"},"inLanguage":"pt-BR","potentialAction":[{"@type":"ReadAction","target":["https:\/\/psol50.org.br\/joao-doria-veta-dossie-mulher-em-sp-projeto-do-psol-sobre-violencia-de-genero\/"]}]},{"@type":"ImageObject","inLanguage":"pt-BR","@id":"https:\/\/psol50.org.br\/joao-doria-veta-dossie-mulher-em-sp-projeto-do-psol-sobre-violencia-de-genero\/#primaryimage","url":"https:\/\/psol50.org.br\/inc\/uploads\/2019\/10\/arton30995-d325c.jpg","contentUrl":"https:\/\/psol50.org.br\/inc\/uploads\/2019\/10\/arton30995-d325c.jpg","width":640,"height":350,"caption":"Foto: Alesp"},{"@type":"BreadcrumbList","@id":"https:\/\/psol50.org.br\/joao-doria-veta-dossie-mulher-em-sp-projeto-do-psol-sobre-violencia-de-genero\/#breadcrumb","itemListElement":[{"@type":"ListItem","position":1,"name":"In\u00edcio","item":"https:\/\/psol50.org.br\/"},{"@type":"ListItem","position":2,"name":"Jo\u00e3o Doria veta &#8220;Dossi\u00ea Mulher&#8221; em SP, projeto do PSOL sobre viol\u00eancia de g\u00eanero"}]},{"@type":"WebSite","@id":"https:\/\/psol50.org.br\/#website","url":"https:\/\/psol50.org.br\/","name":"PSOL 50","description":"Site oficial do Partido Socialismo e Liberdade","publisher":{"@id":"https:\/\/psol50.org.br\/#organization"},"alternateName":"PSOL50","potentialAction":[{"@type":"SearchAction","target":{"@type":"EntryPoint","urlTemplate":"https:\/\/psol50.org.br\/?s={search_term_string}"},"query-input":{"@type":"PropertyValueSpecification","valueRequired":true,"valueName":"search_term_string"}}],"inLanguage":"pt-BR"},{"@type":"Organization","@id":"https:\/\/psol50.org.br\/#organization","name":"PSOL 50","alternateName":"PSOL 50","url":"https:\/\/psol50.org.br\/","logo":{"@type":"ImageObject","inLanguage":"pt-BR","@id":"https:\/\/psol50.org.br\/#\/schema\/logo\/image\/","url":"https:\/\/psol50.org.br\/inc\/uploads\/2018\/07\/capa.png","contentUrl":"https:\/\/psol50.org.br\/inc\/uploads\/2018\/07\/capa.png","width":1350,"height":900,"caption":"PSOL 50"},"image":{"@id":"https:\/\/psol50.org.br\/#\/schema\/logo\/image\/"},"sameAs":["https:\/\/www.facebook.com\/psol50","https:\/\/x.com\/psol50","https:\/\/www.instagram.com\/psol50\/","https:\/\/www.youtube.com\/channel\/UC7SnJS5o1os7a6CaiNabzcg"]},{"@type":"Person","@id":"https:\/\/psol50.org.br\/#\/schema\/person\/475dfa57d0b815993c714c2e96491fcd","name":"Comunica\u00e7\u00e3o PSOL","image":{"@type":"ImageObject","inLanguage":"pt-BR","@id":"https:\/\/psol50.org.br\/#\/schema\/person\/image\/","url":"https:\/\/secure.gravatar.com\/avatar\/b34fc4f4e468a4e51785917065a3db57b841f5c95dba6ad8c73aaf8f66f8f9bf?s=96&d=mm&r=g","contentUrl":"https:\/\/secure.gravatar.com\/avatar\/b34fc4f4e468a4e51785917065a3db57b841f5c95dba6ad8c73aaf8f66f8f9bf?s=96&d=mm&r=g","caption":"Comunica\u00e7\u00e3o PSOL"}}]}},"_links":{"self":[{"href":"https:\/\/psol50.org.br\/rest\/wp\/v2\/posts\/26775","targetHints":{"allow":["GET"]}}],"collection":[{"href":"https:\/\/psol50.org.br\/rest\/wp\/v2\/posts"}],"about":[{"href":"https:\/\/psol50.org.br\/rest\/wp\/v2\/types\/post"}],"author":[{"embeddable":true,"href":"https:\/\/psol50.org.br\/rest\/wp\/v2\/users\/2"}],"replies":[{"embeddable":true,"href":"https:\/\/psol50.org.br\/rest\/wp\/v2\/comments?post=26775"}],"version-history":[{"count":0,"href":"https:\/\/psol50.org.br\/rest\/wp\/v2\/posts\/26775\/revisions"}],"wp:featuredmedia":[{"embeddable":true,"href":"https:\/\/psol50.org.br\/rest\/wp\/v2\/media\/26776"}],"wp:attachment":[{"href":"https:\/\/psol50.org.br\/rest\/wp\/v2\/media?parent=26775"}],"wp:term":[{"taxonomy":"category","embeddable":true,"href":"https:\/\/psol50.org.br\/rest\/wp\/v2\/categories?post=26775"},{"taxonomy":"post_tag","embeddable":true,"href":"https:\/\/psol50.org.br\/rest\/wp\/v2\/tags?post=26775"}],"curies":[{"name":"wp","href":"https:\/\/api.w.org\/{rel}","templated":true}]}}