{"id":26790,"date":"2019-10-24T18:27:00","date_gmt":"2019-10-24T21:27:00","guid":{"rendered":"http:\/\/psol50.org.br\/?p=26790"},"modified":"2019-10-24T18:27:00","modified_gmt":"2019-10-24T21:27:00","slug":"psol-questiona-ministro-olavista-sobre-perseguicao-e-exoneracao-de-diplomata","status":"publish","type":"post","link":"https:\/\/psol50.org.br\/psol-questiona-ministro-olavista-sobre-perseguicao-e-exoneracao-de-diplomata\/","title":{"rendered":"PSOL questiona ministro olavista sobre persegui\u00e7\u00e3o e exonera\u00e7\u00e3o de diplomata"},"content":{"rendered":"<p>A bancada do PSOL na C\u00e2mara dos Deputados, atrav\u00e9s da sua vice-l\u00edder Fernanda Melchionna, protocolou uma carta solicitando informa\u00e7\u00f5es ao Ministro das Rela\u00e7\u00f5es Exteriores, Ernesto Ara\u00fajo, sobre a exonera\u00e7\u00e3o de Audo Ara\u00fajo Faleiro, desligado quatro dias depois de ser nomeado para o cargo de chefia da Divis\u00e3o de Europa do Itamaraty.<\/p>\n<p>No dia 17 de outubro, uma publica\u00e7\u00e3o do site &#8220;O Antagonista&#8221; afirmou que o diplomata trabalhou com Marco Aur\u00e9lio Garcia, um dos principais nomes da pol\u00edtica externa brasileira durante os governos Lula e Dilma. Logo em seguida houve forte rea\u00e7\u00e3o nas redes sociais dos grupos mais extremistas ligados ao governo Bolsonaro, criticando a decis\u00e3o de nome\u00e1-lo.<\/p>\n<p>O pedido de informa\u00e7\u00f5es do PSOL quer saber qual a justificativa para exonerar um servidor apenas quatro dias depois de sua nomea\u00e7\u00e3o. A lei do Servi\u00e7o Exterior Brasileira \u00e9 bem clara: a atua\u00e7\u00e3o da diplomacia brasileira deve ser pautada pelo profissionalismo, n\u00e3o havendo qualquer men\u00e7\u00e3o \u00e0 necessidade de alinhamento pol\u00edtico-partid\u00e1rio como requisito para o desempenho de cargo de chefia no Itamaraty.<\/p>\n<p>Faleiro tamb\u00e9m j\u00e1 trabalhou em Paris durante parte do governo de Michel Temer e antes j\u00e1 tinha sido um dos representantes brasileiros junto \u00e0 Organiza\u00e7\u00e3o Mundial do Com\u00e9rcio.<\/p>\n<p><em><strong>Leia os questionamentos feitos pelo PSOL ao ministro para combater a sua persegui\u00e7\u00e3o pol\u00edtico-ideol\u00f3gica:<\/strong><\/em><\/p>\n<p>&#8211; A cess\u00e3o de Faleiro pelo Minist\u00e9rio das Rela\u00e7\u00f5es para trabalhar em Assessorias Especiais da Presid\u00eancia da Rep\u00fablica de governos anteriores motivou o afastamento do Sr. Faleiro da chefia da Divis\u00e3o da Europa do Itamaraty?<\/p>\n<p>&#8211; Este Minist\u00e9rio considera que Faleiro cometeu uma falta grave quando aceitou convite profissional para servir ao seu pa\u00eds prestando assessoramento \u00e0 Presid\u00eancia da Rep\u00fablica ent\u00e3o em exerc\u00edcio?<\/p>\n<p>&#8211; No entendimento deste Minist\u00e9rio, esta exonera\u00e7\u00e3o viola o princ\u00edpio de que o funcion\u00e1rio diplom\u00e1tico brasileiro \u00e9 servidor de Estado, e n\u00e3o do governo da situa\u00e7\u00e3o? Se n\u00e3o, por que?<\/p>\n<p>&#8211; Esta exonera\u00e7\u00e3o deve ser tomada como evid\u00eancia de que est\u00e1 havendo persegui\u00e7\u00e3o de cunho pol\u00edtico-ideol\u00f3gico dentro do Minist\u00e9rio das Rela\u00e7\u00f5es Exteriores? Se n\u00e3o, por que?<\/p>\n<p>&#8211; Jovens diplomatas que est\u00e3o atualmente cedidos para Assessorias Especiais da Presid\u00eancia da Rep\u00fablica ou para assessorias internacionais de Minist\u00e9rios da atual administra\u00e7\u00e3o deveriam se preocupar com este precedente? Se n\u00e3o, por que?<\/p>\n<p>&#8211; Diversos outros diplomatas que assumiram cargos de confian\u00e7a durante a gest\u00e3o anterior, incluindo o atual Ministro de Estado, deveriam ser igualmente exonerados? O que faz o caso de Faleiro ser tratado de maneira diferente?<\/p>\n","protected":false},"excerpt":{"rendered":"<p>A bancada do PSOL na C\u00e2mara dos Deputados, atrav\u00e9s da sua vice-l\u00edder Fernanda Melchionna, protocolou uma carta solicitando informa\u00e7\u00f5es ao Ministro das Rela\u00e7\u00f5es Exteriores, Ernesto Ara\u00fajo, sobre a exonera\u00e7\u00e3o de Audo Ara\u00fajo Faleiro, desligado quatro dias depois de ser nomeado para o cargo de chefia da Divis\u00e3o de Europa do Itamaraty. No dia 17 de [&hellip;]<\/p>\n","protected":false},"author":2,"featured_media":26791,"comment_status":"closed","ping_status":"open","sticky":false,"template":"","format":"standard","meta":{"_acf_changed":false,"footnotes":""},"categories":[6],"tags":[600,296,423,271,22,546],"class_list":{"0":"post-26790","1":"post","2":"type-post","3":"status-publish","4":"format-standard","5":"has-post-thumbnail","7":"category-noticias","8":"tag-ernesto-araujo","9":"tag-fernanda-melchionna","10":"tag-itamaraty","11":"tag-perseguicao","12":"tag-psol","13":"tag-relacoes-exteriores"},"acf":[],"yoast_head":"<!-- This site is optimized with the Yoast SEO plugin v26.5 - https:\/\/yoast.com\/wordpress\/plugins\/seo\/ -->\n<title>PSOL questiona ministro olavista sobre persegui\u00e7\u00e3o e exonera\u00e7\u00e3o de diplomata<\/title>\n<meta name=\"description\" content=\"Ernesto Ara\u00fajo exonerou servidor por ele ter trabalhado na diplomacia brasileira durante os governos Lula e Dilma\" \/>\n<meta name=\"robots\" content=\"index, follow, max-snippet:-1, max-image-preview:large, max-video-preview:-1\" \/>\n<link rel=\"canonical\" href=\"https:\/\/psol50.org.br\/psol-questiona-ministro-olavista-sobre-perseguicao-e-exoneracao-de-diplomata\/\" \/>\n<meta property=\"og:locale\" content=\"pt_BR\" \/>\n<meta property=\"og:type\" content=\"article\" \/>\n<meta property=\"og:title\" content=\"PSOL questiona ministro olavista sobre persegui\u00e7\u00e3o e exonera\u00e7\u00e3o de diplomata\" \/>\n<meta property=\"og:description\" content=\"Ernesto Ara\u00fajo exonerou servidor por ele ter trabalhado na diplomacia brasileira durante os governos Lula e Dilma\" \/>\n<meta property=\"og:url\" content=\"https:\/\/psol50.org.br\/psol-questiona-ministro-olavista-sobre-perseguicao-e-exoneracao-de-diplomata\/\" \/>\n<meta property=\"og:site_name\" content=\"PSOL 50\" \/>\n<meta property=\"article:publisher\" content=\"https:\/\/www.facebook.com\/psol50\" \/>\n<meta property=\"article:published_time\" content=\"2019-10-24T21:27:00+00:00\" \/>\n<meta property=\"og:image\" content=\"https:\/\/psol50.org.br\/inc\/uploads\/2019\/10\/bolsonaro-ernesto-araujo-1-868x644-1.jpeg\" \/>\n\t<meta property=\"og:image:width\" content=\"868\" \/>\n\t<meta property=\"og:image:height\" content=\"644\" \/>\n\t<meta property=\"og:image:type\" content=\"image\/jpeg\" \/>\n<meta name=\"author\" content=\"Comunica\u00e7\u00e3o PSOL\" \/>\n<meta name=\"twitter:card\" content=\"summary_large_image\" \/>\n<meta name=\"twitter:title\" content=\"PSOL questiona ministro olavista sobre persegui\u00e7\u00e3o e exonera\u00e7\u00e3o de diplomata\" \/>\n<meta name=\"twitter:description\" content=\"Ernesto Ara\u00fajo exonerou servidor por ele ter trabalhado na diplomacia brasileira durante os governos Lula e Dilma\" \/>\n<meta name=\"twitter:image\" content=\"https:\/\/psol50.org.br\/inc\/uploads\/2019\/10\/bolsonaro-ernesto-araujo-1-868x644-1.jpeg\" \/>\n<meta name=\"twitter:creator\" content=\"@psol50\" \/>\n<meta name=\"twitter:site\" content=\"@psol50\" \/>\n<meta name=\"twitter:label1\" content=\"Escrito por\" \/>\n\t<meta name=\"twitter:data1\" content=\"Comunica\u00e7\u00e3o PSOL\" \/>\n\t<meta name=\"twitter:label2\" content=\"Est. tempo de leitura\" \/>\n\t<meta name=\"twitter:data2\" content=\"2 minutos\" \/>\n<script type=\"application\/ld+json\" class=\"yoast-schema-graph\">{\"@context\":\"https:\/\/schema.org\",\"@graph\":[{\"@type\":\"Article\",\"@id\":\"https:\/\/psol50.org.br\/psol-questiona-ministro-olavista-sobre-perseguicao-e-exoneracao-de-diplomata\/#article\",\"isPartOf\":{\"@id\":\"https:\/\/psol50.org.br\/psol-questiona-ministro-olavista-sobre-perseguicao-e-exoneracao-de-diplomata\/\"},\"author\":{\"name\":\"Comunica\u00e7\u00e3o PSOL\",\"@id\":\"https:\/\/psol50.org.br\/#\/schema\/person\/475dfa57d0b815993c714c2e96491fcd\"},\"headline\":\"PSOL questiona ministro olavista sobre persegui\u00e7\u00e3o e exonera\u00e7\u00e3o de diplomata\",\"datePublished\":\"2019-10-24T21:27:00+00:00\",\"mainEntityOfPage\":{\"@id\":\"https:\/\/psol50.org.br\/psol-questiona-ministro-olavista-sobre-perseguicao-e-exoneracao-de-diplomata\/\"},\"wordCount\":468,\"publisher\":{\"@id\":\"https:\/\/psol50.org.br\/#organization\"},\"image\":{\"@id\":\"https:\/\/psol50.org.br\/psol-questiona-ministro-olavista-sobre-perseguicao-e-exoneracao-de-diplomata\/#primaryimage\"},\"thumbnailUrl\":\"https:\/\/psol50.org.br\/inc\/uploads\/2019\/10\/bolsonaro-ernesto-araujo-1-868x644-1.jpeg\",\"keywords\":[\"ernesto ara\u00fajo\",\"Fernanda Melchionna\",\"itamaraty\",\"persegui\u00e7\u00e3o\",\"PSOL\",\"rela\u00e7\u00f5es exteriores\"],\"articleSection\":[\"Not\u00edcias\"],\"inLanguage\":\"pt-BR\"},{\"@type\":\"WebPage\",\"@id\":\"https:\/\/psol50.org.br\/psol-questiona-ministro-olavista-sobre-perseguicao-e-exoneracao-de-diplomata\/\",\"url\":\"https:\/\/psol50.org.br\/psol-questiona-ministro-olavista-sobre-perseguicao-e-exoneracao-de-diplomata\/\",\"name\":\"PSOL questiona ministro olavista sobre persegui\u00e7\u00e3o e exonera\u00e7\u00e3o de diplomata\",\"isPartOf\":{\"@id\":\"https:\/\/psol50.org.br\/#website\"},\"primaryImageOfPage\":{\"@id\":\"https:\/\/psol50.org.br\/psol-questiona-ministro-olavista-sobre-perseguicao-e-exoneracao-de-diplomata\/#primaryimage\"},\"image\":{\"@id\":\"https:\/\/psol50.org.br\/psol-questiona-ministro-olavista-sobre-perseguicao-e-exoneracao-de-diplomata\/#primaryimage\"},\"thumbnailUrl\":\"https:\/\/psol50.org.br\/inc\/uploads\/2019\/10\/bolsonaro-ernesto-araujo-1-868x644-1.jpeg\",\"datePublished\":\"2019-10-24T21:27:00+00:00\",\"description\":\"Ernesto Ara\u00fajo exonerou servidor por ele ter trabalhado na diplomacia brasileira durante os governos Lula e Dilma\",\"breadcrumb\":{\"@id\":\"https:\/\/psol50.org.br\/psol-questiona-ministro-olavista-sobre-perseguicao-e-exoneracao-de-diplomata\/#breadcrumb\"},\"inLanguage\":\"pt-BR\",\"potentialAction\":[{\"@type\":\"ReadAction\",\"target\":[\"https:\/\/psol50.org.br\/psol-questiona-ministro-olavista-sobre-perseguicao-e-exoneracao-de-diplomata\/\"]}]},{\"@type\":\"ImageObject\",\"inLanguage\":\"pt-BR\",\"@id\":\"https:\/\/psol50.org.br\/psol-questiona-ministro-olavista-sobre-perseguicao-e-exoneracao-de-diplomata\/#primaryimage\",\"url\":\"https:\/\/psol50.org.br\/inc\/uploads\/2019\/10\/bolsonaro-ernesto-araujo-1-868x644-1.jpeg\",\"contentUrl\":\"https:\/\/psol50.org.br\/inc\/uploads\/2019\/10\/bolsonaro-ernesto-araujo-1-868x644-1.jpeg\",\"width\":868,\"height\":644,\"caption\":\"Foto: S\u00e9rgio Lima\/Poder360\"},{\"@type\":\"BreadcrumbList\",\"@id\":\"https:\/\/psol50.org.br\/psol-questiona-ministro-olavista-sobre-perseguicao-e-exoneracao-de-diplomata\/#breadcrumb\",\"itemListElement\":[{\"@type\":\"ListItem\",\"position\":1,\"name\":\"In\u00edcio\",\"item\":\"https:\/\/psol50.org.br\/\"},{\"@type\":\"ListItem\",\"position\":2,\"name\":\"PSOL questiona ministro olavista sobre persegui\u00e7\u00e3o e exonera\u00e7\u00e3o de diplomata\"}]},{\"@type\":\"WebSite\",\"@id\":\"https:\/\/psol50.org.br\/#website\",\"url\":\"https:\/\/psol50.org.br\/\",\"name\":\"PSOL 50\",\"description\":\"Site oficial do Partido Socialismo e Liberdade\",\"publisher\":{\"@id\":\"https:\/\/psol50.org.br\/#organization\"},\"alternateName\":\"PSOL50\",\"potentialAction\":[{\"@type\":\"SearchAction\",\"target\":{\"@type\":\"EntryPoint\",\"urlTemplate\":\"https:\/\/psol50.org.br\/?s={search_term_string}\"},\"query-input\":{\"@type\":\"PropertyValueSpecification\",\"valueRequired\":true,\"valueName\":\"search_term_string\"}}],\"inLanguage\":\"pt-BR\"},{\"@type\":\"Organization\",\"@id\":\"https:\/\/psol50.org.br\/#organization\",\"name\":\"PSOL 50\",\"alternateName\":\"PSOL 50\",\"url\":\"https:\/\/psol50.org.br\/\",\"logo\":{\"@type\":\"ImageObject\",\"inLanguage\":\"pt-BR\",\"@id\":\"https:\/\/psol50.org.br\/#\/schema\/logo\/image\/\",\"url\":\"https:\/\/psol50.org.br\/inc\/uploads\/2018\/07\/capa.png\",\"contentUrl\":\"https:\/\/psol50.org.br\/inc\/uploads\/2018\/07\/capa.png\",\"width\":1350,\"height\":900,\"caption\":\"PSOL 50\"},\"image\":{\"@id\":\"https:\/\/psol50.org.br\/#\/schema\/logo\/image\/\"},\"sameAs\":[\"https:\/\/www.facebook.com\/psol50\",\"https:\/\/x.com\/psol50\",\"https:\/\/www.instagram.com\/psol50\/\",\"https:\/\/www.youtube.com\/channel\/UC7SnJS5o1os7a6CaiNabzcg\"]},{\"@type\":\"Person\",\"@id\":\"https:\/\/psol50.org.br\/#\/schema\/person\/475dfa57d0b815993c714c2e96491fcd\",\"name\":\"Comunica\u00e7\u00e3o PSOL\",\"image\":{\"@type\":\"ImageObject\",\"inLanguage\":\"pt-BR\",\"@id\":\"https:\/\/psol50.org.br\/#\/schema\/person\/image\/\",\"url\":\"https:\/\/secure.gravatar.com\/avatar\/b34fc4f4e468a4e51785917065a3db57b841f5c95dba6ad8c73aaf8f66f8f9bf?s=96&d=mm&r=g\",\"contentUrl\":\"https:\/\/secure.gravatar.com\/avatar\/b34fc4f4e468a4e51785917065a3db57b841f5c95dba6ad8c73aaf8f66f8f9bf?s=96&d=mm&r=g\",\"caption\":\"Comunica\u00e7\u00e3o PSOL\"}}]}<\/script>\n<!-- \/ Yoast SEO plugin. -->","yoast_head_json":{"title":"PSOL questiona ministro olavista sobre persegui\u00e7\u00e3o e exonera\u00e7\u00e3o de diplomata","description":"Ernesto Ara\u00fajo exonerou servidor por ele ter trabalhado na diplomacia brasileira durante os governos Lula e Dilma","robots":{"index":"index","follow":"follow","max-snippet":"max-snippet:-1","max-image-preview":"max-image-preview:large","max-video-preview":"max-video-preview:-1"},"canonical":"https:\/\/psol50.org.br\/psol-questiona-ministro-olavista-sobre-perseguicao-e-exoneracao-de-diplomata\/","og_locale":"pt_BR","og_type":"article","og_title":"PSOL questiona ministro olavista sobre persegui\u00e7\u00e3o e exonera\u00e7\u00e3o de diplomata","og_description":"Ernesto Ara\u00fajo exonerou servidor por ele ter trabalhado na diplomacia brasileira durante os governos Lula e Dilma","og_url":"https:\/\/psol50.org.br\/psol-questiona-ministro-olavista-sobre-perseguicao-e-exoneracao-de-diplomata\/","og_site_name":"PSOL 50","article_publisher":"https:\/\/www.facebook.com\/psol50","article_published_time":"2019-10-24T21:27:00+00:00","og_image":[{"width":868,"height":644,"url":"https:\/\/psol50.org.br\/inc\/uploads\/2019\/10\/bolsonaro-ernesto-araujo-1-868x644-1.jpeg","type":"image\/jpeg"}],"author":"Comunica\u00e7\u00e3o PSOL","twitter_card":"summary_large_image","twitter_title":"PSOL questiona ministro olavista sobre persegui\u00e7\u00e3o e exonera\u00e7\u00e3o de diplomata","twitter_description":"Ernesto Ara\u00fajo exonerou servidor por ele ter trabalhado na diplomacia brasileira durante os governos Lula e Dilma","twitter_image":"https:\/\/psol50.org.br\/inc\/uploads\/2019\/10\/bolsonaro-ernesto-araujo-1-868x644-1.jpeg","twitter_creator":"@psol50","twitter_site":"@psol50","twitter_misc":{"Escrito por":"Comunica\u00e7\u00e3o PSOL","Est. tempo de leitura":"2 minutos"},"schema":{"@context":"https:\/\/schema.org","@graph":[{"@type":"Article","@id":"https:\/\/psol50.org.br\/psol-questiona-ministro-olavista-sobre-perseguicao-e-exoneracao-de-diplomata\/#article","isPartOf":{"@id":"https:\/\/psol50.org.br\/psol-questiona-ministro-olavista-sobre-perseguicao-e-exoneracao-de-diplomata\/"},"author":{"name":"Comunica\u00e7\u00e3o PSOL","@id":"https:\/\/psol50.org.br\/#\/schema\/person\/475dfa57d0b815993c714c2e96491fcd"},"headline":"PSOL questiona ministro olavista sobre persegui\u00e7\u00e3o e exonera\u00e7\u00e3o de diplomata","datePublished":"2019-10-24T21:27:00+00:00","mainEntityOfPage":{"@id":"https:\/\/psol50.org.br\/psol-questiona-ministro-olavista-sobre-perseguicao-e-exoneracao-de-diplomata\/"},"wordCount":468,"publisher":{"@id":"https:\/\/psol50.org.br\/#organization"},"image":{"@id":"https:\/\/psol50.org.br\/psol-questiona-ministro-olavista-sobre-perseguicao-e-exoneracao-de-diplomata\/#primaryimage"},"thumbnailUrl":"https:\/\/psol50.org.br\/inc\/uploads\/2019\/10\/bolsonaro-ernesto-araujo-1-868x644-1.jpeg","keywords":["ernesto ara\u00fajo","Fernanda Melchionna","itamaraty","persegui\u00e7\u00e3o","PSOL","rela\u00e7\u00f5es exteriores"],"articleSection":["Not\u00edcias"],"inLanguage":"pt-BR"},{"@type":"WebPage","@id":"https:\/\/psol50.org.br\/psol-questiona-ministro-olavista-sobre-perseguicao-e-exoneracao-de-diplomata\/","url":"https:\/\/psol50.org.br\/psol-questiona-ministro-olavista-sobre-perseguicao-e-exoneracao-de-diplomata\/","name":"PSOL questiona ministro olavista sobre persegui\u00e7\u00e3o e exonera\u00e7\u00e3o de diplomata","isPartOf":{"@id":"https:\/\/psol50.org.br\/#website"},"primaryImageOfPage":{"@id":"https:\/\/psol50.org.br\/psol-questiona-ministro-olavista-sobre-perseguicao-e-exoneracao-de-diplomata\/#primaryimage"},"image":{"@id":"https:\/\/psol50.org.br\/psol-questiona-ministro-olavista-sobre-perseguicao-e-exoneracao-de-diplomata\/#primaryimage"},"thumbnailUrl":"https:\/\/psol50.org.br\/inc\/uploads\/2019\/10\/bolsonaro-ernesto-araujo-1-868x644-1.jpeg","datePublished":"2019-10-24T21:27:00+00:00","description":"Ernesto Ara\u00fajo exonerou servidor por ele ter trabalhado na diplomacia brasileira durante os governos Lula e Dilma","breadcrumb":{"@id":"https:\/\/psol50.org.br\/psol-questiona-ministro-olavista-sobre-perseguicao-e-exoneracao-de-diplomata\/#breadcrumb"},"inLanguage":"pt-BR","potentialAction":[{"@type":"ReadAction","target":["https:\/\/psol50.org.br\/psol-questiona-ministro-olavista-sobre-perseguicao-e-exoneracao-de-diplomata\/"]}]},{"@type":"ImageObject","inLanguage":"pt-BR","@id":"https:\/\/psol50.org.br\/psol-questiona-ministro-olavista-sobre-perseguicao-e-exoneracao-de-diplomata\/#primaryimage","url":"https:\/\/psol50.org.br\/inc\/uploads\/2019\/10\/bolsonaro-ernesto-araujo-1-868x644-1.jpeg","contentUrl":"https:\/\/psol50.org.br\/inc\/uploads\/2019\/10\/bolsonaro-ernesto-araujo-1-868x644-1.jpeg","width":868,"height":644,"caption":"Foto: S\u00e9rgio Lima\/Poder360"},{"@type":"BreadcrumbList","@id":"https:\/\/psol50.org.br\/psol-questiona-ministro-olavista-sobre-perseguicao-e-exoneracao-de-diplomata\/#breadcrumb","itemListElement":[{"@type":"ListItem","position":1,"name":"In\u00edcio","item":"https:\/\/psol50.org.br\/"},{"@type":"ListItem","position":2,"name":"PSOL questiona ministro olavista sobre persegui\u00e7\u00e3o e exonera\u00e7\u00e3o de diplomata"}]},{"@type":"WebSite","@id":"https:\/\/psol50.org.br\/#website","url":"https:\/\/psol50.org.br\/","name":"PSOL 50","description":"Site oficial do Partido Socialismo e Liberdade","publisher":{"@id":"https:\/\/psol50.org.br\/#organization"},"alternateName":"PSOL50","potentialAction":[{"@type":"SearchAction","target":{"@type":"EntryPoint","urlTemplate":"https:\/\/psol50.org.br\/?s={search_term_string}"},"query-input":{"@type":"PropertyValueSpecification","valueRequired":true,"valueName":"search_term_string"}}],"inLanguage":"pt-BR"},{"@type":"Organization","@id":"https:\/\/psol50.org.br\/#organization","name":"PSOL 50","alternateName":"PSOL 50","url":"https:\/\/psol50.org.br\/","logo":{"@type":"ImageObject","inLanguage":"pt-BR","@id":"https:\/\/psol50.org.br\/#\/schema\/logo\/image\/","url":"https:\/\/psol50.org.br\/inc\/uploads\/2018\/07\/capa.png","contentUrl":"https:\/\/psol50.org.br\/inc\/uploads\/2018\/07\/capa.png","width":1350,"height":900,"caption":"PSOL 50"},"image":{"@id":"https:\/\/psol50.org.br\/#\/schema\/logo\/image\/"},"sameAs":["https:\/\/www.facebook.com\/psol50","https:\/\/x.com\/psol50","https:\/\/www.instagram.com\/psol50\/","https:\/\/www.youtube.com\/channel\/UC7SnJS5o1os7a6CaiNabzcg"]},{"@type":"Person","@id":"https:\/\/psol50.org.br\/#\/schema\/person\/475dfa57d0b815993c714c2e96491fcd","name":"Comunica\u00e7\u00e3o PSOL","image":{"@type":"ImageObject","inLanguage":"pt-BR","@id":"https:\/\/psol50.org.br\/#\/schema\/person\/image\/","url":"https:\/\/secure.gravatar.com\/avatar\/b34fc4f4e468a4e51785917065a3db57b841f5c95dba6ad8c73aaf8f66f8f9bf?s=96&d=mm&r=g","contentUrl":"https:\/\/secure.gravatar.com\/avatar\/b34fc4f4e468a4e51785917065a3db57b841f5c95dba6ad8c73aaf8f66f8f9bf?s=96&d=mm&r=g","caption":"Comunica\u00e7\u00e3o PSOL"}}]}},"_links":{"self":[{"href":"https:\/\/psol50.org.br\/rest\/wp\/v2\/posts\/26790","targetHints":{"allow":["GET"]}}],"collection":[{"href":"https:\/\/psol50.org.br\/rest\/wp\/v2\/posts"}],"about":[{"href":"https:\/\/psol50.org.br\/rest\/wp\/v2\/types\/post"}],"author":[{"embeddable":true,"href":"https:\/\/psol50.org.br\/rest\/wp\/v2\/users\/2"}],"replies":[{"embeddable":true,"href":"https:\/\/psol50.org.br\/rest\/wp\/v2\/comments?post=26790"}],"version-history":[{"count":0,"href":"https:\/\/psol50.org.br\/rest\/wp\/v2\/posts\/26790\/revisions"}],"wp:featuredmedia":[{"embeddable":true,"href":"https:\/\/psol50.org.br\/rest\/wp\/v2\/media\/26791"}],"wp:attachment":[{"href":"https:\/\/psol50.org.br\/rest\/wp\/v2\/media?parent=26790"}],"wp:term":[{"taxonomy":"category","embeddable":true,"href":"https:\/\/psol50.org.br\/rest\/wp\/v2\/categories?post=26790"},{"taxonomy":"post_tag","embeddable":true,"href":"https:\/\/psol50.org.br\/rest\/wp\/v2\/tags?post=26790"}],"curies":[{"name":"wp","href":"https:\/\/api.w.org\/{rel}","templated":true}]}}