{"id":26795,"date":"2019-10-25T15:15:56","date_gmt":"2019-10-25T18:15:56","guid":{"rendered":"http:\/\/psol50.org.br\/?p=26795"},"modified":"2019-10-25T15:15:56","modified_gmt":"2019-10-25T18:15:56","slug":"diretorio-nacional-do-psol-se-reune-para-organizar-a-luta-contra-bolsonaro-e-debater-eleicoes-de-2020","status":"publish","type":"post","link":"https:\/\/psol50.org.br\/diretorio-nacional-do-psol-se-reune-para-organizar-a-luta-contra-bolsonaro-e-debater-eleicoes-de-2020\/","title":{"rendered":"Diret\u00f3rio Nacional do PSOL se re\u00fane para organizar a luta contra Bolsonaro e debater elei\u00e7\u00f5es de 2020"},"content":{"rendered":"<p>O Diret\u00f3rio Nacional do PSOL faz, neste final de semana em S\u00e3o Paulo, a reuni\u00e3o mais importante da atual gest\u00e3o do partido, segundo o seu presidente Juliano Medeiros. Dirigentes partid\u00e1rios da maioria dos estados brasileiros estar\u00e3o presentes para debater e organizar a resist\u00eancia e oposi\u00e7\u00e3o ao governo Bolsonaro no pr\u00f3ximo per\u00edodo. Tamb\u00e9m neste final de semana ser\u00e1 dado o pontap\u00e9 inicial dos debates acerca das elei\u00e7\u00f5es municipais de 2020 e ser\u00e1 convocado o VII Congresso Nacional do PSOL, que acontecer\u00e1 no primeiro semestre do ano que vem e deve ser o maior da hist\u00f3ria do partido.<\/p>\n<p>Em um cen\u00e1rio pol\u00edtico cada vez mais conturbado, com o presidente Bolsonaro se digladiando com o pr\u00f3prio partido e antigos aliados, desastres ambientais de propor\u00e7\u00f5es sem precedentes e a continua\u00e7\u00e3o da retirada de direitos ap\u00f3s a aprova\u00e7\u00e3o da reforma da previd\u00eancia, Juliano Medeiros, presidente nacional do PSOL, destaca a import\u00e2ncia das resolu\u00e7\u00f5es que ser\u00e3o aprovadas neste final de semana: &#8220;Essa \u00e9, sem d\u00favida, a reuni\u00e3o mais importante da nossa gest\u00e3o. Ela acontece em um contexto de convuls\u00e3o social na Am\u00e9rica Latina, quando os povos de diferentes pa\u00edses se levantam contra as pol\u00edticas neoliberais, que tamb\u00e9m s\u00e3o aplicadas no Brasil&#8221;, aponta ao lembrar das manifesta\u00e7\u00f5es massivas que acontecem em pa\u00edses latinoamericanos, como o Chile e o Equador, por exemplo.<\/p>\n<p>Com o ano de 2019 cada vez mais pr\u00f3ximo do fim, o PSOL tamb\u00e9m se come\u00e7a a se preparar para as elei\u00e7\u00f5es municipais de 2020, que ter\u00e3o papel importante no combate ao avan\u00e7o e \u00e0 consolida\u00e7\u00e3o do conservadorismo no pa\u00eds. Ser\u00e3o realizados os primeiros debates sobre as t\u00e1ticas do partido, suas prioridades e poss\u00edveis alian\u00e7as com partidos, movimentos e setores sociais para o ano que vem. &#8220;Nossa expectativa em rela\u00e7\u00e3o ao desempenho do PSOL (nas elei\u00e7\u00f5es do ano que vem) s\u00e3o enormes&#8221;, afirma Juliano.<\/p>\n<p>Por \u00faltimo, o Diret\u00f3rio Nacional do PSOL convocar\u00e1 o VII Congresso Nacional do partido, que acontecer\u00e1 durante o primeiro semestre de 2020, antes das elei\u00e7\u00f5es municipais. A etapa nacional deve acontecer em maio, consolidando um ciclo importante para o partido e armando o PSOL para os desafios que encontrar\u00e1 em 2020 e no pr\u00f3ximo per\u00edodo. &#8220;Vamos concluir um ciclo de trabalho que consolidou o PSOL como alternativa de esquerda para o povo brasileiro&#8221;, avalia o presidente do partido.<\/p>\n","protected":false},"excerpt":{"rendered":"<p>O Diret\u00f3rio Nacional do PSOL faz, neste final de semana em S\u00e3o Paulo, a reuni\u00e3o mais importante da atual gest\u00e3o do partido, segundo o seu presidente Juliano Medeiros. Dirigentes partid\u00e1rios da maioria dos estados brasileiros estar\u00e3o presentes para debater e organizar a resist\u00eancia e oposi\u00e7\u00e3o ao governo Bolsonaro no pr\u00f3ximo per\u00edodo. Tamb\u00e9m neste final de [&hellip;]<\/p>\n","protected":false},"author":2,"featured_media":22212,"comment_status":"closed","ping_status":"open","sticky":false,"template":"","format":"standard","meta":{"_acf_changed":false,"footnotes":""},"categories":[6],"tags":[204,1089,56,70,461,343,259,22],"class_list":{"0":"post-26795","1":"post","2":"type-post","3":"status-publish","4":"format-standard","5":"has-post-thumbnail","7":"category-noticias","8":"tag-204","9":"tag-america-latina","10":"tag-bolsonaro","11":"tag-congresso","12":"tag-diretorio-nacional","13":"tag-eleicoes","14":"tag-juliano-medeiros","15":"tag-psol"},"acf":[],"yoast_head":"<!-- This site is optimized with the Yoast SEO plugin v26.5 - https:\/\/yoast.com\/wordpress\/plugins\/seo\/ -->\n<title>Diret\u00f3rio Nacional do PSOL se re\u00fane para organizar a luta contra Bolsonaro e debater elei\u00e7\u00f5es de 2020<\/title>\n<meta name=\"description\" content=\"Em cen\u00e1rio de convuls\u00e3o social na Am\u00e9rica Latina, Diret\u00f3rio Nacional faz a reuni\u00e3o mais importante de sua gest\u00e3o.\" \/>\n<meta name=\"robots\" content=\"index, follow, max-snippet:-1, max-image-preview:large, max-video-preview:-1\" \/>\n<link rel=\"canonical\" href=\"https:\/\/psol50.org.br\/diretorio-nacional-do-psol-se-reune-para-organizar-a-luta-contra-bolsonaro-e-debater-eleicoes-de-2020\/\" \/>\n<meta property=\"og:locale\" content=\"pt_BR\" \/>\n<meta property=\"og:type\" content=\"article\" \/>\n<meta property=\"og:title\" content=\"PSOL se re\u00fane para organizar a luta contra Bolsonaro e debater elei\u00e7\u00f5es de 2020\" \/>\n<meta property=\"og:description\" content=\"Em cen\u00e1rio de convuls\u00e3o social na Am\u00e9rica Latina, Diret\u00f3rio Nacional faz a reuni\u00e3o mais importante de sua gest\u00e3o.\" \/>\n<meta property=\"og:url\" content=\"https:\/\/psol50.org.br\/diretorio-nacional-do-psol-se-reune-para-organizar-a-luta-contra-bolsonaro-e-debater-eleicoes-de-2020\/\" \/>\n<meta property=\"og:site_name\" content=\"PSOL 50\" \/>\n<meta property=\"article:publisher\" content=\"https:\/\/www.facebook.com\/psol50\" \/>\n<meta property=\"article:published_time\" content=\"2019-10-25T18:15:56+00:00\" \/>\n<meta property=\"og:image\" content=\"https:\/\/psol50.org.br\/inc\/uploads\/2018\/11\/Boulos.Sonia_.Juliano.DNPSOL.KS_.jpg\" \/>\n\t<meta property=\"og:image:width\" content=\"1280\" \/>\n\t<meta property=\"og:image:height\" content=\"853\" \/>\n\t<meta property=\"og:image:type\" content=\"image\/jpeg\" \/>\n<meta name=\"author\" content=\"Comunica\u00e7\u00e3o PSOL\" \/>\n<meta name=\"twitter:card\" content=\"summary_large_image\" \/>\n<meta name=\"twitter:title\" content=\"PSOL se re\u00fane para organizar a luta contra Bolsonaro e debater elei\u00e7\u00f5es de 2020\" \/>\n<meta name=\"twitter:description\" content=\"Em cen\u00e1rio de convuls\u00e3o social na Am\u00e9rica Latina, Diret\u00f3rio Nacional faz a reuni\u00e3o mais importante de sua gest\u00e3o.\" \/>\n<meta name=\"twitter:image\" content=\"https:\/\/psol50.org.br\/inc\/uploads\/2018\/11\/Boulos.Sonia_.Juliano.DNPSOL.KS_.jpg\" \/>\n<meta name=\"twitter:creator\" content=\"@psol50\" \/>\n<meta name=\"twitter:site\" content=\"@psol50\" \/>\n<meta name=\"twitter:label1\" content=\"Escrito por\" \/>\n\t<meta name=\"twitter:data1\" content=\"Comunica\u00e7\u00e3o PSOL\" \/>\n\t<meta name=\"twitter:label2\" content=\"Est. tempo de leitura\" \/>\n\t<meta name=\"twitter:data2\" content=\"2 minutos\" \/>\n<script type=\"application\/ld+json\" class=\"yoast-schema-graph\">{\"@context\":\"https:\/\/schema.org\",\"@graph\":[{\"@type\":\"Article\",\"@id\":\"https:\/\/psol50.org.br\/diretorio-nacional-do-psol-se-reune-para-organizar-a-luta-contra-bolsonaro-e-debater-eleicoes-de-2020\/#article\",\"isPartOf\":{\"@id\":\"https:\/\/psol50.org.br\/diretorio-nacional-do-psol-se-reune-para-organizar-a-luta-contra-bolsonaro-e-debater-eleicoes-de-2020\/\"},\"author\":{\"name\":\"Comunica\u00e7\u00e3o PSOL\",\"@id\":\"https:\/\/psol50.org.br\/#\/schema\/person\/475dfa57d0b815993c714c2e96491fcd\"},\"headline\":\"Diret\u00f3rio Nacional do PSOL se re\u00fane para organizar a luta contra Bolsonaro e debater elei\u00e7\u00f5es de 2020\",\"datePublished\":\"2019-10-25T18:15:56+00:00\",\"mainEntityOfPage\":{\"@id\":\"https:\/\/psol50.org.br\/diretorio-nacional-do-psol-se-reune-para-organizar-a-luta-contra-bolsonaro-e-debater-eleicoes-de-2020\/\"},\"wordCount\":442,\"publisher\":{\"@id\":\"https:\/\/psol50.org.br\/#organization\"},\"image\":{\"@id\":\"https:\/\/psol50.org.br\/diretorio-nacional-do-psol-se-reune-para-organizar-a-luta-contra-bolsonaro-e-debater-eleicoes-de-2020\/#primaryimage\"},\"thumbnailUrl\":\"https:\/\/psol50.org.br\/inc\/uploads\/2018\/11\/Boulos.Sonia_.Juliano.DNPSOL.KS_.jpg\",\"keywords\":[\"2020\",\"Am\u00e9rica Latina\",\"Bolsonaro\",\"Congresso\",\"diret\u00f3rio nacional\",\"elei\u00e7\u00f5es\",\"Juliano Medeiros\",\"PSOL\"],\"articleSection\":[\"Not\u00edcias\"],\"inLanguage\":\"pt-BR\"},{\"@type\":\"WebPage\",\"@id\":\"https:\/\/psol50.org.br\/diretorio-nacional-do-psol-se-reune-para-organizar-a-luta-contra-bolsonaro-e-debater-eleicoes-de-2020\/\",\"url\":\"https:\/\/psol50.org.br\/diretorio-nacional-do-psol-se-reune-para-organizar-a-luta-contra-bolsonaro-e-debater-eleicoes-de-2020\/\",\"name\":\"Diret\u00f3rio Nacional do PSOL se re\u00fane para organizar a luta contra Bolsonaro e debater elei\u00e7\u00f5es de 2020\",\"isPartOf\":{\"@id\":\"https:\/\/psol50.org.br\/#website\"},\"primaryImageOfPage\":{\"@id\":\"https:\/\/psol50.org.br\/diretorio-nacional-do-psol-se-reune-para-organizar-a-luta-contra-bolsonaro-e-debater-eleicoes-de-2020\/#primaryimage\"},\"image\":{\"@id\":\"https:\/\/psol50.org.br\/diretorio-nacional-do-psol-se-reune-para-organizar-a-luta-contra-bolsonaro-e-debater-eleicoes-de-2020\/#primaryimage\"},\"thumbnailUrl\":\"https:\/\/psol50.org.br\/inc\/uploads\/2018\/11\/Boulos.Sonia_.Juliano.DNPSOL.KS_.jpg\",\"datePublished\":\"2019-10-25T18:15:56+00:00\",\"description\":\"Em cen\u00e1rio de convuls\u00e3o social na Am\u00e9rica Latina, Diret\u00f3rio Nacional faz a reuni\u00e3o mais importante de sua gest\u00e3o.\",\"breadcrumb\":{\"@id\":\"https:\/\/psol50.org.br\/diretorio-nacional-do-psol-se-reune-para-organizar-a-luta-contra-bolsonaro-e-debater-eleicoes-de-2020\/#breadcrumb\"},\"inLanguage\":\"pt-BR\",\"potentialAction\":[{\"@type\":\"ReadAction\",\"target\":[\"https:\/\/psol50.org.br\/diretorio-nacional-do-psol-se-reune-para-organizar-a-luta-contra-bolsonaro-e-debater-eleicoes-de-2020\/\"]}]},{\"@type\":\"ImageObject\",\"inLanguage\":\"pt-BR\",\"@id\":\"https:\/\/psol50.org.br\/diretorio-nacional-do-psol-se-reune-para-organizar-a-luta-contra-bolsonaro-e-debater-eleicoes-de-2020\/#primaryimage\",\"url\":\"https:\/\/psol50.org.br\/inc\/uploads\/2018\/11\/Boulos.Sonia_.Juliano.DNPSOL.KS_.jpg\",\"contentUrl\":\"https:\/\/psol50.org.br\/inc\/uploads\/2018\/11\/Boulos.Sonia_.Juliano.DNPSOL.KS_.jpg\",\"width\":1280,\"height\":853,\"caption\":\"Foto: Kau\u00ea Scarim\/PSOL\"},{\"@type\":\"BreadcrumbList\",\"@id\":\"https:\/\/psol50.org.br\/diretorio-nacional-do-psol-se-reune-para-organizar-a-luta-contra-bolsonaro-e-debater-eleicoes-de-2020\/#breadcrumb\",\"itemListElement\":[{\"@type\":\"ListItem\",\"position\":1,\"name\":\"In\u00edcio\",\"item\":\"https:\/\/psol50.org.br\/\"},{\"@type\":\"ListItem\",\"position\":2,\"name\":\"Diret\u00f3rio Nacional do PSOL se re\u00fane para organizar a luta contra Bolsonaro e debater elei\u00e7\u00f5es de 2020\"}]},{\"@type\":\"WebSite\",\"@id\":\"https:\/\/psol50.org.br\/#website\",\"url\":\"https:\/\/psol50.org.br\/\",\"name\":\"PSOL 50\",\"description\":\"Site oficial do Partido Socialismo e Liberdade\",\"publisher\":{\"@id\":\"https:\/\/psol50.org.br\/#organization\"},\"alternateName\":\"PSOL50\",\"potentialAction\":[{\"@type\":\"SearchAction\",\"target\":{\"@type\":\"EntryPoint\",\"urlTemplate\":\"https:\/\/psol50.org.br\/?s={search_term_string}\"},\"query-input\":{\"@type\":\"PropertyValueSpecification\",\"valueRequired\":true,\"valueName\":\"search_term_string\"}}],\"inLanguage\":\"pt-BR\"},{\"@type\":\"Organization\",\"@id\":\"https:\/\/psol50.org.br\/#organization\",\"name\":\"PSOL 50\",\"alternateName\":\"PSOL 50\",\"url\":\"https:\/\/psol50.org.br\/\",\"logo\":{\"@type\":\"ImageObject\",\"inLanguage\":\"pt-BR\",\"@id\":\"https:\/\/psol50.org.br\/#\/schema\/logo\/image\/\",\"url\":\"https:\/\/psol50.org.br\/inc\/uploads\/2018\/07\/capa.png\",\"contentUrl\":\"https:\/\/psol50.org.br\/inc\/uploads\/2018\/07\/capa.png\",\"width\":1350,\"height\":900,\"caption\":\"PSOL 50\"},\"image\":{\"@id\":\"https:\/\/psol50.org.br\/#\/schema\/logo\/image\/\"},\"sameAs\":[\"https:\/\/www.facebook.com\/psol50\",\"https:\/\/x.com\/psol50\",\"https:\/\/www.instagram.com\/psol50\/\",\"https:\/\/www.youtube.com\/channel\/UC7SnJS5o1os7a6CaiNabzcg\"]},{\"@type\":\"Person\",\"@id\":\"https:\/\/psol50.org.br\/#\/schema\/person\/475dfa57d0b815993c714c2e96491fcd\",\"name\":\"Comunica\u00e7\u00e3o PSOL\",\"image\":{\"@type\":\"ImageObject\",\"inLanguage\":\"pt-BR\",\"@id\":\"https:\/\/psol50.org.br\/#\/schema\/person\/image\/\",\"url\":\"https:\/\/secure.gravatar.com\/avatar\/b34fc4f4e468a4e51785917065a3db57b841f5c95dba6ad8c73aaf8f66f8f9bf?s=96&d=mm&r=g\",\"contentUrl\":\"https:\/\/secure.gravatar.com\/avatar\/b34fc4f4e468a4e51785917065a3db57b841f5c95dba6ad8c73aaf8f66f8f9bf?s=96&d=mm&r=g\",\"caption\":\"Comunica\u00e7\u00e3o PSOL\"}}]}<\/script>\n<!-- \/ Yoast SEO plugin. -->","yoast_head_json":{"title":"Diret\u00f3rio Nacional do PSOL se re\u00fane para organizar a luta contra Bolsonaro e debater elei\u00e7\u00f5es de 2020","description":"Em cen\u00e1rio de convuls\u00e3o social na Am\u00e9rica Latina, Diret\u00f3rio Nacional faz a reuni\u00e3o mais importante de sua gest\u00e3o.","robots":{"index":"index","follow":"follow","max-snippet":"max-snippet:-1","max-image-preview":"max-image-preview:large","max-video-preview":"max-video-preview:-1"},"canonical":"https:\/\/psol50.org.br\/diretorio-nacional-do-psol-se-reune-para-organizar-a-luta-contra-bolsonaro-e-debater-eleicoes-de-2020\/","og_locale":"pt_BR","og_type":"article","og_title":"PSOL se re\u00fane para organizar a luta contra Bolsonaro e debater elei\u00e7\u00f5es de 2020","og_description":"Em cen\u00e1rio de convuls\u00e3o social na Am\u00e9rica Latina, Diret\u00f3rio Nacional faz a reuni\u00e3o mais importante de sua gest\u00e3o.","og_url":"https:\/\/psol50.org.br\/diretorio-nacional-do-psol-se-reune-para-organizar-a-luta-contra-bolsonaro-e-debater-eleicoes-de-2020\/","og_site_name":"PSOL 50","article_publisher":"https:\/\/www.facebook.com\/psol50","article_published_time":"2019-10-25T18:15:56+00:00","og_image":[{"width":1280,"height":853,"url":"https:\/\/psol50.org.br\/inc\/uploads\/2018\/11\/Boulos.Sonia_.Juliano.DNPSOL.KS_.jpg","type":"image\/jpeg"}],"author":"Comunica\u00e7\u00e3o PSOL","twitter_card":"summary_large_image","twitter_title":"PSOL se re\u00fane para organizar a luta contra Bolsonaro e debater elei\u00e7\u00f5es de 2020","twitter_description":"Em cen\u00e1rio de convuls\u00e3o social na Am\u00e9rica Latina, Diret\u00f3rio Nacional faz a reuni\u00e3o mais importante de sua gest\u00e3o.","twitter_image":"https:\/\/psol50.org.br\/inc\/uploads\/2018\/11\/Boulos.Sonia_.Juliano.DNPSOL.KS_.jpg","twitter_creator":"@psol50","twitter_site":"@psol50","twitter_misc":{"Escrito por":"Comunica\u00e7\u00e3o PSOL","Est. tempo de leitura":"2 minutos"},"schema":{"@context":"https:\/\/schema.org","@graph":[{"@type":"Article","@id":"https:\/\/psol50.org.br\/diretorio-nacional-do-psol-se-reune-para-organizar-a-luta-contra-bolsonaro-e-debater-eleicoes-de-2020\/#article","isPartOf":{"@id":"https:\/\/psol50.org.br\/diretorio-nacional-do-psol-se-reune-para-organizar-a-luta-contra-bolsonaro-e-debater-eleicoes-de-2020\/"},"author":{"name":"Comunica\u00e7\u00e3o PSOL","@id":"https:\/\/psol50.org.br\/#\/schema\/person\/475dfa57d0b815993c714c2e96491fcd"},"headline":"Diret\u00f3rio Nacional do PSOL se re\u00fane para organizar a luta contra Bolsonaro e debater elei\u00e7\u00f5es de 2020","datePublished":"2019-10-25T18:15:56+00:00","mainEntityOfPage":{"@id":"https:\/\/psol50.org.br\/diretorio-nacional-do-psol-se-reune-para-organizar-a-luta-contra-bolsonaro-e-debater-eleicoes-de-2020\/"},"wordCount":442,"publisher":{"@id":"https:\/\/psol50.org.br\/#organization"},"image":{"@id":"https:\/\/psol50.org.br\/diretorio-nacional-do-psol-se-reune-para-organizar-a-luta-contra-bolsonaro-e-debater-eleicoes-de-2020\/#primaryimage"},"thumbnailUrl":"https:\/\/psol50.org.br\/inc\/uploads\/2018\/11\/Boulos.Sonia_.Juliano.DNPSOL.KS_.jpg","keywords":["2020","Am\u00e9rica Latina","Bolsonaro","Congresso","diret\u00f3rio nacional","elei\u00e7\u00f5es","Juliano Medeiros","PSOL"],"articleSection":["Not\u00edcias"],"inLanguage":"pt-BR"},{"@type":"WebPage","@id":"https:\/\/psol50.org.br\/diretorio-nacional-do-psol-se-reune-para-organizar-a-luta-contra-bolsonaro-e-debater-eleicoes-de-2020\/","url":"https:\/\/psol50.org.br\/diretorio-nacional-do-psol-se-reune-para-organizar-a-luta-contra-bolsonaro-e-debater-eleicoes-de-2020\/","name":"Diret\u00f3rio Nacional do PSOL se re\u00fane para organizar a luta contra Bolsonaro e debater elei\u00e7\u00f5es de 2020","isPartOf":{"@id":"https:\/\/psol50.org.br\/#website"},"primaryImageOfPage":{"@id":"https:\/\/psol50.org.br\/diretorio-nacional-do-psol-se-reune-para-organizar-a-luta-contra-bolsonaro-e-debater-eleicoes-de-2020\/#primaryimage"},"image":{"@id":"https:\/\/psol50.org.br\/diretorio-nacional-do-psol-se-reune-para-organizar-a-luta-contra-bolsonaro-e-debater-eleicoes-de-2020\/#primaryimage"},"thumbnailUrl":"https:\/\/psol50.org.br\/inc\/uploads\/2018\/11\/Boulos.Sonia_.Juliano.DNPSOL.KS_.jpg","datePublished":"2019-10-25T18:15:56+00:00","description":"Em cen\u00e1rio de convuls\u00e3o social na Am\u00e9rica Latina, Diret\u00f3rio Nacional faz a reuni\u00e3o mais importante de sua gest\u00e3o.","breadcrumb":{"@id":"https:\/\/psol50.org.br\/diretorio-nacional-do-psol-se-reune-para-organizar-a-luta-contra-bolsonaro-e-debater-eleicoes-de-2020\/#breadcrumb"},"inLanguage":"pt-BR","potentialAction":[{"@type":"ReadAction","target":["https:\/\/psol50.org.br\/diretorio-nacional-do-psol-se-reune-para-organizar-a-luta-contra-bolsonaro-e-debater-eleicoes-de-2020\/"]}]},{"@type":"ImageObject","inLanguage":"pt-BR","@id":"https:\/\/psol50.org.br\/diretorio-nacional-do-psol-se-reune-para-organizar-a-luta-contra-bolsonaro-e-debater-eleicoes-de-2020\/#primaryimage","url":"https:\/\/psol50.org.br\/inc\/uploads\/2018\/11\/Boulos.Sonia_.Juliano.DNPSOL.KS_.jpg","contentUrl":"https:\/\/psol50.org.br\/inc\/uploads\/2018\/11\/Boulos.Sonia_.Juliano.DNPSOL.KS_.jpg","width":1280,"height":853,"caption":"Foto: Kau\u00ea Scarim\/PSOL"},{"@type":"BreadcrumbList","@id":"https:\/\/psol50.org.br\/diretorio-nacional-do-psol-se-reune-para-organizar-a-luta-contra-bolsonaro-e-debater-eleicoes-de-2020\/#breadcrumb","itemListElement":[{"@type":"ListItem","position":1,"name":"In\u00edcio","item":"https:\/\/psol50.org.br\/"},{"@type":"ListItem","position":2,"name":"Diret\u00f3rio Nacional do PSOL se re\u00fane para organizar a luta contra Bolsonaro e debater elei\u00e7\u00f5es de 2020"}]},{"@type":"WebSite","@id":"https:\/\/psol50.org.br\/#website","url":"https:\/\/psol50.org.br\/","name":"PSOL 50","description":"Site oficial do Partido Socialismo e Liberdade","publisher":{"@id":"https:\/\/psol50.org.br\/#organization"},"alternateName":"PSOL50","potentialAction":[{"@type":"SearchAction","target":{"@type":"EntryPoint","urlTemplate":"https:\/\/psol50.org.br\/?s={search_term_string}"},"query-input":{"@type":"PropertyValueSpecification","valueRequired":true,"valueName":"search_term_string"}}],"inLanguage":"pt-BR"},{"@type":"Organization","@id":"https:\/\/psol50.org.br\/#organization","name":"PSOL 50","alternateName":"PSOL 50","url":"https:\/\/psol50.org.br\/","logo":{"@type":"ImageObject","inLanguage":"pt-BR","@id":"https:\/\/psol50.org.br\/#\/schema\/logo\/image\/","url":"https:\/\/psol50.org.br\/inc\/uploads\/2018\/07\/capa.png","contentUrl":"https:\/\/psol50.org.br\/inc\/uploads\/2018\/07\/capa.png","width":1350,"height":900,"caption":"PSOL 50"},"image":{"@id":"https:\/\/psol50.org.br\/#\/schema\/logo\/image\/"},"sameAs":["https:\/\/www.facebook.com\/psol50","https:\/\/x.com\/psol50","https:\/\/www.instagram.com\/psol50\/","https:\/\/www.youtube.com\/channel\/UC7SnJS5o1os7a6CaiNabzcg"]},{"@type":"Person","@id":"https:\/\/psol50.org.br\/#\/schema\/person\/475dfa57d0b815993c714c2e96491fcd","name":"Comunica\u00e7\u00e3o PSOL","image":{"@type":"ImageObject","inLanguage":"pt-BR","@id":"https:\/\/psol50.org.br\/#\/schema\/person\/image\/","url":"https:\/\/secure.gravatar.com\/avatar\/b34fc4f4e468a4e51785917065a3db57b841f5c95dba6ad8c73aaf8f66f8f9bf?s=96&d=mm&r=g","contentUrl":"https:\/\/secure.gravatar.com\/avatar\/b34fc4f4e468a4e51785917065a3db57b841f5c95dba6ad8c73aaf8f66f8f9bf?s=96&d=mm&r=g","caption":"Comunica\u00e7\u00e3o PSOL"}}]}},"_links":{"self":[{"href":"https:\/\/psol50.org.br\/rest\/wp\/v2\/posts\/26795","targetHints":{"allow":["GET"]}}],"collection":[{"href":"https:\/\/psol50.org.br\/rest\/wp\/v2\/posts"}],"about":[{"href":"https:\/\/psol50.org.br\/rest\/wp\/v2\/types\/post"}],"author":[{"embeddable":true,"href":"https:\/\/psol50.org.br\/rest\/wp\/v2\/users\/2"}],"replies":[{"embeddable":true,"href":"https:\/\/psol50.org.br\/rest\/wp\/v2\/comments?post=26795"}],"version-history":[{"count":0,"href":"https:\/\/psol50.org.br\/rest\/wp\/v2\/posts\/26795\/revisions"}],"wp:featuredmedia":[{"embeddable":true,"href":"https:\/\/psol50.org.br\/rest\/wp\/v2\/media\/22212"}],"wp:attachment":[{"href":"https:\/\/psol50.org.br\/rest\/wp\/v2\/media?parent=26795"}],"wp:term":[{"taxonomy":"category","embeddable":true,"href":"https:\/\/psol50.org.br\/rest\/wp\/v2\/categories?post=26795"},{"taxonomy":"post_tag","embeddable":true,"href":"https:\/\/psol50.org.br\/rest\/wp\/v2\/tags?post=26795"}],"curies":[{"name":"wp","href":"https:\/\/api.w.org\/{rel}","templated":true}]}}