{"id":26797,"date":"2019-10-25T12:19:52","date_gmt":"2019-10-25T15:19:52","guid":{"rendered":"http:\/\/psol50.org.br\/?p=26797"},"modified":"2019-10-25T12:19:52","modified_gmt":"2019-10-25T15:19:52","slug":"presidente-nacional-do-psol-cobra-por-marielle-e-ataca-bolsonaro-nem-trabalhava","status":"publish","type":"post","link":"https:\/\/psol50.org.br\/presidente-nacional-do-psol-cobra-por-marielle-e-ataca-bolsonaro-nem-trabalhava\/","title":{"rendered":"Presidente nacional do PSOL cobra por Marielle e ataca Bolsonaro: &#8216;Nem trabalhava&#8217;"},"content":{"rendered":"<p><a href=\"https:\/\/br.noticias.yahoo.com\/presidente-nacional-do-psol-cobra-por-marielle-e-ataca-bolsonaro-nem-trabalhava-141612291.html\"><em><strong>Originalmente publicado em Yahoo Not\u00edcias<\/strong><\/em><\/a><\/p>\n<p>Historiador e mestre em hist\u00f3ria pela Universidade de Bras\u00edlia (UNB), Juliano Medeiros \u00e9 uma das mais importantes jovens lideran\u00e7as da esquerda brasileira. <a href=\"https:\/\/br.noticias.yahoo.com\/presidente-nacional-do-psol-cobra-por-marielle-e-ataca-bolsonaro-nem-trabalhava-141612291.html\">Em entrevista ao Yahoo Not\u00edcias<\/a> ele falou sobre seu trabalho \u00e0 frente do PSOL, a vis\u00e3o do partido em rela\u00e7\u00e3o a temas como a reforma da previd\u00eancia, pol\u00edtica ind\u00edgena e reforma agr\u00e1ria.<\/p>\n<p>Ele tamb\u00e9m relembrou o per\u00edodo em que acompanhou de perto a atua\u00e7\u00e3o do atual presidente na C\u00e2mara dos Deputados \u2013quando era coordenador da lideran\u00e7a do PSOL&#8211; e de suas impress\u00f5es sobre o parlamentar Jair Bolsonaro. Leia a entrevista na \u00edntegra:<\/p>\n<p><strong>Yahoo Not\u00edcias:<\/strong>\u00a0Em um cen\u00e1rio completamente marcado pelo conservadorismo, o PSOL cresceu bastante de 2018 para c\u00e1. A que o senhor credita isso?<\/p>\n<p><strong>Juliano Medeiros:<\/strong>\u00a0Vivemos uma crise pol\u00edtica no pa\u00eds de grandes propor\u00e7\u00f5es. A pr\u00f3pria vit\u00f3ria do Jair Bolsonaro \u00e9 um exemplo disso. Expressa uma rejei\u00e7\u00e3o aos velhos partidos e velhos pol\u00edticos de sempre. Embora o Bolsonaro seja um representante dessa velha pol\u00edtica ele conseguiu se vender como algo novo na \u00faltima elei\u00e7\u00e3o. O PSOL embora exista h\u00e1 quase 15 anos conseguiu ser o reposit\u00f3rio da confian\u00e7a das pessoas que buscam uma alternativa de esquerda que n\u00e3o esteja marcada pelos erros e concilia\u00e7\u00e3o com a direita dos partidos de centro-esquerda que estiveram no poder. Nesse sentido se pode ver o PSOL se fortalecendo em um polo que tamb\u00e9m n\u00e3o se identifica com a velha pol\u00edtica e com os velhos pol\u00edticos. E isso se reverteu tamb\u00e9m em crescimento eleitoral do PSOL.<\/p>\n<p><strong>Yahoo Not\u00edcias:\u00a0<\/strong>O que \u00e9 essa nova pol\u00edtica? O que \u00e9 velha pol\u00edtica?<\/p>\n<p><strong>Juliano Medeiros:\u00a0<\/strong>Como pol\u00edtica velha eu descreveria aqueles partidos e lideran\u00e7as que t\u00eam como horizonte a mera administra\u00e7\u00e3o da ordem pol\u00edtica, econ\u00f4mica e social do Brasil. Esses partidos que querem s\u00f3 administrar o sistema. E nesse campo eu incluo os partidos de centro-esquerda, de direita e de extrema direita. J\u00e1 a nova pol\u00edtica \u00e9 aquela que vai al\u00e9m dos limites que a ordem imp\u00f5e. \u00c9 a pol\u00edtica que busca travar com a sociedade e as institui\u00e7\u00f5es a luta para que o Brasil supere de fato as desigualdades de emprego e renda que marcam a nossa hist\u00f3ria. A nova pol\u00edtica \u00e9 governar e fazer pol\u00edtica com quem est\u00e1 nas ruas. Mobilizado. E rejeitar esse arranjo do toma-l\u00e1-d\u00e1-c\u00e1. Para gente isso \u00e9 a nova pol\u00edtica. N\u00e3o me parece que essas pessoas que reivindicam o r\u00f3tulo da nova pol\u00edtica estejam dispostas a ir al\u00e9m do que o horizonte da ordem pol\u00edtica no Brasil imp\u00f5e. Ao contr\u00e1rio, boa parte de quem fala de nova pol\u00edtica seja no bolsonarismo ou nessas startups suprapartid\u00e1rias que se formaram falam de nova pol\u00edtica defendendo revolu\u00e7\u00f5es cosm\u00e9ticas. Isso n\u00e3o me parece nova pol\u00edtica embora seja um r\u00f3tulo muito sedutor.<\/p>\n<p><strong>Yahoo Not\u00edcias:\u00a0<\/strong>Uma das principais cr\u00edticas em rela\u00e7\u00e3o ao atual governo \u00e9 o de promover um clima ininterrupto de elei\u00e7\u00e3o. Como o senhor enxerga isso?<\/p>\n<p><strong>Juliano Medeiros:\u00a0<\/strong>De fato. O governo Bolsonaro aposta na polariza\u00e7\u00e3o. \u00c9 importante verificar que essa polariza\u00e7\u00e3o n\u00e3o \u00e9 uma inven\u00e7\u00e3o do Bolsonaro. Ele n\u00e3o criou isso. Ela \u00e9 produto de uma agenda pol\u00edtica que vem sendo implementada n\u00e3o s\u00f3 pelo bolsonarismo, mas tamb\u00e9m por uma s\u00e9rie de partidos de direita e extrema-direita de ataques aos direitos sociais, a soberania nacional e a democracia. Quando o partido derrotado nas elei\u00e7\u00f5es decidiu defender o impeachment da Dilma se apostou na polariza\u00e7\u00e3o. Quando o Temer implementa uma agenda derrotada nas urnas acirra polariza\u00e7\u00e3o. Quando vence o presidente que tem como centro de sua agenda polarizar em cima das quest\u00f5es culturais e de costumes isso acirra polariza\u00e7\u00e3o. O Bolsonaro n\u00e3o criou a polariza\u00e7\u00e3o. Ele \u00e9 produto da polariza\u00e7\u00e3o. E ele alimenta a polariza\u00e7\u00e3o. N\u00f3s do PSOL n\u00e3o acreditamos que a sa\u00edda seja somente criar uma via de di\u00e1logo. Existem setores da pol\u00edtica brasileira que n\u00e3o \u00e9 poss\u00edvel ter di\u00e1logo. E o bolsonarismo \u00e9 um exemplo. Ent\u00e3o acredito que essa conjuntura de polariza\u00e7\u00e3o tende a continuar nos pr\u00f3ximos anos.<\/p>\n<p><strong>Yahoo Not\u00edcias:<\/strong>\u00a0Na \u00faltima elei\u00e7\u00e3o o PSOL teve a chapa presidencial encabe\u00e7ada por Guilherme Boulos e por uma lideran\u00e7a ind\u00edgena. A senhora S\u00f4nia Guajajara. Como o partido avalia a pol\u00edtica ind\u00edgena do governo Bolsonaro?<\/p>\n<p><strong>Juliano Medeiros:\u00a0<\/strong>\u00c9 um desastre n\u00e9. O governo do Bolsonaro quer regredir 50 anos naquilo que se avan\u00e7ou no Brasil naquilo que se avan\u00e7ou no Brasil gra\u00e7as a luta dos povos ind\u00edgenas e dos setores democr\u00e1ticos. O plano do Bolsonaro \u00e9 abrir as reservas ind\u00edgenas para garantir a explora\u00e7\u00e3o predat\u00f3ria dos recursos minerais que existem nessas terras. N\u00e3o por acaso que o movimento ind\u00edgena liderado pelo S\u00f4nia Guajajara e pelo cacique Raoni est\u00e3o denunciando isso no mundo inteiro. A S\u00f4nia Guajajara inclusive ir\u00e1 fazer um giro pela Europa em 20 pa\u00edses denunciando os ataques do Bolsonaro em rela\u00e7\u00e3o n\u00e3o s\u00f3 a pol\u00edtica ind\u00edgena, mas tamb\u00e9m \u00e0 pol\u00edtica ambiental. O tema da reforma agr\u00e1ria tamb\u00e9m \u00e9 bem importante. Recentemente foi demitido o presidente do Incra e no lugar dele foi colocado um ruralista que n\u00e3o tem o menor compromisso com a reforma agr\u00e1ria. Esses s\u00e3o alguns dos setores mais emblem\u00e1ticos em que o governo do Bolsonaro mostra que n\u00e3o tem o menor apre\u00e7o pelas minorias e que quer implementar no Brasil uma ditadura das maiores como se nota em seu discurso.<\/p>\n<p><strong>Yahoo Not\u00edcias:<\/strong>\u00a0Qual o projeto do PSOL para o tema reforma agr\u00e1ria?<\/p>\n<p><strong>Juliano Medeiros:\u00a0<\/strong>Primeiro \u00e9 importante ressaltar que todos os governos desde a redemocratiza\u00e7\u00e3o do Brasil \u2013seja no governo Collor, Itamar, FHC, Lula, Dilma e Temer\u2014 apostaram no fortalecimento do agroneg\u00f3cio e na exporta\u00e7\u00e3o de bens prim\u00e1rios. Isso teve um impacto dr\u00e1stico no setor produtivo do pa\u00eds. O que faz com que hoje n\u00f3s tenhamos a participa\u00e7\u00e3o da ind\u00fastria do Produto Interno Bruto (PIB) do pa\u00eds semelhante aos da d\u00e9cada de 1920. E isso teve como impacto um processo de desindustrializa\u00e7\u00e3o do pa\u00eds. E isso virou uma concentra\u00e7\u00e3o de poder pol\u00edtico e econ\u00f4mico do agroneg\u00f3cio. N\u00e3o \u00e9 poss\u00edvel pensar um projeto que desconsidere o agroneg\u00f3cio. \u00c9 preciso pensar como esse setor econ\u00f4mico se insere em um projeto de na\u00e7\u00e3o altivo e soberano. Mas, n\u00f3s do PSOL ainda acreditamos que \u00e9 preciso sim tratar do tema da reforma agr\u00e1ria. Garantindo acesso \u00e0 terra, mas tamb\u00e9m uma prioridade das pol\u00edticas de fomento a agricultura familiar. A maior parte do alimento na mesa do brasileiro vem da agricultura familiar. Ent\u00e3o temos uma aten\u00e7\u00e3o especial. Reconhecemos que o problema da reforma agr\u00e1ria n\u00e3o est\u00e1 mais nos mesmos termos da d\u00e9cada de 1980 quando isso se converteu na maior bandeira da esquerda brasileira. Com a mecaniza\u00e7\u00e3o e a industrializa\u00e7\u00e3o da produ\u00e7\u00e3o agr\u00edcola e pr\u00f3prio MST reconhece isso. Mas, n\u00f3s achamos que um governo que queira promover uma mudan\u00e7a profunda de prioridades ter\u00e1 que ter uma aten\u00e7\u00e3o especial para agricultura familiar e assentamentos da reforma agr\u00e1ria.<\/p>\n<p><strong>Yahoo Not\u00edcias:<\/strong>\u00a0Recentemente tivemos dois exemplos distintos de racha partid\u00e1rio. O mais recente envolve a briga interna no PSL. Qual a avalia\u00e7\u00e3o que o senhor faz desse caso?<\/p>\n<p><strong>Juliano Medeiros:\u00a0<\/strong>Isso s\u00f3 mostra que o PSL n\u00e3o \u00e9 um projeto pol\u00edtico. Ele \u00e9 um amontoado de subcelebridades de extrema-direita que ganharam espa\u00e7o nas redes sociais. Com gente mobilizada pelas paranoias comunistas e reacion\u00e1rios de toda ordem. N\u00e3o me espanta que um projeto pol\u00edtico t\u00e3o fr\u00e1gil e t\u00e3o limitado acabe em uma crise de grandes propor\u00e7\u00f5es. N\u00e3o \u00e9 nenhuma surpresa. A natureza das diverg\u00eancias tem pouco a ver com pol\u00edtica. Tem a ver com o controle do fundo partid\u00e1rio. N\u00e3o \u00e9 uma surpresa essa crise. Espero que seja uma crise terminal j\u00e1 que o PSL n\u00e3o tem nenhuma contribui\u00e7\u00e3o relevante ao debate de ideia do Brasil.<\/p>\n<p><strong>Yahoo Not\u00edcias:<\/strong>\u00a0O segundo caso envolve o PDT e PSB. Liderados pela deputada Tabata Amaral (PDT-SP) mais seis parlamentares decidiram entrar na justi\u00e7a pelo mandato. Todos s\u00e3o envolvidos com organiza\u00e7\u00f5es que o presidente do PDT chama de \u2018partidos clandestinos\u2019. Qual leitura o senhor faz desse epis\u00f3dio?<\/p>\n<p><strong>Juliano Medeiros:\u00a0<\/strong>Primeiro que eu acho bastante positivo que tanto o PDT como o PSB tenham fechado quest\u00e3o em rela\u00e7\u00e3o a Reforma da Previd\u00eancia. Esse tema \u00e9 muito sens\u00edvel e que infelizmente n\u00e3o ganhou o debate p\u00fablico no Brasil. Pelos relatos que eu tenho esses partidos promoveram debates internos sobre a quest\u00e3o e esses deputados divergentes tiveram espa\u00e7o para expor seus argumentos. Eu valorizo muito o papel dos partidos. Sou absolutamente contra a ideia de mandato avulso. Isso estimula um personalismo que enfraquece os projetos pol\u00edticos e isso \u00e9 muito negativo. Me parece que a dire\u00e7\u00e3o do PDT e do PSB t\u00eam agido com corre\u00e7\u00e3o. Garanto que se isso acontecesse no PSOL em um tema com essa dimens\u00e3o n\u00f3s tratar\u00edamos isso como algo muito grave. Eu realmente acho que o tratamento que o PDT e o PSB est\u00e3o dando aos seus parlamentares \u00e9 correto.<\/p>\n<p><strong>Yahoo Not\u00edcias:\u00a0<\/strong>O senhor acredita que o que se vendeu como resultado econ\u00f4mico da Reforma da Previd\u00eancia vai acontecer? O que se esperar quando o cidad\u00e3o perceber que essa panaceia econ\u00f4mica pode n\u00e3o acontecer?<\/p>\n<p><strong>Juliano Medeiros:\u00a0<\/strong>Primeiro que na nossa percep\u00e7\u00e3o a Reforma da Previd\u00eancia tal como foi aprovada n\u00e3o vai resolver o problema fiscal brasileiro. O PSOL apresentou quatro emendas ao projeto da Reforma da Previd\u00eancia. Nossa ideia era alavancar a arrecada\u00e7\u00e3o sem retirar direitos dos mais vulner\u00e1veis. Era poss\u00edvel desde o come\u00e7o fazer um ajuste que n\u00e3o retirasse direitos. N\u00e3o sei em que medida isso vai se reverter no debate p\u00fablico ou no eleitoral como um tema. \u00c9 dif\u00edcil ver isso agora. Ainda falta um ano para elei\u00e7\u00e3o. Mas, n\u00f3s do PSOL iremos continuar promovendo o debate econ\u00f4mico. Vamos estimular seja nas elei\u00e7\u00f5es municipais e nos espa\u00e7os que a gente pode esse debate sobre modelo econ\u00f4mico. O governo Bolsonaro se concentra em um modelo econ\u00f4mico ultraliberal que se concentra em retirada de direitos. Se o PSOL ir\u00e1 conseguir mostrar para a maioria da popula\u00e7\u00e3o o quanto \u00e9 nocivo eu n\u00e3o sei. Mas, que essas medidas s\u00e3o incapazes de tirar o Brasil da crise eu tenho absoluta certeza. Assim como tenho certeza que o povo brasileiro ir\u00e1 perceber o quanto essa pol\u00edtica negativa \u00e9 nociva e vai extrair aprendizados disso. Tivemos no Equador um levante popular imprevis\u00edvel que veio depois de medidas econ\u00f4micas muito negativas. Se os ataques persistirem e as melhorias n\u00e3o vierem. E n\u00e3o vir\u00e3o. Acho que podemos nos preparar para um tipo de resposta seja nas ruas. Seja nas urnas&#8230; Isso n\u00e3o vai passar impune pelo povo brasileiro.<\/p>\n<p><strong>Yahoo Not\u00edcias:\u00a0<\/strong>Alguns representantes \u2013n\u00e3o todos\u2014que se enquadram nesse r\u00f3tulo de \u2018nova pol\u00edtica\u2019 s\u00e3o contra o fundo eleitoral. Qual a posi\u00e7\u00e3o do PSOL?<\/p>\n<p><strong>Juliano Medeiros:\u00a0<\/strong>Esses partidos que se colocam contra o fundo partid\u00e1rio defendem a volta do financiamento privado. O que eles querem \u00e9 que as empresas que financiavam os partidos voltem a ser os agentes de financiamento. Esses bancos e empreiteiras que corromperam a pol\u00edtica brasileira voltem a financiar campanhas em troca de favores. O PSOL \u00e9 radicalmente contra esse retrocesso. Essa posi\u00e7\u00e3o contra o fundo p\u00fablico \u00e9 demag\u00f3gica e oportunista que flerta com essa crise pol\u00edtica no pa\u00eds. Defendemos um fundo partid\u00e1rio mais modesto do que o que vem sendo praticado. Isso tem a ver com partidos pol\u00edticos que n\u00e3o sabem mais fazer campanha com pouco dinheiro. Defendemos um fundo mais modesto, mas acreditamos que voltar ao que era antes \u00e9 um retrocesso para pol\u00edtica brasileira.<\/p>\n<p><strong>Yahoo Not\u00edcias:\u00a0<\/strong>Em uma entrevista ao portal \u201cF\u00f3rum\u201d, o senhor revela que trabalhou muitos anos na C\u00e2mara dos Deputados e pode afirmar que o presidente Jair Bolsonaro era um vagabundo. Nos \u00faltimos dias o delegado Waldir \u2013um correligion\u00e1rio de Bolsonaro\u2014usou a mesma palavra para definir o presidente. Que contato o senhor tinha com ele nessa \u00e9poca?<\/p>\n<p><strong>Juliano Medeiros:\u00a0<\/strong>A conviv\u00eancia que eu tive com Bolsonaro era a de plen\u00e1rio. Durante um per\u00edodo eu trabalhei na lideran\u00e7a do PSOL na C\u00e2mara dos Deputados. E o Bolsonaro era motivo de chacota por todos os deputados. De todos os partidos. N\u00e3o era um sujeito levado a s\u00e9rio por absolutamente ningu\u00e9m. Jamais o vi aprovando qualquer projeto. Era um sujeito que n\u00e3o gozava do respeito dos outros deputados. Vivia pulando de comiss\u00e3o e comiss\u00e3o para promover pol\u00eamicas in\u00fateis para garantir algum n\u00edvel de exposi\u00e7\u00e3o. Ele vivia de fact\u00f3ides e estardalha\u00e7o permanente para garantir proje\u00e7\u00e3o. Sua produtividade como deputado era t\u00e3o baixa que ele s\u00f3 conseguia se projetar publicamente polarizando e falando absurdos na tribuna. A imagem que eu tenho do Bolsonaro \u00e9 exatamente essa. Um sujeito que n\u00e3o trabalhava e que tinha como \u00fanico prop\u00f3sito criar pol\u00eamica.<\/p>\n<p><strong>Yahoo Not\u00edcias:\u00a0<\/strong>Outro ponto criticado da gest\u00e3o Bolsonaro \u00e9 a pol\u00edtica educacional. Recentemente dois parlamentares do Rio de Janeiro foram sem nenhum tipo de autoriza\u00e7\u00e3o pr\u00e9via ao Col\u00e9gio Pedro II no Rio de Janeiro. Que leitura o senhor faz dessa quest\u00e3o?<\/p>\n<p><strong>Juliano Medeiros:\u00a0<\/strong>Primeiro que chamar o que o governo do Bolsonaro de \u2018pol\u00edtica educacional\u2019 seria uma generosidade de nossa parte. N\u00e3o acho que isso pode ser chamado de pol\u00edtica educacional. O que est\u00e1 em curso no MEC \u00e9 uma pol\u00edtica de desmonte que visa priorizar o ensino privado de p\u00e9ssima qualidade no ensino superior e enfraquecer as institui\u00e7\u00f5es p\u00fablicas que s\u00e3o respons\u00e1veis por 90% da produ\u00e7\u00e3o cientifica no Brasil. \u00c9 em primeir\u00edssimo lugar mais um front do governo do Bolsonaro de ataque a soberania nacional. Pa\u00eds que n\u00e3o faz produ\u00e7\u00e3o cientifica \u00e9 fraco internacionalmente. Quanto a a\u00e7\u00e3o do Daniel Silveira (PSL) e do Rodrigo Amorim (PSL) \u00e9 um absurdo. Primeiro que n\u00e3o tem nenhuma efici\u00eancia. Se voc\u00ea quiser conferir se existe algum grau de doutrina\u00e7\u00e3o ideol\u00f3gica basta marcar uma reuni\u00e3o com os educadores respons\u00e1veis por essa escola. Em segundo lugar \u00e9 que esse tipo de iniciativa est\u00e1 ligado \u00e0 mesma forma de atuar politicamente do Bolsonaro. Os dois eram dois ilustres desconhecidos antes de quebrarem a placa com o nome da Marielle Franco. Dois sujeitos desqualificados politicamente. Eles n\u00e3o t\u00eam qualifica\u00e7\u00e3o para estar no ambiente p\u00fablico. Para travar um embate de ideias. E eu n\u00e3o acho que isso seja um retrato fiel dos pol\u00edticos de direita. Existem pessoas de direita capazes de travar o debate p\u00fablico. Eles se inscrevem nessa forma de fazer pol\u00edtica baseada no estardalha\u00e7o e no barulho. \u00c9 deplor\u00e1vel. Conden\u00e1vel. Absurdo o que eles fizeram, mas tem a l\u00f3gica daqueles que querem aparecer a todo custo.<\/p>\n<p><strong>Yahoo Not\u00edcias:\u00a0<\/strong>Como o PSOL enxerga a quest\u00e3o da apura\u00e7\u00e3o do poder p\u00fablico em rela\u00e7\u00e3o a identifica\u00e7\u00e3o dos assassinos da Marielle Franco?<\/p>\n<p><strong>Juliano Medeiros:<\/strong>\u00a0O PSOL segue reivindicando a apura\u00e7\u00e3o e o julgamento dos acusados. Temos apenas duas pessoas acusadas e nem sequer condenadas. Isso j\u00e1 faz um ano e meio. E nesse um ano e meio n\u00e3o temos nenhum condenado. Isso de alguma forma expressa a leni\u00eancia do judici\u00e1rio brasileiro em chegar a resultados. Estamos convencidos de que Marielle foi v\u00edtima de um crime pol\u00edtico. O crime pode at\u00e9 ter sido executado por mil\u00edcias, mas acreditamos que existe por tr\u00e1s uma figura (ou algumas figuras) do mundo pol\u00edtico. Sobre qual pol\u00edcia deve investigar eu n\u00e3o vou comentar at\u00e9 por respeito a quem tem se dedicado a resolver esse crime, mas continuamos cobrando. Continuamos querendo resposta e exigindo que os dois acusados de cometer o crime sejam condenados e seus depoimentos tornados p\u00fablicos.<\/p>\n<p><strong>Yahoo Not\u00edcias:\u00a0<\/strong>Muito se fala de uma frente de esquerda para combater o conservadorismo. Alguns anos atr\u00e1s o PSOL era visto como um partido de dif\u00edcil composi\u00e7\u00e3o. A legenda suavizou seus posicionamentos nos \u00faltimos anos? Ou foi a conjuntura pol\u00edtica que se radicalizou?<\/p>\n<p><strong>Juliano Medeiros:\u00a0<\/strong>O PSOL tem trabalhado ativamente pela unidade da oposi\u00e7\u00e3o. Isso n\u00e3o significa suprimir ou ignorar as diverg\u00eancias que existem no campo da oposi\u00e7\u00e3o, mas colocar em primeiro plano o interesse do povo brasileiro diante dos ataques promovidos pelo governo Bolsonaro. Nessa unidade, qualquer partido ou movimento social que esteja em oposi\u00e7\u00e3o ao governo \u00e9 bem-vindo. Essa unidade \u00e9 fundamentalmente pol\u00edtica, n\u00e3o necessariamente eleitoral. Sobre elei\u00e7\u00f5es nosso Diret\u00f3rio Nacional vai iniciar o debate no pr\u00f3ximo dia 26. Estamos conscientes da nossa responsabilidade.<\/p>\n<p><strong>Yahoo Not\u00edcias:\u00a0<\/strong>A elei\u00e7\u00e3o de 2018 produziu alguns governos com pol\u00edticas de seguran\u00e7a p\u00fablica com tra\u00e7os autorit\u00e1rios. O caso mais bem-acabado \u00e9 o do Rio de Janeiro em que o governador proferiu frases como \u201catirar na cabecinha\u201d. Esse discurso \u00e9 apoiado por parte da popula\u00e7\u00e3o. Como desconstruir isso?<\/p>\n<p><strong>Juliano Medeiros:\u00a0<\/strong>Nos \u00faltimos anos se estimulou a ideia de que o Brasil enfrentava dois problemas principais: a corrup\u00e7\u00e3o e a viol\u00eancia. Essa narrativa ganhou for\u00e7a e acabou impulsionando esse populismo de extrema-direita que se expressa no bolsonarismo e outros setores da velha direita. Enquanto isso, aquele que de fato \u00e9 o principal problema do pa\u00eds, que a desigualdade, respons\u00e1vel pela crise social e a viol\u00eancia, fica em segundo plano. \u00c9, como eu disse antes, uma vit\u00f3ria ideol\u00f3gica dos nossos inimigos, que se aproveitam da hiper concentra\u00e7\u00e3o dos meios de comunica\u00e7\u00e3o para difundir suas ideias e valores. Para desconstruir precisamos, pedagogicamente, demonstrar que al\u00e9m de mudar a concep\u00e7\u00e3o de seguran\u00e7a p\u00fablica que vigora na imensa maioria dos estados brasileiros e em n\u00edvel federal, precisamos colocar no centro do debate o tema da desigualdade. Isso pode levar anos, mas \u00e9 tarefa que se inicia hoje.<\/p>\n","protected":false},"excerpt":{"rendered":"<p>Originalmente publicado em Yahoo Not\u00edcias Historiador e mestre em hist\u00f3ria pela Universidade de Bras\u00edlia (UNB), Juliano Medeiros \u00e9 uma das mais importantes jovens lideran\u00e7as da esquerda brasileira. Em entrevista ao Yahoo Not\u00edcias ele falou sobre seu trabalho \u00e0 frente do PSOL, a vis\u00e3o do partido em rela\u00e7\u00e3o a temas como a reforma da previd\u00eancia, pol\u00edtica [&hellip;]<\/p>\n","protected":false},"author":2,"featured_media":19453,"comment_status":"closed","ping_status":"open","sticky":false,"template":"","format":"standard","meta":{"_acf_changed":false,"footnotes":""},"categories":[6],"tags":[56,639,259,107,22],"class_list":{"0":"post-26797","1":"post","2":"type-post","3":"status-publish","4":"format-standard","5":"has-post-thumbnail","7":"category-noticias","8":"tag-bolsonaro","9":"tag-entrevista","10":"tag-juliano-medeiros","11":"tag-marielle","12":"tag-psol"},"acf":[],"yoast_head":"<!-- This site is optimized with the Yoast SEO plugin v26.5 - https:\/\/yoast.com\/wordpress\/plugins\/seo\/ -->\n<title>Presidente nacional do PSOL cobra por Marielle e ataca Bolsonaro: &#039;Nem trabalhava&#039;<\/title>\n<meta name=\"description\" content=\"Juliano Medeiros fala sobre os principais temas pol\u00edticos da atualidade em entrevista\" \/>\n<meta name=\"robots\" content=\"index, follow, max-snippet:-1, max-image-preview:large, max-video-preview:-1\" \/>\n<link rel=\"canonical\" href=\"https:\/\/psol50.org.br\/presidente-nacional-do-psol-cobra-por-marielle-e-ataca-bolsonaro-nem-trabalhava\/\" \/>\n<meta property=\"og:locale\" content=\"pt_BR\" \/>\n<meta property=\"og:type\" content=\"article\" \/>\n<meta property=\"og:title\" content=\"Presidente nacional do PSOL cobra por Marielle e ataca Bolsonaro: &#039;Nem trabalhava&#039;\" \/>\n<meta property=\"og:description\" content=\"Juliano Medeiros fala sobre os principais temas pol\u00edticos da atualidade em entrevista\" \/>\n<meta property=\"og:url\" content=\"https:\/\/psol50.org.br\/presidente-nacional-do-psol-cobra-por-marielle-e-ataca-bolsonaro-nem-trabalhava\/\" \/>\n<meta property=\"og:site_name\" content=\"PSOL 50\" \/>\n<meta property=\"article:publisher\" content=\"https:\/\/www.facebook.com\/psol50\" \/>\n<meta property=\"article:published_time\" content=\"2019-10-25T15:19:52+00:00\" \/>\n<meta property=\"og:image\" content=\"https:\/\/psol50.org.br\/inc\/uploads\/2018\/01\/ExecutivaPSOL-3646.jpg\" \/>\n\t<meta property=\"og:image:width\" content=\"1800\" \/>\n\t<meta property=\"og:image:height\" content=\"1200\" \/>\n\t<meta property=\"og:image:type\" content=\"image\/jpeg\" \/>\n<meta name=\"author\" content=\"Comunica\u00e7\u00e3o PSOL\" \/>\n<meta name=\"twitter:card\" content=\"summary_large_image\" \/>\n<meta name=\"twitter:title\" content=\"Presidente nacional do PSOL cobra por Marielle e ataca Bolsonaro: &#039;Nem trabalhava&#039;\" \/>\n<meta name=\"twitter:description\" content=\"Juliano Medeiros fala sobre os principais temas pol\u00edticos da atualidade em entrevista\" \/>\n<meta name=\"twitter:image\" content=\"https:\/\/psol50.org.br\/inc\/uploads\/2018\/01\/ExecutivaPSOL-3646.jpg\" \/>\n<meta name=\"twitter:creator\" content=\"@psol50\" \/>\n<meta name=\"twitter:site\" content=\"@psol50\" \/>\n<meta name=\"twitter:label1\" content=\"Escrito por\" \/>\n\t<meta name=\"twitter:data1\" content=\"Comunica\u00e7\u00e3o PSOL\" \/>\n\t<meta name=\"twitter:label2\" content=\"Est. tempo de leitura\" \/>\n\t<meta name=\"twitter:data2\" content=\"16 minutos\" \/>\n<script type=\"application\/ld+json\" class=\"yoast-schema-graph\">{\"@context\":\"https:\/\/schema.org\",\"@graph\":[{\"@type\":\"Article\",\"@id\":\"https:\/\/psol50.org.br\/presidente-nacional-do-psol-cobra-por-marielle-e-ataca-bolsonaro-nem-trabalhava\/#article\",\"isPartOf\":{\"@id\":\"https:\/\/psol50.org.br\/presidente-nacional-do-psol-cobra-por-marielle-e-ataca-bolsonaro-nem-trabalhava\/\"},\"author\":{\"name\":\"Comunica\u00e7\u00e3o PSOL\",\"@id\":\"https:\/\/psol50.org.br\/#\/schema\/person\/475dfa57d0b815993c714c2e96491fcd\"},\"headline\":\"Presidente nacional do PSOL cobra por Marielle e ataca Bolsonaro: &#8216;Nem trabalhava&#8217;\",\"datePublished\":\"2019-10-25T15:19:52+00:00\",\"mainEntityOfPage\":{\"@id\":\"https:\/\/psol50.org.br\/presidente-nacional-do-psol-cobra-por-marielle-e-ataca-bolsonaro-nem-trabalhava\/\"},\"wordCount\":3165,\"publisher\":{\"@id\":\"https:\/\/psol50.org.br\/#organization\"},\"image\":{\"@id\":\"https:\/\/psol50.org.br\/presidente-nacional-do-psol-cobra-por-marielle-e-ataca-bolsonaro-nem-trabalhava\/#primaryimage\"},\"thumbnailUrl\":\"https:\/\/psol50.org.br\/inc\/uploads\/2018\/01\/ExecutivaPSOL-3646.jpg\",\"keywords\":[\"Bolsonaro\",\"Entrevista\",\"Juliano Medeiros\",\"Marielle\",\"PSOL\"],\"articleSection\":[\"Not\u00edcias\"],\"inLanguage\":\"pt-BR\"},{\"@type\":\"WebPage\",\"@id\":\"https:\/\/psol50.org.br\/presidente-nacional-do-psol-cobra-por-marielle-e-ataca-bolsonaro-nem-trabalhava\/\",\"url\":\"https:\/\/psol50.org.br\/presidente-nacional-do-psol-cobra-por-marielle-e-ataca-bolsonaro-nem-trabalhava\/\",\"name\":\"Presidente nacional do PSOL cobra por Marielle e ataca Bolsonaro: 'Nem trabalhava'\",\"isPartOf\":{\"@id\":\"https:\/\/psol50.org.br\/#website\"},\"primaryImageOfPage\":{\"@id\":\"https:\/\/psol50.org.br\/presidente-nacional-do-psol-cobra-por-marielle-e-ataca-bolsonaro-nem-trabalhava\/#primaryimage\"},\"image\":{\"@id\":\"https:\/\/psol50.org.br\/presidente-nacional-do-psol-cobra-por-marielle-e-ataca-bolsonaro-nem-trabalhava\/#primaryimage\"},\"thumbnailUrl\":\"https:\/\/psol50.org.br\/inc\/uploads\/2018\/01\/ExecutivaPSOL-3646.jpg\",\"datePublished\":\"2019-10-25T15:19:52+00:00\",\"description\":\"Juliano Medeiros fala sobre os principais temas pol\u00edticos da atualidade em entrevista\",\"breadcrumb\":{\"@id\":\"https:\/\/psol50.org.br\/presidente-nacional-do-psol-cobra-por-marielle-e-ataca-bolsonaro-nem-trabalhava\/#breadcrumb\"},\"inLanguage\":\"pt-BR\",\"potentialAction\":[{\"@type\":\"ReadAction\",\"target\":[\"https:\/\/psol50.org.br\/presidente-nacional-do-psol-cobra-por-marielle-e-ataca-bolsonaro-nem-trabalhava\/\"]}]},{\"@type\":\"ImageObject\",\"inLanguage\":\"pt-BR\",\"@id\":\"https:\/\/psol50.org.br\/presidente-nacional-do-psol-cobra-por-marielle-e-ataca-bolsonaro-nem-trabalhava\/#primaryimage\",\"url\":\"https:\/\/psol50.org.br\/inc\/uploads\/2018\/01\/ExecutivaPSOL-3646.jpg\",\"contentUrl\":\"https:\/\/psol50.org.br\/inc\/uploads\/2018\/01\/ExecutivaPSOL-3646.jpg\",\"width\":1800,\"height\":1200},{\"@type\":\"BreadcrumbList\",\"@id\":\"https:\/\/psol50.org.br\/presidente-nacional-do-psol-cobra-por-marielle-e-ataca-bolsonaro-nem-trabalhava\/#breadcrumb\",\"itemListElement\":[{\"@type\":\"ListItem\",\"position\":1,\"name\":\"In\u00edcio\",\"item\":\"https:\/\/psol50.org.br\/\"},{\"@type\":\"ListItem\",\"position\":2,\"name\":\"Presidente nacional do PSOL cobra por Marielle e ataca Bolsonaro: &#8216;Nem trabalhava&#8217;\"}]},{\"@type\":\"WebSite\",\"@id\":\"https:\/\/psol50.org.br\/#website\",\"url\":\"https:\/\/psol50.org.br\/\",\"name\":\"PSOL 50\",\"description\":\"Site oficial do Partido Socialismo e Liberdade\",\"publisher\":{\"@id\":\"https:\/\/psol50.org.br\/#organization\"},\"alternateName\":\"PSOL50\",\"potentialAction\":[{\"@type\":\"SearchAction\",\"target\":{\"@type\":\"EntryPoint\",\"urlTemplate\":\"https:\/\/psol50.org.br\/?s={search_term_string}\"},\"query-input\":{\"@type\":\"PropertyValueSpecification\",\"valueRequired\":true,\"valueName\":\"search_term_string\"}}],\"inLanguage\":\"pt-BR\"},{\"@type\":\"Organization\",\"@id\":\"https:\/\/psol50.org.br\/#organization\",\"name\":\"PSOL 50\",\"alternateName\":\"PSOL 50\",\"url\":\"https:\/\/psol50.org.br\/\",\"logo\":{\"@type\":\"ImageObject\",\"inLanguage\":\"pt-BR\",\"@id\":\"https:\/\/psol50.org.br\/#\/schema\/logo\/image\/\",\"url\":\"https:\/\/psol50.org.br\/inc\/uploads\/2018\/07\/capa.png\",\"contentUrl\":\"https:\/\/psol50.org.br\/inc\/uploads\/2018\/07\/capa.png\",\"width\":1350,\"height\":900,\"caption\":\"PSOL 50\"},\"image\":{\"@id\":\"https:\/\/psol50.org.br\/#\/schema\/logo\/image\/\"},\"sameAs\":[\"https:\/\/www.facebook.com\/psol50\",\"https:\/\/x.com\/psol50\",\"https:\/\/www.instagram.com\/psol50\/\",\"https:\/\/www.youtube.com\/channel\/UC7SnJS5o1os7a6CaiNabzcg\"]},{\"@type\":\"Person\",\"@id\":\"https:\/\/psol50.org.br\/#\/schema\/person\/475dfa57d0b815993c714c2e96491fcd\",\"name\":\"Comunica\u00e7\u00e3o PSOL\",\"image\":{\"@type\":\"ImageObject\",\"inLanguage\":\"pt-BR\",\"@id\":\"https:\/\/psol50.org.br\/#\/schema\/person\/image\/\",\"url\":\"https:\/\/secure.gravatar.com\/avatar\/b34fc4f4e468a4e51785917065a3db57b841f5c95dba6ad8c73aaf8f66f8f9bf?s=96&d=mm&r=g\",\"contentUrl\":\"https:\/\/secure.gravatar.com\/avatar\/b34fc4f4e468a4e51785917065a3db57b841f5c95dba6ad8c73aaf8f66f8f9bf?s=96&d=mm&r=g\",\"caption\":\"Comunica\u00e7\u00e3o PSOL\"}}]}<\/script>\n<!-- \/ Yoast SEO plugin. -->","yoast_head_json":{"title":"Presidente nacional do PSOL cobra por Marielle e ataca Bolsonaro: 'Nem trabalhava'","description":"Juliano Medeiros fala sobre os principais temas pol\u00edticos da atualidade em entrevista","robots":{"index":"index","follow":"follow","max-snippet":"max-snippet:-1","max-image-preview":"max-image-preview:large","max-video-preview":"max-video-preview:-1"},"canonical":"https:\/\/psol50.org.br\/presidente-nacional-do-psol-cobra-por-marielle-e-ataca-bolsonaro-nem-trabalhava\/","og_locale":"pt_BR","og_type":"article","og_title":"Presidente nacional do PSOL cobra por Marielle e ataca Bolsonaro: 'Nem trabalhava'","og_description":"Juliano Medeiros fala sobre os principais temas pol\u00edticos da atualidade em entrevista","og_url":"https:\/\/psol50.org.br\/presidente-nacional-do-psol-cobra-por-marielle-e-ataca-bolsonaro-nem-trabalhava\/","og_site_name":"PSOL 50","article_publisher":"https:\/\/www.facebook.com\/psol50","article_published_time":"2019-10-25T15:19:52+00:00","og_image":[{"width":1800,"height":1200,"url":"https:\/\/psol50.org.br\/inc\/uploads\/2018\/01\/ExecutivaPSOL-3646.jpg","type":"image\/jpeg"}],"author":"Comunica\u00e7\u00e3o PSOL","twitter_card":"summary_large_image","twitter_title":"Presidente nacional do PSOL cobra por Marielle e ataca Bolsonaro: 'Nem trabalhava'","twitter_description":"Juliano Medeiros fala sobre os principais temas pol\u00edticos da atualidade em entrevista","twitter_image":"https:\/\/psol50.org.br\/inc\/uploads\/2018\/01\/ExecutivaPSOL-3646.jpg","twitter_creator":"@psol50","twitter_site":"@psol50","twitter_misc":{"Escrito por":"Comunica\u00e7\u00e3o PSOL","Est. tempo de leitura":"16 minutos"},"schema":{"@context":"https:\/\/schema.org","@graph":[{"@type":"Article","@id":"https:\/\/psol50.org.br\/presidente-nacional-do-psol-cobra-por-marielle-e-ataca-bolsonaro-nem-trabalhava\/#article","isPartOf":{"@id":"https:\/\/psol50.org.br\/presidente-nacional-do-psol-cobra-por-marielle-e-ataca-bolsonaro-nem-trabalhava\/"},"author":{"name":"Comunica\u00e7\u00e3o PSOL","@id":"https:\/\/psol50.org.br\/#\/schema\/person\/475dfa57d0b815993c714c2e96491fcd"},"headline":"Presidente nacional do PSOL cobra por Marielle e ataca Bolsonaro: &#8216;Nem trabalhava&#8217;","datePublished":"2019-10-25T15:19:52+00:00","mainEntityOfPage":{"@id":"https:\/\/psol50.org.br\/presidente-nacional-do-psol-cobra-por-marielle-e-ataca-bolsonaro-nem-trabalhava\/"},"wordCount":3165,"publisher":{"@id":"https:\/\/psol50.org.br\/#organization"},"image":{"@id":"https:\/\/psol50.org.br\/presidente-nacional-do-psol-cobra-por-marielle-e-ataca-bolsonaro-nem-trabalhava\/#primaryimage"},"thumbnailUrl":"https:\/\/psol50.org.br\/inc\/uploads\/2018\/01\/ExecutivaPSOL-3646.jpg","keywords":["Bolsonaro","Entrevista","Juliano Medeiros","Marielle","PSOL"],"articleSection":["Not\u00edcias"],"inLanguage":"pt-BR"},{"@type":"WebPage","@id":"https:\/\/psol50.org.br\/presidente-nacional-do-psol-cobra-por-marielle-e-ataca-bolsonaro-nem-trabalhava\/","url":"https:\/\/psol50.org.br\/presidente-nacional-do-psol-cobra-por-marielle-e-ataca-bolsonaro-nem-trabalhava\/","name":"Presidente nacional do PSOL cobra por Marielle e ataca Bolsonaro: 'Nem trabalhava'","isPartOf":{"@id":"https:\/\/psol50.org.br\/#website"},"primaryImageOfPage":{"@id":"https:\/\/psol50.org.br\/presidente-nacional-do-psol-cobra-por-marielle-e-ataca-bolsonaro-nem-trabalhava\/#primaryimage"},"image":{"@id":"https:\/\/psol50.org.br\/presidente-nacional-do-psol-cobra-por-marielle-e-ataca-bolsonaro-nem-trabalhava\/#primaryimage"},"thumbnailUrl":"https:\/\/psol50.org.br\/inc\/uploads\/2018\/01\/ExecutivaPSOL-3646.jpg","datePublished":"2019-10-25T15:19:52+00:00","description":"Juliano Medeiros fala sobre os principais temas pol\u00edticos da atualidade em entrevista","breadcrumb":{"@id":"https:\/\/psol50.org.br\/presidente-nacional-do-psol-cobra-por-marielle-e-ataca-bolsonaro-nem-trabalhava\/#breadcrumb"},"inLanguage":"pt-BR","potentialAction":[{"@type":"ReadAction","target":["https:\/\/psol50.org.br\/presidente-nacional-do-psol-cobra-por-marielle-e-ataca-bolsonaro-nem-trabalhava\/"]}]},{"@type":"ImageObject","inLanguage":"pt-BR","@id":"https:\/\/psol50.org.br\/presidente-nacional-do-psol-cobra-por-marielle-e-ataca-bolsonaro-nem-trabalhava\/#primaryimage","url":"https:\/\/psol50.org.br\/inc\/uploads\/2018\/01\/ExecutivaPSOL-3646.jpg","contentUrl":"https:\/\/psol50.org.br\/inc\/uploads\/2018\/01\/ExecutivaPSOL-3646.jpg","width":1800,"height":1200},{"@type":"BreadcrumbList","@id":"https:\/\/psol50.org.br\/presidente-nacional-do-psol-cobra-por-marielle-e-ataca-bolsonaro-nem-trabalhava\/#breadcrumb","itemListElement":[{"@type":"ListItem","position":1,"name":"In\u00edcio","item":"https:\/\/psol50.org.br\/"},{"@type":"ListItem","position":2,"name":"Presidente nacional do PSOL cobra por Marielle e ataca Bolsonaro: &#8216;Nem trabalhava&#8217;"}]},{"@type":"WebSite","@id":"https:\/\/psol50.org.br\/#website","url":"https:\/\/psol50.org.br\/","name":"PSOL 50","description":"Site oficial do Partido Socialismo e Liberdade","publisher":{"@id":"https:\/\/psol50.org.br\/#organization"},"alternateName":"PSOL50","potentialAction":[{"@type":"SearchAction","target":{"@type":"EntryPoint","urlTemplate":"https:\/\/psol50.org.br\/?s={search_term_string}"},"query-input":{"@type":"PropertyValueSpecification","valueRequired":true,"valueName":"search_term_string"}}],"inLanguage":"pt-BR"},{"@type":"Organization","@id":"https:\/\/psol50.org.br\/#organization","name":"PSOL 50","alternateName":"PSOL 50","url":"https:\/\/psol50.org.br\/","logo":{"@type":"ImageObject","inLanguage":"pt-BR","@id":"https:\/\/psol50.org.br\/#\/schema\/logo\/image\/","url":"https:\/\/psol50.org.br\/inc\/uploads\/2018\/07\/capa.png","contentUrl":"https:\/\/psol50.org.br\/inc\/uploads\/2018\/07\/capa.png","width":1350,"height":900,"caption":"PSOL 50"},"image":{"@id":"https:\/\/psol50.org.br\/#\/schema\/logo\/image\/"},"sameAs":["https:\/\/www.facebook.com\/psol50","https:\/\/x.com\/psol50","https:\/\/www.instagram.com\/psol50\/","https:\/\/www.youtube.com\/channel\/UC7SnJS5o1os7a6CaiNabzcg"]},{"@type":"Person","@id":"https:\/\/psol50.org.br\/#\/schema\/person\/475dfa57d0b815993c714c2e96491fcd","name":"Comunica\u00e7\u00e3o PSOL","image":{"@type":"ImageObject","inLanguage":"pt-BR","@id":"https:\/\/psol50.org.br\/#\/schema\/person\/image\/","url":"https:\/\/secure.gravatar.com\/avatar\/b34fc4f4e468a4e51785917065a3db57b841f5c95dba6ad8c73aaf8f66f8f9bf?s=96&d=mm&r=g","contentUrl":"https:\/\/secure.gravatar.com\/avatar\/b34fc4f4e468a4e51785917065a3db57b841f5c95dba6ad8c73aaf8f66f8f9bf?s=96&d=mm&r=g","caption":"Comunica\u00e7\u00e3o PSOL"}}]}},"_links":{"self":[{"href":"https:\/\/psol50.org.br\/rest\/wp\/v2\/posts\/26797","targetHints":{"allow":["GET"]}}],"collection":[{"href":"https:\/\/psol50.org.br\/rest\/wp\/v2\/posts"}],"about":[{"href":"https:\/\/psol50.org.br\/rest\/wp\/v2\/types\/post"}],"author":[{"embeddable":true,"href":"https:\/\/psol50.org.br\/rest\/wp\/v2\/users\/2"}],"replies":[{"embeddable":true,"href":"https:\/\/psol50.org.br\/rest\/wp\/v2\/comments?post=26797"}],"version-history":[{"count":0,"href":"https:\/\/psol50.org.br\/rest\/wp\/v2\/posts\/26797\/revisions"}],"wp:featuredmedia":[{"embeddable":true,"href":"https:\/\/psol50.org.br\/rest\/wp\/v2\/media\/19453"}],"wp:attachment":[{"href":"https:\/\/psol50.org.br\/rest\/wp\/v2\/media?parent=26797"}],"wp:term":[{"taxonomy":"category","embeddable":true,"href":"https:\/\/psol50.org.br\/rest\/wp\/v2\/categories?post=26797"},{"taxonomy":"post_tag","embeddable":true,"href":"https:\/\/psol50.org.br\/rest\/wp\/v2\/tags?post=26797"}],"curies":[{"name":"wp","href":"https:\/\/api.w.org\/{rel}","templated":true}]}}