{"id":268,"date":"2012-09-03T00:00:00","date_gmt":"2012-09-03T00:00:00","guid":{"rendered":"http:\/\/psol50.org.br\/arquivo\/2012\/09\/03\/freixo-bicicletaco-rumo-ao-segundo-turno-e-a-um-rio-com-mais-ciclovias\/"},"modified":"2012-09-03T00:00:00","modified_gmt":"2012-09-03T00:00:00","slug":"freixo-bicicletaco-rumo-ao-segundo-turno-e-a-um-rio-com-mais-ciclovias","status":"publish","type":"post","link":"https:\/\/psol50.org.br\/freixo-bicicletaco-rumo-ao-segundo-turno-e-a-um-rio-com-mais-ciclovias\/","title":{"rendered":"Freixo: bicicleta\u00e7o rumo ao segundo turno e a um Rio com mais ciclovias"},"content":{"rendered":"<p>O uso da bicicleta como meio n\u00e3o s\u00f3 de lazer mas de transporte cotidiano da popula\u00e7\u00e3o \u00e9 pauta priorit\u00e1ria no programa de governo do candidato Marcelo Freixo (PSOL) a prefeito do Rio de Janeiro. N\u00e3o por acaso, mais de 300 pessoas participaram, na manh\u00e3 deste domingo (2\/9) do 2\u00ba Bicicleta\u00e7o organizado em apoio \u00e0 campanha nas \u00faltimas semanas. Dessa vez, o candidato \u2014 em segundo lugar em todas as pesquisas de inten\u00e7\u00f5es de votos \u2014 pedalou, do Arpoador at\u00e9 o Leme, \u00e0 frente da multid\u00e3o de ciclistas empenhados em defender um modelo de cidade dotado de um sistema de transporte mais eficaz e inteligente. &#8220;O plano \u00e9 proporcionar ao Rio um sistema menos poluente, mais voltado para a qualidade de vida dos moradores e e n\u00e3o apenas para o lucro dos empres\u00e1rios de \u00f4nibus&#8221;, afirmou Marcelo Freixo.<\/p>\n<p>&#8220;As bicicletas podem e devem ser utilizadas n\u00e3o apenas para passeios de fim de semana. Mas a cidade precisa ser preparada para isso e a Prefeitura tem que assumir essa responsabilidade, cumprir o seu papel. Queremos ampliar os servi\u00e7os de aluguel de bicicletas e instalar biciclet\u00e1rios por toda a cidade, especialmente onde ainda eles nem mesmo existem, como nas zonas Oeste e Norte&#8221;, disse Marcelo, entre uma pedalada e outra, animado com as recentes pesquisas (Ibope, Datafolha e Vox Populi) que apontaram a sua campanha como a \u00fanica em crescimento, de tr\u00eas pontos, enquanto todas as demais demonstraram tend\u00eancia de queda nas inten\u00e7\u00f5es de votos.<\/p>\n<p>De acordo com a proposta do candidato do PSOL, as bicicletas dever\u00e3o funcionar em um sistema de transportes integrado por \u00f4nibus, metr\u00f4 e vans. &#8220;Dessa forma, o carioca vai poder usar a bicicleta at\u00e9 chegar ao ponto de acesso ao \u00f4nibus ou ao transporte de massa, onde poder\u00e1 deix\u00e1-la guardada com seguran\u00e7a. No caso do BRT, por exemplo, o morador da Zona Oeste vai poder muito bem chegar a um ponto de acesso e seguir direto para o seu trabalho economizando na passagem&#8221;, explicou Marcelo, que, ao agradecer a participa\u00e7\u00e3o dos eleitores no Bicicleta\u00e7o, lembrou a todos do grande com\u00edcio que ser\u00e1 realizado na Lapa em 20\/9, a partir das 19h.<\/p>\n<p><em>Fonte:\u00a0<a href=\"http:\/\/www.marcelofreixo50.com.br\/\">http:\/\/www.marcelofreixo50.com.br<\/a><\/em><\/p>\n","protected":false},"excerpt":{"rendered":"<p>O uso da bicicleta como meio n\u00e3o s\u00f3 de lazer mas de transporte cotidiano da popula\u00e7\u00e3o \u00e9 pauta priorit\u00e1ria no programa de governo do candidato Marcelo Freixo (PSOL) a prefeito do Rio de Janeiro. N\u00e3o por acaso, mais de 300 pessoas participaram, na manh\u00e3 deste domingo (2\/9) do 2\u00ba Bicicleta\u00e7o organizado em apoio \u00e0 campanha [&hellip;]<\/p>\n","protected":false},"author":2,"featured_media":0,"comment_status":"open","ping_status":"open","sticky":false,"template":"","format":"standard","meta":{"_acf_changed":false,"footnotes":""},"categories":[4766,4974],"tags":[4975],"class_list":{"0":"post-268","1":"post","2":"type-post","3":"status-publish","4":"format-standard","6":"category-arquivo","7":"category-eleicoes-2012","8":"tag-eleicoes-2012"},"acf":[],"yoast_head":"<!-- This site is optimized with the Yoast SEO plugin v26.5 - https:\/\/yoast.com\/wordpress\/plugins\/seo\/ -->\n<title>Freixo: bicicleta\u00e7o rumo ao segundo turno e a um Rio com mais ciclovias - PSOL 50<\/title>\n<meta name=\"robots\" content=\"index, follow, max-snippet:-1, max-image-preview:large, max-video-preview:-1\" \/>\n<link rel=\"canonical\" href=\"https:\/\/psol50.org.br\/freixo-bicicletaco-rumo-ao-segundo-turno-e-a-um-rio-com-mais-ciclovias\/\" \/>\n<meta property=\"og:locale\" content=\"pt_BR\" \/>\n<meta property=\"og:type\" content=\"article\" \/>\n<meta property=\"og:title\" content=\"Freixo: bicicleta\u00e7o rumo ao segundo turno e a um Rio com mais ciclovias - PSOL 50\" \/>\n<meta property=\"og:description\" content=\"O uso da bicicleta como meio n\u00e3o s\u00f3 de lazer mas de transporte cotidiano da popula\u00e7\u00e3o \u00e9 pauta priorit\u00e1ria no programa de governo do candidato Marcelo Freixo (PSOL) a prefeito do Rio de Janeiro. N\u00e3o por acaso, mais de 300 pessoas participaram, na manh\u00e3 deste domingo (2\/9) do 2\u00ba Bicicleta\u00e7o organizado em apoio \u00e0 campanha [&hellip;]\" \/>\n<meta property=\"og:url\" content=\"https:\/\/psol50.org.br\/freixo-bicicletaco-rumo-ao-segundo-turno-e-a-um-rio-com-mais-ciclovias\/\" \/>\n<meta property=\"og:site_name\" content=\"PSOL 50\" \/>\n<meta property=\"article:publisher\" content=\"https:\/\/www.facebook.com\/psol50\" \/>\n<meta property=\"article:published_time\" content=\"2012-09-03T00:00:00+00:00\" \/>\n<meta property=\"og:image\" content=\"https:\/\/psol50.org.br\/inc\/uploads\/2018\/07\/capa.png\" \/>\n\t<meta property=\"og:image:width\" content=\"1350\" \/>\n\t<meta property=\"og:image:height\" content=\"900\" \/>\n\t<meta property=\"og:image:type\" content=\"image\/png\" \/>\n<meta name=\"author\" content=\"Comunica\u00e7\u00e3o PSOL\" \/>\n<meta name=\"twitter:card\" content=\"summary_large_image\" \/>\n<meta name=\"twitter:creator\" content=\"@psol50\" \/>\n<meta name=\"twitter:site\" content=\"@psol50\" \/>\n<meta name=\"twitter:label1\" content=\"Escrito por\" \/>\n\t<meta name=\"twitter:data1\" content=\"Comunica\u00e7\u00e3o PSOL\" \/>\n\t<meta name=\"twitter:label2\" content=\"Est. tempo de leitura\" \/>\n\t<meta name=\"twitter:data2\" content=\"2 minutos\" \/>\n<script type=\"application\/ld+json\" class=\"yoast-schema-graph\">{\"@context\":\"https:\/\/schema.org\",\"@graph\":[{\"@type\":\"Article\",\"@id\":\"https:\/\/psol50.org.br\/freixo-bicicletaco-rumo-ao-segundo-turno-e-a-um-rio-com-mais-ciclovias\/#article\",\"isPartOf\":{\"@id\":\"https:\/\/psol50.org.br\/freixo-bicicletaco-rumo-ao-segundo-turno-e-a-um-rio-com-mais-ciclovias\/\"},\"author\":{\"name\":\"Comunica\u00e7\u00e3o PSOL\",\"@id\":\"https:\/\/psol50.org.br\/#\/schema\/person\/475dfa57d0b815993c714c2e96491fcd\"},\"headline\":\"Freixo: bicicleta\u00e7o rumo ao segundo turno e a um Rio com mais ciclovias\",\"datePublished\":\"2012-09-03T00:00:00+00:00\",\"mainEntityOfPage\":{\"@id\":\"https:\/\/psol50.org.br\/freixo-bicicletaco-rumo-ao-segundo-turno-e-a-um-rio-com-mais-ciclovias\/\"},\"wordCount\":384,\"commentCount\":0,\"publisher\":{\"@id\":\"https:\/\/psol50.org.br\/#organization\"},\"keywords\":[\"Elei\u00e7\u00f5es 2012\"],\"articleSection\":[\"Arquivo\",\"ELEI\u00c7\u00d5ES 2012\"],\"inLanguage\":\"pt-BR\",\"potentialAction\":[{\"@type\":\"CommentAction\",\"name\":\"Comment\",\"target\":[\"https:\/\/psol50.org.br\/freixo-bicicletaco-rumo-ao-segundo-turno-e-a-um-rio-com-mais-ciclovias\/#respond\"]}]},{\"@type\":\"WebPage\",\"@id\":\"https:\/\/psol50.org.br\/freixo-bicicletaco-rumo-ao-segundo-turno-e-a-um-rio-com-mais-ciclovias\/\",\"url\":\"https:\/\/psol50.org.br\/freixo-bicicletaco-rumo-ao-segundo-turno-e-a-um-rio-com-mais-ciclovias\/\",\"name\":\"Freixo: bicicleta\u00e7o rumo ao segundo turno e a um Rio com mais ciclovias - PSOL 50\",\"isPartOf\":{\"@id\":\"https:\/\/psol50.org.br\/#website\"},\"datePublished\":\"2012-09-03T00:00:00+00:00\",\"breadcrumb\":{\"@id\":\"https:\/\/psol50.org.br\/freixo-bicicletaco-rumo-ao-segundo-turno-e-a-um-rio-com-mais-ciclovias\/#breadcrumb\"},\"inLanguage\":\"pt-BR\",\"potentialAction\":[{\"@type\":\"ReadAction\",\"target\":[\"https:\/\/psol50.org.br\/freixo-bicicletaco-rumo-ao-segundo-turno-e-a-um-rio-com-mais-ciclovias\/\"]}]},{\"@type\":\"BreadcrumbList\",\"@id\":\"https:\/\/psol50.org.br\/freixo-bicicletaco-rumo-ao-segundo-turno-e-a-um-rio-com-mais-ciclovias\/#breadcrumb\",\"itemListElement\":[{\"@type\":\"ListItem\",\"position\":1,\"name\":\"In\u00edcio\",\"item\":\"https:\/\/psol50.org.br\/\"},{\"@type\":\"ListItem\",\"position\":2,\"name\":\"Freixo: bicicleta\u00e7o rumo ao segundo turno e a um Rio com mais ciclovias\"}]},{\"@type\":\"WebSite\",\"@id\":\"https:\/\/psol50.org.br\/#website\",\"url\":\"https:\/\/psol50.org.br\/\",\"name\":\"PSOL 50\",\"description\":\"Site oficial do Partido Socialismo e Liberdade\",\"publisher\":{\"@id\":\"https:\/\/psol50.org.br\/#organization\"},\"alternateName\":\"PSOL50\",\"potentialAction\":[{\"@type\":\"SearchAction\",\"target\":{\"@type\":\"EntryPoint\",\"urlTemplate\":\"https:\/\/psol50.org.br\/?s={search_term_string}\"},\"query-input\":{\"@type\":\"PropertyValueSpecification\",\"valueRequired\":true,\"valueName\":\"search_term_string\"}}],\"inLanguage\":\"pt-BR\"},{\"@type\":\"Organization\",\"@id\":\"https:\/\/psol50.org.br\/#organization\",\"name\":\"PSOL 50\",\"alternateName\":\"PSOL 50\",\"url\":\"https:\/\/psol50.org.br\/\",\"logo\":{\"@type\":\"ImageObject\",\"inLanguage\":\"pt-BR\",\"@id\":\"https:\/\/psol50.org.br\/#\/schema\/logo\/image\/\",\"url\":\"https:\/\/psol50.org.br\/inc\/uploads\/2018\/07\/capa.png\",\"contentUrl\":\"https:\/\/psol50.org.br\/inc\/uploads\/2018\/07\/capa.png\",\"width\":1350,\"height\":900,\"caption\":\"PSOL 50\"},\"image\":{\"@id\":\"https:\/\/psol50.org.br\/#\/schema\/logo\/image\/\"},\"sameAs\":[\"https:\/\/www.facebook.com\/psol50\",\"https:\/\/x.com\/psol50\",\"https:\/\/www.instagram.com\/psol50\/\",\"https:\/\/www.youtube.com\/channel\/UC7SnJS5o1os7a6CaiNabzcg\"]},{\"@type\":\"Person\",\"@id\":\"https:\/\/psol50.org.br\/#\/schema\/person\/475dfa57d0b815993c714c2e96491fcd\",\"name\":\"Comunica\u00e7\u00e3o PSOL\",\"image\":{\"@type\":\"ImageObject\",\"inLanguage\":\"pt-BR\",\"@id\":\"https:\/\/psol50.org.br\/#\/schema\/person\/image\/\",\"url\":\"https:\/\/secure.gravatar.com\/avatar\/b34fc4f4e468a4e51785917065a3db57b841f5c95dba6ad8c73aaf8f66f8f9bf?s=96&d=mm&r=g\",\"contentUrl\":\"https:\/\/secure.gravatar.com\/avatar\/b34fc4f4e468a4e51785917065a3db57b841f5c95dba6ad8c73aaf8f66f8f9bf?s=96&d=mm&r=g\",\"caption\":\"Comunica\u00e7\u00e3o PSOL\"}}]}<\/script>\n<!-- \/ Yoast SEO plugin. -->","yoast_head_json":{"title":"Freixo: bicicleta\u00e7o rumo ao segundo turno e a um Rio com mais ciclovias - PSOL 50","robots":{"index":"index","follow":"follow","max-snippet":"max-snippet:-1","max-image-preview":"max-image-preview:large","max-video-preview":"max-video-preview:-1"},"canonical":"https:\/\/psol50.org.br\/freixo-bicicletaco-rumo-ao-segundo-turno-e-a-um-rio-com-mais-ciclovias\/","og_locale":"pt_BR","og_type":"article","og_title":"Freixo: bicicleta\u00e7o rumo ao segundo turno e a um Rio com mais ciclovias - PSOL 50","og_description":"O uso da bicicleta como meio n\u00e3o s\u00f3 de lazer mas de transporte cotidiano da popula\u00e7\u00e3o \u00e9 pauta priorit\u00e1ria no programa de governo do candidato Marcelo Freixo (PSOL) a prefeito do Rio de Janeiro. N\u00e3o por acaso, mais de 300 pessoas participaram, na manh\u00e3 deste domingo (2\/9) do 2\u00ba Bicicleta\u00e7o organizado em apoio \u00e0 campanha [&hellip;]","og_url":"https:\/\/psol50.org.br\/freixo-bicicletaco-rumo-ao-segundo-turno-e-a-um-rio-com-mais-ciclovias\/","og_site_name":"PSOL 50","article_publisher":"https:\/\/www.facebook.com\/psol50","article_published_time":"2012-09-03T00:00:00+00:00","og_image":[{"width":1350,"height":900,"url":"https:\/\/psol50.org.br\/inc\/uploads\/2018\/07\/capa.png","type":"image\/png"}],"author":"Comunica\u00e7\u00e3o PSOL","twitter_card":"summary_large_image","twitter_creator":"@psol50","twitter_site":"@psol50","twitter_misc":{"Escrito por":"Comunica\u00e7\u00e3o PSOL","Est. tempo de leitura":"2 minutos"},"schema":{"@context":"https:\/\/schema.org","@graph":[{"@type":"Article","@id":"https:\/\/psol50.org.br\/freixo-bicicletaco-rumo-ao-segundo-turno-e-a-um-rio-com-mais-ciclovias\/#article","isPartOf":{"@id":"https:\/\/psol50.org.br\/freixo-bicicletaco-rumo-ao-segundo-turno-e-a-um-rio-com-mais-ciclovias\/"},"author":{"name":"Comunica\u00e7\u00e3o PSOL","@id":"https:\/\/psol50.org.br\/#\/schema\/person\/475dfa57d0b815993c714c2e96491fcd"},"headline":"Freixo: bicicleta\u00e7o rumo ao segundo turno e a um Rio com mais ciclovias","datePublished":"2012-09-03T00:00:00+00:00","mainEntityOfPage":{"@id":"https:\/\/psol50.org.br\/freixo-bicicletaco-rumo-ao-segundo-turno-e-a-um-rio-com-mais-ciclovias\/"},"wordCount":384,"commentCount":0,"publisher":{"@id":"https:\/\/psol50.org.br\/#organization"},"keywords":["Elei\u00e7\u00f5es 2012"],"articleSection":["Arquivo","ELEI\u00c7\u00d5ES 2012"],"inLanguage":"pt-BR","potentialAction":[{"@type":"CommentAction","name":"Comment","target":["https:\/\/psol50.org.br\/freixo-bicicletaco-rumo-ao-segundo-turno-e-a-um-rio-com-mais-ciclovias\/#respond"]}]},{"@type":"WebPage","@id":"https:\/\/psol50.org.br\/freixo-bicicletaco-rumo-ao-segundo-turno-e-a-um-rio-com-mais-ciclovias\/","url":"https:\/\/psol50.org.br\/freixo-bicicletaco-rumo-ao-segundo-turno-e-a-um-rio-com-mais-ciclovias\/","name":"Freixo: bicicleta\u00e7o rumo ao segundo turno e a um Rio com mais ciclovias - PSOL 50","isPartOf":{"@id":"https:\/\/psol50.org.br\/#website"},"datePublished":"2012-09-03T00:00:00+00:00","breadcrumb":{"@id":"https:\/\/psol50.org.br\/freixo-bicicletaco-rumo-ao-segundo-turno-e-a-um-rio-com-mais-ciclovias\/#breadcrumb"},"inLanguage":"pt-BR","potentialAction":[{"@type":"ReadAction","target":["https:\/\/psol50.org.br\/freixo-bicicletaco-rumo-ao-segundo-turno-e-a-um-rio-com-mais-ciclovias\/"]}]},{"@type":"BreadcrumbList","@id":"https:\/\/psol50.org.br\/freixo-bicicletaco-rumo-ao-segundo-turno-e-a-um-rio-com-mais-ciclovias\/#breadcrumb","itemListElement":[{"@type":"ListItem","position":1,"name":"In\u00edcio","item":"https:\/\/psol50.org.br\/"},{"@type":"ListItem","position":2,"name":"Freixo: bicicleta\u00e7o rumo ao segundo turno e a um Rio com mais ciclovias"}]},{"@type":"WebSite","@id":"https:\/\/psol50.org.br\/#website","url":"https:\/\/psol50.org.br\/","name":"PSOL 50","description":"Site oficial do Partido Socialismo e Liberdade","publisher":{"@id":"https:\/\/psol50.org.br\/#organization"},"alternateName":"PSOL50","potentialAction":[{"@type":"SearchAction","target":{"@type":"EntryPoint","urlTemplate":"https:\/\/psol50.org.br\/?s={search_term_string}"},"query-input":{"@type":"PropertyValueSpecification","valueRequired":true,"valueName":"search_term_string"}}],"inLanguage":"pt-BR"},{"@type":"Organization","@id":"https:\/\/psol50.org.br\/#organization","name":"PSOL 50","alternateName":"PSOL 50","url":"https:\/\/psol50.org.br\/","logo":{"@type":"ImageObject","inLanguage":"pt-BR","@id":"https:\/\/psol50.org.br\/#\/schema\/logo\/image\/","url":"https:\/\/psol50.org.br\/inc\/uploads\/2018\/07\/capa.png","contentUrl":"https:\/\/psol50.org.br\/inc\/uploads\/2018\/07\/capa.png","width":1350,"height":900,"caption":"PSOL 50"},"image":{"@id":"https:\/\/psol50.org.br\/#\/schema\/logo\/image\/"},"sameAs":["https:\/\/www.facebook.com\/psol50","https:\/\/x.com\/psol50","https:\/\/www.instagram.com\/psol50\/","https:\/\/www.youtube.com\/channel\/UC7SnJS5o1os7a6CaiNabzcg"]},{"@type":"Person","@id":"https:\/\/psol50.org.br\/#\/schema\/person\/475dfa57d0b815993c714c2e96491fcd","name":"Comunica\u00e7\u00e3o PSOL","image":{"@type":"ImageObject","inLanguage":"pt-BR","@id":"https:\/\/psol50.org.br\/#\/schema\/person\/image\/","url":"https:\/\/secure.gravatar.com\/avatar\/b34fc4f4e468a4e51785917065a3db57b841f5c95dba6ad8c73aaf8f66f8f9bf?s=96&d=mm&r=g","contentUrl":"https:\/\/secure.gravatar.com\/avatar\/b34fc4f4e468a4e51785917065a3db57b841f5c95dba6ad8c73aaf8f66f8f9bf?s=96&d=mm&r=g","caption":"Comunica\u00e7\u00e3o PSOL"}}]}},"_links":{"self":[{"href":"https:\/\/psol50.org.br\/rest\/wp\/v2\/posts\/268","targetHints":{"allow":["GET"]}}],"collection":[{"href":"https:\/\/psol50.org.br\/rest\/wp\/v2\/posts"}],"about":[{"href":"https:\/\/psol50.org.br\/rest\/wp\/v2\/types\/post"}],"author":[{"embeddable":true,"href":"https:\/\/psol50.org.br\/rest\/wp\/v2\/users\/2"}],"replies":[{"embeddable":true,"href":"https:\/\/psol50.org.br\/rest\/wp\/v2\/comments?post=268"}],"version-history":[{"count":0,"href":"https:\/\/psol50.org.br\/rest\/wp\/v2\/posts\/268\/revisions"}],"wp:attachment":[{"href":"https:\/\/psol50.org.br\/rest\/wp\/v2\/media?parent=268"}],"wp:term":[{"taxonomy":"category","embeddable":true,"href":"https:\/\/psol50.org.br\/rest\/wp\/v2\/categories?post=268"},{"taxonomy":"post_tag","embeddable":true,"href":"https:\/\/psol50.org.br\/rest\/wp\/v2\/tags?post=268"}],"curies":[{"name":"wp","href":"https:\/\/api.w.org\/{rel}","templated":true}]}}