{"id":26822,"date":"2019-10-27T10:14:11","date_gmt":"2019-10-27T13:14:11","guid":{"rendered":"http:\/\/psol50.org.br\/?p=26822"},"modified":"2019-10-27T10:14:11","modified_gmt":"2019-10-27T13:14:11","slug":"nota-de-pesar-professor-paulo-jose","status":"publish","type":"post","link":"https:\/\/psol50.org.br\/nota-de-pesar-professor-paulo-jose\/","title":{"rendered":"Nota de pesar: professor Paulo Jos\u00e9"},"content":{"rendered":"<p>O Diret\u00f3rio Nacional do PSOL manifesta seu pesar pelo falecimento do Professor Paulo Jos\u00e9, presidente do PSOL de Juazeiro da Bahia.<\/p>\n<p>Professor Paulo Jos\u00e9 era um educador, humanista, militante da Igreja Cat\u00f3lica progressista, da luta em defesa do meio ambiente e do Rio S\u00e3o Francisco e da Reforma Agr\u00e1ria. A cidade de Juazeiro e a educa\u00e7\u00e3o do munic\u00edpio est\u00e3o em luto pela perda daquele que t\u00e3o bem encarnou os valores do humanismo socialista e da igualdade. Por onde passou, o Professor Paulo Jos\u00e9 semeou a boa nova da liberdade, da igualdade, da justi\u00e7a social do respeito ao ser humano e da natureza.<\/p>\n<p>O PSOL presta sua homenagem ao Professor Paulo Jos\u00e9 e os p\u00easames a sua fam\u00edlia. A sua luta continuar\u00e1 nos inspirando a construir uma sociedade igualdade e sem explora\u00e7\u00e3o.<\/p>\n<p>Professor Paulo, presente!<\/p>\n<p><strong>S\u00e3o Paulo, 26 de outubro de 2019<\/strong><\/p>\n<p><strong>Diret\u00f3rio Nacional do PSOL<\/strong><\/p>\n","protected":false},"excerpt":{"rendered":"<p>O Diret\u00f3rio Nacional do PSOL manifesta seu pesar pelo falecimento do Professor Paulo Jos\u00e9, presidente do PSOL de Juazeiro da Bahia. Professor Paulo Jos\u00e9 era um educador, humanista, militante da Igreja Cat\u00f3lica progressista, da luta em defesa do meio ambiente e do Rio S\u00e3o Francisco e da Reforma Agr\u00e1ria. A cidade de Juazeiro e a [&hellip;]<\/p>\n","protected":false},"author":2,"featured_media":26824,"comment_status":"closed","ping_status":"open","sticky":false,"template":"","format":"standard","meta":{"_acf_changed":false,"footnotes":""},"categories":[654,6,14],"tags":[37,1022,243,2084],"class_list":{"0":"post-26822","1":"post","2":"type-post","3":"status-publish","4":"format-standard","5":"has-post-thumbnail","7":"category-estados","8":"category-noticias","9":"category-partido","10":"tag-bahia","11":"tag-nota-de-pesar","12":"tag-nota-do-psol","13":"tag-professor-paulo-jose"},"acf":[],"yoast_head":"<!-- This site is optimized with the Yoast SEO plugin v26.5 - https:\/\/yoast.com\/wordpress\/plugins\/seo\/ -->\n<title>Nota de pesar: professor Paulo Jos\u00e9<\/title>\n<meta name=\"description\" content=\"Nota de pesar do Diret\u00f3rio Nacional do PSOL.\" \/>\n<meta name=\"robots\" content=\"index, follow, max-snippet:-1, max-image-preview:large, max-video-preview:-1\" \/>\n<link rel=\"canonical\" href=\"https:\/\/psol50.org.br\/nota-de-pesar-professor-paulo-jose\/\" \/>\n<meta property=\"og:locale\" content=\"pt_BR\" \/>\n<meta property=\"og:type\" content=\"article\" \/>\n<meta property=\"og:title\" content=\"Nota de pesar: professor Paulo Jos\u00e9\" \/>\n<meta property=\"og:description\" content=\"Nota de pesar do Diret\u00f3rio Nacional do PSOL.\" \/>\n<meta property=\"og:url\" content=\"https:\/\/psol50.org.br\/nota-de-pesar-professor-paulo-jose\/\" \/>\n<meta property=\"og:site_name\" content=\"PSOL 50\" \/>\n<meta property=\"article:publisher\" content=\"https:\/\/www.facebook.com\/psol50\" \/>\n<meta property=\"article:published_time\" content=\"2019-10-27T13:14:11+00:00\" \/>\n<meta property=\"og:image\" content=\"https:\/\/psol50.org.br\/inc\/uploads\/2019\/10\/WhatsApp-Image-2019-10-27-at-11.00.13.jpeg\" \/>\n\t<meta property=\"og:image:width\" content=\"960\" \/>\n\t<meta property=\"og:image:height\" content=\"540\" \/>\n\t<meta property=\"og:image:type\" content=\"image\/jpeg\" \/>\n<meta name=\"author\" content=\"Comunica\u00e7\u00e3o PSOL\" \/>\n<meta name=\"twitter:card\" content=\"summary_large_image\" \/>\n<meta name=\"twitter:title\" content=\"Nota de pesar: professor Paulo Jos\u00e9\" \/>\n<meta name=\"twitter:description\" content=\"Nota de pesar do Diret\u00f3rio Nacional do PSOL.\" \/>\n<meta name=\"twitter:image\" content=\"https:\/\/psol50.org.br\/inc\/uploads\/2019\/10\/WhatsApp-Image-2019-10-27-at-11.00.13.jpeg\" \/>\n<meta name=\"twitter:creator\" content=\"@psol50\" \/>\n<meta name=\"twitter:site\" content=\"@psol50\" \/>\n<meta name=\"twitter:label1\" content=\"Escrito por\" \/>\n\t<meta name=\"twitter:data1\" content=\"Comunica\u00e7\u00e3o PSOL\" \/>\n\t<meta name=\"twitter:label2\" content=\"Est. tempo de leitura\" \/>\n\t<meta name=\"twitter:data2\" content=\"1 minuto\" \/>\n<script type=\"application\/ld+json\" class=\"yoast-schema-graph\">{\"@context\":\"https:\/\/schema.org\",\"@graph\":[{\"@type\":\"Article\",\"@id\":\"https:\/\/psol50.org.br\/nota-de-pesar-professor-paulo-jose\/#article\",\"isPartOf\":{\"@id\":\"https:\/\/psol50.org.br\/nota-de-pesar-professor-paulo-jose\/\"},\"author\":{\"name\":\"Comunica\u00e7\u00e3o PSOL\",\"@id\":\"https:\/\/psol50.org.br\/#\/schema\/person\/475dfa57d0b815993c714c2e96491fcd\"},\"headline\":\"Nota de pesar: professor Paulo Jos\u00e9\",\"datePublished\":\"2019-10-27T13:14:11+00:00\",\"mainEntityOfPage\":{\"@id\":\"https:\/\/psol50.org.br\/nota-de-pesar-professor-paulo-jose\/\"},\"wordCount\":163,\"publisher\":{\"@id\":\"https:\/\/psol50.org.br\/#organization\"},\"image\":{\"@id\":\"https:\/\/psol50.org.br\/nota-de-pesar-professor-paulo-jose\/#primaryimage\"},\"thumbnailUrl\":\"https:\/\/psol50.org.br\/inc\/uploads\/2019\/10\/WhatsApp-Image-2019-10-27-at-11.00.13.jpeg\",\"keywords\":[\"Bahia\",\"nota de pesar\",\"Nota do PSOL\",\"Professor Paulo Jos\u00e9\"],\"articleSection\":[\"Estados\",\"Not\u00edcias\",\"Partido\"],\"inLanguage\":\"pt-BR\"},{\"@type\":\"WebPage\",\"@id\":\"https:\/\/psol50.org.br\/nota-de-pesar-professor-paulo-jose\/\",\"url\":\"https:\/\/psol50.org.br\/nota-de-pesar-professor-paulo-jose\/\",\"name\":\"Nota de pesar: professor Paulo Jos\u00e9\",\"isPartOf\":{\"@id\":\"https:\/\/psol50.org.br\/#website\"},\"primaryImageOfPage\":{\"@id\":\"https:\/\/psol50.org.br\/nota-de-pesar-professor-paulo-jose\/#primaryimage\"},\"image\":{\"@id\":\"https:\/\/psol50.org.br\/nota-de-pesar-professor-paulo-jose\/#primaryimage\"},\"thumbnailUrl\":\"https:\/\/psol50.org.br\/inc\/uploads\/2019\/10\/WhatsApp-Image-2019-10-27-at-11.00.13.jpeg\",\"datePublished\":\"2019-10-27T13:14:11+00:00\",\"description\":\"Nota de pesar do Diret\u00f3rio Nacional do PSOL.\",\"breadcrumb\":{\"@id\":\"https:\/\/psol50.org.br\/nota-de-pesar-professor-paulo-jose\/#breadcrumb\"},\"inLanguage\":\"pt-BR\",\"potentialAction\":[{\"@type\":\"ReadAction\",\"target\":[\"https:\/\/psol50.org.br\/nota-de-pesar-professor-paulo-jose\/\"]}]},{\"@type\":\"ImageObject\",\"inLanguage\":\"pt-BR\",\"@id\":\"https:\/\/psol50.org.br\/nota-de-pesar-professor-paulo-jose\/#primaryimage\",\"url\":\"https:\/\/psol50.org.br\/inc\/uploads\/2019\/10\/WhatsApp-Image-2019-10-27-at-11.00.13.jpeg\",\"contentUrl\":\"https:\/\/psol50.org.br\/inc\/uploads\/2019\/10\/WhatsApp-Image-2019-10-27-at-11.00.13.jpeg\",\"width\":960,\"height\":540},{\"@type\":\"BreadcrumbList\",\"@id\":\"https:\/\/psol50.org.br\/nota-de-pesar-professor-paulo-jose\/#breadcrumb\",\"itemListElement\":[{\"@type\":\"ListItem\",\"position\":1,\"name\":\"In\u00edcio\",\"item\":\"https:\/\/psol50.org.br\/\"},{\"@type\":\"ListItem\",\"position\":2,\"name\":\"Nota de pesar: professor Paulo Jos\u00e9\"}]},{\"@type\":\"WebSite\",\"@id\":\"https:\/\/psol50.org.br\/#website\",\"url\":\"https:\/\/psol50.org.br\/\",\"name\":\"PSOL 50\",\"description\":\"Site oficial do Partido Socialismo e Liberdade\",\"publisher\":{\"@id\":\"https:\/\/psol50.org.br\/#organization\"},\"alternateName\":\"PSOL50\",\"potentialAction\":[{\"@type\":\"SearchAction\",\"target\":{\"@type\":\"EntryPoint\",\"urlTemplate\":\"https:\/\/psol50.org.br\/?s={search_term_string}\"},\"query-input\":{\"@type\":\"PropertyValueSpecification\",\"valueRequired\":true,\"valueName\":\"search_term_string\"}}],\"inLanguage\":\"pt-BR\"},{\"@type\":\"Organization\",\"@id\":\"https:\/\/psol50.org.br\/#organization\",\"name\":\"PSOL 50\",\"alternateName\":\"PSOL 50\",\"url\":\"https:\/\/psol50.org.br\/\",\"logo\":{\"@type\":\"ImageObject\",\"inLanguage\":\"pt-BR\",\"@id\":\"https:\/\/psol50.org.br\/#\/schema\/logo\/image\/\",\"url\":\"https:\/\/psol50.org.br\/inc\/uploads\/2018\/07\/capa.png\",\"contentUrl\":\"https:\/\/psol50.org.br\/inc\/uploads\/2018\/07\/capa.png\",\"width\":1350,\"height\":900,\"caption\":\"PSOL 50\"},\"image\":{\"@id\":\"https:\/\/psol50.org.br\/#\/schema\/logo\/image\/\"},\"sameAs\":[\"https:\/\/www.facebook.com\/psol50\",\"https:\/\/x.com\/psol50\",\"https:\/\/www.instagram.com\/psol50\/\",\"https:\/\/www.youtube.com\/channel\/UC7SnJS5o1os7a6CaiNabzcg\"]},{\"@type\":\"Person\",\"@id\":\"https:\/\/psol50.org.br\/#\/schema\/person\/475dfa57d0b815993c714c2e96491fcd\",\"name\":\"Comunica\u00e7\u00e3o PSOL\",\"image\":{\"@type\":\"ImageObject\",\"inLanguage\":\"pt-BR\",\"@id\":\"https:\/\/psol50.org.br\/#\/schema\/person\/image\/\",\"url\":\"https:\/\/secure.gravatar.com\/avatar\/b34fc4f4e468a4e51785917065a3db57b841f5c95dba6ad8c73aaf8f66f8f9bf?s=96&d=mm&r=g\",\"contentUrl\":\"https:\/\/secure.gravatar.com\/avatar\/b34fc4f4e468a4e51785917065a3db57b841f5c95dba6ad8c73aaf8f66f8f9bf?s=96&d=mm&r=g\",\"caption\":\"Comunica\u00e7\u00e3o PSOL\"}}]}<\/script>\n<!-- \/ Yoast SEO plugin. -->","yoast_head_json":{"title":"Nota de pesar: professor Paulo Jos\u00e9","description":"Nota de pesar do Diret\u00f3rio Nacional do PSOL.","robots":{"index":"index","follow":"follow","max-snippet":"max-snippet:-1","max-image-preview":"max-image-preview:large","max-video-preview":"max-video-preview:-1"},"canonical":"https:\/\/psol50.org.br\/nota-de-pesar-professor-paulo-jose\/","og_locale":"pt_BR","og_type":"article","og_title":"Nota de pesar: professor Paulo Jos\u00e9","og_description":"Nota de pesar do Diret\u00f3rio Nacional do PSOL.","og_url":"https:\/\/psol50.org.br\/nota-de-pesar-professor-paulo-jose\/","og_site_name":"PSOL 50","article_publisher":"https:\/\/www.facebook.com\/psol50","article_published_time":"2019-10-27T13:14:11+00:00","og_image":[{"width":960,"height":540,"url":"https:\/\/psol50.org.br\/inc\/uploads\/2019\/10\/WhatsApp-Image-2019-10-27-at-11.00.13.jpeg","type":"image\/jpeg"}],"author":"Comunica\u00e7\u00e3o PSOL","twitter_card":"summary_large_image","twitter_title":"Nota de pesar: professor Paulo Jos\u00e9","twitter_description":"Nota de pesar do Diret\u00f3rio Nacional do PSOL.","twitter_image":"https:\/\/psol50.org.br\/inc\/uploads\/2019\/10\/WhatsApp-Image-2019-10-27-at-11.00.13.jpeg","twitter_creator":"@psol50","twitter_site":"@psol50","twitter_misc":{"Escrito por":"Comunica\u00e7\u00e3o PSOL","Est. tempo de leitura":"1 minuto"},"schema":{"@context":"https:\/\/schema.org","@graph":[{"@type":"Article","@id":"https:\/\/psol50.org.br\/nota-de-pesar-professor-paulo-jose\/#article","isPartOf":{"@id":"https:\/\/psol50.org.br\/nota-de-pesar-professor-paulo-jose\/"},"author":{"name":"Comunica\u00e7\u00e3o PSOL","@id":"https:\/\/psol50.org.br\/#\/schema\/person\/475dfa57d0b815993c714c2e96491fcd"},"headline":"Nota de pesar: professor Paulo Jos\u00e9","datePublished":"2019-10-27T13:14:11+00:00","mainEntityOfPage":{"@id":"https:\/\/psol50.org.br\/nota-de-pesar-professor-paulo-jose\/"},"wordCount":163,"publisher":{"@id":"https:\/\/psol50.org.br\/#organization"},"image":{"@id":"https:\/\/psol50.org.br\/nota-de-pesar-professor-paulo-jose\/#primaryimage"},"thumbnailUrl":"https:\/\/psol50.org.br\/inc\/uploads\/2019\/10\/WhatsApp-Image-2019-10-27-at-11.00.13.jpeg","keywords":["Bahia","nota de pesar","Nota do PSOL","Professor Paulo Jos\u00e9"],"articleSection":["Estados","Not\u00edcias","Partido"],"inLanguage":"pt-BR"},{"@type":"WebPage","@id":"https:\/\/psol50.org.br\/nota-de-pesar-professor-paulo-jose\/","url":"https:\/\/psol50.org.br\/nota-de-pesar-professor-paulo-jose\/","name":"Nota de pesar: professor Paulo Jos\u00e9","isPartOf":{"@id":"https:\/\/psol50.org.br\/#website"},"primaryImageOfPage":{"@id":"https:\/\/psol50.org.br\/nota-de-pesar-professor-paulo-jose\/#primaryimage"},"image":{"@id":"https:\/\/psol50.org.br\/nota-de-pesar-professor-paulo-jose\/#primaryimage"},"thumbnailUrl":"https:\/\/psol50.org.br\/inc\/uploads\/2019\/10\/WhatsApp-Image-2019-10-27-at-11.00.13.jpeg","datePublished":"2019-10-27T13:14:11+00:00","description":"Nota de pesar do Diret\u00f3rio Nacional do PSOL.","breadcrumb":{"@id":"https:\/\/psol50.org.br\/nota-de-pesar-professor-paulo-jose\/#breadcrumb"},"inLanguage":"pt-BR","potentialAction":[{"@type":"ReadAction","target":["https:\/\/psol50.org.br\/nota-de-pesar-professor-paulo-jose\/"]}]},{"@type":"ImageObject","inLanguage":"pt-BR","@id":"https:\/\/psol50.org.br\/nota-de-pesar-professor-paulo-jose\/#primaryimage","url":"https:\/\/psol50.org.br\/inc\/uploads\/2019\/10\/WhatsApp-Image-2019-10-27-at-11.00.13.jpeg","contentUrl":"https:\/\/psol50.org.br\/inc\/uploads\/2019\/10\/WhatsApp-Image-2019-10-27-at-11.00.13.jpeg","width":960,"height":540},{"@type":"BreadcrumbList","@id":"https:\/\/psol50.org.br\/nota-de-pesar-professor-paulo-jose\/#breadcrumb","itemListElement":[{"@type":"ListItem","position":1,"name":"In\u00edcio","item":"https:\/\/psol50.org.br\/"},{"@type":"ListItem","position":2,"name":"Nota de pesar: professor Paulo Jos\u00e9"}]},{"@type":"WebSite","@id":"https:\/\/psol50.org.br\/#website","url":"https:\/\/psol50.org.br\/","name":"PSOL 50","description":"Site oficial do Partido Socialismo e Liberdade","publisher":{"@id":"https:\/\/psol50.org.br\/#organization"},"alternateName":"PSOL50","potentialAction":[{"@type":"SearchAction","target":{"@type":"EntryPoint","urlTemplate":"https:\/\/psol50.org.br\/?s={search_term_string}"},"query-input":{"@type":"PropertyValueSpecification","valueRequired":true,"valueName":"search_term_string"}}],"inLanguage":"pt-BR"},{"@type":"Organization","@id":"https:\/\/psol50.org.br\/#organization","name":"PSOL 50","alternateName":"PSOL 50","url":"https:\/\/psol50.org.br\/","logo":{"@type":"ImageObject","inLanguage":"pt-BR","@id":"https:\/\/psol50.org.br\/#\/schema\/logo\/image\/","url":"https:\/\/psol50.org.br\/inc\/uploads\/2018\/07\/capa.png","contentUrl":"https:\/\/psol50.org.br\/inc\/uploads\/2018\/07\/capa.png","width":1350,"height":900,"caption":"PSOL 50"},"image":{"@id":"https:\/\/psol50.org.br\/#\/schema\/logo\/image\/"},"sameAs":["https:\/\/www.facebook.com\/psol50","https:\/\/x.com\/psol50","https:\/\/www.instagram.com\/psol50\/","https:\/\/www.youtube.com\/channel\/UC7SnJS5o1os7a6CaiNabzcg"]},{"@type":"Person","@id":"https:\/\/psol50.org.br\/#\/schema\/person\/475dfa57d0b815993c714c2e96491fcd","name":"Comunica\u00e7\u00e3o PSOL","image":{"@type":"ImageObject","inLanguage":"pt-BR","@id":"https:\/\/psol50.org.br\/#\/schema\/person\/image\/","url":"https:\/\/secure.gravatar.com\/avatar\/b34fc4f4e468a4e51785917065a3db57b841f5c95dba6ad8c73aaf8f66f8f9bf?s=96&d=mm&r=g","contentUrl":"https:\/\/secure.gravatar.com\/avatar\/b34fc4f4e468a4e51785917065a3db57b841f5c95dba6ad8c73aaf8f66f8f9bf?s=96&d=mm&r=g","caption":"Comunica\u00e7\u00e3o PSOL"}}]}},"_links":{"self":[{"href":"https:\/\/psol50.org.br\/rest\/wp\/v2\/posts\/26822","targetHints":{"allow":["GET"]}}],"collection":[{"href":"https:\/\/psol50.org.br\/rest\/wp\/v2\/posts"}],"about":[{"href":"https:\/\/psol50.org.br\/rest\/wp\/v2\/types\/post"}],"author":[{"embeddable":true,"href":"https:\/\/psol50.org.br\/rest\/wp\/v2\/users\/2"}],"replies":[{"embeddable":true,"href":"https:\/\/psol50.org.br\/rest\/wp\/v2\/comments?post=26822"}],"version-history":[{"count":0,"href":"https:\/\/psol50.org.br\/rest\/wp\/v2\/posts\/26822\/revisions"}],"wp:featuredmedia":[{"embeddable":true,"href":"https:\/\/psol50.org.br\/rest\/wp\/v2\/media\/26824"}],"wp:attachment":[{"href":"https:\/\/psol50.org.br\/rest\/wp\/v2\/media?parent=26822"}],"wp:term":[{"taxonomy":"category","embeddable":true,"href":"https:\/\/psol50.org.br\/rest\/wp\/v2\/categories?post=26822"},{"taxonomy":"post_tag","embeddable":true,"href":"https:\/\/psol50.org.br\/rest\/wp\/v2\/tags?post=26822"}],"curies":[{"name":"wp","href":"https:\/\/api.w.org\/{rel}","templated":true}]}}