{"id":26858,"date":"2019-10-31T14:20:32","date_gmt":"2019-10-31T17:20:32","guid":{"rendered":"http:\/\/psol50.org.br\/?p=26858"},"modified":"2019-10-31T14:20:32","modified_gmt":"2019-10-31T17:20:32","slug":"psol-pede-a-cassacao-de-eduardo-bolsonaro-por-apologia-a-ditadura","status":"publish","type":"post","link":"https:\/\/psol50.org.br\/psol-pede-a-cassacao-de-eduardo-bolsonaro-por-apologia-a-ditadura\/","title":{"rendered":"Oposi\u00e7\u00e3o entra com pedido de cassa\u00e7\u00e3o de Eduardo Bolsonaro por apologia \u00e0 ditadura"},"content":{"rendered":"<p>O PSOL, junto com os partidos de oposi\u00e7\u00e3o, entrou com um pedido de cassa\u00e7\u00e3o do mandato de Eduardo Bolsonaro no Conselho de \u00c9tica da C\u00e2mara nesta ter\u00e7a-feira (06), por conta das declara\u00e7\u00f5es do deputado \u00e0 imprensa com evidentes amea\u00e7as \u00e0 ordem democr\u00e1tica e fazendo apologia \u00e0 ditadura militar.<\/p>\n<p>https:\/\/www.facebook.com\/psolnacamara\/videos\/415120849390053<\/p>\n<blockquote class=\"twitter-tweet\" data-width=\"550\" data-dnt=\"true\">\n<p lang=\"pt\" dir=\"ltr\">Bancada do PSOL decidiu agora: vamos acionar o STF e o Conselho de \u00c9tica da C\u00e2mara dos Deputados contra Eduardo Bolsonaro por quebra de decoro. Enquanto existir PSOL, ningu\u00e9m usar\u00e1 impunemente o cargo de deputado federal para fazer amea\u00e7as \u00e0 democracia.<\/p>\n<p>&mdash; Juliano Medeiros (@julianopsol) <a href=\"https:\/\/twitter.com\/julianopsol\/status\/1189952921221443584?ref_src=twsrc%5Etfw\">October 31, 2019<\/a><\/p><\/blockquote>\n<p><script async src=\"https:\/\/platform.twitter.com\/widgets.js\" charset=\"utf-8\"><\/script><\/p>\n<p>O partido tamb\u00e9m apresentou not\u00edcia-crime ao Supremo Tribunal Federal para responsabilizar Eduardo Bolsonaro por suas declara\u00e7\u00f5es. PDT, PSB, PCdoB e PT, partidos de oposi\u00e7\u00e3o ao governo Bolsonaro, tamb\u00e9m subscrevem a a\u00e7\u00e3o.<\/p>\n<blockquote class=\"twitter-tweet\" data-width=\"550\" data-dnt=\"true\">\n<p lang=\"pt\" dir=\"ltr\">N\u00f3s da oposi\u00e7\u00e3o acabamos de protocolar pedido de cassa\u00e7\u00e3o de Eduardo Bolsonaro, no Conselho de \u00c9tica da C\u00e2mara, por ele ter atentado contra o regime democr\u00e1tico ao defender o AI-5. Nenhum golpismo ser\u00e1 aceito. <a href=\"https:\/\/twitter.com\/hashtag\/DitaduraNuncaMais?src=hash&amp;ref_src=twsrc%5Etfw\">#DitaduraNuncaMais<\/a><\/p>\n<p>&mdash; Ivan Valente (@IvanValente) <a href=\"https:\/\/twitter.com\/IvanValente\/status\/1191803880293699591?ref_src=twsrc%5Etfw\">November 5, 2019<\/a><\/p><\/blockquote>\n<p><script async src=\"https:\/\/platform.twitter.com\/widgets.js\" charset=\"utf-8\"><\/script><\/p>\n<p>https:\/\/www.facebook.com\/psolnacamara\/videos\/588772465195508<\/p>\n<blockquote class=\"twitter-tweet\" data-width=\"550\" data-dnt=\"true\">\n<p lang=\"pt\" dir=\"ltr\">N\u00f3s da oposi\u00e7\u00e3o vamos pedir a cassa\u00e7\u00e3o de Eduardo Bolsonaro no Conselho de \u00c9tica e acionar o STF. A apologia do filho do presidente ao AI-5, que significa o fechamento do Congresso e a persegui\u00e7\u00e3o de opositores, \u00e9 um crime contra a Constitui\u00e7\u00e3o e as institui\u00e7\u00f5es democr\u00e1ticas.<\/p>\n<p>&mdash; Marcelo Freixo (@MarceloFreixo) <a href=\"https:\/\/twitter.com\/MarceloFreixo\/status\/1189946415147094017?ref_src=twsrc%5Etfw\">October 31, 2019<\/a><\/p><\/blockquote>\n<p><script async src=\"https:\/\/platform.twitter.com\/widgets.js\" charset=\"utf-8\"><\/script><\/p>\n<p>Circula nas redes sociais o v\u00eddeo de Eduardo Bolsonaro anunciando a possibilidade de &#8220;um novo AI-5&#8221; em entrevista concedida \u00e0 jornalista Leda Nagle. Na \u00faltima ter\u00e7a-feira (29), o deputado j\u00e1 havia utilizado a tribuna da C\u00e2mara dos Deputados para dizer que caso a popula\u00e7\u00e3o brasileira v\u00e1 \u00e0s ruas, como tem acontecido em pa\u00edses como Chile e Equador, o governo deve utilizar de autoritarismo, repress\u00e3o e romper com a ordem democr\u00e1tica.<\/p>\n<blockquote class=\"twitter-tweet\" data-width=\"550\" data-dnt=\"true\">\n<p lang=\"pt\" dir=\"ltr\">O PSOL vai entrar com pedido de cassa\u00e7\u00e3o do mandato de Eduardo Bolsonaro no Conselho de \u00c9tica da C\u00e2mara e tamb\u00e9m com uma den\u00fancia contra ele no Supremo Tribunal Federal. O Brasil n\u00e3o vai aceitar a ditadura da mil\u00edcia.<\/p>\n<p>&mdash; S\u00e2mia Bomfim (@samiabomfim) <a href=\"https:\/\/twitter.com\/samiabomfim\/status\/1189944195513012225?ref_src=twsrc%5Etfw\">October 31, 2019<\/a><\/p><\/blockquote>\n<p><script async src=\"https:\/\/platform.twitter.com\/widgets.js\" charset=\"utf-8\"><\/script><\/p>\n<blockquote class=\"twitter-tweet\" data-width=\"550\" data-dnt=\"true\">\n<p lang=\"pt\" dir=\"ltr\">N\u00f3s do <a href=\"https:\/\/twitter.com\/psol50?ref_src=twsrc%5Etfw\">@psol50<\/a> vamos pedir imediata cassa\u00e7\u00e3o de <a href=\"https:\/\/twitter.com\/BolsonaroSP?ref_src=twsrc%5Etfw\">@BolsonaroSP<\/a> no Conselho de \u00c9tica da C\u00e2mara, por incitar golpe ao invocar novo AI-5. Vamos acionar tamb\u00e9m o STF. O grupo que est\u00e1 no Planalto ame\u00e7a constantemente a democracia. Toda a sociedade deve reagir para frear o golpismo.<\/p>\n<p>&mdash; Ivan Valente (@IvanValente) <a href=\"https:\/\/twitter.com\/IvanValente\/status\/1189955651868463104?ref_src=twsrc%5Etfw\">October 31, 2019<\/a><\/p><\/blockquote>\n<p><script async src=\"https:\/\/platform.twitter.com\/widgets.js\" charset=\"utf-8\"><\/script><\/p>\n","protected":false},"excerpt":{"rendered":"<p>O PSOL, junto com os partidos de oposi\u00e7\u00e3o, entrou com um pedido de cassa\u00e7\u00e3o do mandato de Eduardo Bolsonaro no Conselho de \u00c9tica da C\u00e2mara nesta ter\u00e7a-feira (06), por conta das declara\u00e7\u00f5es do deputado \u00e0 imprensa com evidentes amea\u00e7as \u00e0 ordem democr\u00e1tica e fazendo apologia \u00e0 ditadura militar. https:\/\/www.facebook.com\/psolnacamara\/videos\/415120849390053 Bancada do PSOL decidiu agora: vamos [&hellip;]<\/p>\n","protected":false},"author":2,"featured_media":26914,"comment_status":"closed","ping_status":"open","sticky":false,"template":"","format":"standard","meta":{"_acf_changed":false,"footnotes":""},"categories":[6],"tags":[904,56,295,2091,22,45,1210],"class_list":{"0":"post-26858","1":"post","2":"type-post","3":"status-publish","4":"format-standard","5":"has-post-thumbnail","7":"category-noticias","8":"tag-ai-5","9":"tag-bolsonaro","10":"tag-ditadura","11":"tag-etica","12":"tag-psol","13":"tag-stf","14":"tag-tortura"},"acf":[],"yoast_head":"<!-- This site is optimized with the Yoast SEO plugin v26.5 - https:\/\/yoast.com\/wordpress\/plugins\/seo\/ -->\n<title>Oposi\u00e7\u00e3o entra com pedido de cassa\u00e7\u00e3o de Eduardo Bolsonaro por apologia \u00e0 ditadura<\/title>\n<meta name=\"description\" content=\"Conselho de \u00c9tica da C\u00e2mara e STF foram acionados pelos partidos de oposi\u00e7\u00e3o, para exigir a cassa\u00e7\u00e3o de Eduardo Bolsonaro ap\u00f3s fala sobre &quot;novo AI-5&quot;\" \/>\n<meta name=\"robots\" content=\"index, follow, max-snippet:-1, max-image-preview:large, max-video-preview:-1\" \/>\n<link rel=\"canonical\" href=\"https:\/\/psol50.org.br\/psol-pede-a-cassacao-de-eduardo-bolsonaro-por-apologia-a-ditadura\/\" \/>\n<meta property=\"og:locale\" content=\"pt_BR\" \/>\n<meta property=\"og:type\" content=\"article\" \/>\n<meta property=\"og:title\" content=\"Oposi\u00e7\u00e3o entra com pedido de cassa\u00e7\u00e3o de Eduardo Bolsonaro por apologia \u00e0 ditadura\" \/>\n<meta property=\"og:description\" content=\"Conselho de \u00c9tica da C\u00e2mara e STF foram acionados pelos partidos de oposi\u00e7\u00e3o, para exigir a cassa\u00e7\u00e3o de Eduardo Bolsonaro ap\u00f3s fala sobre &quot;novo AI-5&quot;\" \/>\n<meta property=\"og:url\" content=\"https:\/\/psol50.org.br\/psol-pede-a-cassacao-de-eduardo-bolsonaro-por-apologia-a-ditadura\/\" \/>\n<meta property=\"og:site_name\" content=\"PSOL 50\" \/>\n<meta property=\"article:publisher\" content=\"https:\/\/www.facebook.com\/psol50\" \/>\n<meta property=\"article:published_time\" content=\"2019-10-31T17:20:32+00:00\" \/>\n<meta property=\"og:image\" content=\"https:\/\/psol50.org.br\/inc\/uploads\/2019\/10\/photo_2019-11-05_15-26-44.jpg\" \/>\n\t<meta property=\"og:image:width\" content=\"1280\" \/>\n\t<meta property=\"og:image:height\" content=\"853\" \/>\n\t<meta property=\"og:image:type\" content=\"image\/jpeg\" \/>\n<meta name=\"author\" content=\"Comunica\u00e7\u00e3o PSOL\" \/>\n<meta name=\"twitter:card\" content=\"summary_large_image\" \/>\n<meta name=\"twitter:title\" content=\"Oposi\u00e7\u00e3o entra com pedido de cassa\u00e7\u00e3o de Eduardo Bolsonaro por apologia \u00e0 ditadura\" \/>\n<meta name=\"twitter:description\" content=\"Conselho de \u00c9tica da C\u00e2mara e STF foram acionados pelos partidos de oposi\u00e7\u00e3o, para exigir a cassa\u00e7\u00e3o de Eduardo Bolsonaro ap\u00f3s fala sobre &quot;novo AI-5&quot;\" \/>\n<meta name=\"twitter:image\" content=\"https:\/\/psol50.org.br\/inc\/uploads\/2019\/10\/photo_2019-11-05_15-26-44.jpg\" \/>\n<meta name=\"twitter:creator\" content=\"@psol50\" \/>\n<meta name=\"twitter:site\" content=\"@psol50\" \/>\n<meta name=\"twitter:label1\" content=\"Escrito por\" \/>\n\t<meta name=\"twitter:data1\" content=\"Comunica\u00e7\u00e3o PSOL\" \/>\n\t<meta name=\"twitter:label2\" content=\"Est. tempo de leitura\" \/>\n\t<meta name=\"twitter:data2\" content=\"1 minuto\" \/>\n<script type=\"application\/ld+json\" class=\"yoast-schema-graph\">{\"@context\":\"https:\/\/schema.org\",\"@graph\":[{\"@type\":\"Article\",\"@id\":\"https:\/\/psol50.org.br\/psol-pede-a-cassacao-de-eduardo-bolsonaro-por-apologia-a-ditadura\/#article\",\"isPartOf\":{\"@id\":\"https:\/\/psol50.org.br\/psol-pede-a-cassacao-de-eduardo-bolsonaro-por-apologia-a-ditadura\/\"},\"author\":{\"name\":\"Comunica\u00e7\u00e3o PSOL\",\"@id\":\"https:\/\/psol50.org.br\/#\/schema\/person\/475dfa57d0b815993c714c2e96491fcd\"},\"headline\":\"Oposi\u00e7\u00e3o entra com pedido de cassa\u00e7\u00e3o de Eduardo Bolsonaro por apologia \u00e0 ditadura\",\"datePublished\":\"2019-10-31T17:20:32+00:00\",\"mainEntityOfPage\":{\"@id\":\"https:\/\/psol50.org.br\/psol-pede-a-cassacao-de-eduardo-bolsonaro-por-apologia-a-ditadura\/\"},\"wordCount\":214,\"publisher\":{\"@id\":\"https:\/\/psol50.org.br\/#organization\"},\"image\":{\"@id\":\"https:\/\/psol50.org.br\/psol-pede-a-cassacao-de-eduardo-bolsonaro-por-apologia-a-ditadura\/#primaryimage\"},\"thumbnailUrl\":\"https:\/\/psol50.org.br\/inc\/uploads\/2019\/10\/photo_2019-11-05_15-26-44.jpg\",\"keywords\":[\"ai-5\",\"Bolsonaro\",\"Ditadura\",\"\u00e9tica\",\"PSOL\",\"STF\",\"tortura\"],\"articleSection\":[\"Not\u00edcias\"],\"inLanguage\":\"pt-BR\"},{\"@type\":\"WebPage\",\"@id\":\"https:\/\/psol50.org.br\/psol-pede-a-cassacao-de-eduardo-bolsonaro-por-apologia-a-ditadura\/\",\"url\":\"https:\/\/psol50.org.br\/psol-pede-a-cassacao-de-eduardo-bolsonaro-por-apologia-a-ditadura\/\",\"name\":\"Oposi\u00e7\u00e3o entra com pedido de cassa\u00e7\u00e3o de Eduardo Bolsonaro por apologia \u00e0 ditadura\",\"isPartOf\":{\"@id\":\"https:\/\/psol50.org.br\/#website\"},\"primaryImageOfPage\":{\"@id\":\"https:\/\/psol50.org.br\/psol-pede-a-cassacao-de-eduardo-bolsonaro-por-apologia-a-ditadura\/#primaryimage\"},\"image\":{\"@id\":\"https:\/\/psol50.org.br\/psol-pede-a-cassacao-de-eduardo-bolsonaro-por-apologia-a-ditadura\/#primaryimage\"},\"thumbnailUrl\":\"https:\/\/psol50.org.br\/inc\/uploads\/2019\/10\/photo_2019-11-05_15-26-44.jpg\",\"datePublished\":\"2019-10-31T17:20:32+00:00\",\"description\":\"Conselho de \u00c9tica da C\u00e2mara e STF foram acionados pelos partidos de oposi\u00e7\u00e3o, para exigir a cassa\u00e7\u00e3o de Eduardo Bolsonaro ap\u00f3s fala sobre \\\"novo AI-5\\\"\",\"breadcrumb\":{\"@id\":\"https:\/\/psol50.org.br\/psol-pede-a-cassacao-de-eduardo-bolsonaro-por-apologia-a-ditadura\/#breadcrumb\"},\"inLanguage\":\"pt-BR\",\"potentialAction\":[{\"@type\":\"ReadAction\",\"target\":[\"https:\/\/psol50.org.br\/psol-pede-a-cassacao-de-eduardo-bolsonaro-por-apologia-a-ditadura\/\"]}]},{\"@type\":\"ImageObject\",\"inLanguage\":\"pt-BR\",\"@id\":\"https:\/\/psol50.org.br\/psol-pede-a-cassacao-de-eduardo-bolsonaro-por-apologia-a-ditadura\/#primaryimage\",\"url\":\"https:\/\/psol50.org.br\/inc\/uploads\/2019\/10\/photo_2019-11-05_15-26-44.jpg\",\"contentUrl\":\"https:\/\/psol50.org.br\/inc\/uploads\/2019\/10\/photo_2019-11-05_15-26-44.jpg\",\"width\":1280,\"height\":853,\"caption\":\"Foto: Lideran\u00e7a do PSOL na C\u00e2mara\"},{\"@type\":\"BreadcrumbList\",\"@id\":\"https:\/\/psol50.org.br\/psol-pede-a-cassacao-de-eduardo-bolsonaro-por-apologia-a-ditadura\/#breadcrumb\",\"itemListElement\":[{\"@type\":\"ListItem\",\"position\":1,\"name\":\"In\u00edcio\",\"item\":\"https:\/\/psol50.org.br\/\"},{\"@type\":\"ListItem\",\"position\":2,\"name\":\"Oposi\u00e7\u00e3o entra com pedido de cassa\u00e7\u00e3o de Eduardo Bolsonaro por apologia \u00e0 ditadura\"}]},{\"@type\":\"WebSite\",\"@id\":\"https:\/\/psol50.org.br\/#website\",\"url\":\"https:\/\/psol50.org.br\/\",\"name\":\"PSOL 50\",\"description\":\"Site oficial do Partido Socialismo e Liberdade\",\"publisher\":{\"@id\":\"https:\/\/psol50.org.br\/#organization\"},\"alternateName\":\"PSOL50\",\"potentialAction\":[{\"@type\":\"SearchAction\",\"target\":{\"@type\":\"EntryPoint\",\"urlTemplate\":\"https:\/\/psol50.org.br\/?s={search_term_string}\"},\"query-input\":{\"@type\":\"PropertyValueSpecification\",\"valueRequired\":true,\"valueName\":\"search_term_string\"}}],\"inLanguage\":\"pt-BR\"},{\"@type\":\"Organization\",\"@id\":\"https:\/\/psol50.org.br\/#organization\",\"name\":\"PSOL 50\",\"alternateName\":\"PSOL 50\",\"url\":\"https:\/\/psol50.org.br\/\",\"logo\":{\"@type\":\"ImageObject\",\"inLanguage\":\"pt-BR\",\"@id\":\"https:\/\/psol50.org.br\/#\/schema\/logo\/image\/\",\"url\":\"https:\/\/psol50.org.br\/inc\/uploads\/2018\/07\/capa.png\",\"contentUrl\":\"https:\/\/psol50.org.br\/inc\/uploads\/2018\/07\/capa.png\",\"width\":1350,\"height\":900,\"caption\":\"PSOL 50\"},\"image\":{\"@id\":\"https:\/\/psol50.org.br\/#\/schema\/logo\/image\/\"},\"sameAs\":[\"https:\/\/www.facebook.com\/psol50\",\"https:\/\/x.com\/psol50\",\"https:\/\/www.instagram.com\/psol50\/\",\"https:\/\/www.youtube.com\/channel\/UC7SnJS5o1os7a6CaiNabzcg\"]},{\"@type\":\"Person\",\"@id\":\"https:\/\/psol50.org.br\/#\/schema\/person\/475dfa57d0b815993c714c2e96491fcd\",\"name\":\"Comunica\u00e7\u00e3o PSOL\",\"image\":{\"@type\":\"ImageObject\",\"inLanguage\":\"pt-BR\",\"@id\":\"https:\/\/psol50.org.br\/#\/schema\/person\/image\/\",\"url\":\"https:\/\/secure.gravatar.com\/avatar\/b34fc4f4e468a4e51785917065a3db57b841f5c95dba6ad8c73aaf8f66f8f9bf?s=96&d=mm&r=g\",\"contentUrl\":\"https:\/\/secure.gravatar.com\/avatar\/b34fc4f4e468a4e51785917065a3db57b841f5c95dba6ad8c73aaf8f66f8f9bf?s=96&d=mm&r=g\",\"caption\":\"Comunica\u00e7\u00e3o PSOL\"}}]}<\/script>\n<!-- \/ Yoast SEO plugin. -->","yoast_head_json":{"title":"Oposi\u00e7\u00e3o entra com pedido de cassa\u00e7\u00e3o de Eduardo Bolsonaro por apologia \u00e0 ditadura","description":"Conselho de \u00c9tica da C\u00e2mara e STF foram acionados pelos partidos de oposi\u00e7\u00e3o, para exigir a cassa\u00e7\u00e3o de Eduardo Bolsonaro ap\u00f3s fala sobre \"novo AI-5\"","robots":{"index":"index","follow":"follow","max-snippet":"max-snippet:-1","max-image-preview":"max-image-preview:large","max-video-preview":"max-video-preview:-1"},"canonical":"https:\/\/psol50.org.br\/psol-pede-a-cassacao-de-eduardo-bolsonaro-por-apologia-a-ditadura\/","og_locale":"pt_BR","og_type":"article","og_title":"Oposi\u00e7\u00e3o entra com pedido de cassa\u00e7\u00e3o de Eduardo Bolsonaro por apologia \u00e0 ditadura","og_description":"Conselho de \u00c9tica da C\u00e2mara e STF foram acionados pelos partidos de oposi\u00e7\u00e3o, para exigir a cassa\u00e7\u00e3o de Eduardo Bolsonaro ap\u00f3s fala sobre \"novo AI-5\"","og_url":"https:\/\/psol50.org.br\/psol-pede-a-cassacao-de-eduardo-bolsonaro-por-apologia-a-ditadura\/","og_site_name":"PSOL 50","article_publisher":"https:\/\/www.facebook.com\/psol50","article_published_time":"2019-10-31T17:20:32+00:00","og_image":[{"width":1280,"height":853,"url":"https:\/\/psol50.org.br\/inc\/uploads\/2019\/10\/photo_2019-11-05_15-26-44.jpg","type":"image\/jpeg"}],"author":"Comunica\u00e7\u00e3o PSOL","twitter_card":"summary_large_image","twitter_title":"Oposi\u00e7\u00e3o entra com pedido de cassa\u00e7\u00e3o de Eduardo Bolsonaro por apologia \u00e0 ditadura","twitter_description":"Conselho de \u00c9tica da C\u00e2mara e STF foram acionados pelos partidos de oposi\u00e7\u00e3o, para exigir a cassa\u00e7\u00e3o de Eduardo Bolsonaro ap\u00f3s fala sobre \"novo AI-5\"","twitter_image":"https:\/\/psol50.org.br\/inc\/uploads\/2019\/10\/photo_2019-11-05_15-26-44.jpg","twitter_creator":"@psol50","twitter_site":"@psol50","twitter_misc":{"Escrito por":"Comunica\u00e7\u00e3o PSOL","Est. tempo de leitura":"1 minuto"},"schema":{"@context":"https:\/\/schema.org","@graph":[{"@type":"Article","@id":"https:\/\/psol50.org.br\/psol-pede-a-cassacao-de-eduardo-bolsonaro-por-apologia-a-ditadura\/#article","isPartOf":{"@id":"https:\/\/psol50.org.br\/psol-pede-a-cassacao-de-eduardo-bolsonaro-por-apologia-a-ditadura\/"},"author":{"name":"Comunica\u00e7\u00e3o PSOL","@id":"https:\/\/psol50.org.br\/#\/schema\/person\/475dfa57d0b815993c714c2e96491fcd"},"headline":"Oposi\u00e7\u00e3o entra com pedido de cassa\u00e7\u00e3o de Eduardo Bolsonaro por apologia \u00e0 ditadura","datePublished":"2019-10-31T17:20:32+00:00","mainEntityOfPage":{"@id":"https:\/\/psol50.org.br\/psol-pede-a-cassacao-de-eduardo-bolsonaro-por-apologia-a-ditadura\/"},"wordCount":214,"publisher":{"@id":"https:\/\/psol50.org.br\/#organization"},"image":{"@id":"https:\/\/psol50.org.br\/psol-pede-a-cassacao-de-eduardo-bolsonaro-por-apologia-a-ditadura\/#primaryimage"},"thumbnailUrl":"https:\/\/psol50.org.br\/inc\/uploads\/2019\/10\/photo_2019-11-05_15-26-44.jpg","keywords":["ai-5","Bolsonaro","Ditadura","\u00e9tica","PSOL","STF","tortura"],"articleSection":["Not\u00edcias"],"inLanguage":"pt-BR"},{"@type":"WebPage","@id":"https:\/\/psol50.org.br\/psol-pede-a-cassacao-de-eduardo-bolsonaro-por-apologia-a-ditadura\/","url":"https:\/\/psol50.org.br\/psol-pede-a-cassacao-de-eduardo-bolsonaro-por-apologia-a-ditadura\/","name":"Oposi\u00e7\u00e3o entra com pedido de cassa\u00e7\u00e3o de Eduardo Bolsonaro por apologia \u00e0 ditadura","isPartOf":{"@id":"https:\/\/psol50.org.br\/#website"},"primaryImageOfPage":{"@id":"https:\/\/psol50.org.br\/psol-pede-a-cassacao-de-eduardo-bolsonaro-por-apologia-a-ditadura\/#primaryimage"},"image":{"@id":"https:\/\/psol50.org.br\/psol-pede-a-cassacao-de-eduardo-bolsonaro-por-apologia-a-ditadura\/#primaryimage"},"thumbnailUrl":"https:\/\/psol50.org.br\/inc\/uploads\/2019\/10\/photo_2019-11-05_15-26-44.jpg","datePublished":"2019-10-31T17:20:32+00:00","description":"Conselho de \u00c9tica da C\u00e2mara e STF foram acionados pelos partidos de oposi\u00e7\u00e3o, para exigir a cassa\u00e7\u00e3o de Eduardo Bolsonaro ap\u00f3s fala sobre \"novo AI-5\"","breadcrumb":{"@id":"https:\/\/psol50.org.br\/psol-pede-a-cassacao-de-eduardo-bolsonaro-por-apologia-a-ditadura\/#breadcrumb"},"inLanguage":"pt-BR","potentialAction":[{"@type":"ReadAction","target":["https:\/\/psol50.org.br\/psol-pede-a-cassacao-de-eduardo-bolsonaro-por-apologia-a-ditadura\/"]}]},{"@type":"ImageObject","inLanguage":"pt-BR","@id":"https:\/\/psol50.org.br\/psol-pede-a-cassacao-de-eduardo-bolsonaro-por-apologia-a-ditadura\/#primaryimage","url":"https:\/\/psol50.org.br\/inc\/uploads\/2019\/10\/photo_2019-11-05_15-26-44.jpg","contentUrl":"https:\/\/psol50.org.br\/inc\/uploads\/2019\/10\/photo_2019-11-05_15-26-44.jpg","width":1280,"height":853,"caption":"Foto: Lideran\u00e7a do PSOL na C\u00e2mara"},{"@type":"BreadcrumbList","@id":"https:\/\/psol50.org.br\/psol-pede-a-cassacao-de-eduardo-bolsonaro-por-apologia-a-ditadura\/#breadcrumb","itemListElement":[{"@type":"ListItem","position":1,"name":"In\u00edcio","item":"https:\/\/psol50.org.br\/"},{"@type":"ListItem","position":2,"name":"Oposi\u00e7\u00e3o entra com pedido de cassa\u00e7\u00e3o de Eduardo Bolsonaro por apologia \u00e0 ditadura"}]},{"@type":"WebSite","@id":"https:\/\/psol50.org.br\/#website","url":"https:\/\/psol50.org.br\/","name":"PSOL 50","description":"Site oficial do Partido Socialismo e Liberdade","publisher":{"@id":"https:\/\/psol50.org.br\/#organization"},"alternateName":"PSOL50","potentialAction":[{"@type":"SearchAction","target":{"@type":"EntryPoint","urlTemplate":"https:\/\/psol50.org.br\/?s={search_term_string}"},"query-input":{"@type":"PropertyValueSpecification","valueRequired":true,"valueName":"search_term_string"}}],"inLanguage":"pt-BR"},{"@type":"Organization","@id":"https:\/\/psol50.org.br\/#organization","name":"PSOL 50","alternateName":"PSOL 50","url":"https:\/\/psol50.org.br\/","logo":{"@type":"ImageObject","inLanguage":"pt-BR","@id":"https:\/\/psol50.org.br\/#\/schema\/logo\/image\/","url":"https:\/\/psol50.org.br\/inc\/uploads\/2018\/07\/capa.png","contentUrl":"https:\/\/psol50.org.br\/inc\/uploads\/2018\/07\/capa.png","width":1350,"height":900,"caption":"PSOL 50"},"image":{"@id":"https:\/\/psol50.org.br\/#\/schema\/logo\/image\/"},"sameAs":["https:\/\/www.facebook.com\/psol50","https:\/\/x.com\/psol50","https:\/\/www.instagram.com\/psol50\/","https:\/\/www.youtube.com\/channel\/UC7SnJS5o1os7a6CaiNabzcg"]},{"@type":"Person","@id":"https:\/\/psol50.org.br\/#\/schema\/person\/475dfa57d0b815993c714c2e96491fcd","name":"Comunica\u00e7\u00e3o PSOL","image":{"@type":"ImageObject","inLanguage":"pt-BR","@id":"https:\/\/psol50.org.br\/#\/schema\/person\/image\/","url":"https:\/\/secure.gravatar.com\/avatar\/b34fc4f4e468a4e51785917065a3db57b841f5c95dba6ad8c73aaf8f66f8f9bf?s=96&d=mm&r=g","contentUrl":"https:\/\/secure.gravatar.com\/avatar\/b34fc4f4e468a4e51785917065a3db57b841f5c95dba6ad8c73aaf8f66f8f9bf?s=96&d=mm&r=g","caption":"Comunica\u00e7\u00e3o PSOL"}}]}},"_links":{"self":[{"href":"https:\/\/psol50.org.br\/rest\/wp\/v2\/posts\/26858","targetHints":{"allow":["GET"]}}],"collection":[{"href":"https:\/\/psol50.org.br\/rest\/wp\/v2\/posts"}],"about":[{"href":"https:\/\/psol50.org.br\/rest\/wp\/v2\/types\/post"}],"author":[{"embeddable":true,"href":"https:\/\/psol50.org.br\/rest\/wp\/v2\/users\/2"}],"replies":[{"embeddable":true,"href":"https:\/\/psol50.org.br\/rest\/wp\/v2\/comments?post=26858"}],"version-history":[{"count":0,"href":"https:\/\/psol50.org.br\/rest\/wp\/v2\/posts\/26858\/revisions"}],"wp:featuredmedia":[{"embeddable":true,"href":"https:\/\/psol50.org.br\/rest\/wp\/v2\/media\/26914"}],"wp:attachment":[{"href":"https:\/\/psol50.org.br\/rest\/wp\/v2\/media?parent=26858"}],"wp:term":[{"taxonomy":"category","embeddable":true,"href":"https:\/\/psol50.org.br\/rest\/wp\/v2\/categories?post=26858"},{"taxonomy":"post_tag","embeddable":true,"href":"https:\/\/psol50.org.br\/rest\/wp\/v2\/tags?post=26858"}],"curies":[{"name":"wp","href":"https:\/\/api.w.org\/{rel}","templated":true}]}}