{"id":26898,"date":"2019-11-04T12:44:25","date_gmt":"2019-11-04T15:44:25","guid":{"rendered":"http:\/\/psol50.org.br\/?p=26898"},"modified":"2019-11-04T12:44:25","modified_gmt":"2019-11-04T15:44:25","slug":"confira-a-lista-de-atos-basta-bolsonaro-confirmados-nesta-terca-05-5ncontraoai5","status":"publish","type":"post","link":"https:\/\/psol50.org.br\/confira-a-lista-de-atos-basta-bolsonaro-confirmados-nesta-terca-05-5ncontraoai5\/","title":{"rendered":"Confira a lista de atos &#8220;Basta de Bolsonaro!&#8221; confirmados nesta ter\u00e7a (05) | #5NcontraoAI5"},"content":{"rendered":"<p>Na \u00faltima semana novos questionamentos sobre o caso do assassinato de Marielle Franco e Anderson Gomes colocaram d\u00favidas e suspeitas sobre o envolvimento do pr\u00f3prio presidente da Rep\u00fablica com o caso e as mil\u00edcias do Rio de Janeiro. Dias depois, o filho do presidente e aspirante a embaixador, Eduardo Bolsonaro, anunciou em entrevista a possibilidade de &#8220;um novo AI-5 caso a esquerda radicalize&#8221;.<\/p>\n<p>Estes casos se somam a tantos outros de demonstra\u00e7\u00e3o de autoritarismo, irresponsabilidade e poss\u00edvel envolvimento em crimes da fam\u00edlia presidencial. N\u00e3o aceitaremos calados esta escalada autorit\u00e1ria. Por isso, os movimentos sociais brasileiros, como a Frente Povo Sem Medo e a Frente Brasil Popular, est\u00e3o convocando uma onda de manifesta\u00e7\u00f5es para esta ter\u00e7a-feira (05) contra as declara\u00e7\u00f5es autorit\u00e1rias e exigindo justi\u00e7a por Marielle Franco. Basta de Bolsonaro!<\/p>\n<h6>Confira a lista de atos confirmados para esta ter\u00e7a-feira:<\/h6>\n<h5><strong>SUDESTE<\/strong><\/h5>\n<p><strong><a href=\"https:\/\/www.facebook.com\/events\/1980990395336954\/\">S\u00e3o Paulo (SP) &#8211; 18h no MASP<\/a><\/strong><br \/>\n<strong><a href=\"https:\/\/www.facebook.com\/events\/3432336353450991\/\">Santos (SP) &#8211; 19h na Esta\u00e7\u00e3o da Cidadania<\/a><\/strong><br \/>\n<strong><a href=\"https:\/\/www.facebook.com\/events\/2428649904014265\/\">Rio de Janeiro (RJ) &#8211; 18h na Candel\u00e1ria<\/a><\/strong><br \/>\n<strong><a href=\"https:\/\/www.facebook.com\/events\/3040630279494787\/\">Petr\u00f3polis (RJ) &#8211; 17h30 na Pra\u00e7a Dom Pedro II<\/a><\/strong><br \/>\n<strong><a href=\"https:\/\/www.facebook.com\/events\/573791473429613\/\">Campos dos Goytacazes (RJ) 15h no Pelorinho<\/a><\/strong><br \/>\n<strong><a href=\"https:\/\/www.facebook.com\/events\/565571344263357\/\">Belo Horizonte (MG) &#8211; 17h na Pra\u00e7a Afonso Arinos<\/a><\/strong><br \/>\n<strong><a href=\"https:\/\/www.facebook.com\/events\/396149951263896\/\">Juiz de Fora (MG) &#8211; 17h na Pra\u00e7a Jo\u00e3o Pessoa<\/a><\/strong><br \/>\n<strong><a href=\"https:\/\/www.facebook.com\/events\/776743386111418\/\">Uberl\u00e2ndia (MG) &#8211; 16h na Rua Francisco Vicente Ferreira<\/a><\/strong><br \/>\n<strong><a href=\"https:\/\/www.facebook.com\/events\/488084288445220\/\">Vit\u00f3ria (ES) &#8211; 17h no Teatro Universit\u00e1rio<\/a><\/strong><\/p>\n<h5><strong>SUL<\/strong><\/h5>\n<p><strong><a href=\"https:\/\/www.facebook.com\/events\/2758037327581473\/\">Porto Alegre (RS) &#8211; 18h na Esquina Democr\u00e1tica<\/a><\/strong><br \/>\n<strong><a href=\"https:\/\/www.facebook.com\/events\/2343319822586355\/\">Caxias do Sul (RS) &#8211; 17h30 na Pra\u00e7a Dante Aliguieri<\/a><\/strong><br \/>\n<strong><a href=\"https:\/\/www.facebook.com\/events\/926134801094000\/\">Erechim (RS) &#8211; 17h30 na Esquina Democr\u00e1tica<\/a><\/strong><br \/>\n<strong><a href=\"https:\/\/www.facebook.com\/events\/2400534823598546\/\">Pelotas (RS) &#8211; 17h no Chafariz do Cal\u00e7ad\u00e3o<\/a><\/strong><br \/>\n<strong><a href=\"https:\/\/www.facebook.com\/events\/2119711055003266\/\">Santa Maria (RS) &#8211; 17h na Pra\u00e7a Saldanha Marinho<\/a><\/strong><br \/>\n<strong><a href=\"https:\/\/www.facebook.com\/events\/2391001437825057\/\">Florian\u00f3polis (SC) &#8211; 19h na Escadaria do Ros\u00e1rio<\/a><\/strong><br \/>\n<strong><a href=\"https:\/\/www.facebook.com\/events\/1419927604839392\/\">Chapec\u00f3 (SC) &#8211; 18h na Pra\u00e7a Coronel Bertaso<\/a><\/strong><br \/>\n<strong><a href=\"https:\/\/www.facebook.com\/events\/1588983947915579\/\">Curitiba (PR) &#8211; 18h na Pra\u00e7a Santos Andrade<\/a><\/strong><br \/>\n<strong><a href=\"https:\/\/www.facebook.com\/events\/453130358660829\/\">Maring\u00e1 (PR) &#8211; 17h30 na Pra\u00e7a Raposo Tavares<\/a><\/strong><\/p>\n<h5><strong>NORDESTE<\/strong><\/h5>\n<p><strong><a href=\"https:\/\/www.facebook.com\/events\/410427143212330\/\">Salvador (BA) &#8211; 9h na Pra\u00e7a do Campo Grande<\/a><\/strong><br \/>\n<strong><a href=\"https:\/\/www.facebook.com\/events\/918511675201775\/\">S\u00e3o Lu\u00eds (MA) &#8211; 15h na Pra\u00e7a Deodoro<\/a><\/strong><br \/>\n<strong><a href=\"https:\/\/www.facebook.com\/events\/537005866854240\/\">Fortaleza (CE) &#8211; 16h na Pra\u00e7a da Gentil\u00e2ndia<\/a><\/strong><br \/>\n<strong><a href=\"https:\/\/www.facebook.com\/events\/457702345096860\/\">Natal (RN) &#8211; 16h no Midway Mall<\/a><\/strong><br \/>\n<strong><a href=\"https:\/\/www.facebook.com\/events\/392014385012019\/\">Jo\u00e3o Pessoa (PB) &#8211; n\u00e3o definido<\/a><\/strong><br \/>\n<strong><a href=\"https:\/\/www.facebook.com\/events\/407187760199435\/\">Teresina (PI) &#8211; 8h na Pra\u00e7a Rio Branco<\/a><\/strong><br \/>\n<strong><a href=\"https:\/\/www.facebook.com\/events\/1483248805158440\/\">Macei\u00f3 (AL) &#8211; n\u00e3o definido<\/a><\/strong><br \/>\n<strong><a href=\"https:\/\/www.facebook.com\/events\/1932075456938114\/\">Aracaju (SE) &#8211; n\u00e3o definido<\/a><\/strong><br \/>\n<strong><a href=\"https:\/\/www.facebook.com\/events\/2630815023665033\/\">Recife (PE) &#8211; 15h na Faculdade de Direito de Recife<\/a><\/strong><\/p>\n<h5><strong>CENTRO-OESTE<\/strong><\/h5>\n<p><strong><a href=\"https:\/\/www.facebook.com\/events\/412532132706910\/\">Goi\u00e2nia (GO) &#8211; 18h na Pra\u00e7a Universit\u00e1ria<\/a><\/strong><br \/>\n<strong><a href=\"https:\/\/www.facebook.com\/events\/396071111296262\/\">Bras\u00edlia (DF) &#8211; 17h na Rodovi\u00e1ria do Plano Piloto<\/a><\/strong><br \/>\n<strong><a href=\"https:\/\/www.facebook.com\/events\/887884328279430\/\">Cuiab\u00e1 (MT) &#8211; n\u00e3o definido<\/a><\/strong><br \/>\n<strong><a href=\"https:\/\/www.facebook.com\/events\/2684272578290563\/\">Campo Grande (MS) &#8211; n\u00e3o definido<\/a><\/strong><\/p>\n<h5><strong>NORTE<\/strong><\/h5>\n<p><strong><a href=\"https:\/\/www.facebook.com\/events\/2423335581258058\/\">Bel\u00e9m (PA) &#8211; 17h no Hall da Reitoria<\/a><\/strong><br \/>\n<strong><a href=\"https:\/\/www.facebook.com\/events\/2505914372789876\/\">Macap\u00e1 (AP) &#8211; n\u00e3o definido<\/a><\/strong><br \/>\n<strong><a href=\"https:\/\/www.facebook.com\/events\/2591867764265400\/\">Palmas (TO) &#8211; n\u00e3o definido<\/a><\/strong><br \/>\n<strong><a href=\"https:\/\/www.facebook.com\/events\/438779813509248\/\">Porto Velho (RO) &#8211; n\u00e3o definido<\/a><\/strong><br \/>\n<strong><a href=\"https:\/\/www.facebook.com\/events\/542837266276417\/\">Boa Vista (RR) &#8211; n\u00e3o definido<\/a><\/strong><br \/>\n<strong><a href=\"https:\/\/www.facebook.com\/events\/1010251729315520\/\">Manaus (AM) &#8211; 16h30 na Pra\u00e7a da Matriz<\/a><\/strong><br \/>\n<strong><a href=\"https:\/\/www.facebook.com\/events\/492860254634893\/\">Rio Branco (AC) &#8211; n\u00e3o definido<\/a><\/strong><\/p>\n","protected":false},"excerpt":{"rendered":"<p>Na \u00faltima semana novos questionamentos sobre o caso do assassinato de Marielle Franco e Anderson Gomes colocaram d\u00favidas e suspeitas sobre o envolvimento do pr\u00f3prio presidente da Rep\u00fablica com o caso e as mil\u00edcias do Rio de Janeiro. Dias depois, o filho do presidente e aspirante a embaixador, Eduardo Bolsonaro, anunciou em entrevista a possibilidade [&hellip;]<\/p>\n","protected":false},"author":2,"featured_media":25538,"comment_status":"closed","ping_status":"open","sticky":false,"template":"","format":"standard","meta":{"_acf_changed":false,"footnotes":""},"categories":[6],"tags":[904,313,56,2101,295,107,176],"class_list":{"0":"post-26898","1":"post","2":"type-post","3":"status-publish","4":"format-standard","5":"has-post-thumbnail","7":"category-noticias","8":"tag-ai-5","9":"tag-atos","10":"tag-bolsonaro","11":"tag-dia-5","12":"tag-ditadura","13":"tag-marielle","14":"tag-milicia"},"acf":[],"yoast_head":"<!-- This site is optimized with the Yoast SEO plugin v26.5 - https:\/\/yoast.com\/wordpress\/plugins\/seo\/ -->\n<title>Confira a lista de atos &quot;Basta de Bolsonaro!&quot; confirmados nesta ter\u00e7a (05) | #5NcontraoAI5<\/title>\n<meta name=\"description\" content=\"Amea\u00e7as de um &quot;novo AI-5&quot;, envolvimento com milicianos, defesa da ditadura militar: a fam\u00edlia Bolsonaro amea\u00e7a a democracia brasileira. Vamos \u00e0s ruas!\" \/>\n<meta name=\"robots\" content=\"index, follow, max-snippet:-1, max-image-preview:large, max-video-preview:-1\" \/>\n<link rel=\"canonical\" href=\"https:\/\/psol50.org.br\/confira-a-lista-de-atos-basta-bolsonaro-confirmados-nesta-terca-05-5ncontraoai5\/\" \/>\n<meta property=\"og:locale\" content=\"pt_BR\" \/>\n<meta property=\"og:type\" content=\"article\" \/>\n<meta property=\"og:title\" content=\"Confira a lista de atos &quot;Basta de Bolsonaro!&quot; confirmados nesta ter\u00e7a (05) | #5NcontraoAI5\" \/>\n<meta property=\"og:description\" content=\"Amea\u00e7as de um &quot;novo AI-5&quot;, envolvimento com milicianos, defesa da ditadura militar: a lista de amea\u00e7as \u00e0 democracia da fam\u00edlia Bolsonaro s\u00f3 cresce. Vamos \u00e0s ruas!\" \/>\n<meta property=\"og:url\" content=\"https:\/\/psol50.org.br\/confira-a-lista-de-atos-basta-bolsonaro-confirmados-nesta-terca-05-5ncontraoai5\/\" \/>\n<meta property=\"og:site_name\" content=\"PSOL 50\" \/>\n<meta property=\"article:publisher\" content=\"https:\/\/www.facebook.com\/psol50\" \/>\n<meta property=\"article:published_time\" content=\"2019-11-04T15:44:25+00:00\" \/>\n<meta property=\"og:image\" content=\"https:\/\/psol50.org.br\/inc\/uploads\/2019\/06\/photo4909065190771894529.jpg\" \/>\n\t<meta property=\"og:image:width\" content=\"1280\" \/>\n\t<meta property=\"og:image:height\" content=\"853\" \/>\n\t<meta property=\"og:image:type\" content=\"image\/jpeg\" \/>\n<meta name=\"author\" content=\"Comunica\u00e7\u00e3o PSOL\" \/>\n<meta name=\"twitter:card\" content=\"summary_large_image\" \/>\n<meta name=\"twitter:title\" content=\"Confira a lista de atos &quot;Basta de Bolsonaro!&quot; confirmados nesta ter\u00e7a (05) | #5NcontraoAI5\" \/>\n<meta name=\"twitter:description\" content=\"Amea\u00e7as de um &quot;novo AI-5&quot;, envolvimento com milicianos, defesa da ditadura militar: a lista de amea\u00e7as \u00e0 democracia da fam\u00edlia Bolsonaro s\u00f3 cresce. Vamos \u00e0s ruas!\" \/>\n<meta name=\"twitter:image\" content=\"https:\/\/psol50.org.br\/inc\/uploads\/2019\/06\/photo4909065190771894529.jpg\" \/>\n<meta name=\"twitter:creator\" content=\"@psol50\" \/>\n<meta name=\"twitter:site\" content=\"@psol50\" \/>\n<meta name=\"twitter:label1\" content=\"Escrito por\" \/>\n\t<meta name=\"twitter:data1\" content=\"Comunica\u00e7\u00e3o PSOL\" \/>\n\t<meta name=\"twitter:label2\" content=\"Est. tempo de leitura\" \/>\n\t<meta name=\"twitter:data2\" content=\"2 minutos\" \/>\n<script type=\"application\/ld+json\" class=\"yoast-schema-graph\">{\"@context\":\"https:\/\/schema.org\",\"@graph\":[{\"@type\":\"Article\",\"@id\":\"https:\/\/psol50.org.br\/confira-a-lista-de-atos-basta-bolsonaro-confirmados-nesta-terca-05-5ncontraoai5\/#article\",\"isPartOf\":{\"@id\":\"https:\/\/psol50.org.br\/confira-a-lista-de-atos-basta-bolsonaro-confirmados-nesta-terca-05-5ncontraoai5\/\"},\"author\":{\"name\":\"Comunica\u00e7\u00e3o PSOL\",\"@id\":\"https:\/\/psol50.org.br\/#\/schema\/person\/475dfa57d0b815993c714c2e96491fcd\"},\"headline\":\"Confira a lista de atos &#8220;Basta de Bolsonaro!&#8221; confirmados nesta ter\u00e7a (05) | #5NcontraoAI5\",\"datePublished\":\"2019-11-04T15:44:25+00:00\",\"mainEntityOfPage\":{\"@id\":\"https:\/\/psol50.org.br\/confira-a-lista-de-atos-basta-bolsonaro-confirmados-nesta-terca-05-5ncontraoai5\/\"},\"wordCount\":503,\"publisher\":{\"@id\":\"https:\/\/psol50.org.br\/#organization\"},\"image\":{\"@id\":\"https:\/\/psol50.org.br\/confira-a-lista-de-atos-basta-bolsonaro-confirmados-nesta-terca-05-5ncontraoai5\/#primaryimage\"},\"thumbnailUrl\":\"https:\/\/psol50.org.br\/inc\/uploads\/2019\/06\/photo4909065190771894529.jpg\",\"keywords\":[\"ai-5\",\"atos\",\"Bolsonaro\",\"dia 5\",\"Ditadura\",\"Marielle\",\"mil\u00edcia\"],\"articleSection\":[\"Not\u00edcias\"],\"inLanguage\":\"pt-BR\"},{\"@type\":\"WebPage\",\"@id\":\"https:\/\/psol50.org.br\/confira-a-lista-de-atos-basta-bolsonaro-confirmados-nesta-terca-05-5ncontraoai5\/\",\"url\":\"https:\/\/psol50.org.br\/confira-a-lista-de-atos-basta-bolsonaro-confirmados-nesta-terca-05-5ncontraoai5\/\",\"name\":\"Confira a lista de atos \\\"Basta de Bolsonaro!\\\" confirmados nesta ter\u00e7a (05) | #5NcontraoAI5\",\"isPartOf\":{\"@id\":\"https:\/\/psol50.org.br\/#website\"},\"primaryImageOfPage\":{\"@id\":\"https:\/\/psol50.org.br\/confira-a-lista-de-atos-basta-bolsonaro-confirmados-nesta-terca-05-5ncontraoai5\/#primaryimage\"},\"image\":{\"@id\":\"https:\/\/psol50.org.br\/confira-a-lista-de-atos-basta-bolsonaro-confirmados-nesta-terca-05-5ncontraoai5\/#primaryimage\"},\"thumbnailUrl\":\"https:\/\/psol50.org.br\/inc\/uploads\/2019\/06\/photo4909065190771894529.jpg\",\"datePublished\":\"2019-11-04T15:44:25+00:00\",\"description\":\"Amea\u00e7as de um \\\"novo AI-5\\\", envolvimento com milicianos, defesa da ditadura militar: a fam\u00edlia Bolsonaro amea\u00e7a a democracia brasileira. Vamos \u00e0s ruas!\",\"breadcrumb\":{\"@id\":\"https:\/\/psol50.org.br\/confira-a-lista-de-atos-basta-bolsonaro-confirmados-nesta-terca-05-5ncontraoai5\/#breadcrumb\"},\"inLanguage\":\"pt-BR\",\"potentialAction\":[{\"@type\":\"ReadAction\",\"target\":[\"https:\/\/psol50.org.br\/confira-a-lista-de-atos-basta-bolsonaro-confirmados-nesta-terca-05-5ncontraoai5\/\"]}]},{\"@type\":\"ImageObject\",\"inLanguage\":\"pt-BR\",\"@id\":\"https:\/\/psol50.org.br\/confira-a-lista-de-atos-basta-bolsonaro-confirmados-nesta-terca-05-5ncontraoai5\/#primaryimage\",\"url\":\"https:\/\/psol50.org.br\/inc\/uploads\/2019\/06\/photo4909065190771894529.jpg\",\"contentUrl\":\"https:\/\/psol50.org.br\/inc\/uploads\/2019\/06\/photo4909065190771894529.jpg\",\"width\":1280,\"height\":853,\"caption\":\"Foto: Guilherme Silva\"},{\"@type\":\"BreadcrumbList\",\"@id\":\"https:\/\/psol50.org.br\/confira-a-lista-de-atos-basta-bolsonaro-confirmados-nesta-terca-05-5ncontraoai5\/#breadcrumb\",\"itemListElement\":[{\"@type\":\"ListItem\",\"position\":1,\"name\":\"In\u00edcio\",\"item\":\"https:\/\/psol50.org.br\/\"},{\"@type\":\"ListItem\",\"position\":2,\"name\":\"Confira a lista de atos &#8220;Basta de Bolsonaro!&#8221; confirmados nesta ter\u00e7a (05) | #5NcontraoAI5\"}]},{\"@type\":\"WebSite\",\"@id\":\"https:\/\/psol50.org.br\/#website\",\"url\":\"https:\/\/psol50.org.br\/\",\"name\":\"PSOL 50\",\"description\":\"Site oficial do Partido Socialismo e Liberdade\",\"publisher\":{\"@id\":\"https:\/\/psol50.org.br\/#organization\"},\"alternateName\":\"PSOL50\",\"potentialAction\":[{\"@type\":\"SearchAction\",\"target\":{\"@type\":\"EntryPoint\",\"urlTemplate\":\"https:\/\/psol50.org.br\/?s={search_term_string}\"},\"query-input\":{\"@type\":\"PropertyValueSpecification\",\"valueRequired\":true,\"valueName\":\"search_term_string\"}}],\"inLanguage\":\"pt-BR\"},{\"@type\":\"Organization\",\"@id\":\"https:\/\/psol50.org.br\/#organization\",\"name\":\"PSOL 50\",\"alternateName\":\"PSOL 50\",\"url\":\"https:\/\/psol50.org.br\/\",\"logo\":{\"@type\":\"ImageObject\",\"inLanguage\":\"pt-BR\",\"@id\":\"https:\/\/psol50.org.br\/#\/schema\/logo\/image\/\",\"url\":\"https:\/\/psol50.org.br\/inc\/uploads\/2018\/07\/capa.png\",\"contentUrl\":\"https:\/\/psol50.org.br\/inc\/uploads\/2018\/07\/capa.png\",\"width\":1350,\"height\":900,\"caption\":\"PSOL 50\"},\"image\":{\"@id\":\"https:\/\/psol50.org.br\/#\/schema\/logo\/image\/\"},\"sameAs\":[\"https:\/\/www.facebook.com\/psol50\",\"https:\/\/x.com\/psol50\",\"https:\/\/www.instagram.com\/psol50\/\",\"https:\/\/www.youtube.com\/channel\/UC7SnJS5o1os7a6CaiNabzcg\"]},{\"@type\":\"Person\",\"@id\":\"https:\/\/psol50.org.br\/#\/schema\/person\/475dfa57d0b815993c714c2e96491fcd\",\"name\":\"Comunica\u00e7\u00e3o PSOL\",\"image\":{\"@type\":\"ImageObject\",\"inLanguage\":\"pt-BR\",\"@id\":\"https:\/\/psol50.org.br\/#\/schema\/person\/image\/\",\"url\":\"https:\/\/secure.gravatar.com\/avatar\/b34fc4f4e468a4e51785917065a3db57b841f5c95dba6ad8c73aaf8f66f8f9bf?s=96&d=mm&r=g\",\"contentUrl\":\"https:\/\/secure.gravatar.com\/avatar\/b34fc4f4e468a4e51785917065a3db57b841f5c95dba6ad8c73aaf8f66f8f9bf?s=96&d=mm&r=g\",\"caption\":\"Comunica\u00e7\u00e3o PSOL\"}}]}<\/script>\n<!-- \/ Yoast SEO plugin. -->","yoast_head_json":{"title":"Confira a lista de atos \"Basta de Bolsonaro!\" confirmados nesta ter\u00e7a (05) | #5NcontraoAI5","description":"Amea\u00e7as de um \"novo AI-5\", envolvimento com milicianos, defesa da ditadura militar: a fam\u00edlia Bolsonaro amea\u00e7a a democracia brasileira. Vamos \u00e0s ruas!","robots":{"index":"index","follow":"follow","max-snippet":"max-snippet:-1","max-image-preview":"max-image-preview:large","max-video-preview":"max-video-preview:-1"},"canonical":"https:\/\/psol50.org.br\/confira-a-lista-de-atos-basta-bolsonaro-confirmados-nesta-terca-05-5ncontraoai5\/","og_locale":"pt_BR","og_type":"article","og_title":"Confira a lista de atos \"Basta de Bolsonaro!\" confirmados nesta ter\u00e7a (05) | #5NcontraoAI5","og_description":"Amea\u00e7as de um \"novo AI-5\", envolvimento com milicianos, defesa da ditadura militar: a lista de amea\u00e7as \u00e0 democracia da fam\u00edlia Bolsonaro s\u00f3 cresce. Vamos \u00e0s ruas!","og_url":"https:\/\/psol50.org.br\/confira-a-lista-de-atos-basta-bolsonaro-confirmados-nesta-terca-05-5ncontraoai5\/","og_site_name":"PSOL 50","article_publisher":"https:\/\/www.facebook.com\/psol50","article_published_time":"2019-11-04T15:44:25+00:00","og_image":[{"width":1280,"height":853,"url":"https:\/\/psol50.org.br\/inc\/uploads\/2019\/06\/photo4909065190771894529.jpg","type":"image\/jpeg"}],"author":"Comunica\u00e7\u00e3o PSOL","twitter_card":"summary_large_image","twitter_title":"Confira a lista de atos \"Basta de Bolsonaro!\" confirmados nesta ter\u00e7a (05) | #5NcontraoAI5","twitter_description":"Amea\u00e7as de um \"novo AI-5\", envolvimento com milicianos, defesa da ditadura militar: a lista de amea\u00e7as \u00e0 democracia da fam\u00edlia Bolsonaro s\u00f3 cresce. Vamos \u00e0s ruas!","twitter_image":"https:\/\/psol50.org.br\/inc\/uploads\/2019\/06\/photo4909065190771894529.jpg","twitter_creator":"@psol50","twitter_site":"@psol50","twitter_misc":{"Escrito por":"Comunica\u00e7\u00e3o PSOL","Est. tempo de leitura":"2 minutos"},"schema":{"@context":"https:\/\/schema.org","@graph":[{"@type":"Article","@id":"https:\/\/psol50.org.br\/confira-a-lista-de-atos-basta-bolsonaro-confirmados-nesta-terca-05-5ncontraoai5\/#article","isPartOf":{"@id":"https:\/\/psol50.org.br\/confira-a-lista-de-atos-basta-bolsonaro-confirmados-nesta-terca-05-5ncontraoai5\/"},"author":{"name":"Comunica\u00e7\u00e3o PSOL","@id":"https:\/\/psol50.org.br\/#\/schema\/person\/475dfa57d0b815993c714c2e96491fcd"},"headline":"Confira a lista de atos &#8220;Basta de Bolsonaro!&#8221; confirmados nesta ter\u00e7a (05) | #5NcontraoAI5","datePublished":"2019-11-04T15:44:25+00:00","mainEntityOfPage":{"@id":"https:\/\/psol50.org.br\/confira-a-lista-de-atos-basta-bolsonaro-confirmados-nesta-terca-05-5ncontraoai5\/"},"wordCount":503,"publisher":{"@id":"https:\/\/psol50.org.br\/#organization"},"image":{"@id":"https:\/\/psol50.org.br\/confira-a-lista-de-atos-basta-bolsonaro-confirmados-nesta-terca-05-5ncontraoai5\/#primaryimage"},"thumbnailUrl":"https:\/\/psol50.org.br\/inc\/uploads\/2019\/06\/photo4909065190771894529.jpg","keywords":["ai-5","atos","Bolsonaro","dia 5","Ditadura","Marielle","mil\u00edcia"],"articleSection":["Not\u00edcias"],"inLanguage":"pt-BR"},{"@type":"WebPage","@id":"https:\/\/psol50.org.br\/confira-a-lista-de-atos-basta-bolsonaro-confirmados-nesta-terca-05-5ncontraoai5\/","url":"https:\/\/psol50.org.br\/confira-a-lista-de-atos-basta-bolsonaro-confirmados-nesta-terca-05-5ncontraoai5\/","name":"Confira a lista de atos \"Basta de Bolsonaro!\" confirmados nesta ter\u00e7a (05) | #5NcontraoAI5","isPartOf":{"@id":"https:\/\/psol50.org.br\/#website"},"primaryImageOfPage":{"@id":"https:\/\/psol50.org.br\/confira-a-lista-de-atos-basta-bolsonaro-confirmados-nesta-terca-05-5ncontraoai5\/#primaryimage"},"image":{"@id":"https:\/\/psol50.org.br\/confira-a-lista-de-atos-basta-bolsonaro-confirmados-nesta-terca-05-5ncontraoai5\/#primaryimage"},"thumbnailUrl":"https:\/\/psol50.org.br\/inc\/uploads\/2019\/06\/photo4909065190771894529.jpg","datePublished":"2019-11-04T15:44:25+00:00","description":"Amea\u00e7as de um \"novo AI-5\", envolvimento com milicianos, defesa da ditadura militar: a fam\u00edlia Bolsonaro amea\u00e7a a democracia brasileira. Vamos \u00e0s ruas!","breadcrumb":{"@id":"https:\/\/psol50.org.br\/confira-a-lista-de-atos-basta-bolsonaro-confirmados-nesta-terca-05-5ncontraoai5\/#breadcrumb"},"inLanguage":"pt-BR","potentialAction":[{"@type":"ReadAction","target":["https:\/\/psol50.org.br\/confira-a-lista-de-atos-basta-bolsonaro-confirmados-nesta-terca-05-5ncontraoai5\/"]}]},{"@type":"ImageObject","inLanguage":"pt-BR","@id":"https:\/\/psol50.org.br\/confira-a-lista-de-atos-basta-bolsonaro-confirmados-nesta-terca-05-5ncontraoai5\/#primaryimage","url":"https:\/\/psol50.org.br\/inc\/uploads\/2019\/06\/photo4909065190771894529.jpg","contentUrl":"https:\/\/psol50.org.br\/inc\/uploads\/2019\/06\/photo4909065190771894529.jpg","width":1280,"height":853,"caption":"Foto: Guilherme Silva"},{"@type":"BreadcrumbList","@id":"https:\/\/psol50.org.br\/confira-a-lista-de-atos-basta-bolsonaro-confirmados-nesta-terca-05-5ncontraoai5\/#breadcrumb","itemListElement":[{"@type":"ListItem","position":1,"name":"In\u00edcio","item":"https:\/\/psol50.org.br\/"},{"@type":"ListItem","position":2,"name":"Confira a lista de atos &#8220;Basta de Bolsonaro!&#8221; confirmados nesta ter\u00e7a (05) | #5NcontraoAI5"}]},{"@type":"WebSite","@id":"https:\/\/psol50.org.br\/#website","url":"https:\/\/psol50.org.br\/","name":"PSOL 50","description":"Site oficial do Partido Socialismo e Liberdade","publisher":{"@id":"https:\/\/psol50.org.br\/#organization"},"alternateName":"PSOL50","potentialAction":[{"@type":"SearchAction","target":{"@type":"EntryPoint","urlTemplate":"https:\/\/psol50.org.br\/?s={search_term_string}"},"query-input":{"@type":"PropertyValueSpecification","valueRequired":true,"valueName":"search_term_string"}}],"inLanguage":"pt-BR"},{"@type":"Organization","@id":"https:\/\/psol50.org.br\/#organization","name":"PSOL 50","alternateName":"PSOL 50","url":"https:\/\/psol50.org.br\/","logo":{"@type":"ImageObject","inLanguage":"pt-BR","@id":"https:\/\/psol50.org.br\/#\/schema\/logo\/image\/","url":"https:\/\/psol50.org.br\/inc\/uploads\/2018\/07\/capa.png","contentUrl":"https:\/\/psol50.org.br\/inc\/uploads\/2018\/07\/capa.png","width":1350,"height":900,"caption":"PSOL 50"},"image":{"@id":"https:\/\/psol50.org.br\/#\/schema\/logo\/image\/"},"sameAs":["https:\/\/www.facebook.com\/psol50","https:\/\/x.com\/psol50","https:\/\/www.instagram.com\/psol50\/","https:\/\/www.youtube.com\/channel\/UC7SnJS5o1os7a6CaiNabzcg"]},{"@type":"Person","@id":"https:\/\/psol50.org.br\/#\/schema\/person\/475dfa57d0b815993c714c2e96491fcd","name":"Comunica\u00e7\u00e3o PSOL","image":{"@type":"ImageObject","inLanguage":"pt-BR","@id":"https:\/\/psol50.org.br\/#\/schema\/person\/image\/","url":"https:\/\/secure.gravatar.com\/avatar\/b34fc4f4e468a4e51785917065a3db57b841f5c95dba6ad8c73aaf8f66f8f9bf?s=96&d=mm&r=g","contentUrl":"https:\/\/secure.gravatar.com\/avatar\/b34fc4f4e468a4e51785917065a3db57b841f5c95dba6ad8c73aaf8f66f8f9bf?s=96&d=mm&r=g","caption":"Comunica\u00e7\u00e3o PSOL"}}]}},"_links":{"self":[{"href":"https:\/\/psol50.org.br\/rest\/wp\/v2\/posts\/26898","targetHints":{"allow":["GET"]}}],"collection":[{"href":"https:\/\/psol50.org.br\/rest\/wp\/v2\/posts"}],"about":[{"href":"https:\/\/psol50.org.br\/rest\/wp\/v2\/types\/post"}],"author":[{"embeddable":true,"href":"https:\/\/psol50.org.br\/rest\/wp\/v2\/users\/2"}],"replies":[{"embeddable":true,"href":"https:\/\/psol50.org.br\/rest\/wp\/v2\/comments?post=26898"}],"version-history":[{"count":0,"href":"https:\/\/psol50.org.br\/rest\/wp\/v2\/posts\/26898\/revisions"}],"wp:featuredmedia":[{"embeddable":true,"href":"https:\/\/psol50.org.br\/rest\/wp\/v2\/media\/25538"}],"wp:attachment":[{"href":"https:\/\/psol50.org.br\/rest\/wp\/v2\/media?parent=26898"}],"wp:term":[{"taxonomy":"category","embeddable":true,"href":"https:\/\/psol50.org.br\/rest\/wp\/v2\/categories?post=26898"},{"taxonomy":"post_tag","embeddable":true,"href":"https:\/\/psol50.org.br\/rest\/wp\/v2\/tags?post=26898"}],"curies":[{"name":"wp","href":"https:\/\/api.w.org\/{rel}","templated":true}]}}