{"id":269,"date":"2012-09-04T00:00:00","date_gmt":"2012-09-04T00:00:00","guid":{"rendered":"http:\/\/psol50.org.br\/arquivo\/2012\/09\/04\/termina-nesta-terca-prazo-para-checar-fotos-e-dados-de-candidatos-que-aparecerao-nas-urnas\/"},"modified":"2012-09-04T00:00:00","modified_gmt":"2012-09-04T00:00:00","slug":"termina-nesta-terca-prazo-para-checar-fotos-e-dados-de-candidatos-que-aparecerao-nas-urnas","status":"publish","type":"post","link":"https:\/\/psol50.org.br\/termina-nesta-terca-prazo-para-checar-fotos-e-dados-de-candidatos-que-aparecerao-nas-urnas\/","title":{"rendered":"Termina nesta ter\u00e7a prazo para checar fotos e dados de candidatos que aparecer\u00e3o nas urnas"},"content":{"rendered":"<p>A pouco mais de um m\u00eas das elei\u00e7\u00f5es municipais, o calend\u00e1rio eleitoral encerra uma s\u00e9rie de prazos nos pr\u00f3ximos dias. Hoje (4), por exemplo, \u00e9 a data limite para verificar as fotos e os dados dos candidatos que aparecer\u00e3o nas urnas eletr\u00f4nicas no primeiro e segundo turnos das elei\u00e7\u00f5es \u2013 7 e 28 de outubro, respectivamente.<\/p>\n<p>Na quinta-feira (6), termina o prazo para os candidatos substitu\u00edrem a foto e os dados que ser\u00e3o mostrados nas urnas. Exatamente um m\u00eas antes do primeiro turno das elei\u00e7\u00f5es, no dia 7, os partidos pol\u00edticos e candidatos s\u00e3o obrigados a divulgar, na internet, relat\u00f3rio discriminando a estimativa de gastos em dinheiro para o financiamento da campanha eleitoral.<br \/>\nTamb\u00e9m na sexta-feira (7) \u00e9 o \u00faltimo dia para os tribunais regionais eleitorais designem, em sess\u00e3o p\u00fablica, a comiss\u00e3o de auditoria para verificar o funcionamento das urnas eletr\u00f4nicas, por meio de vota\u00e7\u00e3o paralela.<\/p>\n<p>O dia 7 \u00e9 o prazo m\u00e1ximo para a publica\u00e7\u00e3o, pelo juiz eleitoral, da lista organizada em ordem alfab\u00e9tica, formada pelo nome completo de cada candidato e pelo nome que deve constar na urna eletr\u00f4nica, tamb\u00e9m em ordem alfab\u00e9tica, seguidos da respectiva legenda e n\u00famero. A lista ser\u00e1 usada na vota\u00e7\u00e3o e apura\u00e7\u00e3o.<\/p>\n<p>De 26 a 28 de setembro, o Tribunal Superior Eleitoral (TSE) promove cerim\u00f4nias para lacrar as urnas eletr\u00f4nicas que ser\u00e3o usadas no segundo turno das elei\u00e7\u00f5es municipais, marcado para 28 de outubro.<\/p>\n<p>Renata Giraldi | Rep\u00f3rter da Ag\u00eancia Brasil<br \/>\nEdi\u00e7\u00e3o: Talita Cavalcante, de Bras\u00edlia<\/p>\n","protected":false},"excerpt":{"rendered":"<p>A pouco mais de um m\u00eas das elei\u00e7\u00f5es municipais, o calend\u00e1rio eleitoral encerra uma s\u00e9rie de prazos nos pr\u00f3ximos dias. Hoje (4), por exemplo, \u00e9 a data limite para verificar as fotos e os dados dos candidatos que aparecer\u00e3o nas urnas eletr\u00f4nicas no primeiro e segundo turnos das elei\u00e7\u00f5es \u2013 7 e 28 de outubro, [&hellip;]<\/p>\n","protected":false},"author":2,"featured_media":0,"comment_status":"open","ping_status":"open","sticky":false,"template":"","format":"standard","meta":{"_acf_changed":false,"footnotes":""},"categories":[4766],"tags":[],"class_list":{"0":"post-269","1":"post","2":"type-post","3":"status-publish","4":"format-standard","6":"category-arquivo"},"acf":[],"yoast_head":"<!-- This site is optimized with the Yoast SEO plugin v26.5 - https:\/\/yoast.com\/wordpress\/plugins\/seo\/ -->\n<title>Termina nesta ter\u00e7a prazo para checar fotos e dados de candidatos que aparecer\u00e3o nas urnas - PSOL 50<\/title>\n<meta name=\"robots\" content=\"index, follow, max-snippet:-1, max-image-preview:large, max-video-preview:-1\" \/>\n<link rel=\"canonical\" href=\"https:\/\/psol50.org.br\/termina-nesta-terca-prazo-para-checar-fotos-e-dados-de-candidatos-que-aparecerao-nas-urnas\/\" \/>\n<meta property=\"og:locale\" content=\"pt_BR\" \/>\n<meta property=\"og:type\" content=\"article\" \/>\n<meta property=\"og:title\" content=\"Termina nesta ter\u00e7a prazo para checar fotos e dados de candidatos que aparecer\u00e3o nas urnas - PSOL 50\" \/>\n<meta property=\"og:description\" content=\"A pouco mais de um m\u00eas das elei\u00e7\u00f5es municipais, o calend\u00e1rio eleitoral encerra uma s\u00e9rie de prazos nos pr\u00f3ximos dias. Hoje (4), por exemplo, \u00e9 a data limite para verificar as fotos e os dados dos candidatos que aparecer\u00e3o nas urnas eletr\u00f4nicas no primeiro e segundo turnos das elei\u00e7\u00f5es \u2013 7 e 28 de outubro, [&hellip;]\" \/>\n<meta property=\"og:url\" content=\"https:\/\/psol50.org.br\/termina-nesta-terca-prazo-para-checar-fotos-e-dados-de-candidatos-que-aparecerao-nas-urnas\/\" \/>\n<meta property=\"og:site_name\" content=\"PSOL 50\" \/>\n<meta property=\"article:publisher\" content=\"https:\/\/www.facebook.com\/psol50\" \/>\n<meta property=\"article:published_time\" content=\"2012-09-04T00:00:00+00:00\" \/>\n<meta property=\"og:image\" content=\"https:\/\/psol50.org.br\/inc\/uploads\/2018\/07\/capa.png\" \/>\n\t<meta property=\"og:image:width\" content=\"1350\" \/>\n\t<meta property=\"og:image:height\" content=\"900\" \/>\n\t<meta property=\"og:image:type\" content=\"image\/png\" \/>\n<meta name=\"author\" content=\"Comunica\u00e7\u00e3o PSOL\" \/>\n<meta name=\"twitter:card\" content=\"summary_large_image\" \/>\n<meta name=\"twitter:creator\" content=\"@psol50\" \/>\n<meta name=\"twitter:site\" content=\"@psol50\" \/>\n<meta name=\"twitter:label1\" content=\"Escrito por\" \/>\n\t<meta name=\"twitter:data1\" content=\"Comunica\u00e7\u00e3o PSOL\" \/>\n\t<meta name=\"twitter:label2\" content=\"Est. tempo de leitura\" \/>\n\t<meta name=\"twitter:data2\" content=\"1 minuto\" \/>\n<script type=\"application\/ld+json\" class=\"yoast-schema-graph\">{\"@context\":\"https:\/\/schema.org\",\"@graph\":[{\"@type\":\"Article\",\"@id\":\"https:\/\/psol50.org.br\/termina-nesta-terca-prazo-para-checar-fotos-e-dados-de-candidatos-que-aparecerao-nas-urnas\/#article\",\"isPartOf\":{\"@id\":\"https:\/\/psol50.org.br\/termina-nesta-terca-prazo-para-checar-fotos-e-dados-de-candidatos-que-aparecerao-nas-urnas\/\"},\"author\":{\"name\":\"Comunica\u00e7\u00e3o PSOL\",\"@id\":\"https:\/\/psol50.org.br\/#\/schema\/person\/475dfa57d0b815993c714c2e96491fcd\"},\"headline\":\"Termina nesta ter\u00e7a prazo para checar fotos e dados de candidatos que aparecer\u00e3o nas urnas\",\"datePublished\":\"2012-09-04T00:00:00+00:00\",\"mainEntityOfPage\":{\"@id\":\"https:\/\/psol50.org.br\/termina-nesta-terca-prazo-para-checar-fotos-e-dados-de-candidatos-que-aparecerao-nas-urnas\/\"},\"wordCount\":283,\"commentCount\":0,\"publisher\":{\"@id\":\"https:\/\/psol50.org.br\/#organization\"},\"articleSection\":[\"Arquivo\"],\"inLanguage\":\"pt-BR\",\"potentialAction\":[{\"@type\":\"CommentAction\",\"name\":\"Comment\",\"target\":[\"https:\/\/psol50.org.br\/termina-nesta-terca-prazo-para-checar-fotos-e-dados-de-candidatos-que-aparecerao-nas-urnas\/#respond\"]}]},{\"@type\":\"WebPage\",\"@id\":\"https:\/\/psol50.org.br\/termina-nesta-terca-prazo-para-checar-fotos-e-dados-de-candidatos-que-aparecerao-nas-urnas\/\",\"url\":\"https:\/\/psol50.org.br\/termina-nesta-terca-prazo-para-checar-fotos-e-dados-de-candidatos-que-aparecerao-nas-urnas\/\",\"name\":\"Termina nesta ter\u00e7a prazo para checar fotos e dados de candidatos que aparecer\u00e3o nas urnas - PSOL 50\",\"isPartOf\":{\"@id\":\"https:\/\/psol50.org.br\/#website\"},\"datePublished\":\"2012-09-04T00:00:00+00:00\",\"breadcrumb\":{\"@id\":\"https:\/\/psol50.org.br\/termina-nesta-terca-prazo-para-checar-fotos-e-dados-de-candidatos-que-aparecerao-nas-urnas\/#breadcrumb\"},\"inLanguage\":\"pt-BR\",\"potentialAction\":[{\"@type\":\"ReadAction\",\"target\":[\"https:\/\/psol50.org.br\/termina-nesta-terca-prazo-para-checar-fotos-e-dados-de-candidatos-que-aparecerao-nas-urnas\/\"]}]},{\"@type\":\"BreadcrumbList\",\"@id\":\"https:\/\/psol50.org.br\/termina-nesta-terca-prazo-para-checar-fotos-e-dados-de-candidatos-que-aparecerao-nas-urnas\/#breadcrumb\",\"itemListElement\":[{\"@type\":\"ListItem\",\"position\":1,\"name\":\"In\u00edcio\",\"item\":\"https:\/\/psol50.org.br\/\"},{\"@type\":\"ListItem\",\"position\":2,\"name\":\"Termina nesta ter\u00e7a prazo para checar fotos e dados de candidatos que aparecer\u00e3o nas urnas\"}]},{\"@type\":\"WebSite\",\"@id\":\"https:\/\/psol50.org.br\/#website\",\"url\":\"https:\/\/psol50.org.br\/\",\"name\":\"PSOL 50\",\"description\":\"Site oficial do Partido Socialismo e Liberdade\",\"publisher\":{\"@id\":\"https:\/\/psol50.org.br\/#organization\"},\"alternateName\":\"PSOL50\",\"potentialAction\":[{\"@type\":\"SearchAction\",\"target\":{\"@type\":\"EntryPoint\",\"urlTemplate\":\"https:\/\/psol50.org.br\/?s={search_term_string}\"},\"query-input\":{\"@type\":\"PropertyValueSpecification\",\"valueRequired\":true,\"valueName\":\"search_term_string\"}}],\"inLanguage\":\"pt-BR\"},{\"@type\":\"Organization\",\"@id\":\"https:\/\/psol50.org.br\/#organization\",\"name\":\"PSOL 50\",\"alternateName\":\"PSOL 50\",\"url\":\"https:\/\/psol50.org.br\/\",\"logo\":{\"@type\":\"ImageObject\",\"inLanguage\":\"pt-BR\",\"@id\":\"https:\/\/psol50.org.br\/#\/schema\/logo\/image\/\",\"url\":\"https:\/\/psol50.org.br\/inc\/uploads\/2018\/07\/capa.png\",\"contentUrl\":\"https:\/\/psol50.org.br\/inc\/uploads\/2018\/07\/capa.png\",\"width\":1350,\"height\":900,\"caption\":\"PSOL 50\"},\"image\":{\"@id\":\"https:\/\/psol50.org.br\/#\/schema\/logo\/image\/\"},\"sameAs\":[\"https:\/\/www.facebook.com\/psol50\",\"https:\/\/x.com\/psol50\",\"https:\/\/www.instagram.com\/psol50\/\",\"https:\/\/www.youtube.com\/channel\/UC7SnJS5o1os7a6CaiNabzcg\"]},{\"@type\":\"Person\",\"@id\":\"https:\/\/psol50.org.br\/#\/schema\/person\/475dfa57d0b815993c714c2e96491fcd\",\"name\":\"Comunica\u00e7\u00e3o PSOL\",\"image\":{\"@type\":\"ImageObject\",\"inLanguage\":\"pt-BR\",\"@id\":\"https:\/\/psol50.org.br\/#\/schema\/person\/image\/\",\"url\":\"https:\/\/secure.gravatar.com\/avatar\/b34fc4f4e468a4e51785917065a3db57b841f5c95dba6ad8c73aaf8f66f8f9bf?s=96&d=mm&r=g\",\"contentUrl\":\"https:\/\/secure.gravatar.com\/avatar\/b34fc4f4e468a4e51785917065a3db57b841f5c95dba6ad8c73aaf8f66f8f9bf?s=96&d=mm&r=g\",\"caption\":\"Comunica\u00e7\u00e3o PSOL\"}}]}<\/script>\n<!-- \/ Yoast SEO plugin. -->","yoast_head_json":{"title":"Termina nesta ter\u00e7a prazo para checar fotos e dados de candidatos que aparecer\u00e3o nas urnas - PSOL 50","robots":{"index":"index","follow":"follow","max-snippet":"max-snippet:-1","max-image-preview":"max-image-preview:large","max-video-preview":"max-video-preview:-1"},"canonical":"https:\/\/psol50.org.br\/termina-nesta-terca-prazo-para-checar-fotos-e-dados-de-candidatos-que-aparecerao-nas-urnas\/","og_locale":"pt_BR","og_type":"article","og_title":"Termina nesta ter\u00e7a prazo para checar fotos e dados de candidatos que aparecer\u00e3o nas urnas - PSOL 50","og_description":"A pouco mais de um m\u00eas das elei\u00e7\u00f5es municipais, o calend\u00e1rio eleitoral encerra uma s\u00e9rie de prazos nos pr\u00f3ximos dias. Hoje (4), por exemplo, \u00e9 a data limite para verificar as fotos e os dados dos candidatos que aparecer\u00e3o nas urnas eletr\u00f4nicas no primeiro e segundo turnos das elei\u00e7\u00f5es \u2013 7 e 28 de outubro, [&hellip;]","og_url":"https:\/\/psol50.org.br\/termina-nesta-terca-prazo-para-checar-fotos-e-dados-de-candidatos-que-aparecerao-nas-urnas\/","og_site_name":"PSOL 50","article_publisher":"https:\/\/www.facebook.com\/psol50","article_published_time":"2012-09-04T00:00:00+00:00","og_image":[{"width":1350,"height":900,"url":"https:\/\/psol50.org.br\/inc\/uploads\/2018\/07\/capa.png","type":"image\/png"}],"author":"Comunica\u00e7\u00e3o PSOL","twitter_card":"summary_large_image","twitter_creator":"@psol50","twitter_site":"@psol50","twitter_misc":{"Escrito por":"Comunica\u00e7\u00e3o PSOL","Est. tempo de leitura":"1 minuto"},"schema":{"@context":"https:\/\/schema.org","@graph":[{"@type":"Article","@id":"https:\/\/psol50.org.br\/termina-nesta-terca-prazo-para-checar-fotos-e-dados-de-candidatos-que-aparecerao-nas-urnas\/#article","isPartOf":{"@id":"https:\/\/psol50.org.br\/termina-nesta-terca-prazo-para-checar-fotos-e-dados-de-candidatos-que-aparecerao-nas-urnas\/"},"author":{"name":"Comunica\u00e7\u00e3o PSOL","@id":"https:\/\/psol50.org.br\/#\/schema\/person\/475dfa57d0b815993c714c2e96491fcd"},"headline":"Termina nesta ter\u00e7a prazo para checar fotos e dados de candidatos que aparecer\u00e3o nas urnas","datePublished":"2012-09-04T00:00:00+00:00","mainEntityOfPage":{"@id":"https:\/\/psol50.org.br\/termina-nesta-terca-prazo-para-checar-fotos-e-dados-de-candidatos-que-aparecerao-nas-urnas\/"},"wordCount":283,"commentCount":0,"publisher":{"@id":"https:\/\/psol50.org.br\/#organization"},"articleSection":["Arquivo"],"inLanguage":"pt-BR","potentialAction":[{"@type":"CommentAction","name":"Comment","target":["https:\/\/psol50.org.br\/termina-nesta-terca-prazo-para-checar-fotos-e-dados-de-candidatos-que-aparecerao-nas-urnas\/#respond"]}]},{"@type":"WebPage","@id":"https:\/\/psol50.org.br\/termina-nesta-terca-prazo-para-checar-fotos-e-dados-de-candidatos-que-aparecerao-nas-urnas\/","url":"https:\/\/psol50.org.br\/termina-nesta-terca-prazo-para-checar-fotos-e-dados-de-candidatos-que-aparecerao-nas-urnas\/","name":"Termina nesta ter\u00e7a prazo para checar fotos e dados de candidatos que aparecer\u00e3o nas urnas - PSOL 50","isPartOf":{"@id":"https:\/\/psol50.org.br\/#website"},"datePublished":"2012-09-04T00:00:00+00:00","breadcrumb":{"@id":"https:\/\/psol50.org.br\/termina-nesta-terca-prazo-para-checar-fotos-e-dados-de-candidatos-que-aparecerao-nas-urnas\/#breadcrumb"},"inLanguage":"pt-BR","potentialAction":[{"@type":"ReadAction","target":["https:\/\/psol50.org.br\/termina-nesta-terca-prazo-para-checar-fotos-e-dados-de-candidatos-que-aparecerao-nas-urnas\/"]}]},{"@type":"BreadcrumbList","@id":"https:\/\/psol50.org.br\/termina-nesta-terca-prazo-para-checar-fotos-e-dados-de-candidatos-que-aparecerao-nas-urnas\/#breadcrumb","itemListElement":[{"@type":"ListItem","position":1,"name":"In\u00edcio","item":"https:\/\/psol50.org.br\/"},{"@type":"ListItem","position":2,"name":"Termina nesta ter\u00e7a prazo para checar fotos e dados de candidatos que aparecer\u00e3o nas urnas"}]},{"@type":"WebSite","@id":"https:\/\/psol50.org.br\/#website","url":"https:\/\/psol50.org.br\/","name":"PSOL 50","description":"Site oficial do Partido Socialismo e Liberdade","publisher":{"@id":"https:\/\/psol50.org.br\/#organization"},"alternateName":"PSOL50","potentialAction":[{"@type":"SearchAction","target":{"@type":"EntryPoint","urlTemplate":"https:\/\/psol50.org.br\/?s={search_term_string}"},"query-input":{"@type":"PropertyValueSpecification","valueRequired":true,"valueName":"search_term_string"}}],"inLanguage":"pt-BR"},{"@type":"Organization","@id":"https:\/\/psol50.org.br\/#organization","name":"PSOL 50","alternateName":"PSOL 50","url":"https:\/\/psol50.org.br\/","logo":{"@type":"ImageObject","inLanguage":"pt-BR","@id":"https:\/\/psol50.org.br\/#\/schema\/logo\/image\/","url":"https:\/\/psol50.org.br\/inc\/uploads\/2018\/07\/capa.png","contentUrl":"https:\/\/psol50.org.br\/inc\/uploads\/2018\/07\/capa.png","width":1350,"height":900,"caption":"PSOL 50"},"image":{"@id":"https:\/\/psol50.org.br\/#\/schema\/logo\/image\/"},"sameAs":["https:\/\/www.facebook.com\/psol50","https:\/\/x.com\/psol50","https:\/\/www.instagram.com\/psol50\/","https:\/\/www.youtube.com\/channel\/UC7SnJS5o1os7a6CaiNabzcg"]},{"@type":"Person","@id":"https:\/\/psol50.org.br\/#\/schema\/person\/475dfa57d0b815993c714c2e96491fcd","name":"Comunica\u00e7\u00e3o PSOL","image":{"@type":"ImageObject","inLanguage":"pt-BR","@id":"https:\/\/psol50.org.br\/#\/schema\/person\/image\/","url":"https:\/\/secure.gravatar.com\/avatar\/b34fc4f4e468a4e51785917065a3db57b841f5c95dba6ad8c73aaf8f66f8f9bf?s=96&d=mm&r=g","contentUrl":"https:\/\/secure.gravatar.com\/avatar\/b34fc4f4e468a4e51785917065a3db57b841f5c95dba6ad8c73aaf8f66f8f9bf?s=96&d=mm&r=g","caption":"Comunica\u00e7\u00e3o PSOL"}}]}},"_links":{"self":[{"href":"https:\/\/psol50.org.br\/rest\/wp\/v2\/posts\/269","targetHints":{"allow":["GET"]}}],"collection":[{"href":"https:\/\/psol50.org.br\/rest\/wp\/v2\/posts"}],"about":[{"href":"https:\/\/psol50.org.br\/rest\/wp\/v2\/types\/post"}],"author":[{"embeddable":true,"href":"https:\/\/psol50.org.br\/rest\/wp\/v2\/users\/2"}],"replies":[{"embeddable":true,"href":"https:\/\/psol50.org.br\/rest\/wp\/v2\/comments?post=269"}],"version-history":[{"count":0,"href":"https:\/\/psol50.org.br\/rest\/wp\/v2\/posts\/269\/revisions"}],"wp:attachment":[{"href":"https:\/\/psol50.org.br\/rest\/wp\/v2\/media?parent=269"}],"wp:term":[{"taxonomy":"category","embeddable":true,"href":"https:\/\/psol50.org.br\/rest\/wp\/v2\/categories?post=269"},{"taxonomy":"post_tag","embeddable":true,"href":"https:\/\/psol50.org.br\/rest\/wp\/v2\/tags?post=269"}],"curies":[{"name":"wp","href":"https:\/\/api.w.org\/{rel}","templated":true}]}}