{"id":26915,"date":"2019-11-06T12:37:27","date_gmt":"2019-11-06T15:37:27","guid":{"rendered":"http:\/\/psol50.org.br\/?p=26915"},"modified":"2019-11-06T12:37:27","modified_gmt":"2019-11-06T15:37:27","slug":"psol-cobra-posicionamento-de-cada-um-dos-12-ministerios-atingidos-por-pacote-de-guedes","status":"publish","type":"post","link":"https:\/\/psol50.org.br\/psol-cobra-posicionamento-de-cada-um-dos-12-ministerios-atingidos-por-pacote-de-guedes\/","title":{"rendered":"PSOL cobra posicionamento de cada um dos 12 Minist\u00e9rios atingidos por pacote de Guedes"},"content":{"rendered":"<p>O PSOL, atrav\u00e9s de Ivan Valente, l\u00edder da bancada na C\u00e2mara, apresentou na \u00faltima ter\u00e7a-feira (5) doze requerimentos de informa\u00e7\u00e3o diferentes endere\u00e7ados para cada Minist\u00e9rio que ter\u00e1 seu or\u00e7amento atingido pelo Pacote de Paulo Guedes apresentado no Senado Federal, chamado pelo governo Bolsonaro de &#8220;Plano Mais Brasil&#8221;.<\/p>\n<p>O decreto 9191\/2017 define que todos os Minist\u00e9rios com or\u00e7amento afetado por decis\u00f5es do governo devem ser consultados previamente sobre a proposta. Ivan Valente endere\u00e7ou pedidos de posicionamento acerca das medidas para \u00e1reas como sa\u00fade, educa\u00e7\u00e3o, assist\u00eancia social, habita\u00e7\u00e3o, saneamento b\u00e1sico, meio ambiente, entre outras que ser\u00e3o gravemente atingidas pelas propostas do ministro da Economia.<\/p>\n<p>\u00c9 importante que o povo saiba se cada ministro foi consultado e como cada um se posicionou perante a not\u00edcia de que perder\u00e3o recursos para tocar as pol\u00edticas de suas pastas.<\/p>\n","protected":false},"excerpt":{"rendered":"<p>O PSOL, atrav\u00e9s de Ivan Valente, l\u00edder da bancada na C\u00e2mara, apresentou na \u00faltima ter\u00e7a-feira (5) doze requerimentos de informa\u00e7\u00e3o diferentes endere\u00e7ados para cada Minist\u00e9rio que ter\u00e1 seu or\u00e7amento atingido pelo Pacote de Paulo Guedes apresentado no Senado Federal, chamado pelo governo Bolsonaro de &#8220;Plano Mais Brasil&#8221;. O decreto 9191\/2017 define que todos os Minist\u00e9rios [&hellip;]<\/p>\n","protected":false},"author":2,"featured_media":25004,"comment_status":"closed","ping_status":"open","sticky":false,"template":"","format":"standard","meta":{"_acf_changed":false,"footnotes":""},"categories":[6],"tags":[201,552,2102,659,1830,22],"class_list":{"0":"post-26915","1":"post","2":"type-post","3":"status-publish","4":"format-standard","5":"has-post-thumbnail","7":"category-noticias","8":"tag-guedes","9":"tag-ivan-valente","10":"tag-mais-brasil","11":"tag-ministros","12":"tag-pacote","13":"tag-psol"},"acf":[],"yoast_head":"<!-- This site is optimized with the Yoast SEO plugin v26.5 - https:\/\/yoast.com\/wordpress\/plugins\/seo\/ -->\n<title>PSOL cobra posicionamento de cada um dos 12 Minist\u00e9rios atingidos por pacote de Guedes<\/title>\n<meta name=\"description\" content=\"Ivan Valente quer que os ministros publiquem o que acham da proposta de cortes dr\u00e1sticos nos or\u00e7amentos de suas \u00e1reas\" \/>\n<meta name=\"robots\" content=\"index, follow, max-snippet:-1, max-image-preview:large, max-video-preview:-1\" \/>\n<link rel=\"canonical\" href=\"https:\/\/psol50.org.br\/psol-cobra-posicionamento-de-cada-um-dos-12-ministerios-atingidos-por-pacote-de-guedes\/\" \/>\n<meta property=\"og:locale\" content=\"pt_BR\" \/>\n<meta property=\"og:type\" content=\"article\" \/>\n<meta property=\"og:title\" content=\"PSOL cobra posicionamento de cada um dos 12 Minist\u00e9rios atingidos por pacote de Guedes\" \/>\n<meta property=\"og:description\" content=\"Ivan Valente quer que os ministros publiquem o que acham da proposta de cortes dr\u00e1sticos nos or\u00e7amentos de suas \u00e1reas\" \/>\n<meta property=\"og:url\" content=\"https:\/\/psol50.org.br\/psol-cobra-posicionamento-de-cada-um-dos-12-ministerios-atingidos-por-pacote-de-guedes\/\" \/>\n<meta property=\"og:site_name\" content=\"PSOL 50\" \/>\n<meta property=\"article:publisher\" content=\"https:\/\/www.facebook.com\/psol50\" \/>\n<meta property=\"article:published_time\" content=\"2019-11-06T15:37:27+00:00\" \/>\n<meta property=\"og:image\" content=\"https:\/\/psol50.org.br\/inc\/uploads\/2019\/04\/PauloGuedes-SergioLima-Poder360jan2019-BB-39-868x644-1.jpg\" \/>\n\t<meta property=\"og:image:width\" content=\"868\" \/>\n\t<meta property=\"og:image:height\" content=\"644\" \/>\n\t<meta property=\"og:image:type\" content=\"image\/jpeg\" \/>\n<meta name=\"author\" content=\"Comunica\u00e7\u00e3o PSOL\" \/>\n<meta name=\"twitter:card\" content=\"summary_large_image\" \/>\n<meta name=\"twitter:title\" content=\"PSOL cobra posicionamento de cada um dos 12 Minist\u00e9rios atingidos por pacote de Guedes\" \/>\n<meta name=\"twitter:description\" content=\"Ivan Valente quer que os ministros publiquem o que acham da proposta de cortes dr\u00e1sticos nos or\u00e7amentos de suas \u00e1reas\" \/>\n<meta name=\"twitter:image\" content=\"https:\/\/psol50.org.br\/inc\/uploads\/2019\/04\/PauloGuedes-SergioLima-Poder360jan2019-BB-39-868x644-1.jpg\" \/>\n<meta name=\"twitter:creator\" content=\"@psol50\" \/>\n<meta name=\"twitter:site\" content=\"@psol50\" \/>\n<meta name=\"twitter:label1\" content=\"Escrito por\" \/>\n\t<meta name=\"twitter:data1\" content=\"Comunica\u00e7\u00e3o PSOL\" \/>\n\t<meta name=\"twitter:label2\" content=\"Est. tempo de leitura\" \/>\n\t<meta name=\"twitter:data2\" content=\"1 minuto\" \/>\n<script type=\"application\/ld+json\" class=\"yoast-schema-graph\">{\"@context\":\"https:\/\/schema.org\",\"@graph\":[{\"@type\":\"Article\",\"@id\":\"https:\/\/psol50.org.br\/psol-cobra-posicionamento-de-cada-um-dos-12-ministerios-atingidos-por-pacote-de-guedes\/#article\",\"isPartOf\":{\"@id\":\"https:\/\/psol50.org.br\/psol-cobra-posicionamento-de-cada-um-dos-12-ministerios-atingidos-por-pacote-de-guedes\/\"},\"author\":{\"name\":\"Comunica\u00e7\u00e3o PSOL\",\"@id\":\"https:\/\/psol50.org.br\/#\/schema\/person\/475dfa57d0b815993c714c2e96491fcd\"},\"headline\":\"PSOL cobra posicionamento de cada um dos 12 Minist\u00e9rios atingidos por pacote de Guedes\",\"datePublished\":\"2019-11-06T15:37:27+00:00\",\"mainEntityOfPage\":{\"@id\":\"https:\/\/psol50.org.br\/psol-cobra-posicionamento-de-cada-um-dos-12-ministerios-atingidos-por-pacote-de-guedes\/\"},\"wordCount\":165,\"publisher\":{\"@id\":\"https:\/\/psol50.org.br\/#organization\"},\"image\":{\"@id\":\"https:\/\/psol50.org.br\/psol-cobra-posicionamento-de-cada-um-dos-12-ministerios-atingidos-por-pacote-de-guedes\/#primaryimage\"},\"thumbnailUrl\":\"https:\/\/psol50.org.br\/inc\/uploads\/2019\/04\/PauloGuedes-SergioLima-Poder360jan2019-BB-39-868x644-1.jpg\",\"keywords\":[\"guedes\",\"Ivan Valente\",\"mais brasil\",\"ministros\",\"pacote\",\"PSOL\"],\"articleSection\":[\"Not\u00edcias\"],\"inLanguage\":\"pt-BR\"},{\"@type\":\"WebPage\",\"@id\":\"https:\/\/psol50.org.br\/psol-cobra-posicionamento-de-cada-um-dos-12-ministerios-atingidos-por-pacote-de-guedes\/\",\"url\":\"https:\/\/psol50.org.br\/psol-cobra-posicionamento-de-cada-um-dos-12-ministerios-atingidos-por-pacote-de-guedes\/\",\"name\":\"PSOL cobra posicionamento de cada um dos 12 Minist\u00e9rios atingidos por pacote de Guedes\",\"isPartOf\":{\"@id\":\"https:\/\/psol50.org.br\/#website\"},\"primaryImageOfPage\":{\"@id\":\"https:\/\/psol50.org.br\/psol-cobra-posicionamento-de-cada-um-dos-12-ministerios-atingidos-por-pacote-de-guedes\/#primaryimage\"},\"image\":{\"@id\":\"https:\/\/psol50.org.br\/psol-cobra-posicionamento-de-cada-um-dos-12-ministerios-atingidos-por-pacote-de-guedes\/#primaryimage\"},\"thumbnailUrl\":\"https:\/\/psol50.org.br\/inc\/uploads\/2019\/04\/PauloGuedes-SergioLima-Poder360jan2019-BB-39-868x644-1.jpg\",\"datePublished\":\"2019-11-06T15:37:27+00:00\",\"description\":\"Ivan Valente quer que os ministros publiquem o que acham da proposta de cortes dr\u00e1sticos nos or\u00e7amentos de suas \u00e1reas\",\"breadcrumb\":{\"@id\":\"https:\/\/psol50.org.br\/psol-cobra-posicionamento-de-cada-um-dos-12-ministerios-atingidos-por-pacote-de-guedes\/#breadcrumb\"},\"inLanguage\":\"pt-BR\",\"potentialAction\":[{\"@type\":\"ReadAction\",\"target\":[\"https:\/\/psol50.org.br\/psol-cobra-posicionamento-de-cada-um-dos-12-ministerios-atingidos-por-pacote-de-guedes\/\"]}]},{\"@type\":\"ImageObject\",\"inLanguage\":\"pt-BR\",\"@id\":\"https:\/\/psol50.org.br\/psol-cobra-posicionamento-de-cada-um-dos-12-ministerios-atingidos-por-pacote-de-guedes\/#primaryimage\",\"url\":\"https:\/\/psol50.org.br\/inc\/uploads\/2019\/04\/PauloGuedes-SergioLima-Poder360jan2019-BB-39-868x644-1.jpg\",\"contentUrl\":\"https:\/\/psol50.org.br\/inc\/uploads\/2019\/04\/PauloGuedes-SergioLima-Poder360jan2019-BB-39-868x644-1.jpg\",\"width\":868,\"height\":644,\"caption\":\"Foto: S\u00e9rgio Lima\"},{\"@type\":\"BreadcrumbList\",\"@id\":\"https:\/\/psol50.org.br\/psol-cobra-posicionamento-de-cada-um-dos-12-ministerios-atingidos-por-pacote-de-guedes\/#breadcrumb\",\"itemListElement\":[{\"@type\":\"ListItem\",\"position\":1,\"name\":\"In\u00edcio\",\"item\":\"https:\/\/psol50.org.br\/\"},{\"@type\":\"ListItem\",\"position\":2,\"name\":\"PSOL cobra posicionamento de cada um dos 12 Minist\u00e9rios atingidos por pacote de Guedes\"}]},{\"@type\":\"WebSite\",\"@id\":\"https:\/\/psol50.org.br\/#website\",\"url\":\"https:\/\/psol50.org.br\/\",\"name\":\"PSOL 50\",\"description\":\"Site oficial do Partido Socialismo e Liberdade\",\"publisher\":{\"@id\":\"https:\/\/psol50.org.br\/#organization\"},\"alternateName\":\"PSOL50\",\"potentialAction\":[{\"@type\":\"SearchAction\",\"target\":{\"@type\":\"EntryPoint\",\"urlTemplate\":\"https:\/\/psol50.org.br\/?s={search_term_string}\"},\"query-input\":{\"@type\":\"PropertyValueSpecification\",\"valueRequired\":true,\"valueName\":\"search_term_string\"}}],\"inLanguage\":\"pt-BR\"},{\"@type\":\"Organization\",\"@id\":\"https:\/\/psol50.org.br\/#organization\",\"name\":\"PSOL 50\",\"alternateName\":\"PSOL 50\",\"url\":\"https:\/\/psol50.org.br\/\",\"logo\":{\"@type\":\"ImageObject\",\"inLanguage\":\"pt-BR\",\"@id\":\"https:\/\/psol50.org.br\/#\/schema\/logo\/image\/\",\"url\":\"https:\/\/psol50.org.br\/inc\/uploads\/2018\/07\/capa.png\",\"contentUrl\":\"https:\/\/psol50.org.br\/inc\/uploads\/2018\/07\/capa.png\",\"width\":1350,\"height\":900,\"caption\":\"PSOL 50\"},\"image\":{\"@id\":\"https:\/\/psol50.org.br\/#\/schema\/logo\/image\/\"},\"sameAs\":[\"https:\/\/www.facebook.com\/psol50\",\"https:\/\/x.com\/psol50\",\"https:\/\/www.instagram.com\/psol50\/\",\"https:\/\/www.youtube.com\/channel\/UC7SnJS5o1os7a6CaiNabzcg\"]},{\"@type\":\"Person\",\"@id\":\"https:\/\/psol50.org.br\/#\/schema\/person\/475dfa57d0b815993c714c2e96491fcd\",\"name\":\"Comunica\u00e7\u00e3o PSOL\",\"image\":{\"@type\":\"ImageObject\",\"inLanguage\":\"pt-BR\",\"@id\":\"https:\/\/psol50.org.br\/#\/schema\/person\/image\/\",\"url\":\"https:\/\/secure.gravatar.com\/avatar\/b34fc4f4e468a4e51785917065a3db57b841f5c95dba6ad8c73aaf8f66f8f9bf?s=96&d=mm&r=g\",\"contentUrl\":\"https:\/\/secure.gravatar.com\/avatar\/b34fc4f4e468a4e51785917065a3db57b841f5c95dba6ad8c73aaf8f66f8f9bf?s=96&d=mm&r=g\",\"caption\":\"Comunica\u00e7\u00e3o PSOL\"}}]}<\/script>\n<!-- \/ Yoast SEO plugin. -->","yoast_head_json":{"title":"PSOL cobra posicionamento de cada um dos 12 Minist\u00e9rios atingidos por pacote de Guedes","description":"Ivan Valente quer que os ministros publiquem o que acham da proposta de cortes dr\u00e1sticos nos or\u00e7amentos de suas \u00e1reas","robots":{"index":"index","follow":"follow","max-snippet":"max-snippet:-1","max-image-preview":"max-image-preview:large","max-video-preview":"max-video-preview:-1"},"canonical":"https:\/\/psol50.org.br\/psol-cobra-posicionamento-de-cada-um-dos-12-ministerios-atingidos-por-pacote-de-guedes\/","og_locale":"pt_BR","og_type":"article","og_title":"PSOL cobra posicionamento de cada um dos 12 Minist\u00e9rios atingidos por pacote de Guedes","og_description":"Ivan Valente quer que os ministros publiquem o que acham da proposta de cortes dr\u00e1sticos nos or\u00e7amentos de suas \u00e1reas","og_url":"https:\/\/psol50.org.br\/psol-cobra-posicionamento-de-cada-um-dos-12-ministerios-atingidos-por-pacote-de-guedes\/","og_site_name":"PSOL 50","article_publisher":"https:\/\/www.facebook.com\/psol50","article_published_time":"2019-11-06T15:37:27+00:00","og_image":[{"width":868,"height":644,"url":"https:\/\/psol50.org.br\/inc\/uploads\/2019\/04\/PauloGuedes-SergioLima-Poder360jan2019-BB-39-868x644-1.jpg","type":"image\/jpeg"}],"author":"Comunica\u00e7\u00e3o PSOL","twitter_card":"summary_large_image","twitter_title":"PSOL cobra posicionamento de cada um dos 12 Minist\u00e9rios atingidos por pacote de Guedes","twitter_description":"Ivan Valente quer que os ministros publiquem o que acham da proposta de cortes dr\u00e1sticos nos or\u00e7amentos de suas \u00e1reas","twitter_image":"https:\/\/psol50.org.br\/inc\/uploads\/2019\/04\/PauloGuedes-SergioLima-Poder360jan2019-BB-39-868x644-1.jpg","twitter_creator":"@psol50","twitter_site":"@psol50","twitter_misc":{"Escrito por":"Comunica\u00e7\u00e3o PSOL","Est. tempo de leitura":"1 minuto"},"schema":{"@context":"https:\/\/schema.org","@graph":[{"@type":"Article","@id":"https:\/\/psol50.org.br\/psol-cobra-posicionamento-de-cada-um-dos-12-ministerios-atingidos-por-pacote-de-guedes\/#article","isPartOf":{"@id":"https:\/\/psol50.org.br\/psol-cobra-posicionamento-de-cada-um-dos-12-ministerios-atingidos-por-pacote-de-guedes\/"},"author":{"name":"Comunica\u00e7\u00e3o PSOL","@id":"https:\/\/psol50.org.br\/#\/schema\/person\/475dfa57d0b815993c714c2e96491fcd"},"headline":"PSOL cobra posicionamento de cada um dos 12 Minist\u00e9rios atingidos por pacote de Guedes","datePublished":"2019-11-06T15:37:27+00:00","mainEntityOfPage":{"@id":"https:\/\/psol50.org.br\/psol-cobra-posicionamento-de-cada-um-dos-12-ministerios-atingidos-por-pacote-de-guedes\/"},"wordCount":165,"publisher":{"@id":"https:\/\/psol50.org.br\/#organization"},"image":{"@id":"https:\/\/psol50.org.br\/psol-cobra-posicionamento-de-cada-um-dos-12-ministerios-atingidos-por-pacote-de-guedes\/#primaryimage"},"thumbnailUrl":"https:\/\/psol50.org.br\/inc\/uploads\/2019\/04\/PauloGuedes-SergioLima-Poder360jan2019-BB-39-868x644-1.jpg","keywords":["guedes","Ivan Valente","mais brasil","ministros","pacote","PSOL"],"articleSection":["Not\u00edcias"],"inLanguage":"pt-BR"},{"@type":"WebPage","@id":"https:\/\/psol50.org.br\/psol-cobra-posicionamento-de-cada-um-dos-12-ministerios-atingidos-por-pacote-de-guedes\/","url":"https:\/\/psol50.org.br\/psol-cobra-posicionamento-de-cada-um-dos-12-ministerios-atingidos-por-pacote-de-guedes\/","name":"PSOL cobra posicionamento de cada um dos 12 Minist\u00e9rios atingidos por pacote de Guedes","isPartOf":{"@id":"https:\/\/psol50.org.br\/#website"},"primaryImageOfPage":{"@id":"https:\/\/psol50.org.br\/psol-cobra-posicionamento-de-cada-um-dos-12-ministerios-atingidos-por-pacote-de-guedes\/#primaryimage"},"image":{"@id":"https:\/\/psol50.org.br\/psol-cobra-posicionamento-de-cada-um-dos-12-ministerios-atingidos-por-pacote-de-guedes\/#primaryimage"},"thumbnailUrl":"https:\/\/psol50.org.br\/inc\/uploads\/2019\/04\/PauloGuedes-SergioLima-Poder360jan2019-BB-39-868x644-1.jpg","datePublished":"2019-11-06T15:37:27+00:00","description":"Ivan Valente quer que os ministros publiquem o que acham da proposta de cortes dr\u00e1sticos nos or\u00e7amentos de suas \u00e1reas","breadcrumb":{"@id":"https:\/\/psol50.org.br\/psol-cobra-posicionamento-de-cada-um-dos-12-ministerios-atingidos-por-pacote-de-guedes\/#breadcrumb"},"inLanguage":"pt-BR","potentialAction":[{"@type":"ReadAction","target":["https:\/\/psol50.org.br\/psol-cobra-posicionamento-de-cada-um-dos-12-ministerios-atingidos-por-pacote-de-guedes\/"]}]},{"@type":"ImageObject","inLanguage":"pt-BR","@id":"https:\/\/psol50.org.br\/psol-cobra-posicionamento-de-cada-um-dos-12-ministerios-atingidos-por-pacote-de-guedes\/#primaryimage","url":"https:\/\/psol50.org.br\/inc\/uploads\/2019\/04\/PauloGuedes-SergioLima-Poder360jan2019-BB-39-868x644-1.jpg","contentUrl":"https:\/\/psol50.org.br\/inc\/uploads\/2019\/04\/PauloGuedes-SergioLima-Poder360jan2019-BB-39-868x644-1.jpg","width":868,"height":644,"caption":"Foto: S\u00e9rgio Lima"},{"@type":"BreadcrumbList","@id":"https:\/\/psol50.org.br\/psol-cobra-posicionamento-de-cada-um-dos-12-ministerios-atingidos-por-pacote-de-guedes\/#breadcrumb","itemListElement":[{"@type":"ListItem","position":1,"name":"In\u00edcio","item":"https:\/\/psol50.org.br\/"},{"@type":"ListItem","position":2,"name":"PSOL cobra posicionamento de cada um dos 12 Minist\u00e9rios atingidos por pacote de Guedes"}]},{"@type":"WebSite","@id":"https:\/\/psol50.org.br\/#website","url":"https:\/\/psol50.org.br\/","name":"PSOL 50","description":"Site oficial do Partido Socialismo e Liberdade","publisher":{"@id":"https:\/\/psol50.org.br\/#organization"},"alternateName":"PSOL50","potentialAction":[{"@type":"SearchAction","target":{"@type":"EntryPoint","urlTemplate":"https:\/\/psol50.org.br\/?s={search_term_string}"},"query-input":{"@type":"PropertyValueSpecification","valueRequired":true,"valueName":"search_term_string"}}],"inLanguage":"pt-BR"},{"@type":"Organization","@id":"https:\/\/psol50.org.br\/#organization","name":"PSOL 50","alternateName":"PSOL 50","url":"https:\/\/psol50.org.br\/","logo":{"@type":"ImageObject","inLanguage":"pt-BR","@id":"https:\/\/psol50.org.br\/#\/schema\/logo\/image\/","url":"https:\/\/psol50.org.br\/inc\/uploads\/2018\/07\/capa.png","contentUrl":"https:\/\/psol50.org.br\/inc\/uploads\/2018\/07\/capa.png","width":1350,"height":900,"caption":"PSOL 50"},"image":{"@id":"https:\/\/psol50.org.br\/#\/schema\/logo\/image\/"},"sameAs":["https:\/\/www.facebook.com\/psol50","https:\/\/x.com\/psol50","https:\/\/www.instagram.com\/psol50\/","https:\/\/www.youtube.com\/channel\/UC7SnJS5o1os7a6CaiNabzcg"]},{"@type":"Person","@id":"https:\/\/psol50.org.br\/#\/schema\/person\/475dfa57d0b815993c714c2e96491fcd","name":"Comunica\u00e7\u00e3o PSOL","image":{"@type":"ImageObject","inLanguage":"pt-BR","@id":"https:\/\/psol50.org.br\/#\/schema\/person\/image\/","url":"https:\/\/secure.gravatar.com\/avatar\/b34fc4f4e468a4e51785917065a3db57b841f5c95dba6ad8c73aaf8f66f8f9bf?s=96&d=mm&r=g","contentUrl":"https:\/\/secure.gravatar.com\/avatar\/b34fc4f4e468a4e51785917065a3db57b841f5c95dba6ad8c73aaf8f66f8f9bf?s=96&d=mm&r=g","caption":"Comunica\u00e7\u00e3o PSOL"}}]}},"_links":{"self":[{"href":"https:\/\/psol50.org.br\/rest\/wp\/v2\/posts\/26915","targetHints":{"allow":["GET"]}}],"collection":[{"href":"https:\/\/psol50.org.br\/rest\/wp\/v2\/posts"}],"about":[{"href":"https:\/\/psol50.org.br\/rest\/wp\/v2\/types\/post"}],"author":[{"embeddable":true,"href":"https:\/\/psol50.org.br\/rest\/wp\/v2\/users\/2"}],"replies":[{"embeddable":true,"href":"https:\/\/psol50.org.br\/rest\/wp\/v2\/comments?post=26915"}],"version-history":[{"count":0,"href":"https:\/\/psol50.org.br\/rest\/wp\/v2\/posts\/26915\/revisions"}],"wp:featuredmedia":[{"embeddable":true,"href":"https:\/\/psol50.org.br\/rest\/wp\/v2\/media\/25004"}],"wp:attachment":[{"href":"https:\/\/psol50.org.br\/rest\/wp\/v2\/media?parent=26915"}],"wp:term":[{"taxonomy":"category","embeddable":true,"href":"https:\/\/psol50.org.br\/rest\/wp\/v2\/categories?post=26915"},{"taxonomy":"post_tag","embeddable":true,"href":"https:\/\/psol50.org.br\/rest\/wp\/v2\/tags?post=26915"}],"curies":[{"name":"wp","href":"https:\/\/api.w.org\/{rel}","templated":true}]}}