{"id":26952,"date":"2019-11-12T12:36:09","date_gmt":"2019-11-12T15:36:09","guid":{"rendered":"http:\/\/psol50.org.br\/?p=26952"},"modified":"2019-11-12T12:36:09","modified_gmt":"2019-11-12T15:36:09","slug":"em-defesa-da-democracia-repudio-golpe-bolivia","status":"publish","type":"post","link":"https:\/\/psol50.org.br\/em-defesa-da-democracia-repudio-golpe-bolivia\/","title":{"rendered":"Em defesa da democracia: rep\u00fadio ao golpe neoliberal, mis\u00f3gino, racista e fundamentalista na Bol\u00edvia!"},"content":{"rendered":"<p>No dia 10 de novembro de 2019, a direita boliviana p\u00f4s em marcha uma tentativa de golpe de estado militar. O projeto da extrema-direita boliviana, com apoio de Trump e Bolsonaro, carrega o que h\u00e1 de mais atrasado na Am\u00e9rica Latina, impregnado de \u00f3dio de classe, misoginia e racismo. Os setores golpistas desencadearam brutal viol\u00eancia contra os povos origin\u00e1rios, l\u00edderes de movimentos sociais e sindicais, e em particular contra mulheres lideran\u00e7as e ativistas.<\/p>\n<p>No que diz respeito \u00e0s viol\u00eancias registradas contra mulheres, fica evidente o prop\u00f3sito de silenciar e eliminar companheiras que ocupam espa\u00e7os na pol\u00edtica boliviana e que simbolizam os avan\u00e7os da luta feminista e ind\u00edgena na constru\u00e7\u00e3o de um projeto de pa\u00eds.<\/p>\n<p>Este golpe est\u00e1 orientado por um projeto que pretende reconverter a Bol\u00edvia em um Estado fundamentalista e neoliberal, tendo como alvo, tamb\u00e9m, a elimina\u00e7\u00e3o da presen\u00e7a dos pivos aut\u00f3ctones e das mulheres no poder.<\/p>\n<p>Nos \u00faltimos dias, viol\u00eancias terr\u00edveis foram registradas e circuladas pelas redes e m\u00eddia, como o sequestro e espancamento de Patricia Arce, prefeita de Vinto, que teve seus cabelos cortados \u00e0 for\u00e7a, teve seu corpo pintado com tinta vermelha e submetida a um cortejo de quil\u00f4metros, sem sapatos e sofrendo m\u00faltiplas agress\u00f5es. Somam-se a esse caso espantoso as den\u00fancias de sequestros, inc\u00eandios de casas de dirigentes do MAS e familiares e governadores da situa\u00e7\u00e3o; como tamb\u00e9m casos de estupro cometidos por militares e pela pol\u00edcia de Estado. Mulheres t\u00eam sido agredidas f\u00edsica e sexualmente, de maneira impune.<\/p>\n<p>Os povos origin\u00e1rios v\u00eam resistindo e conseguindo barrar as privatiza\u00e7\u00f5es dos bens comuns da natureza no pa\u00eds, como se viu na luta contra a privatiza\u00e7\u00e3o da \u00e1gua e do g\u00e1s, que foi protagonizada pelas mulheres durante os \u00faltimos anos. Somente atrav\u00e9s de um golpe militarizado, com car\u00e1ter fundamentalista e autorit\u00e1rio, seria poss\u00edvel barrar a for\u00e7a do povo e das mulheres do Estado Plurinacional da Bol\u00edvia.<\/p>\n<p>O apoio de Trump, Bolsonaro e OEA ao projeto da ultradireita boliviana evidencia o car\u00e1ter articulado desta ofensiva contra o governo de Evo Morales.<\/p>\n<p>A Setorial de Mulheres do PSOL expressa seu mais profundo rep\u00fadio \u00e0s viol\u00eancias que t\u00eam humilhado e violentado as mulheres lutadoras e todo o povo boliviano. \u00c9 preciso que estejamos, cada vez mais, atentas e fortes para a luta que nos \u00e9 exigida em tempos de ascens\u00e3o da extrema direita na Am\u00e9rica Latina e no mundo. Resistiremos!<\/p>\n<p><em>Abaixo o golpe reacion\u00e1rio e mis\u00f3gino na Bol\u00edvia!<\/em><\/p>\n<p><em>Todo apoio \u00e0 resist\u00eancia do povo boliviano!<\/em><\/p>\n<p><em><strong>Setorial Nacional de Mulheres do PSOL<\/strong><\/em><\/p>\n","protected":false},"excerpt":{"rendered":"<p>No dia 10 de novembro de 2019, a direita boliviana p\u00f4s em marcha uma tentativa de golpe de estado militar. O projeto da extrema-direita boliviana, com apoio de Trump e Bolsonaro, carrega o que h\u00e1 de mais atrasado na Am\u00e9rica Latina, impregnado de \u00f3dio de classe, misoginia e racismo. Os setores golpistas desencadearam brutal viol\u00eancia [&hellip;]<\/p>\n","protected":false},"author":2,"featured_media":25145,"comment_status":"closed","ping_status":"open","sticky":false,"template":"","format":"standard","meta":{"_acf_changed":false,"footnotes":""},"categories":[49,20,6],"tags":[148,151,4,19,22],"class_list":{"0":"post-26952","1":"post","2":"type-post","3":"status-publish","4":"format-standard","5":"has-post-thumbnail","7":"category-mulheres","8":"category-notas","9":"category-noticias","10":"tag-bolivia","11":"tag-golpe","12":"tag-mulheres","13":"tag-nota","14":"tag-psol"},"acf":[],"yoast_head":"<!-- This site is optimized with the Yoast SEO plugin v26.5 - https:\/\/yoast.com\/wordpress\/plugins\/seo\/ -->\n<title>Em defesa da democracia: rep\u00fadio ao golpe neoliberal, mis\u00f3gino, racista e fundamentalista na Bol\u00edvia! - PSOL 50<\/title>\n<meta name=\"description\" content=\"As mulheres do PSOL expressam seu mais profundo rep\u00fadio \u00e0s viol\u00eancias que t\u00eam humilhado e violentado as mulheres lutadoras e todo o povo boliviano.\" \/>\n<meta name=\"robots\" content=\"index, follow, max-snippet:-1, max-image-preview:large, max-video-preview:-1\" \/>\n<link rel=\"canonical\" href=\"https:\/\/psol50.org.br\/em-defesa-da-democracia-repudio-golpe-bolivia\/\" \/>\n<meta property=\"og:locale\" content=\"pt_BR\" \/>\n<meta property=\"og:type\" content=\"article\" \/>\n<meta property=\"og:title\" content=\"Em defesa da democracia: rep\u00fadio ao golpe neoliberal, mis\u00f3gino, racista e fundamentalista na Bol\u00edvia!\" \/>\n<meta property=\"og:description\" content=\"As mulheres do PSOL expressam seu mais profundo rep\u00fadio \u00e0s viol\u00eancias que t\u00eam humilhado e violentado as mulheres lutadoras e todo o povo boliviano.\" \/>\n<meta property=\"og:url\" content=\"https:\/\/psol50.org.br\/em-defesa-da-democracia-repudio-golpe-bolivia\/\" \/>\n<meta property=\"og:site_name\" content=\"PSOL 50\" \/>\n<meta property=\"article:publisher\" content=\"https:\/\/www.facebook.com\/psol50\" \/>\n<meta property=\"article:published_time\" content=\"2019-11-12T15:36:09+00:00\" \/>\n<meta property=\"og:image\" content=\"https:\/\/psol50.org.br\/inc\/uploads\/2019\/05\/MulheresdoPSOL.png\" \/>\n\t<meta property=\"og:image:width\" content=\"1350\" \/>\n\t<meta property=\"og:image:height\" content=\"900\" \/>\n\t<meta property=\"og:image:type\" content=\"image\/png\" \/>\n<meta name=\"author\" content=\"Comunica\u00e7\u00e3o PSOL\" \/>\n<meta name=\"twitter:card\" content=\"summary_large_image\" \/>\n<meta name=\"twitter:title\" content=\"Em defesa da democracia: rep\u00fadio ao golpe neoliberal, mis\u00f3gino, racista e fundamentalista na Bol\u00edvia!\" \/>\n<meta name=\"twitter:description\" content=\"As mulheres do PSOL expressam seu mais profundo rep\u00fadio \u00e0s viol\u00eancias que t\u00eam humilhado e violentado as mulheres lutadoras e todo o povo boliviano.\" \/>\n<meta name=\"twitter:image\" content=\"https:\/\/psol50.org.br\/inc\/uploads\/2019\/05\/MulheresdoPSOL.png\" \/>\n<meta name=\"twitter:creator\" content=\"@psol50\" \/>\n<meta name=\"twitter:site\" content=\"@psol50\" \/>\n<meta name=\"twitter:label1\" content=\"Escrito por\" \/>\n\t<meta name=\"twitter:data1\" content=\"Comunica\u00e7\u00e3o PSOL\" \/>\n\t<meta name=\"twitter:label2\" content=\"Est. tempo de leitura\" \/>\n\t<meta name=\"twitter:data2\" content=\"2 minutos\" \/>\n<script type=\"application\/ld+json\" class=\"yoast-schema-graph\">{\"@context\":\"https:\/\/schema.org\",\"@graph\":[{\"@type\":\"Article\",\"@id\":\"https:\/\/psol50.org.br\/em-defesa-da-democracia-repudio-golpe-bolivia\/#article\",\"isPartOf\":{\"@id\":\"https:\/\/psol50.org.br\/em-defesa-da-democracia-repudio-golpe-bolivia\/\"},\"author\":{\"name\":\"Comunica\u00e7\u00e3o PSOL\",\"@id\":\"https:\/\/psol50.org.br\/#\/schema\/person\/475dfa57d0b815993c714c2e96491fcd\"},\"headline\":\"Em defesa da democracia: rep\u00fadio ao golpe neoliberal, mis\u00f3gino, racista e fundamentalista na Bol\u00edvia!\",\"datePublished\":\"2019-11-12T15:36:09+00:00\",\"mainEntityOfPage\":{\"@id\":\"https:\/\/psol50.org.br\/em-defesa-da-democracia-repudio-golpe-bolivia\/\"},\"wordCount\":477,\"publisher\":{\"@id\":\"https:\/\/psol50.org.br\/#organization\"},\"image\":{\"@id\":\"https:\/\/psol50.org.br\/em-defesa-da-democracia-repudio-golpe-bolivia\/#primaryimage\"},\"thumbnailUrl\":\"https:\/\/psol50.org.br\/inc\/uploads\/2019\/05\/MulheresdoPSOL.png\",\"keywords\":[\"Bol\u00edvia\",\"golpe\",\"mulheres\",\"nota\",\"PSOL\"],\"articleSection\":[\"Mulheres\",\"Notas\",\"Not\u00edcias\"],\"inLanguage\":\"pt-BR\"},{\"@type\":\"WebPage\",\"@id\":\"https:\/\/psol50.org.br\/em-defesa-da-democracia-repudio-golpe-bolivia\/\",\"url\":\"https:\/\/psol50.org.br\/em-defesa-da-democracia-repudio-golpe-bolivia\/\",\"name\":\"Em defesa da democracia: rep\u00fadio ao golpe neoliberal, mis\u00f3gino, racista e fundamentalista na Bol\u00edvia! - PSOL 50\",\"isPartOf\":{\"@id\":\"https:\/\/psol50.org.br\/#website\"},\"primaryImageOfPage\":{\"@id\":\"https:\/\/psol50.org.br\/em-defesa-da-democracia-repudio-golpe-bolivia\/#primaryimage\"},\"image\":{\"@id\":\"https:\/\/psol50.org.br\/em-defesa-da-democracia-repudio-golpe-bolivia\/#primaryimage\"},\"thumbnailUrl\":\"https:\/\/psol50.org.br\/inc\/uploads\/2019\/05\/MulheresdoPSOL.png\",\"datePublished\":\"2019-11-12T15:36:09+00:00\",\"description\":\"As mulheres do PSOL expressam seu mais profundo rep\u00fadio \u00e0s viol\u00eancias que t\u00eam humilhado e violentado as mulheres lutadoras e todo o povo boliviano.\",\"breadcrumb\":{\"@id\":\"https:\/\/psol50.org.br\/em-defesa-da-democracia-repudio-golpe-bolivia\/#breadcrumb\"},\"inLanguage\":\"pt-BR\",\"potentialAction\":[{\"@type\":\"ReadAction\",\"target\":[\"https:\/\/psol50.org.br\/em-defesa-da-democracia-repudio-golpe-bolivia\/\"]}]},{\"@type\":\"ImageObject\",\"inLanguage\":\"pt-BR\",\"@id\":\"https:\/\/psol50.org.br\/em-defesa-da-democracia-repudio-golpe-bolivia\/#primaryimage\",\"url\":\"https:\/\/psol50.org.br\/inc\/uploads\/2019\/05\/MulheresdoPSOL.png\",\"contentUrl\":\"https:\/\/psol50.org.br\/inc\/uploads\/2019\/05\/MulheresdoPSOL.png\",\"width\":1350,\"height\":900},{\"@type\":\"BreadcrumbList\",\"@id\":\"https:\/\/psol50.org.br\/em-defesa-da-democracia-repudio-golpe-bolivia\/#breadcrumb\",\"itemListElement\":[{\"@type\":\"ListItem\",\"position\":1,\"name\":\"In\u00edcio\",\"item\":\"https:\/\/psol50.org.br\/\"},{\"@type\":\"ListItem\",\"position\":2,\"name\":\"Em defesa da democracia: rep\u00fadio ao golpe neoliberal, mis\u00f3gino, racista e fundamentalista na Bol\u00edvia!\"}]},{\"@type\":\"WebSite\",\"@id\":\"https:\/\/psol50.org.br\/#website\",\"url\":\"https:\/\/psol50.org.br\/\",\"name\":\"PSOL 50\",\"description\":\"Site oficial do Partido Socialismo e Liberdade\",\"publisher\":{\"@id\":\"https:\/\/psol50.org.br\/#organization\"},\"alternateName\":\"PSOL50\",\"potentialAction\":[{\"@type\":\"SearchAction\",\"target\":{\"@type\":\"EntryPoint\",\"urlTemplate\":\"https:\/\/psol50.org.br\/?s={search_term_string}\"},\"query-input\":{\"@type\":\"PropertyValueSpecification\",\"valueRequired\":true,\"valueName\":\"search_term_string\"}}],\"inLanguage\":\"pt-BR\"},{\"@type\":\"Organization\",\"@id\":\"https:\/\/psol50.org.br\/#organization\",\"name\":\"PSOL 50\",\"alternateName\":\"PSOL 50\",\"url\":\"https:\/\/psol50.org.br\/\",\"logo\":{\"@type\":\"ImageObject\",\"inLanguage\":\"pt-BR\",\"@id\":\"https:\/\/psol50.org.br\/#\/schema\/logo\/image\/\",\"url\":\"https:\/\/psol50.org.br\/inc\/uploads\/2018\/07\/capa.png\",\"contentUrl\":\"https:\/\/psol50.org.br\/inc\/uploads\/2018\/07\/capa.png\",\"width\":1350,\"height\":900,\"caption\":\"PSOL 50\"},\"image\":{\"@id\":\"https:\/\/psol50.org.br\/#\/schema\/logo\/image\/\"},\"sameAs\":[\"https:\/\/www.facebook.com\/psol50\",\"https:\/\/x.com\/psol50\",\"https:\/\/www.instagram.com\/psol50\/\",\"https:\/\/www.youtube.com\/channel\/UC7SnJS5o1os7a6CaiNabzcg\"]},{\"@type\":\"Person\",\"@id\":\"https:\/\/psol50.org.br\/#\/schema\/person\/475dfa57d0b815993c714c2e96491fcd\",\"name\":\"Comunica\u00e7\u00e3o PSOL\",\"image\":{\"@type\":\"ImageObject\",\"inLanguage\":\"pt-BR\",\"@id\":\"https:\/\/psol50.org.br\/#\/schema\/person\/image\/\",\"url\":\"https:\/\/secure.gravatar.com\/avatar\/b34fc4f4e468a4e51785917065a3db57b841f5c95dba6ad8c73aaf8f66f8f9bf?s=96&d=mm&r=g\",\"contentUrl\":\"https:\/\/secure.gravatar.com\/avatar\/b34fc4f4e468a4e51785917065a3db57b841f5c95dba6ad8c73aaf8f66f8f9bf?s=96&d=mm&r=g\",\"caption\":\"Comunica\u00e7\u00e3o PSOL\"}}]}<\/script>\n<!-- \/ Yoast SEO plugin. -->","yoast_head_json":{"title":"Em defesa da democracia: rep\u00fadio ao golpe neoliberal, mis\u00f3gino, racista e fundamentalista na Bol\u00edvia! - PSOL 50","description":"As mulheres do PSOL expressam seu mais profundo rep\u00fadio \u00e0s viol\u00eancias que t\u00eam humilhado e violentado as mulheres lutadoras e todo o povo boliviano.","robots":{"index":"index","follow":"follow","max-snippet":"max-snippet:-1","max-image-preview":"max-image-preview:large","max-video-preview":"max-video-preview:-1"},"canonical":"https:\/\/psol50.org.br\/em-defesa-da-democracia-repudio-golpe-bolivia\/","og_locale":"pt_BR","og_type":"article","og_title":"Em defesa da democracia: rep\u00fadio ao golpe neoliberal, mis\u00f3gino, racista e fundamentalista na Bol\u00edvia!","og_description":"As mulheres do PSOL expressam seu mais profundo rep\u00fadio \u00e0s viol\u00eancias que t\u00eam humilhado e violentado as mulheres lutadoras e todo o povo boliviano.","og_url":"https:\/\/psol50.org.br\/em-defesa-da-democracia-repudio-golpe-bolivia\/","og_site_name":"PSOL 50","article_publisher":"https:\/\/www.facebook.com\/psol50","article_published_time":"2019-11-12T15:36:09+00:00","og_image":[{"width":1350,"height":900,"url":"https:\/\/psol50.org.br\/inc\/uploads\/2019\/05\/MulheresdoPSOL.png","type":"image\/png"}],"author":"Comunica\u00e7\u00e3o PSOL","twitter_card":"summary_large_image","twitter_title":"Em defesa da democracia: rep\u00fadio ao golpe neoliberal, mis\u00f3gino, racista e fundamentalista na Bol\u00edvia!","twitter_description":"As mulheres do PSOL expressam seu mais profundo rep\u00fadio \u00e0s viol\u00eancias que t\u00eam humilhado e violentado as mulheres lutadoras e todo o povo boliviano.","twitter_image":"https:\/\/psol50.org.br\/inc\/uploads\/2019\/05\/MulheresdoPSOL.png","twitter_creator":"@psol50","twitter_site":"@psol50","twitter_misc":{"Escrito por":"Comunica\u00e7\u00e3o PSOL","Est. tempo de leitura":"2 minutos"},"schema":{"@context":"https:\/\/schema.org","@graph":[{"@type":"Article","@id":"https:\/\/psol50.org.br\/em-defesa-da-democracia-repudio-golpe-bolivia\/#article","isPartOf":{"@id":"https:\/\/psol50.org.br\/em-defesa-da-democracia-repudio-golpe-bolivia\/"},"author":{"name":"Comunica\u00e7\u00e3o PSOL","@id":"https:\/\/psol50.org.br\/#\/schema\/person\/475dfa57d0b815993c714c2e96491fcd"},"headline":"Em defesa da democracia: rep\u00fadio ao golpe neoliberal, mis\u00f3gino, racista e fundamentalista na Bol\u00edvia!","datePublished":"2019-11-12T15:36:09+00:00","mainEntityOfPage":{"@id":"https:\/\/psol50.org.br\/em-defesa-da-democracia-repudio-golpe-bolivia\/"},"wordCount":477,"publisher":{"@id":"https:\/\/psol50.org.br\/#organization"},"image":{"@id":"https:\/\/psol50.org.br\/em-defesa-da-democracia-repudio-golpe-bolivia\/#primaryimage"},"thumbnailUrl":"https:\/\/psol50.org.br\/inc\/uploads\/2019\/05\/MulheresdoPSOL.png","keywords":["Bol\u00edvia","golpe","mulheres","nota","PSOL"],"articleSection":["Mulheres","Notas","Not\u00edcias"],"inLanguage":"pt-BR"},{"@type":"WebPage","@id":"https:\/\/psol50.org.br\/em-defesa-da-democracia-repudio-golpe-bolivia\/","url":"https:\/\/psol50.org.br\/em-defesa-da-democracia-repudio-golpe-bolivia\/","name":"Em defesa da democracia: rep\u00fadio ao golpe neoliberal, mis\u00f3gino, racista e fundamentalista na Bol\u00edvia! - PSOL 50","isPartOf":{"@id":"https:\/\/psol50.org.br\/#website"},"primaryImageOfPage":{"@id":"https:\/\/psol50.org.br\/em-defesa-da-democracia-repudio-golpe-bolivia\/#primaryimage"},"image":{"@id":"https:\/\/psol50.org.br\/em-defesa-da-democracia-repudio-golpe-bolivia\/#primaryimage"},"thumbnailUrl":"https:\/\/psol50.org.br\/inc\/uploads\/2019\/05\/MulheresdoPSOL.png","datePublished":"2019-11-12T15:36:09+00:00","description":"As mulheres do PSOL expressam seu mais profundo rep\u00fadio \u00e0s viol\u00eancias que t\u00eam humilhado e violentado as mulheres lutadoras e todo o povo boliviano.","breadcrumb":{"@id":"https:\/\/psol50.org.br\/em-defesa-da-democracia-repudio-golpe-bolivia\/#breadcrumb"},"inLanguage":"pt-BR","potentialAction":[{"@type":"ReadAction","target":["https:\/\/psol50.org.br\/em-defesa-da-democracia-repudio-golpe-bolivia\/"]}]},{"@type":"ImageObject","inLanguage":"pt-BR","@id":"https:\/\/psol50.org.br\/em-defesa-da-democracia-repudio-golpe-bolivia\/#primaryimage","url":"https:\/\/psol50.org.br\/inc\/uploads\/2019\/05\/MulheresdoPSOL.png","contentUrl":"https:\/\/psol50.org.br\/inc\/uploads\/2019\/05\/MulheresdoPSOL.png","width":1350,"height":900},{"@type":"BreadcrumbList","@id":"https:\/\/psol50.org.br\/em-defesa-da-democracia-repudio-golpe-bolivia\/#breadcrumb","itemListElement":[{"@type":"ListItem","position":1,"name":"In\u00edcio","item":"https:\/\/psol50.org.br\/"},{"@type":"ListItem","position":2,"name":"Em defesa da democracia: rep\u00fadio ao golpe neoliberal, mis\u00f3gino, racista e fundamentalista na Bol\u00edvia!"}]},{"@type":"WebSite","@id":"https:\/\/psol50.org.br\/#website","url":"https:\/\/psol50.org.br\/","name":"PSOL 50","description":"Site oficial do Partido Socialismo e Liberdade","publisher":{"@id":"https:\/\/psol50.org.br\/#organization"},"alternateName":"PSOL50","potentialAction":[{"@type":"SearchAction","target":{"@type":"EntryPoint","urlTemplate":"https:\/\/psol50.org.br\/?s={search_term_string}"},"query-input":{"@type":"PropertyValueSpecification","valueRequired":true,"valueName":"search_term_string"}}],"inLanguage":"pt-BR"},{"@type":"Organization","@id":"https:\/\/psol50.org.br\/#organization","name":"PSOL 50","alternateName":"PSOL 50","url":"https:\/\/psol50.org.br\/","logo":{"@type":"ImageObject","inLanguage":"pt-BR","@id":"https:\/\/psol50.org.br\/#\/schema\/logo\/image\/","url":"https:\/\/psol50.org.br\/inc\/uploads\/2018\/07\/capa.png","contentUrl":"https:\/\/psol50.org.br\/inc\/uploads\/2018\/07\/capa.png","width":1350,"height":900,"caption":"PSOL 50"},"image":{"@id":"https:\/\/psol50.org.br\/#\/schema\/logo\/image\/"},"sameAs":["https:\/\/www.facebook.com\/psol50","https:\/\/x.com\/psol50","https:\/\/www.instagram.com\/psol50\/","https:\/\/www.youtube.com\/channel\/UC7SnJS5o1os7a6CaiNabzcg"]},{"@type":"Person","@id":"https:\/\/psol50.org.br\/#\/schema\/person\/475dfa57d0b815993c714c2e96491fcd","name":"Comunica\u00e7\u00e3o PSOL","image":{"@type":"ImageObject","inLanguage":"pt-BR","@id":"https:\/\/psol50.org.br\/#\/schema\/person\/image\/","url":"https:\/\/secure.gravatar.com\/avatar\/b34fc4f4e468a4e51785917065a3db57b841f5c95dba6ad8c73aaf8f66f8f9bf?s=96&d=mm&r=g","contentUrl":"https:\/\/secure.gravatar.com\/avatar\/b34fc4f4e468a4e51785917065a3db57b841f5c95dba6ad8c73aaf8f66f8f9bf?s=96&d=mm&r=g","caption":"Comunica\u00e7\u00e3o PSOL"}}]}},"_links":{"self":[{"href":"https:\/\/psol50.org.br\/rest\/wp\/v2\/posts\/26952","targetHints":{"allow":["GET"]}}],"collection":[{"href":"https:\/\/psol50.org.br\/rest\/wp\/v2\/posts"}],"about":[{"href":"https:\/\/psol50.org.br\/rest\/wp\/v2\/types\/post"}],"author":[{"embeddable":true,"href":"https:\/\/psol50.org.br\/rest\/wp\/v2\/users\/2"}],"replies":[{"embeddable":true,"href":"https:\/\/psol50.org.br\/rest\/wp\/v2\/comments?post=26952"}],"version-history":[{"count":0,"href":"https:\/\/psol50.org.br\/rest\/wp\/v2\/posts\/26952\/revisions"}],"wp:featuredmedia":[{"embeddable":true,"href":"https:\/\/psol50.org.br\/rest\/wp\/v2\/media\/25145"}],"wp:attachment":[{"href":"https:\/\/psol50.org.br\/rest\/wp\/v2\/media?parent=26952"}],"wp:term":[{"taxonomy":"category","embeddable":true,"href":"https:\/\/psol50.org.br\/rest\/wp\/v2\/categories?post=26952"},{"taxonomy":"post_tag","embeddable":true,"href":"https:\/\/psol50.org.br\/rest\/wp\/v2\/tags?post=26952"}],"curies":[{"name":"wp","href":"https:\/\/api.w.org\/{rel}","templated":true}]}}