{"id":26954,"date":"2019-11-12T15:11:49","date_gmt":"2019-11-12T18:11:49","guid":{"rendered":"http:\/\/psol50.org.br\/?p=26954"},"modified":"2019-11-12T15:11:49","modified_gmt":"2019-11-12T18:11:49","slug":"psol-exige-informacoes-de-participacao-do-governo-bolsonaro-em-golpe-na-bolivia","status":"publish","type":"post","link":"https:\/\/psol50.org.br\/psol-exige-informacoes-de-participacao-do-governo-bolsonaro-em-golpe-na-bolivia\/","title":{"rendered":"PSOL exige informa\u00e7\u00f5es de participa\u00e7\u00e3o do governo Bolsonaro em golpe na Bol\u00edvia"},"content":{"rendered":"<p>A bancada do PSOL na C\u00e2mara dos Deputados apresentou um requerimento ao Itamaraty nesta ter\u00e7a-feira (12) para que o chanceler Ernesto Ara\u00fajo esclare\u00e7a se o governo Bolsonaro teve alguma participa\u00e7\u00e3o na articula\u00e7\u00e3o pol\u00edtica que levou ao golpe c\u00edvico-militar do \u00faltimo final de semana na Bol\u00edvia, que levou \u00e0 queda e ex\u00edlio do ent\u00e3o presidente Evo Morales.<\/p>\n<p>A solicita\u00e7\u00e3o do PSOL exige a publiciza\u00e7\u00e3o de todos os telegramas internos do Itamaraty e outras formas de comunica\u00e7\u00e3o que envolvam a avalia\u00e7\u00e3o da situa\u00e7\u00e3o pol\u00edtica no pa\u00eds vizinho durante o ano de 2019.<\/p>\n<p>Caso a informa\u00e7\u00e3o n\u00e3o seja prestada, o Itamaraty cometer\u00e1 crime de responsabilidade. O documento, por exemplo, pergunta se o l\u00edder da oposi\u00e7\u00e3o boliviana, Luis Fernando Camacho, se reuniu ou se comunicou com o ministro Ernesto Ara\u00fajo direta ou indiretamente em 2019.<\/p>\n<p>o Itamaraty j\u00e1 afirmou ao jornal O Globo que, em 2 de maio, houve uma reuni\u00e3o com a deputada Carla Zambelli (PSL-SP) na qual ela estava acompanhada de Camacho e alguns parlamentares bolivianos.<\/p>\n<p>Nos \u00faltimos dias vieram \u00e0 tona \u00e1udios de articuladores do golpe de extrema-direita na Bol\u00edvia, revelados pelo jornal El Peri\u00f3dico, que tratam da interfer\u00eancia direta das igrejas evang\u00e9licas e de &#8220;um homem de confian\u00e7a de Bolsonaro&#8221; e seu governo no processo de articula\u00e7\u00e3o do golpe.<\/p>\n<p>O PSOL quer saber se o Itamaraty &#8220;considera aceit\u00e1vel que o chefe das For\u00e7as Armadas de um pa\u00eds fa\u00e7a pronunciamentos coagindo presidentes a renunciarem&#8221;, como pergunta o texto enviado nesta ter\u00e7a.<\/p>\n","protected":false},"excerpt":{"rendered":"<p>A bancada do PSOL na C\u00e2mara dos Deputados apresentou um requerimento ao Itamaraty nesta ter\u00e7a-feira (12) para que o chanceler Ernesto Ara\u00fajo esclare\u00e7a se o governo Bolsonaro teve alguma participa\u00e7\u00e3o na articula\u00e7\u00e3o pol\u00edtica que levou ao golpe c\u00edvico-militar do \u00faltimo final de semana na Bol\u00edvia, que levou \u00e0 queda e ex\u00edlio do ent\u00e3o presidente Evo [&hellip;]<\/p>\n","protected":false},"author":2,"featured_media":26955,"comment_status":"closed","ping_status":"open","sticky":false,"template":"","format":"standard","meta":{"_acf_changed":false,"footnotes":""},"categories":[6],"tags":[148,56,600,151,423,22],"class_list":{"0":"post-26954","1":"post","2":"type-post","3":"status-publish","4":"format-standard","5":"has-post-thumbnail","7":"category-noticias","8":"tag-bolivia","9":"tag-bolsonaro","10":"tag-ernesto-araujo","11":"tag-golpe","12":"tag-itamaraty","13":"tag-psol"},"acf":[],"yoast_head":"<!-- This site is optimized with the Yoast SEO plugin v26.5 - https:\/\/yoast.com\/wordpress\/plugins\/seo\/ -->\n<title>PSOL exige informa\u00e7\u00f5es de participa\u00e7\u00e3o do governo Bolsonaro em golpe na Bol\u00edvia<\/title>\n<meta name=\"description\" content=\"Requerimento enviado ao Itamaraty quer que Ernesto Ara\u00fajo explique atua\u00e7\u00e3o do governo\" \/>\n<meta name=\"robots\" content=\"index, follow, max-snippet:-1, max-image-preview:large, max-video-preview:-1\" \/>\n<link rel=\"canonical\" href=\"https:\/\/psol50.org.br\/psol-exige-informacoes-de-participacao-do-governo-bolsonaro-em-golpe-na-bolivia\/\" \/>\n<meta property=\"og:locale\" content=\"pt_BR\" \/>\n<meta property=\"og:type\" content=\"article\" \/>\n<meta property=\"og:title\" content=\"PSOL exige informa\u00e7\u00f5es de participa\u00e7\u00e3o do governo Bolsonaro em golpe na Bol\u00edvia\" \/>\n<meta property=\"og:description\" content=\"Requerimento enviado ao Itamaraty quer que Ernesto Ara\u00fajo explique atua\u00e7\u00e3o do governo\" \/>\n<meta property=\"og:url\" content=\"https:\/\/psol50.org.br\/psol-exige-informacoes-de-participacao-do-governo-bolsonaro-em-golpe-na-bolivia\/\" \/>\n<meta property=\"og:site_name\" content=\"PSOL 50\" \/>\n<meta property=\"article:publisher\" content=\"https:\/\/www.facebook.com\/psol50\" \/>\n<meta property=\"article:published_time\" content=\"2019-11-12T18:11:49+00:00\" \/>\n<meta property=\"og:image\" content=\"https:\/\/psol50.org.br\/inc\/uploads\/2019\/11\/49050023748_588f072cfb_z.jpg\" \/>\n\t<meta property=\"og:image:width\" content=\"609\" \/>\n\t<meta property=\"og:image:height\" content=\"363\" \/>\n\t<meta property=\"og:image:type\" content=\"image\/jpeg\" \/>\n<meta name=\"author\" content=\"Comunica\u00e7\u00e3o PSOL\" \/>\n<meta name=\"twitter:card\" content=\"summary_large_image\" \/>\n<meta name=\"twitter:title\" content=\"PSOL exige informa\u00e7\u00f5es de participa\u00e7\u00e3o do governo Bolsonaro em golpe na Bol\u00edvia\" \/>\n<meta name=\"twitter:description\" content=\"Requerimento enviado ao Itamaraty quer que Ernesto Ara\u00fajo explique atua\u00e7\u00e3o do governo\" \/>\n<meta name=\"twitter:image\" content=\"https:\/\/psol50.org.br\/inc\/uploads\/2019\/11\/49050023748_588f072cfb_z.jpg\" \/>\n<meta name=\"twitter:creator\" content=\"@psol50\" \/>\n<meta name=\"twitter:site\" content=\"@psol50\" \/>\n<meta name=\"twitter:label1\" content=\"Escrito por\" \/>\n\t<meta name=\"twitter:data1\" content=\"Comunica\u00e7\u00e3o PSOL\" \/>\n\t<meta name=\"twitter:label2\" content=\"Est. tempo de leitura\" \/>\n\t<meta name=\"twitter:data2\" content=\"1 minuto\" \/>\n<script type=\"application\/ld+json\" class=\"yoast-schema-graph\">{\"@context\":\"https:\/\/schema.org\",\"@graph\":[{\"@type\":\"Article\",\"@id\":\"https:\/\/psol50.org.br\/psol-exige-informacoes-de-participacao-do-governo-bolsonaro-em-golpe-na-bolivia\/#article\",\"isPartOf\":{\"@id\":\"https:\/\/psol50.org.br\/psol-exige-informacoes-de-participacao-do-governo-bolsonaro-em-golpe-na-bolivia\/\"},\"author\":{\"name\":\"Comunica\u00e7\u00e3o PSOL\",\"@id\":\"https:\/\/psol50.org.br\/#\/schema\/person\/475dfa57d0b815993c714c2e96491fcd\"},\"headline\":\"PSOL exige informa\u00e7\u00f5es de participa\u00e7\u00e3o do governo Bolsonaro em golpe na Bol\u00edvia\",\"datePublished\":\"2019-11-12T18:11:49+00:00\",\"mainEntityOfPage\":{\"@id\":\"https:\/\/psol50.org.br\/psol-exige-informacoes-de-participacao-do-governo-bolsonaro-em-golpe-na-bolivia\/\"},\"wordCount\":284,\"publisher\":{\"@id\":\"https:\/\/psol50.org.br\/#organization\"},\"image\":{\"@id\":\"https:\/\/psol50.org.br\/psol-exige-informacoes-de-participacao-do-governo-bolsonaro-em-golpe-na-bolivia\/#primaryimage\"},\"thumbnailUrl\":\"https:\/\/psol50.org.br\/inc\/uploads\/2019\/11\/49050023748_588f072cfb_z.jpg\",\"keywords\":[\"Bol\u00edvia\",\"Bolsonaro\",\"ernesto ara\u00fajo\",\"golpe\",\"itamaraty\",\"PSOL\"],\"articleSection\":[\"Not\u00edcias\"],\"inLanguage\":\"pt-BR\"},{\"@type\":\"WebPage\",\"@id\":\"https:\/\/psol50.org.br\/psol-exige-informacoes-de-participacao-do-governo-bolsonaro-em-golpe-na-bolivia\/\",\"url\":\"https:\/\/psol50.org.br\/psol-exige-informacoes-de-participacao-do-governo-bolsonaro-em-golpe-na-bolivia\/\",\"name\":\"PSOL exige informa\u00e7\u00f5es de participa\u00e7\u00e3o do governo Bolsonaro em golpe na Bol\u00edvia\",\"isPartOf\":{\"@id\":\"https:\/\/psol50.org.br\/#website\"},\"primaryImageOfPage\":{\"@id\":\"https:\/\/psol50.org.br\/psol-exige-informacoes-de-participacao-do-governo-bolsonaro-em-golpe-na-bolivia\/#primaryimage\"},\"image\":{\"@id\":\"https:\/\/psol50.org.br\/psol-exige-informacoes-de-participacao-do-governo-bolsonaro-em-golpe-na-bolivia\/#primaryimage\"},\"thumbnailUrl\":\"https:\/\/psol50.org.br\/inc\/uploads\/2019\/11\/49050023748_588f072cfb_z.jpg\",\"datePublished\":\"2019-11-12T18:11:49+00:00\",\"description\":\"Requerimento enviado ao Itamaraty quer que Ernesto Ara\u00fajo explique atua\u00e7\u00e3o do governo\",\"breadcrumb\":{\"@id\":\"https:\/\/psol50.org.br\/psol-exige-informacoes-de-participacao-do-governo-bolsonaro-em-golpe-na-bolivia\/#breadcrumb\"},\"inLanguage\":\"pt-BR\",\"potentialAction\":[{\"@type\":\"ReadAction\",\"target\":[\"https:\/\/psol50.org.br\/psol-exige-informacoes-de-participacao-do-governo-bolsonaro-em-golpe-na-bolivia\/\"]}]},{\"@type\":\"ImageObject\",\"inLanguage\":\"pt-BR\",\"@id\":\"https:\/\/psol50.org.br\/psol-exige-informacoes-de-participacao-do-governo-bolsonaro-em-golpe-na-bolivia\/#primaryimage\",\"url\":\"https:\/\/psol50.org.br\/inc\/uploads\/2019\/11\/49050023748_588f072cfb_z.jpg\",\"contentUrl\":\"https:\/\/psol50.org.br\/inc\/uploads\/2019\/11\/49050023748_588f072cfb_z.jpg\",\"width\":609,\"height\":363,\"caption\":\"Foto: Reprodu\u00e7\u00e3o\"},{\"@type\":\"BreadcrumbList\",\"@id\":\"https:\/\/psol50.org.br\/psol-exige-informacoes-de-participacao-do-governo-bolsonaro-em-golpe-na-bolivia\/#breadcrumb\",\"itemListElement\":[{\"@type\":\"ListItem\",\"position\":1,\"name\":\"In\u00edcio\",\"item\":\"https:\/\/psol50.org.br\/\"},{\"@type\":\"ListItem\",\"position\":2,\"name\":\"PSOL exige informa\u00e7\u00f5es de participa\u00e7\u00e3o do governo Bolsonaro em golpe na Bol\u00edvia\"}]},{\"@type\":\"WebSite\",\"@id\":\"https:\/\/psol50.org.br\/#website\",\"url\":\"https:\/\/psol50.org.br\/\",\"name\":\"PSOL 50\",\"description\":\"Site oficial do Partido Socialismo e Liberdade\",\"publisher\":{\"@id\":\"https:\/\/psol50.org.br\/#organization\"},\"alternateName\":\"PSOL50\",\"potentialAction\":[{\"@type\":\"SearchAction\",\"target\":{\"@type\":\"EntryPoint\",\"urlTemplate\":\"https:\/\/psol50.org.br\/?s={search_term_string}\"},\"query-input\":{\"@type\":\"PropertyValueSpecification\",\"valueRequired\":true,\"valueName\":\"search_term_string\"}}],\"inLanguage\":\"pt-BR\"},{\"@type\":\"Organization\",\"@id\":\"https:\/\/psol50.org.br\/#organization\",\"name\":\"PSOL 50\",\"alternateName\":\"PSOL 50\",\"url\":\"https:\/\/psol50.org.br\/\",\"logo\":{\"@type\":\"ImageObject\",\"inLanguage\":\"pt-BR\",\"@id\":\"https:\/\/psol50.org.br\/#\/schema\/logo\/image\/\",\"url\":\"https:\/\/psol50.org.br\/inc\/uploads\/2018\/07\/capa.png\",\"contentUrl\":\"https:\/\/psol50.org.br\/inc\/uploads\/2018\/07\/capa.png\",\"width\":1350,\"height\":900,\"caption\":\"PSOL 50\"},\"image\":{\"@id\":\"https:\/\/psol50.org.br\/#\/schema\/logo\/image\/\"},\"sameAs\":[\"https:\/\/www.facebook.com\/psol50\",\"https:\/\/x.com\/psol50\",\"https:\/\/www.instagram.com\/psol50\/\",\"https:\/\/www.youtube.com\/channel\/UC7SnJS5o1os7a6CaiNabzcg\"]},{\"@type\":\"Person\",\"@id\":\"https:\/\/psol50.org.br\/#\/schema\/person\/475dfa57d0b815993c714c2e96491fcd\",\"name\":\"Comunica\u00e7\u00e3o PSOL\",\"image\":{\"@type\":\"ImageObject\",\"inLanguage\":\"pt-BR\",\"@id\":\"https:\/\/psol50.org.br\/#\/schema\/person\/image\/\",\"url\":\"https:\/\/secure.gravatar.com\/avatar\/b34fc4f4e468a4e51785917065a3db57b841f5c95dba6ad8c73aaf8f66f8f9bf?s=96&d=mm&r=g\",\"contentUrl\":\"https:\/\/secure.gravatar.com\/avatar\/b34fc4f4e468a4e51785917065a3db57b841f5c95dba6ad8c73aaf8f66f8f9bf?s=96&d=mm&r=g\",\"caption\":\"Comunica\u00e7\u00e3o PSOL\"}}]}<\/script>\n<!-- \/ Yoast SEO plugin. -->","yoast_head_json":{"title":"PSOL exige informa\u00e7\u00f5es de participa\u00e7\u00e3o do governo Bolsonaro em golpe na Bol\u00edvia","description":"Requerimento enviado ao Itamaraty quer que Ernesto Ara\u00fajo explique atua\u00e7\u00e3o do governo","robots":{"index":"index","follow":"follow","max-snippet":"max-snippet:-1","max-image-preview":"max-image-preview:large","max-video-preview":"max-video-preview:-1"},"canonical":"https:\/\/psol50.org.br\/psol-exige-informacoes-de-participacao-do-governo-bolsonaro-em-golpe-na-bolivia\/","og_locale":"pt_BR","og_type":"article","og_title":"PSOL exige informa\u00e7\u00f5es de participa\u00e7\u00e3o do governo Bolsonaro em golpe na Bol\u00edvia","og_description":"Requerimento enviado ao Itamaraty quer que Ernesto Ara\u00fajo explique atua\u00e7\u00e3o do governo","og_url":"https:\/\/psol50.org.br\/psol-exige-informacoes-de-participacao-do-governo-bolsonaro-em-golpe-na-bolivia\/","og_site_name":"PSOL 50","article_publisher":"https:\/\/www.facebook.com\/psol50","article_published_time":"2019-11-12T18:11:49+00:00","og_image":[{"width":609,"height":363,"url":"https:\/\/psol50.org.br\/inc\/uploads\/2019\/11\/49050023748_588f072cfb_z.jpg","type":"image\/jpeg"}],"author":"Comunica\u00e7\u00e3o PSOL","twitter_card":"summary_large_image","twitter_title":"PSOL exige informa\u00e7\u00f5es de participa\u00e7\u00e3o do governo Bolsonaro em golpe na Bol\u00edvia","twitter_description":"Requerimento enviado ao Itamaraty quer que Ernesto Ara\u00fajo explique atua\u00e7\u00e3o do governo","twitter_image":"https:\/\/psol50.org.br\/inc\/uploads\/2019\/11\/49050023748_588f072cfb_z.jpg","twitter_creator":"@psol50","twitter_site":"@psol50","twitter_misc":{"Escrito por":"Comunica\u00e7\u00e3o PSOL","Est. tempo de leitura":"1 minuto"},"schema":{"@context":"https:\/\/schema.org","@graph":[{"@type":"Article","@id":"https:\/\/psol50.org.br\/psol-exige-informacoes-de-participacao-do-governo-bolsonaro-em-golpe-na-bolivia\/#article","isPartOf":{"@id":"https:\/\/psol50.org.br\/psol-exige-informacoes-de-participacao-do-governo-bolsonaro-em-golpe-na-bolivia\/"},"author":{"name":"Comunica\u00e7\u00e3o PSOL","@id":"https:\/\/psol50.org.br\/#\/schema\/person\/475dfa57d0b815993c714c2e96491fcd"},"headline":"PSOL exige informa\u00e7\u00f5es de participa\u00e7\u00e3o do governo Bolsonaro em golpe na Bol\u00edvia","datePublished":"2019-11-12T18:11:49+00:00","mainEntityOfPage":{"@id":"https:\/\/psol50.org.br\/psol-exige-informacoes-de-participacao-do-governo-bolsonaro-em-golpe-na-bolivia\/"},"wordCount":284,"publisher":{"@id":"https:\/\/psol50.org.br\/#organization"},"image":{"@id":"https:\/\/psol50.org.br\/psol-exige-informacoes-de-participacao-do-governo-bolsonaro-em-golpe-na-bolivia\/#primaryimage"},"thumbnailUrl":"https:\/\/psol50.org.br\/inc\/uploads\/2019\/11\/49050023748_588f072cfb_z.jpg","keywords":["Bol\u00edvia","Bolsonaro","ernesto ara\u00fajo","golpe","itamaraty","PSOL"],"articleSection":["Not\u00edcias"],"inLanguage":"pt-BR"},{"@type":"WebPage","@id":"https:\/\/psol50.org.br\/psol-exige-informacoes-de-participacao-do-governo-bolsonaro-em-golpe-na-bolivia\/","url":"https:\/\/psol50.org.br\/psol-exige-informacoes-de-participacao-do-governo-bolsonaro-em-golpe-na-bolivia\/","name":"PSOL exige informa\u00e7\u00f5es de participa\u00e7\u00e3o do governo Bolsonaro em golpe na Bol\u00edvia","isPartOf":{"@id":"https:\/\/psol50.org.br\/#website"},"primaryImageOfPage":{"@id":"https:\/\/psol50.org.br\/psol-exige-informacoes-de-participacao-do-governo-bolsonaro-em-golpe-na-bolivia\/#primaryimage"},"image":{"@id":"https:\/\/psol50.org.br\/psol-exige-informacoes-de-participacao-do-governo-bolsonaro-em-golpe-na-bolivia\/#primaryimage"},"thumbnailUrl":"https:\/\/psol50.org.br\/inc\/uploads\/2019\/11\/49050023748_588f072cfb_z.jpg","datePublished":"2019-11-12T18:11:49+00:00","description":"Requerimento enviado ao Itamaraty quer que Ernesto Ara\u00fajo explique atua\u00e7\u00e3o do governo","breadcrumb":{"@id":"https:\/\/psol50.org.br\/psol-exige-informacoes-de-participacao-do-governo-bolsonaro-em-golpe-na-bolivia\/#breadcrumb"},"inLanguage":"pt-BR","potentialAction":[{"@type":"ReadAction","target":["https:\/\/psol50.org.br\/psol-exige-informacoes-de-participacao-do-governo-bolsonaro-em-golpe-na-bolivia\/"]}]},{"@type":"ImageObject","inLanguage":"pt-BR","@id":"https:\/\/psol50.org.br\/psol-exige-informacoes-de-participacao-do-governo-bolsonaro-em-golpe-na-bolivia\/#primaryimage","url":"https:\/\/psol50.org.br\/inc\/uploads\/2019\/11\/49050023748_588f072cfb_z.jpg","contentUrl":"https:\/\/psol50.org.br\/inc\/uploads\/2019\/11\/49050023748_588f072cfb_z.jpg","width":609,"height":363,"caption":"Foto: Reprodu\u00e7\u00e3o"},{"@type":"BreadcrumbList","@id":"https:\/\/psol50.org.br\/psol-exige-informacoes-de-participacao-do-governo-bolsonaro-em-golpe-na-bolivia\/#breadcrumb","itemListElement":[{"@type":"ListItem","position":1,"name":"In\u00edcio","item":"https:\/\/psol50.org.br\/"},{"@type":"ListItem","position":2,"name":"PSOL exige informa\u00e7\u00f5es de participa\u00e7\u00e3o do governo Bolsonaro em golpe na Bol\u00edvia"}]},{"@type":"WebSite","@id":"https:\/\/psol50.org.br\/#website","url":"https:\/\/psol50.org.br\/","name":"PSOL 50","description":"Site oficial do Partido Socialismo e Liberdade","publisher":{"@id":"https:\/\/psol50.org.br\/#organization"},"alternateName":"PSOL50","potentialAction":[{"@type":"SearchAction","target":{"@type":"EntryPoint","urlTemplate":"https:\/\/psol50.org.br\/?s={search_term_string}"},"query-input":{"@type":"PropertyValueSpecification","valueRequired":true,"valueName":"search_term_string"}}],"inLanguage":"pt-BR"},{"@type":"Organization","@id":"https:\/\/psol50.org.br\/#organization","name":"PSOL 50","alternateName":"PSOL 50","url":"https:\/\/psol50.org.br\/","logo":{"@type":"ImageObject","inLanguage":"pt-BR","@id":"https:\/\/psol50.org.br\/#\/schema\/logo\/image\/","url":"https:\/\/psol50.org.br\/inc\/uploads\/2018\/07\/capa.png","contentUrl":"https:\/\/psol50.org.br\/inc\/uploads\/2018\/07\/capa.png","width":1350,"height":900,"caption":"PSOL 50"},"image":{"@id":"https:\/\/psol50.org.br\/#\/schema\/logo\/image\/"},"sameAs":["https:\/\/www.facebook.com\/psol50","https:\/\/x.com\/psol50","https:\/\/www.instagram.com\/psol50\/","https:\/\/www.youtube.com\/channel\/UC7SnJS5o1os7a6CaiNabzcg"]},{"@type":"Person","@id":"https:\/\/psol50.org.br\/#\/schema\/person\/475dfa57d0b815993c714c2e96491fcd","name":"Comunica\u00e7\u00e3o PSOL","image":{"@type":"ImageObject","inLanguage":"pt-BR","@id":"https:\/\/psol50.org.br\/#\/schema\/person\/image\/","url":"https:\/\/secure.gravatar.com\/avatar\/b34fc4f4e468a4e51785917065a3db57b841f5c95dba6ad8c73aaf8f66f8f9bf?s=96&d=mm&r=g","contentUrl":"https:\/\/secure.gravatar.com\/avatar\/b34fc4f4e468a4e51785917065a3db57b841f5c95dba6ad8c73aaf8f66f8f9bf?s=96&d=mm&r=g","caption":"Comunica\u00e7\u00e3o PSOL"}}]}},"_links":{"self":[{"href":"https:\/\/psol50.org.br\/rest\/wp\/v2\/posts\/26954","targetHints":{"allow":["GET"]}}],"collection":[{"href":"https:\/\/psol50.org.br\/rest\/wp\/v2\/posts"}],"about":[{"href":"https:\/\/psol50.org.br\/rest\/wp\/v2\/types\/post"}],"author":[{"embeddable":true,"href":"https:\/\/psol50.org.br\/rest\/wp\/v2\/users\/2"}],"replies":[{"embeddable":true,"href":"https:\/\/psol50.org.br\/rest\/wp\/v2\/comments?post=26954"}],"version-history":[{"count":0,"href":"https:\/\/psol50.org.br\/rest\/wp\/v2\/posts\/26954\/revisions"}],"wp:featuredmedia":[{"embeddable":true,"href":"https:\/\/psol50.org.br\/rest\/wp\/v2\/media\/26955"}],"wp:attachment":[{"href":"https:\/\/psol50.org.br\/rest\/wp\/v2\/media?parent=26954"}],"wp:term":[{"taxonomy":"category","embeddable":true,"href":"https:\/\/psol50.org.br\/rest\/wp\/v2\/categories?post=26954"},{"taxonomy":"post_tag","embeddable":true,"href":"https:\/\/psol50.org.br\/rest\/wp\/v2\/tags?post=26954"}],"curies":[{"name":"wp","href":"https:\/\/api.w.org\/{rel}","templated":true}]}}