{"id":26961,"date":"2019-11-14T10:26:17","date_gmt":"2019-11-14T13:26:17","guid":{"rendered":"http:\/\/psol50.org.br\/?p=26961"},"modified":"2019-11-14T10:26:17","modified_gmt":"2019-11-14T13:26:17","slug":"nota-do-psol-sobre-a-invasao-a-embaixada-venezuelana-em-brasilia","status":"publish","type":"post","link":"https:\/\/psol50.org.br\/nota-do-psol-sobre-a-invasao-a-embaixada-venezuelana-em-brasilia\/","title":{"rendered":"Nota do PSOL sobre a invas\u00e3o \u00e0 embaixada venezuelana em Bras\u00edlia"},"content":{"rendered":"<p>Esta quarta-feira, 13, amanheceu com um evento grotesco ocupando as manchetes dos principais notici\u00e1rios do pa\u00eds. Durante a madrugada, uma d\u00fazia de invasores pulou o muro da Embaixada venezuelana em Bras\u00edlia, a pretexto de substituir o atual corpo diplom\u00e1tico sob comando do presidente Nicol\u00e1s Maduro por funcion\u00e1rios de Juan Guaid\u00f3, l\u00edder da oposi\u00e7\u00e3o golpista da Venezuela que se auto-intitula \u201cpresidente\u201d do pa\u00eds.<\/p>\n<p>Sem precedentes na hist\u00f3ria diplom\u00e1tica do Brasil, a grave provoca\u00e7\u00e3o contra o espa\u00e7o soberano de nosso importante pa\u00eds vizinho durou mais de 12 horas, gra\u00e7as a uma estarrecedora letargia das autoridades brasileiras. E isso tudo justo no dia inaugural da c\u00fapula dos Brics (Brasil, R\u00fassia, China, \u00c1frica do Sul e \u00cdndia), atestando o rotundo despreparo da horda obscurantista comandada pelo chanceler Ernesto Ara\u00fajo. Salta aos olhos tamb\u00e9m a \u201ccoincid\u00eancia\u201d deste evento ocorrer alguns dias ap\u00f3s os golpistas de extrema-direita na Bol\u00edvia, impulsionados pelo governo brasileiro, assediarem a embaixada venezuelana em La Paz.<\/p>\n<p>Sem se importar com as consequ\u00eancias desta barbaridade para os interesses diplom\u00e1ticos de nosso pa\u00eds ou mesmo com a integridade dos diplomatas brasileiros em outros pa\u00edses, o deputado federal Eduardo Bolsonaro chegou ao c\u00famulo de apoiar publicamente a invas\u00e3o, demostrando mais uma vez por que \u00e9 um sujeito totalmente desqualificado para ocupar o posto de embaixador em Washington, conforme tramava seu (n\u00e3o menos desqualificado) pai. Por falar em Jair Bolsonaro, o ocupante do Planalto s\u00f3 veio a se manifestar depois de algumas horas de press\u00e3o, atrav\u00e9s de uma mensagem d\u00fabia no twitter.<\/p>\n<p>Vale notar que a invas\u00e3o afronta a Conven\u00e7\u00e3o de Viena da ONU (1961) e o Decreto 56435 (08\/06\/1965), os quais garantem a prote\u00e7\u00e3o a um territ\u00f3rio estrangeiro. Ao demorar para proceder a retirada dos invasores, o governo Bolsonaro n\u00e3o s\u00f3 marginaliza a ainda mais o Brasil na comunidade internacional, como tamb\u00e9m tangencia mais um crime de responsabilidade, algo que vem se tornando corriqueiro neste governo das trevas. \u00c9 preciso agora cobrar uma investiga\u00e7\u00e3o bastante minuciosa sobre a log\u00edstica da opera\u00e7\u00e3o dos golpistas venezuelanos.<\/p>\n<p style=\"text-align: left;\">Por fim, devemos ressaltar o papel da milit\u00e2ncia do PSOL\/DF e dos parlamentares do PSOL, Glauber Braga e S\u00e2mia Bomfim, que junto a deputado federal Paulo Pimenta (PT-RS) ingressaram na Embaixada e enfrentaram com a cara e a coragem o grupo de provocadores, sob o incentivo obstinado de dezenas de manifestantes do lado de fora. A interven\u00e7\u00e3o exemplar dos parlamentares e manifestantes foi decisiva para que os invasores sa\u00edssem desmoralizados pela porta dos fundos da Embaixada. Por mais que possamos ter diferen\u00e7as na leitura sobre o atual governo venezuelano, a esquerda e os setores democr\u00e1ticos do Brasil estiveram \u00e0 altura de uma unidade de a\u00e7\u00e3o contra a extrema-direita lacaia do imperialismo ianque que vem tentando erguer a cabe\u00e7a no nosso continente. Viva a soberania do povo venezuelano!<\/p>\n<p style=\"text-align: right;\"><em><strong>Executiva Nacional do PSOL<\/strong><\/em><br \/>\n<em><strong>14 de novembro de 2019<\/strong><\/em><\/p>\n","protected":false},"excerpt":{"rendered":"<p>Esta quarta-feira, 13, amanheceu com um evento grotesco ocupando as manchetes dos principais notici\u00e1rios do pa\u00eds. Durante a madrugada, uma d\u00fazia de invasores pulou o muro da Embaixada venezuelana em Bras\u00edlia, a pretexto de substituir o atual corpo diplom\u00e1tico sob comando do presidente Nicol\u00e1s Maduro por funcion\u00e1rios de Juan Guaid\u00f3, l\u00edder da oposi\u00e7\u00e3o golpista da [&hellip;]<\/p>\n","protected":false},"author":2,"featured_media":26965,"comment_status":"closed","ping_status":"open","sticky":false,"template":"","format":"standard","meta":{"_acf_changed":false,"footnotes":""},"categories":[20,6],"tags":[616,2108,1191,2109,2110,1077],"class_list":{"0":"post-26961","1":"post","2":"type-post","3":"status-publish","4":"format-standard","5":"has-post-thumbnail","7":"category-notas","8":"category-noticias","9":"tag-brasilia","10":"tag-embaixada-da-venezuela","11":"tag-glauber-braga","12":"tag-guaido","13":"tag-invasao","14":"tag-samia-bomfim"},"acf":[],"yoast_head":"<!-- This site is optimized with the Yoast SEO plugin v26.5 - https:\/\/yoast.com\/wordpress\/plugins\/seo\/ -->\n<title>Nota do PSOL sobre a invas\u00e3o \u00e0 embaixada venezuelana em Bras\u00edlia<\/title>\n<meta name=\"robots\" content=\"index, follow, max-snippet:-1, max-image-preview:large, max-video-preview:-1\" \/>\n<link rel=\"canonical\" href=\"https:\/\/psol50.org.br\/nota-do-psol-sobre-a-invasao-a-embaixada-venezuelana-em-brasilia\/\" \/>\n<meta property=\"og:locale\" content=\"pt_BR\" \/>\n<meta property=\"og:type\" content=\"article\" \/>\n<meta property=\"og:title\" content=\"Nota do PSOL sobre a invas\u00e3o \u00e0 embaixada venezuelana em Bras\u00edlia\" \/>\n<meta property=\"og:description\" content=\"Leia a nota da Executiva Nacional do PSOL.\" \/>\n<meta property=\"og:url\" content=\"https:\/\/psol50.org.br\/nota-do-psol-sobre-a-invasao-a-embaixada-venezuelana-em-brasilia\/\" \/>\n<meta property=\"og:site_name\" content=\"PSOL 50\" \/>\n<meta property=\"article:publisher\" content=\"https:\/\/www.facebook.com\/psol50\" \/>\n<meta property=\"article:published_time\" content=\"2019-11-14T13:26:17+00:00\" \/>\n<meta property=\"og:image\" content=\"https:\/\/psol50.org.br\/inc\/uploads\/2019\/11\/photo_2019-11-14_10-29-56.jpg\" \/>\n\t<meta property=\"og:image:width\" content=\"1280\" \/>\n\t<meta property=\"og:image:height\" content=\"853\" \/>\n\t<meta property=\"og:image:type\" content=\"image\/jpeg\" \/>\n<meta name=\"author\" content=\"Comunica\u00e7\u00e3o PSOL\" \/>\n<meta name=\"twitter:card\" content=\"summary_large_image\" \/>\n<meta name=\"twitter:title\" content=\"Nota do PSOL sobre a invas\u00e3o \u00e0 embaixada venezuelana em Bras\u00edlia\" \/>\n<meta name=\"twitter:description\" content=\"Leia a nota da Executiva Nacional do PSOL.\" \/>\n<meta name=\"twitter:image\" content=\"https:\/\/psol50.org.br\/inc\/uploads\/2019\/11\/photo_2019-11-14_10-29-56.jpg\" \/>\n<meta name=\"twitter:creator\" content=\"@psol50\" \/>\n<meta name=\"twitter:site\" content=\"@psol50\" \/>\n<meta name=\"twitter:label1\" content=\"Escrito por\" \/>\n\t<meta name=\"twitter:data1\" content=\"Comunica\u00e7\u00e3o PSOL\" \/>\n\t<meta name=\"twitter:label2\" content=\"Est. tempo de leitura\" \/>\n\t<meta name=\"twitter:data2\" content=\"3 minutos\" \/>\n<script type=\"application\/ld+json\" class=\"yoast-schema-graph\">{\"@context\":\"https:\/\/schema.org\",\"@graph\":[{\"@type\":\"Article\",\"@id\":\"https:\/\/psol50.org.br\/nota-do-psol-sobre-a-invasao-a-embaixada-venezuelana-em-brasilia\/#article\",\"isPartOf\":{\"@id\":\"https:\/\/psol50.org.br\/nota-do-psol-sobre-a-invasao-a-embaixada-venezuelana-em-brasilia\/\"},\"author\":{\"name\":\"Comunica\u00e7\u00e3o PSOL\",\"@id\":\"https:\/\/psol50.org.br\/#\/schema\/person\/475dfa57d0b815993c714c2e96491fcd\"},\"headline\":\"Nota do PSOL sobre a invas\u00e3o \u00e0 embaixada venezuelana em Bras\u00edlia\",\"datePublished\":\"2019-11-14T13:26:17+00:00\",\"mainEntityOfPage\":{\"@id\":\"https:\/\/psol50.org.br\/nota-do-psol-sobre-a-invasao-a-embaixada-venezuelana-em-brasilia\/\"},\"wordCount\":518,\"publisher\":{\"@id\":\"https:\/\/psol50.org.br\/#organization\"},\"image\":{\"@id\":\"https:\/\/psol50.org.br\/nota-do-psol-sobre-a-invasao-a-embaixada-venezuelana-em-brasilia\/#primaryimage\"},\"thumbnailUrl\":\"https:\/\/psol50.org.br\/inc\/uploads\/2019\/11\/photo_2019-11-14_10-29-56.jpg\",\"keywords\":[\"Bras\u00edlia\",\"Embaixada da Venezuela\",\"Glauber Braga\",\"Guaid\u00f3\",\"Invas\u00e3o\",\"S\u00e2mia Bomfim\"],\"articleSection\":[\"Notas\",\"Not\u00edcias\"],\"inLanguage\":\"pt-BR\"},{\"@type\":\"WebPage\",\"@id\":\"https:\/\/psol50.org.br\/nota-do-psol-sobre-a-invasao-a-embaixada-venezuelana-em-brasilia\/\",\"url\":\"https:\/\/psol50.org.br\/nota-do-psol-sobre-a-invasao-a-embaixada-venezuelana-em-brasilia\/\",\"name\":\"Nota do PSOL sobre a invas\u00e3o \u00e0 embaixada venezuelana em Bras\u00edlia\",\"isPartOf\":{\"@id\":\"https:\/\/psol50.org.br\/#website\"},\"primaryImageOfPage\":{\"@id\":\"https:\/\/psol50.org.br\/nota-do-psol-sobre-a-invasao-a-embaixada-venezuelana-em-brasilia\/#primaryimage\"},\"image\":{\"@id\":\"https:\/\/psol50.org.br\/nota-do-psol-sobre-a-invasao-a-embaixada-venezuelana-em-brasilia\/#primaryimage\"},\"thumbnailUrl\":\"https:\/\/psol50.org.br\/inc\/uploads\/2019\/11\/photo_2019-11-14_10-29-56.jpg\",\"datePublished\":\"2019-11-14T13:26:17+00:00\",\"breadcrumb\":{\"@id\":\"https:\/\/psol50.org.br\/nota-do-psol-sobre-a-invasao-a-embaixada-venezuelana-em-brasilia\/#breadcrumb\"},\"inLanguage\":\"pt-BR\",\"potentialAction\":[{\"@type\":\"ReadAction\",\"target\":[\"https:\/\/psol50.org.br\/nota-do-psol-sobre-a-invasao-a-embaixada-venezuelana-em-brasilia\/\"]}]},{\"@type\":\"ImageObject\",\"inLanguage\":\"pt-BR\",\"@id\":\"https:\/\/psol50.org.br\/nota-do-psol-sobre-a-invasao-a-embaixada-venezuelana-em-brasilia\/#primaryimage\",\"url\":\"https:\/\/psol50.org.br\/inc\/uploads\/2019\/11\/photo_2019-11-14_10-29-56.jpg\",\"contentUrl\":\"https:\/\/psol50.org.br\/inc\/uploads\/2019\/11\/photo_2019-11-14_10-29-56.jpg\",\"width\":1280,\"height\":853,\"caption\":\"Matheus Carvalho\/PSOL DF\"},{\"@type\":\"BreadcrumbList\",\"@id\":\"https:\/\/psol50.org.br\/nota-do-psol-sobre-a-invasao-a-embaixada-venezuelana-em-brasilia\/#breadcrumb\",\"itemListElement\":[{\"@type\":\"ListItem\",\"position\":1,\"name\":\"In\u00edcio\",\"item\":\"https:\/\/psol50.org.br\/\"},{\"@type\":\"ListItem\",\"position\":2,\"name\":\"Nota do PSOL sobre a invas\u00e3o \u00e0 embaixada venezuelana em Bras\u00edlia\"}]},{\"@type\":\"WebSite\",\"@id\":\"https:\/\/psol50.org.br\/#website\",\"url\":\"https:\/\/psol50.org.br\/\",\"name\":\"PSOL 50\",\"description\":\"Site oficial do Partido Socialismo e Liberdade\",\"publisher\":{\"@id\":\"https:\/\/psol50.org.br\/#organization\"},\"alternateName\":\"PSOL50\",\"potentialAction\":[{\"@type\":\"SearchAction\",\"target\":{\"@type\":\"EntryPoint\",\"urlTemplate\":\"https:\/\/psol50.org.br\/?s={search_term_string}\"},\"query-input\":{\"@type\":\"PropertyValueSpecification\",\"valueRequired\":true,\"valueName\":\"search_term_string\"}}],\"inLanguage\":\"pt-BR\"},{\"@type\":\"Organization\",\"@id\":\"https:\/\/psol50.org.br\/#organization\",\"name\":\"PSOL 50\",\"alternateName\":\"PSOL 50\",\"url\":\"https:\/\/psol50.org.br\/\",\"logo\":{\"@type\":\"ImageObject\",\"inLanguage\":\"pt-BR\",\"@id\":\"https:\/\/psol50.org.br\/#\/schema\/logo\/image\/\",\"url\":\"https:\/\/psol50.org.br\/inc\/uploads\/2018\/07\/capa.png\",\"contentUrl\":\"https:\/\/psol50.org.br\/inc\/uploads\/2018\/07\/capa.png\",\"width\":1350,\"height\":900,\"caption\":\"PSOL 50\"},\"image\":{\"@id\":\"https:\/\/psol50.org.br\/#\/schema\/logo\/image\/\"},\"sameAs\":[\"https:\/\/www.facebook.com\/psol50\",\"https:\/\/x.com\/psol50\",\"https:\/\/www.instagram.com\/psol50\/\",\"https:\/\/www.youtube.com\/channel\/UC7SnJS5o1os7a6CaiNabzcg\"]},{\"@type\":\"Person\",\"@id\":\"https:\/\/psol50.org.br\/#\/schema\/person\/475dfa57d0b815993c714c2e96491fcd\",\"name\":\"Comunica\u00e7\u00e3o PSOL\",\"image\":{\"@type\":\"ImageObject\",\"inLanguage\":\"pt-BR\",\"@id\":\"https:\/\/psol50.org.br\/#\/schema\/person\/image\/\",\"url\":\"https:\/\/secure.gravatar.com\/avatar\/b34fc4f4e468a4e51785917065a3db57b841f5c95dba6ad8c73aaf8f66f8f9bf?s=96&d=mm&r=g\",\"contentUrl\":\"https:\/\/secure.gravatar.com\/avatar\/b34fc4f4e468a4e51785917065a3db57b841f5c95dba6ad8c73aaf8f66f8f9bf?s=96&d=mm&r=g\",\"caption\":\"Comunica\u00e7\u00e3o PSOL\"}}]}<\/script>\n<!-- \/ Yoast SEO plugin. -->","yoast_head_json":{"title":"Nota do PSOL sobre a invas\u00e3o \u00e0 embaixada venezuelana em Bras\u00edlia","robots":{"index":"index","follow":"follow","max-snippet":"max-snippet:-1","max-image-preview":"max-image-preview:large","max-video-preview":"max-video-preview:-1"},"canonical":"https:\/\/psol50.org.br\/nota-do-psol-sobre-a-invasao-a-embaixada-venezuelana-em-brasilia\/","og_locale":"pt_BR","og_type":"article","og_title":"Nota do PSOL sobre a invas\u00e3o \u00e0 embaixada venezuelana em Bras\u00edlia","og_description":"Leia a nota da Executiva Nacional do PSOL.","og_url":"https:\/\/psol50.org.br\/nota-do-psol-sobre-a-invasao-a-embaixada-venezuelana-em-brasilia\/","og_site_name":"PSOL 50","article_publisher":"https:\/\/www.facebook.com\/psol50","article_published_time":"2019-11-14T13:26:17+00:00","og_image":[{"width":1280,"height":853,"url":"https:\/\/psol50.org.br\/inc\/uploads\/2019\/11\/photo_2019-11-14_10-29-56.jpg","type":"image\/jpeg"}],"author":"Comunica\u00e7\u00e3o PSOL","twitter_card":"summary_large_image","twitter_title":"Nota do PSOL sobre a invas\u00e3o \u00e0 embaixada venezuelana em Bras\u00edlia","twitter_description":"Leia a nota da Executiva Nacional do PSOL.","twitter_image":"https:\/\/psol50.org.br\/inc\/uploads\/2019\/11\/photo_2019-11-14_10-29-56.jpg","twitter_creator":"@psol50","twitter_site":"@psol50","twitter_misc":{"Escrito por":"Comunica\u00e7\u00e3o PSOL","Est. tempo de leitura":"3 minutos"},"schema":{"@context":"https:\/\/schema.org","@graph":[{"@type":"Article","@id":"https:\/\/psol50.org.br\/nota-do-psol-sobre-a-invasao-a-embaixada-venezuelana-em-brasilia\/#article","isPartOf":{"@id":"https:\/\/psol50.org.br\/nota-do-psol-sobre-a-invasao-a-embaixada-venezuelana-em-brasilia\/"},"author":{"name":"Comunica\u00e7\u00e3o PSOL","@id":"https:\/\/psol50.org.br\/#\/schema\/person\/475dfa57d0b815993c714c2e96491fcd"},"headline":"Nota do PSOL sobre a invas\u00e3o \u00e0 embaixada venezuelana em Bras\u00edlia","datePublished":"2019-11-14T13:26:17+00:00","mainEntityOfPage":{"@id":"https:\/\/psol50.org.br\/nota-do-psol-sobre-a-invasao-a-embaixada-venezuelana-em-brasilia\/"},"wordCount":518,"publisher":{"@id":"https:\/\/psol50.org.br\/#organization"},"image":{"@id":"https:\/\/psol50.org.br\/nota-do-psol-sobre-a-invasao-a-embaixada-venezuelana-em-brasilia\/#primaryimage"},"thumbnailUrl":"https:\/\/psol50.org.br\/inc\/uploads\/2019\/11\/photo_2019-11-14_10-29-56.jpg","keywords":["Bras\u00edlia","Embaixada da Venezuela","Glauber Braga","Guaid\u00f3","Invas\u00e3o","S\u00e2mia Bomfim"],"articleSection":["Notas","Not\u00edcias"],"inLanguage":"pt-BR"},{"@type":"WebPage","@id":"https:\/\/psol50.org.br\/nota-do-psol-sobre-a-invasao-a-embaixada-venezuelana-em-brasilia\/","url":"https:\/\/psol50.org.br\/nota-do-psol-sobre-a-invasao-a-embaixada-venezuelana-em-brasilia\/","name":"Nota do PSOL sobre a invas\u00e3o \u00e0 embaixada venezuelana em Bras\u00edlia","isPartOf":{"@id":"https:\/\/psol50.org.br\/#website"},"primaryImageOfPage":{"@id":"https:\/\/psol50.org.br\/nota-do-psol-sobre-a-invasao-a-embaixada-venezuelana-em-brasilia\/#primaryimage"},"image":{"@id":"https:\/\/psol50.org.br\/nota-do-psol-sobre-a-invasao-a-embaixada-venezuelana-em-brasilia\/#primaryimage"},"thumbnailUrl":"https:\/\/psol50.org.br\/inc\/uploads\/2019\/11\/photo_2019-11-14_10-29-56.jpg","datePublished":"2019-11-14T13:26:17+00:00","breadcrumb":{"@id":"https:\/\/psol50.org.br\/nota-do-psol-sobre-a-invasao-a-embaixada-venezuelana-em-brasilia\/#breadcrumb"},"inLanguage":"pt-BR","potentialAction":[{"@type":"ReadAction","target":["https:\/\/psol50.org.br\/nota-do-psol-sobre-a-invasao-a-embaixada-venezuelana-em-brasilia\/"]}]},{"@type":"ImageObject","inLanguage":"pt-BR","@id":"https:\/\/psol50.org.br\/nota-do-psol-sobre-a-invasao-a-embaixada-venezuelana-em-brasilia\/#primaryimage","url":"https:\/\/psol50.org.br\/inc\/uploads\/2019\/11\/photo_2019-11-14_10-29-56.jpg","contentUrl":"https:\/\/psol50.org.br\/inc\/uploads\/2019\/11\/photo_2019-11-14_10-29-56.jpg","width":1280,"height":853,"caption":"Matheus Carvalho\/PSOL DF"},{"@type":"BreadcrumbList","@id":"https:\/\/psol50.org.br\/nota-do-psol-sobre-a-invasao-a-embaixada-venezuelana-em-brasilia\/#breadcrumb","itemListElement":[{"@type":"ListItem","position":1,"name":"In\u00edcio","item":"https:\/\/psol50.org.br\/"},{"@type":"ListItem","position":2,"name":"Nota do PSOL sobre a invas\u00e3o \u00e0 embaixada venezuelana em Bras\u00edlia"}]},{"@type":"WebSite","@id":"https:\/\/psol50.org.br\/#website","url":"https:\/\/psol50.org.br\/","name":"PSOL 50","description":"Site oficial do Partido Socialismo e Liberdade","publisher":{"@id":"https:\/\/psol50.org.br\/#organization"},"alternateName":"PSOL50","potentialAction":[{"@type":"SearchAction","target":{"@type":"EntryPoint","urlTemplate":"https:\/\/psol50.org.br\/?s={search_term_string}"},"query-input":{"@type":"PropertyValueSpecification","valueRequired":true,"valueName":"search_term_string"}}],"inLanguage":"pt-BR"},{"@type":"Organization","@id":"https:\/\/psol50.org.br\/#organization","name":"PSOL 50","alternateName":"PSOL 50","url":"https:\/\/psol50.org.br\/","logo":{"@type":"ImageObject","inLanguage":"pt-BR","@id":"https:\/\/psol50.org.br\/#\/schema\/logo\/image\/","url":"https:\/\/psol50.org.br\/inc\/uploads\/2018\/07\/capa.png","contentUrl":"https:\/\/psol50.org.br\/inc\/uploads\/2018\/07\/capa.png","width":1350,"height":900,"caption":"PSOL 50"},"image":{"@id":"https:\/\/psol50.org.br\/#\/schema\/logo\/image\/"},"sameAs":["https:\/\/www.facebook.com\/psol50","https:\/\/x.com\/psol50","https:\/\/www.instagram.com\/psol50\/","https:\/\/www.youtube.com\/channel\/UC7SnJS5o1os7a6CaiNabzcg"]},{"@type":"Person","@id":"https:\/\/psol50.org.br\/#\/schema\/person\/475dfa57d0b815993c714c2e96491fcd","name":"Comunica\u00e7\u00e3o PSOL","image":{"@type":"ImageObject","inLanguage":"pt-BR","@id":"https:\/\/psol50.org.br\/#\/schema\/person\/image\/","url":"https:\/\/secure.gravatar.com\/avatar\/b34fc4f4e468a4e51785917065a3db57b841f5c95dba6ad8c73aaf8f66f8f9bf?s=96&d=mm&r=g","contentUrl":"https:\/\/secure.gravatar.com\/avatar\/b34fc4f4e468a4e51785917065a3db57b841f5c95dba6ad8c73aaf8f66f8f9bf?s=96&d=mm&r=g","caption":"Comunica\u00e7\u00e3o PSOL"}}]}},"_links":{"self":[{"href":"https:\/\/psol50.org.br\/rest\/wp\/v2\/posts\/26961","targetHints":{"allow":["GET"]}}],"collection":[{"href":"https:\/\/psol50.org.br\/rest\/wp\/v2\/posts"}],"about":[{"href":"https:\/\/psol50.org.br\/rest\/wp\/v2\/types\/post"}],"author":[{"embeddable":true,"href":"https:\/\/psol50.org.br\/rest\/wp\/v2\/users\/2"}],"replies":[{"embeddable":true,"href":"https:\/\/psol50.org.br\/rest\/wp\/v2\/comments?post=26961"}],"version-history":[{"count":0,"href":"https:\/\/psol50.org.br\/rest\/wp\/v2\/posts\/26961\/revisions"}],"wp:featuredmedia":[{"embeddable":true,"href":"https:\/\/psol50.org.br\/rest\/wp\/v2\/media\/26965"}],"wp:attachment":[{"href":"https:\/\/psol50.org.br\/rest\/wp\/v2\/media?parent=26961"}],"wp:term":[{"taxonomy":"category","embeddable":true,"href":"https:\/\/psol50.org.br\/rest\/wp\/v2\/categories?post=26961"},{"taxonomy":"post_tag","embeddable":true,"href":"https:\/\/psol50.org.br\/rest\/wp\/v2\/tags?post=26961"}],"curies":[{"name":"wp","href":"https:\/\/api.w.org\/{rel}","templated":true}]}}