{"id":27012,"date":"2019-11-18T16:47:14","date_gmt":"2019-11-18T19:47:14","guid":{"rendered":"http:\/\/psol50.org.br\/?p=27012"},"modified":"2019-11-18T16:47:14","modified_gmt":"2019-11-18T19:47:14","slug":"vitoria-hotel-de-luxo-de-grupo-portugues-nao-sera-mais-construido-em-terra-indigena-na-bahia","status":"publish","type":"post","link":"https:\/\/psol50.org.br\/vitoria-hotel-de-luxo-de-grupo-portugues-nao-sera-mais-construido-em-terra-indigena-na-bahia\/","title":{"rendered":"Vit\u00f3ria! Hotel de luxo de grupo portugu\u00eas n\u00e3o ser\u00e1 mais constru\u00eddo em terra ind\u00edgena na Bahia"},"content":{"rendered":"<p>A rede hoteleira Vila Gal\u00e9, com sede em Portugal, anunciou nesta segunda-feira (18) que n\u00e3o prosseguir\u00e1 com o projeto de um resort na Bahia, que chamaria Costa do Cacau, em uma \u00e1rea que est\u00e1 em processo de demarca\u00e7\u00e3o ind\u00edgena. A terra \u00e9 ocupada h\u00e1 mais de 400 anos pelo povo ind\u00edgena Tupinamb\u00e1 de Oliven\u00e7a, que reivindica o direito ao territ\u00f3rio.<\/p>\n<p>A crise se instalou de vez quando <a href=\"https:\/\/theintercept.com\/2019\/10\/27\/documento-revela-pressao-da-embratur-sobre-a-funai-para-transformar-terra-indigena-em-hotel-de-luxo-na-bahia\/\">documentos divulgados pelo The Intercept Brasil<\/a> mostraram que a Embratur, empresa ligada ao governo Federal, apresentou pedidos oficiais para retardar o processo de demarca\u00e7\u00e3o da terra na Funai para garantir a constru\u00e7\u00e3o do hotel de luxo na regi\u00e3o. <a href=\"http:\/\/psol50.org.br\/inc\/uploads\/2019\/11\/Ofi\u0301cio-Presidente-Embratur.pdf\">Veja o documento aqui.<\/a><\/p>\n<p>Desde a divulga\u00e7\u00e3o do escandaloso documento, a imprensa e parlamentares portugueses iniciaram intenso processo de den\u00fancias contra o empreendimento e o grupo econ\u00f4mico respons\u00e1vel. Jos\u00e9 Soeiro, deputado portugu\u00eas do Bloco de Esquerda, partido-irm\u00e3o do PSOL no pa\u00eds, <a href=\"https:\/\/expresso.pt\/opiniao\/2019-11-08-Vila-Gale-um-resort-sobre-sangue-indigena-\">escreveu recentemente artigo<\/a> em um dos jornais de maior circula\u00e7\u00e3o do pa\u00eds, denunciando a situa\u00e7\u00e3o.<\/p>\n<p>S\u00f4nia Guajajara, candidata a vice-presidente do Brasil pelo PSOL nas elei\u00e7\u00f5es de 2018, <a href=\"https:\/\/www.esquerda.net\/artigo\/sonia-guajajara-grupo-portugues-quer-travar-demarcacao-de-terras-indigenas\/64248\">esteve em Portugal no in\u00edcio de novembro<\/a> para denunciar as viola\u00e7\u00f5es de direitos dos povos ind\u00edgenas no Brasil, entre elas o lobby governamental neste caso do hotel de luxo no sul da Bahia.<\/p>\n<p>A luta pela demarca\u00e7\u00e3o desta terra ind\u00edgena localizada no sul da Bahia j\u00e1 se arrasta por pelo menos 15 anos. A primeira fase do processo foi conclu\u00edda em 2009. Como apontou a reportagem do The Intercept Brasil, &#8220;\u00e9 a primeira vez, ao menos desde a Constitui\u00e7\u00e3o de 1988, que um \u00f3rg\u00e3o federal faz lobby sobre outro \u2013 e o registra num documento oficial do governo \u2013 para entregar \u00e0 iniciativa privada uma \u00e1rea ind\u00edgena registrado em um documento oficial do governo&#8221;.<\/p>\n<p>&nbsp;<\/p>\n","protected":false},"excerpt":{"rendered":"<p>A rede hoteleira Vila Gal\u00e9, com sede em Portugal, anunciou nesta segunda-feira (18) que n\u00e3o prosseguir\u00e1 com o projeto de um resort na Bahia, que chamaria Costa do Cacau, em uma \u00e1rea que est\u00e1 em processo de demarca\u00e7\u00e3o ind\u00edgena. A terra \u00e9 ocupada h\u00e1 mais de 400 anos pelo povo ind\u00edgena Tupinamb\u00e1 de Oliven\u00e7a, que [&hellip;]<\/p>\n","protected":false},"author":2,"featured_media":27013,"comment_status":"closed","ping_status":"open","sticky":false,"template":"","format":"standard","meta":{"_acf_changed":false,"footnotes":""},"categories":[6],"tags":[2114,124,2115,1323,1869,491,2116,2117],"class_list":{"0":"post-27012","1":"post","2":"type-post","3":"status-publish","4":"format-standard","5":"has-post-thumbnail","7":"category-noticias","8":"tag-embratur","9":"tag-guajajara","10":"tag-hotel","11":"tag-indigena","12":"tag-intercept","13":"tag-portugal","14":"tag-tupinamba","15":"tag-vila-gale"},"acf":[],"yoast_head":"<!-- This site is optimized with the Yoast SEO plugin v26.5 - https:\/\/yoast.com\/wordpress\/plugins\/seo\/ -->\n<title>Vit\u00f3ria! Hotel de luxo de grupo portugu\u00eas n\u00e3o ser\u00e1 mais constru\u00eddo em terra ind\u00edgena na Bahia<\/title>\n<meta name=\"description\" content=\"Empresa do governo federal fazia lobby para retardar demarca\u00e7\u00e3o de terra ocupada h\u00e1 mais de 400 anos pelo povo ind\u00edgena Tupinamb\u00e1 de Oliven\u00e7a.\" \/>\n<meta name=\"robots\" content=\"index, follow, max-snippet:-1, max-image-preview:large, max-video-preview:-1\" \/>\n<link rel=\"canonical\" href=\"https:\/\/psol50.org.br\/vitoria-hotel-de-luxo-de-grupo-portugues-nao-sera-mais-construido-em-terra-indigena-na-bahia\/\" \/>\n<meta property=\"og:locale\" content=\"pt_BR\" \/>\n<meta property=\"og:type\" content=\"article\" \/>\n<meta property=\"og:title\" content=\"Vit\u00f3ria! Hotel de luxo de grupo portugu\u00eas n\u00e3o ser\u00e1 mais constru\u00eddo em terra ind\u00edgena na Bahia\" \/>\n<meta property=\"og:description\" content=\"Empresa do governo federal fazia lobby para retardar demarca\u00e7\u00e3o de terra ocupada h\u00e1 mais de 400 anos pelo povo ind\u00edgena Tupinamb\u00e1 de Oliven\u00e7a.\" \/>\n<meta property=\"og:url\" content=\"https:\/\/psol50.org.br\/vitoria-hotel-de-luxo-de-grupo-portugues-nao-sera-mais-construido-em-terra-indigena-na-bahia\/\" \/>\n<meta property=\"og:site_name\" content=\"PSOL 50\" \/>\n<meta property=\"article:publisher\" content=\"https:\/\/www.facebook.com\/psol50\" \/>\n<meta property=\"article:published_time\" content=\"2019-11-18T19:47:14+00:00\" \/>\n<meta property=\"og:image\" content=\"https:\/\/psol50.org.br\/inc\/uploads\/2019\/11\/76605224_2057537704346368_2398093623921999872_n.jpg\" \/>\n\t<meta property=\"og:image:width\" content=\"960\" \/>\n\t<meta property=\"og:image:height\" content=\"640\" \/>\n\t<meta property=\"og:image:type\" content=\"image\/jpeg\" \/>\n<meta name=\"author\" content=\"Comunica\u00e7\u00e3o PSOL\" \/>\n<meta name=\"twitter:card\" content=\"summary_large_image\" \/>\n<meta name=\"twitter:title\" content=\"Vit\u00f3ria! Hotel de luxo de grupo portugu\u00eas n\u00e3o ser\u00e1 mais constru\u00eddo em terra ind\u00edgena na Bahia\" \/>\n<meta name=\"twitter:description\" content=\"Empresa do governo federal fazia lobby para retardar demarca\u00e7\u00e3o de terra ocupada h\u00e1 mais de 400 anos pelo povo ind\u00edgena Tupinamb\u00e1 de Oliven\u00e7a.\" \/>\n<meta name=\"twitter:image\" content=\"https:\/\/psol50.org.br\/inc\/uploads\/2019\/11\/76605224_2057537704346368_2398093623921999872_n.jpg\" \/>\n<meta name=\"twitter:creator\" content=\"@psol50\" \/>\n<meta name=\"twitter:site\" content=\"@psol50\" \/>\n<meta name=\"twitter:label1\" content=\"Escrito por\" \/>\n\t<meta name=\"twitter:data1\" content=\"Comunica\u00e7\u00e3o PSOL\" \/>\n\t<meta name=\"twitter:label2\" content=\"Est. tempo de leitura\" \/>\n\t<meta name=\"twitter:data2\" content=\"2 minutos\" \/>\n<script type=\"application\/ld+json\" class=\"yoast-schema-graph\">{\"@context\":\"https:\/\/schema.org\",\"@graph\":[{\"@type\":\"Article\",\"@id\":\"https:\/\/psol50.org.br\/vitoria-hotel-de-luxo-de-grupo-portugues-nao-sera-mais-construido-em-terra-indigena-na-bahia\/#article\",\"isPartOf\":{\"@id\":\"https:\/\/psol50.org.br\/vitoria-hotel-de-luxo-de-grupo-portugues-nao-sera-mais-construido-em-terra-indigena-na-bahia\/\"},\"author\":{\"name\":\"Comunica\u00e7\u00e3o PSOL\",\"@id\":\"https:\/\/psol50.org.br\/#\/schema\/person\/475dfa57d0b815993c714c2e96491fcd\"},\"headline\":\"Vit\u00f3ria! Hotel de luxo de grupo portugu\u00eas n\u00e3o ser\u00e1 mais constru\u00eddo em terra ind\u00edgena na Bahia\",\"datePublished\":\"2019-11-18T19:47:14+00:00\",\"mainEntityOfPage\":{\"@id\":\"https:\/\/psol50.org.br\/vitoria-hotel-de-luxo-de-grupo-portugues-nao-sera-mais-construido-em-terra-indigena-na-bahia\/\"},\"wordCount\":329,\"publisher\":{\"@id\":\"https:\/\/psol50.org.br\/#organization\"},\"image\":{\"@id\":\"https:\/\/psol50.org.br\/vitoria-hotel-de-luxo-de-grupo-portugues-nao-sera-mais-construido-em-terra-indigena-na-bahia\/#primaryimage\"},\"thumbnailUrl\":\"https:\/\/psol50.org.br\/inc\/uploads\/2019\/11\/76605224_2057537704346368_2398093623921999872_n.jpg\",\"keywords\":[\"embratur\",\"guajajara\",\"hotel\",\"Ind\u00edgena\",\"Intercept\",\"Portugal\",\"tupinamb\u00e1\",\"vila gal\u00e9\"],\"articleSection\":[\"Not\u00edcias\"],\"inLanguage\":\"pt-BR\"},{\"@type\":\"WebPage\",\"@id\":\"https:\/\/psol50.org.br\/vitoria-hotel-de-luxo-de-grupo-portugues-nao-sera-mais-construido-em-terra-indigena-na-bahia\/\",\"url\":\"https:\/\/psol50.org.br\/vitoria-hotel-de-luxo-de-grupo-portugues-nao-sera-mais-construido-em-terra-indigena-na-bahia\/\",\"name\":\"Vit\u00f3ria! Hotel de luxo de grupo portugu\u00eas n\u00e3o ser\u00e1 mais constru\u00eddo em terra ind\u00edgena na Bahia\",\"isPartOf\":{\"@id\":\"https:\/\/psol50.org.br\/#website\"},\"primaryImageOfPage\":{\"@id\":\"https:\/\/psol50.org.br\/vitoria-hotel-de-luxo-de-grupo-portugues-nao-sera-mais-construido-em-terra-indigena-na-bahia\/#primaryimage\"},\"image\":{\"@id\":\"https:\/\/psol50.org.br\/vitoria-hotel-de-luxo-de-grupo-portugues-nao-sera-mais-construido-em-terra-indigena-na-bahia\/#primaryimage\"},\"thumbnailUrl\":\"https:\/\/psol50.org.br\/inc\/uploads\/2019\/11\/76605224_2057537704346368_2398093623921999872_n.jpg\",\"datePublished\":\"2019-11-18T19:47:14+00:00\",\"description\":\"Empresa do governo federal fazia lobby para retardar demarca\u00e7\u00e3o de terra ocupada h\u00e1 mais de 400 anos pelo povo ind\u00edgena Tupinamb\u00e1 de Oliven\u00e7a.\",\"breadcrumb\":{\"@id\":\"https:\/\/psol50.org.br\/vitoria-hotel-de-luxo-de-grupo-portugues-nao-sera-mais-construido-em-terra-indigena-na-bahia\/#breadcrumb\"},\"inLanguage\":\"pt-BR\",\"potentialAction\":[{\"@type\":\"ReadAction\",\"target\":[\"https:\/\/psol50.org.br\/vitoria-hotel-de-luxo-de-grupo-portugues-nao-sera-mais-construido-em-terra-indigena-na-bahia\/\"]}]},{\"@type\":\"ImageObject\",\"inLanguage\":\"pt-BR\",\"@id\":\"https:\/\/psol50.org.br\/vitoria-hotel-de-luxo-de-grupo-portugues-nao-sera-mais-construido-em-terra-indigena-na-bahia\/#primaryimage\",\"url\":\"https:\/\/psol50.org.br\/inc\/uploads\/2019\/11\/76605224_2057537704346368_2398093623921999872_n.jpg\",\"contentUrl\":\"https:\/\/psol50.org.br\/inc\/uploads\/2019\/11\/76605224_2057537704346368_2398093623921999872_n.jpg\",\"width\":960,\"height\":640,\"caption\":\"Foto: M\u00eddia Ninja\"},{\"@type\":\"BreadcrumbList\",\"@id\":\"https:\/\/psol50.org.br\/vitoria-hotel-de-luxo-de-grupo-portugues-nao-sera-mais-construido-em-terra-indigena-na-bahia\/#breadcrumb\",\"itemListElement\":[{\"@type\":\"ListItem\",\"position\":1,\"name\":\"In\u00edcio\",\"item\":\"https:\/\/psol50.org.br\/\"},{\"@type\":\"ListItem\",\"position\":2,\"name\":\"Vit\u00f3ria! Hotel de luxo de grupo portugu\u00eas n\u00e3o ser\u00e1 mais constru\u00eddo em terra ind\u00edgena na Bahia\"}]},{\"@type\":\"WebSite\",\"@id\":\"https:\/\/psol50.org.br\/#website\",\"url\":\"https:\/\/psol50.org.br\/\",\"name\":\"PSOL 50\",\"description\":\"Site oficial do Partido Socialismo e Liberdade\",\"publisher\":{\"@id\":\"https:\/\/psol50.org.br\/#organization\"},\"alternateName\":\"PSOL50\",\"potentialAction\":[{\"@type\":\"SearchAction\",\"target\":{\"@type\":\"EntryPoint\",\"urlTemplate\":\"https:\/\/psol50.org.br\/?s={search_term_string}\"},\"query-input\":{\"@type\":\"PropertyValueSpecification\",\"valueRequired\":true,\"valueName\":\"search_term_string\"}}],\"inLanguage\":\"pt-BR\"},{\"@type\":\"Organization\",\"@id\":\"https:\/\/psol50.org.br\/#organization\",\"name\":\"PSOL 50\",\"alternateName\":\"PSOL 50\",\"url\":\"https:\/\/psol50.org.br\/\",\"logo\":{\"@type\":\"ImageObject\",\"inLanguage\":\"pt-BR\",\"@id\":\"https:\/\/psol50.org.br\/#\/schema\/logo\/image\/\",\"url\":\"https:\/\/psol50.org.br\/inc\/uploads\/2018\/07\/capa.png\",\"contentUrl\":\"https:\/\/psol50.org.br\/inc\/uploads\/2018\/07\/capa.png\",\"width\":1350,\"height\":900,\"caption\":\"PSOL 50\"},\"image\":{\"@id\":\"https:\/\/psol50.org.br\/#\/schema\/logo\/image\/\"},\"sameAs\":[\"https:\/\/www.facebook.com\/psol50\",\"https:\/\/x.com\/psol50\",\"https:\/\/www.instagram.com\/psol50\/\",\"https:\/\/www.youtube.com\/channel\/UC7SnJS5o1os7a6CaiNabzcg\"]},{\"@type\":\"Person\",\"@id\":\"https:\/\/psol50.org.br\/#\/schema\/person\/475dfa57d0b815993c714c2e96491fcd\",\"name\":\"Comunica\u00e7\u00e3o PSOL\",\"image\":{\"@type\":\"ImageObject\",\"inLanguage\":\"pt-BR\",\"@id\":\"https:\/\/psol50.org.br\/#\/schema\/person\/image\/\",\"url\":\"https:\/\/secure.gravatar.com\/avatar\/b34fc4f4e468a4e51785917065a3db57b841f5c95dba6ad8c73aaf8f66f8f9bf?s=96&d=mm&r=g\",\"contentUrl\":\"https:\/\/secure.gravatar.com\/avatar\/b34fc4f4e468a4e51785917065a3db57b841f5c95dba6ad8c73aaf8f66f8f9bf?s=96&d=mm&r=g\",\"caption\":\"Comunica\u00e7\u00e3o PSOL\"}}]}<\/script>\n<!-- \/ Yoast SEO plugin. -->","yoast_head_json":{"title":"Vit\u00f3ria! Hotel de luxo de grupo portugu\u00eas n\u00e3o ser\u00e1 mais constru\u00eddo em terra ind\u00edgena na Bahia","description":"Empresa do governo federal fazia lobby para retardar demarca\u00e7\u00e3o de terra ocupada h\u00e1 mais de 400 anos pelo povo ind\u00edgena Tupinamb\u00e1 de Oliven\u00e7a.","robots":{"index":"index","follow":"follow","max-snippet":"max-snippet:-1","max-image-preview":"max-image-preview:large","max-video-preview":"max-video-preview:-1"},"canonical":"https:\/\/psol50.org.br\/vitoria-hotel-de-luxo-de-grupo-portugues-nao-sera-mais-construido-em-terra-indigena-na-bahia\/","og_locale":"pt_BR","og_type":"article","og_title":"Vit\u00f3ria! Hotel de luxo de grupo portugu\u00eas n\u00e3o ser\u00e1 mais constru\u00eddo em terra ind\u00edgena na Bahia","og_description":"Empresa do governo federal fazia lobby para retardar demarca\u00e7\u00e3o de terra ocupada h\u00e1 mais de 400 anos pelo povo ind\u00edgena Tupinamb\u00e1 de Oliven\u00e7a.","og_url":"https:\/\/psol50.org.br\/vitoria-hotel-de-luxo-de-grupo-portugues-nao-sera-mais-construido-em-terra-indigena-na-bahia\/","og_site_name":"PSOL 50","article_publisher":"https:\/\/www.facebook.com\/psol50","article_published_time":"2019-11-18T19:47:14+00:00","og_image":[{"width":960,"height":640,"url":"https:\/\/psol50.org.br\/inc\/uploads\/2019\/11\/76605224_2057537704346368_2398093623921999872_n.jpg","type":"image\/jpeg"}],"author":"Comunica\u00e7\u00e3o PSOL","twitter_card":"summary_large_image","twitter_title":"Vit\u00f3ria! Hotel de luxo de grupo portugu\u00eas n\u00e3o ser\u00e1 mais constru\u00eddo em terra ind\u00edgena na Bahia","twitter_description":"Empresa do governo federal fazia lobby para retardar demarca\u00e7\u00e3o de terra ocupada h\u00e1 mais de 400 anos pelo povo ind\u00edgena Tupinamb\u00e1 de Oliven\u00e7a.","twitter_image":"https:\/\/psol50.org.br\/inc\/uploads\/2019\/11\/76605224_2057537704346368_2398093623921999872_n.jpg","twitter_creator":"@psol50","twitter_site":"@psol50","twitter_misc":{"Escrito por":"Comunica\u00e7\u00e3o PSOL","Est. tempo de leitura":"2 minutos"},"schema":{"@context":"https:\/\/schema.org","@graph":[{"@type":"Article","@id":"https:\/\/psol50.org.br\/vitoria-hotel-de-luxo-de-grupo-portugues-nao-sera-mais-construido-em-terra-indigena-na-bahia\/#article","isPartOf":{"@id":"https:\/\/psol50.org.br\/vitoria-hotel-de-luxo-de-grupo-portugues-nao-sera-mais-construido-em-terra-indigena-na-bahia\/"},"author":{"name":"Comunica\u00e7\u00e3o PSOL","@id":"https:\/\/psol50.org.br\/#\/schema\/person\/475dfa57d0b815993c714c2e96491fcd"},"headline":"Vit\u00f3ria! Hotel de luxo de grupo portugu\u00eas n\u00e3o ser\u00e1 mais constru\u00eddo em terra ind\u00edgena na Bahia","datePublished":"2019-11-18T19:47:14+00:00","mainEntityOfPage":{"@id":"https:\/\/psol50.org.br\/vitoria-hotel-de-luxo-de-grupo-portugues-nao-sera-mais-construido-em-terra-indigena-na-bahia\/"},"wordCount":329,"publisher":{"@id":"https:\/\/psol50.org.br\/#organization"},"image":{"@id":"https:\/\/psol50.org.br\/vitoria-hotel-de-luxo-de-grupo-portugues-nao-sera-mais-construido-em-terra-indigena-na-bahia\/#primaryimage"},"thumbnailUrl":"https:\/\/psol50.org.br\/inc\/uploads\/2019\/11\/76605224_2057537704346368_2398093623921999872_n.jpg","keywords":["embratur","guajajara","hotel","Ind\u00edgena","Intercept","Portugal","tupinamb\u00e1","vila gal\u00e9"],"articleSection":["Not\u00edcias"],"inLanguage":"pt-BR"},{"@type":"WebPage","@id":"https:\/\/psol50.org.br\/vitoria-hotel-de-luxo-de-grupo-portugues-nao-sera-mais-construido-em-terra-indigena-na-bahia\/","url":"https:\/\/psol50.org.br\/vitoria-hotel-de-luxo-de-grupo-portugues-nao-sera-mais-construido-em-terra-indigena-na-bahia\/","name":"Vit\u00f3ria! Hotel de luxo de grupo portugu\u00eas n\u00e3o ser\u00e1 mais constru\u00eddo em terra ind\u00edgena na Bahia","isPartOf":{"@id":"https:\/\/psol50.org.br\/#website"},"primaryImageOfPage":{"@id":"https:\/\/psol50.org.br\/vitoria-hotel-de-luxo-de-grupo-portugues-nao-sera-mais-construido-em-terra-indigena-na-bahia\/#primaryimage"},"image":{"@id":"https:\/\/psol50.org.br\/vitoria-hotel-de-luxo-de-grupo-portugues-nao-sera-mais-construido-em-terra-indigena-na-bahia\/#primaryimage"},"thumbnailUrl":"https:\/\/psol50.org.br\/inc\/uploads\/2019\/11\/76605224_2057537704346368_2398093623921999872_n.jpg","datePublished":"2019-11-18T19:47:14+00:00","description":"Empresa do governo federal fazia lobby para retardar demarca\u00e7\u00e3o de terra ocupada h\u00e1 mais de 400 anos pelo povo ind\u00edgena Tupinamb\u00e1 de Oliven\u00e7a.","breadcrumb":{"@id":"https:\/\/psol50.org.br\/vitoria-hotel-de-luxo-de-grupo-portugues-nao-sera-mais-construido-em-terra-indigena-na-bahia\/#breadcrumb"},"inLanguage":"pt-BR","potentialAction":[{"@type":"ReadAction","target":["https:\/\/psol50.org.br\/vitoria-hotel-de-luxo-de-grupo-portugues-nao-sera-mais-construido-em-terra-indigena-na-bahia\/"]}]},{"@type":"ImageObject","inLanguage":"pt-BR","@id":"https:\/\/psol50.org.br\/vitoria-hotel-de-luxo-de-grupo-portugues-nao-sera-mais-construido-em-terra-indigena-na-bahia\/#primaryimage","url":"https:\/\/psol50.org.br\/inc\/uploads\/2019\/11\/76605224_2057537704346368_2398093623921999872_n.jpg","contentUrl":"https:\/\/psol50.org.br\/inc\/uploads\/2019\/11\/76605224_2057537704346368_2398093623921999872_n.jpg","width":960,"height":640,"caption":"Foto: M\u00eddia Ninja"},{"@type":"BreadcrumbList","@id":"https:\/\/psol50.org.br\/vitoria-hotel-de-luxo-de-grupo-portugues-nao-sera-mais-construido-em-terra-indigena-na-bahia\/#breadcrumb","itemListElement":[{"@type":"ListItem","position":1,"name":"In\u00edcio","item":"https:\/\/psol50.org.br\/"},{"@type":"ListItem","position":2,"name":"Vit\u00f3ria! Hotel de luxo de grupo portugu\u00eas n\u00e3o ser\u00e1 mais constru\u00eddo em terra ind\u00edgena na Bahia"}]},{"@type":"WebSite","@id":"https:\/\/psol50.org.br\/#website","url":"https:\/\/psol50.org.br\/","name":"PSOL 50","description":"Site oficial do Partido Socialismo e Liberdade","publisher":{"@id":"https:\/\/psol50.org.br\/#organization"},"alternateName":"PSOL50","potentialAction":[{"@type":"SearchAction","target":{"@type":"EntryPoint","urlTemplate":"https:\/\/psol50.org.br\/?s={search_term_string}"},"query-input":{"@type":"PropertyValueSpecification","valueRequired":true,"valueName":"search_term_string"}}],"inLanguage":"pt-BR"},{"@type":"Organization","@id":"https:\/\/psol50.org.br\/#organization","name":"PSOL 50","alternateName":"PSOL 50","url":"https:\/\/psol50.org.br\/","logo":{"@type":"ImageObject","inLanguage":"pt-BR","@id":"https:\/\/psol50.org.br\/#\/schema\/logo\/image\/","url":"https:\/\/psol50.org.br\/inc\/uploads\/2018\/07\/capa.png","contentUrl":"https:\/\/psol50.org.br\/inc\/uploads\/2018\/07\/capa.png","width":1350,"height":900,"caption":"PSOL 50"},"image":{"@id":"https:\/\/psol50.org.br\/#\/schema\/logo\/image\/"},"sameAs":["https:\/\/www.facebook.com\/psol50","https:\/\/x.com\/psol50","https:\/\/www.instagram.com\/psol50\/","https:\/\/www.youtube.com\/channel\/UC7SnJS5o1os7a6CaiNabzcg"]},{"@type":"Person","@id":"https:\/\/psol50.org.br\/#\/schema\/person\/475dfa57d0b815993c714c2e96491fcd","name":"Comunica\u00e7\u00e3o PSOL","image":{"@type":"ImageObject","inLanguage":"pt-BR","@id":"https:\/\/psol50.org.br\/#\/schema\/person\/image\/","url":"https:\/\/secure.gravatar.com\/avatar\/b34fc4f4e468a4e51785917065a3db57b841f5c95dba6ad8c73aaf8f66f8f9bf?s=96&d=mm&r=g","contentUrl":"https:\/\/secure.gravatar.com\/avatar\/b34fc4f4e468a4e51785917065a3db57b841f5c95dba6ad8c73aaf8f66f8f9bf?s=96&d=mm&r=g","caption":"Comunica\u00e7\u00e3o PSOL"}}]}},"_links":{"self":[{"href":"https:\/\/psol50.org.br\/rest\/wp\/v2\/posts\/27012","targetHints":{"allow":["GET"]}}],"collection":[{"href":"https:\/\/psol50.org.br\/rest\/wp\/v2\/posts"}],"about":[{"href":"https:\/\/psol50.org.br\/rest\/wp\/v2\/types\/post"}],"author":[{"embeddable":true,"href":"https:\/\/psol50.org.br\/rest\/wp\/v2\/users\/2"}],"replies":[{"embeddable":true,"href":"https:\/\/psol50.org.br\/rest\/wp\/v2\/comments?post=27012"}],"version-history":[{"count":0,"href":"https:\/\/psol50.org.br\/rest\/wp\/v2\/posts\/27012\/revisions"}],"wp:featuredmedia":[{"embeddable":true,"href":"https:\/\/psol50.org.br\/rest\/wp\/v2\/media\/27013"}],"wp:attachment":[{"href":"https:\/\/psol50.org.br\/rest\/wp\/v2\/media?parent=27012"}],"wp:term":[{"taxonomy":"category","embeddable":true,"href":"https:\/\/psol50.org.br\/rest\/wp\/v2\/categories?post=27012"},{"taxonomy":"post_tag","embeddable":true,"href":"https:\/\/psol50.org.br\/rest\/wp\/v2\/tags?post=27012"}],"curies":[{"name":"wp","href":"https:\/\/api.w.org\/{rel}","templated":true}]}}