{"id":27016,"date":"2019-11-19T14:15:29","date_gmt":"2019-11-19T17:15:29","guid":{"rendered":"http:\/\/psol50.org.br\/?p=27016"},"modified":"2019-11-19T14:15:29","modified_gmt":"2019-11-19T17:15:29","slug":"abraham-weintraub-se-nega-a-responder-questionamentos-do-psol-sobre-fusao-de-capes-e-cnpq","status":"publish","type":"post","link":"https:\/\/psol50.org.br\/abraham-weintraub-se-nega-a-responder-questionamentos-do-psol-sobre-fusao-de-capes-e-cnpq\/","title":{"rendered":"Abraham Weintraub se nega a responder questionamentos do PSOL sobre fus\u00e3o de Capes e CNPq"},"content":{"rendered":"<p>As deputadas Tal\u00edria Petrone, S\u00e2mia Bomfim e o deputado Ivan Valente questionaram, por meio de requerimentos de informa\u00e7\u00e3o, o Ministro da Educa\u00e7\u00e3o, Abraham Weintraub, e o Ministro da Ci\u00eancia e Tecnologia, Marcos Pontes, sobre uma poss\u00edvel fus\u00e3o do Conselho Nacional de Desenvolvimento Cient\u00edfico e Tecnol\u00f3gico (CNPq) e a Coordena\u00e7\u00e3o de Aperfei\u00e7oamento de Pessoal de N\u00edvel Superior (Capes), como vinha sendo noticiado.<\/p>\n<p>O Ministro Marcos Pontes respondeu \u00e0s perguntas informando que essa medida n\u00e3o foi proposta do seu minist\u00e9rio e que \u201ca fus\u00e3o n\u00e3o \u00e9 a melhor alternativa\u201d, acrescentando ainda que a Capes e o CNPq \u201cpossuem campos de atua\u00e7\u00e3o e finalidades distintos\u201d.<\/p>\n<p>J\u00e1 o Ministro Abraham Weintraub, apesar de n\u00e3o responder os questionamentos, afirma que uma \u201ceventual incorpora\u00e7\u00e3o ou fus\u00e3o traria vantagens muito maiores do ponto de vista da governan\u00e7a\u201d, j\u00e1 que a \u201catual exist\u00eancia de mais de um ente de fomento, com miss\u00f5es semelhantes, vinculados a minist\u00e9rios distintos, imp\u00f5e evidentes dificuldades de governan\u00e7a quanto a aplica\u00e7\u00e3o dos recursos p\u00fablicos\u201d.<\/p>\n<p>Os requerimentos de informa\u00e7\u00e3o foram resultado de reuni\u00f5es dos mandatos parlamentares com as entidades de pesquisa, movimentos sociais e sindicatos.<\/p>\n<p>Voc\u00ea pode conferir a resposta do <a href=\"http:\/\/psol50.org.br\/inc\/uploads\/2019\/11\/RIC-1372_2019-Tali\u0301ra-PetroneSa\u0302mia-BonfimIvan-Valente_CIT.pdf\">Ministro da Ci\u00eancia e Tecnologia aqui<\/a>\u00a0e\u00a0do <a href=\"http:\/\/psol50.org.br\/inc\/uploads\/2019\/11\/RIC-1371_2019-Tali\u0301ra-PetroneSa\u0302mia-Bonfim-e-Ivan-Valente.pdf\">Ministro da Educa\u00e7\u00e3o aqui<\/a>.<\/p>\n","protected":false},"excerpt":{"rendered":"<p>As deputadas Tal\u00edria Petrone, S\u00e2mia Bomfim e o deputado Ivan Valente questionaram, por meio de requerimentos de informa\u00e7\u00e3o, o Ministro da Educa\u00e7\u00e3o, Abraham Weintraub, e o Ministro da Ci\u00eancia e Tecnologia, Marcos Pontes, sobre uma poss\u00edvel fus\u00e3o do Conselho Nacional de Desenvolvimento Cient\u00edfico e Tecnol\u00f3gico (CNPq) e a Coordena\u00e7\u00e3o de Aperfei\u00e7oamento de Pessoal de N\u00edvel [&hellip;]<\/p>\n","protected":false},"author":2,"featured_media":25381,"comment_status":"closed","ping_status":"open","sticky":false,"template":"","format":"standard","meta":{"_acf_changed":false,"footnotes":""},"categories":[6],"tags":[402,450,440,164,1951,93],"class_list":{"0":"post-27016","1":"post","2":"type-post","3":"status-publish","4":"format-standard","5":"has-post-thumbnail","7":"category-noticias","8":"tag-capes","9":"tag-ciencia-e-tecnologia","10":"tag-cnpq","11":"tag-educacao","12":"tag-marcos-pontes","13":"tag-weintraub"},"acf":[],"yoast_head":"<!-- This site is optimized with the Yoast SEO plugin v26.5 - https:\/\/yoast.com\/wordpress\/plugins\/seo\/ -->\n<title>Abraham Weintraub se nega a responder questionamentos do PSOL sobre fus\u00e3o de Capes e CNPq<\/title>\n<meta name=\"description\" content=\"Marcos Pontes, da Ci\u00eancia e Tecnologia, discordou da necessidade da fus\u00e3o.\" \/>\n<meta name=\"robots\" content=\"index, follow, max-snippet:-1, max-image-preview:large, max-video-preview:-1\" \/>\n<link rel=\"canonical\" href=\"https:\/\/psol50.org.br\/abraham-weintraub-se-nega-a-responder-questionamentos-do-psol-sobre-fusao-de-capes-e-cnpq\/\" \/>\n<meta property=\"og:locale\" content=\"pt_BR\" \/>\n<meta property=\"og:type\" content=\"article\" \/>\n<meta property=\"og:title\" content=\"Abraham Weintraub se nega a responder questionamentos do PSOL sobre fus\u00e3o de Capes e CNPq\" \/>\n<meta property=\"og:description\" content=\"Marcos Pontes, da Ci\u00eancia e Tecnologia, discordou da necessidade da fus\u00e3o.\" \/>\n<meta property=\"og:url\" content=\"https:\/\/psol50.org.br\/abraham-weintraub-se-nega-a-responder-questionamentos-do-psol-sobre-fusao-de-capes-e-cnpq\/\" \/>\n<meta property=\"og:site_name\" content=\"PSOL 50\" \/>\n<meta property=\"article:publisher\" content=\"https:\/\/www.facebook.com\/psol50\" \/>\n<meta property=\"article:published_time\" content=\"2019-11-19T17:15:29+00:00\" \/>\n<meta property=\"og:image\" content=\"https:\/\/psol50.org.br\/inc\/uploads\/2019\/05\/AbrahamWeintraub.MarceloCamargo.Abr_.jpg\" \/>\n\t<meta property=\"og:image:width\" content=\"1140\" \/>\n\t<meta property=\"og:image:height\" content=\"760\" \/>\n\t<meta property=\"og:image:type\" content=\"image\/jpeg\" \/>\n<meta name=\"author\" content=\"Comunica\u00e7\u00e3o PSOL\" \/>\n<meta name=\"twitter:card\" content=\"summary_large_image\" \/>\n<meta name=\"twitter:title\" content=\"Abraham Weintraub se nega a responder questionamentos do PSOL sobre fus\u00e3o de Capes e CNPq\" \/>\n<meta name=\"twitter:description\" content=\"Marcos Pontes, da Ci\u00eancia e Tecnologia, discordou da necessidade da fus\u00e3o.\" \/>\n<meta name=\"twitter:image\" content=\"https:\/\/psol50.org.br\/inc\/uploads\/2019\/05\/AbrahamWeintraub.MarceloCamargo.Abr_.jpg\" \/>\n<meta name=\"twitter:creator\" content=\"@psol50\" \/>\n<meta name=\"twitter:site\" content=\"@psol50\" \/>\n<meta name=\"twitter:label1\" content=\"Escrito por\" \/>\n\t<meta name=\"twitter:data1\" content=\"Comunica\u00e7\u00e3o PSOL\" \/>\n\t<meta name=\"twitter:label2\" content=\"Est. tempo de leitura\" \/>\n\t<meta name=\"twitter:data2\" content=\"1 minuto\" \/>\n<script type=\"application\/ld+json\" class=\"yoast-schema-graph\">{\"@context\":\"https:\/\/schema.org\",\"@graph\":[{\"@type\":\"Article\",\"@id\":\"https:\/\/psol50.org.br\/abraham-weintraub-se-nega-a-responder-questionamentos-do-psol-sobre-fusao-de-capes-e-cnpq\/#article\",\"isPartOf\":{\"@id\":\"https:\/\/psol50.org.br\/abraham-weintraub-se-nega-a-responder-questionamentos-do-psol-sobre-fusao-de-capes-e-cnpq\/\"},\"author\":{\"name\":\"Comunica\u00e7\u00e3o PSOL\",\"@id\":\"https:\/\/psol50.org.br\/#\/schema\/person\/475dfa57d0b815993c714c2e96491fcd\"},\"headline\":\"Abraham Weintraub se nega a responder questionamentos do PSOL sobre fus\u00e3o de Capes e CNPq\",\"datePublished\":\"2019-11-19T17:15:29+00:00\",\"mainEntityOfPage\":{\"@id\":\"https:\/\/psol50.org.br\/abraham-weintraub-se-nega-a-responder-questionamentos-do-psol-sobre-fusao-de-capes-e-cnpq\/\"},\"wordCount\":245,\"publisher\":{\"@id\":\"https:\/\/psol50.org.br\/#organization\"},\"image\":{\"@id\":\"https:\/\/psol50.org.br\/abraham-weintraub-se-nega-a-responder-questionamentos-do-psol-sobre-fusao-de-capes-e-cnpq\/#primaryimage\"},\"thumbnailUrl\":\"https:\/\/psol50.org.br\/inc\/uploads\/2019\/05\/AbrahamWeintraub.MarceloCamargo.Abr_.jpg\",\"keywords\":[\"Capes\",\"ci\u00eancia e tecnologia\",\"CNPq\",\"Educa\u00e7\u00e3o\",\"marcos pontes\",\"weintraub\"],\"articleSection\":[\"Not\u00edcias\"],\"inLanguage\":\"pt-BR\"},{\"@type\":\"WebPage\",\"@id\":\"https:\/\/psol50.org.br\/abraham-weintraub-se-nega-a-responder-questionamentos-do-psol-sobre-fusao-de-capes-e-cnpq\/\",\"url\":\"https:\/\/psol50.org.br\/abraham-weintraub-se-nega-a-responder-questionamentos-do-psol-sobre-fusao-de-capes-e-cnpq\/\",\"name\":\"Abraham Weintraub se nega a responder questionamentos do PSOL sobre fus\u00e3o de Capes e CNPq\",\"isPartOf\":{\"@id\":\"https:\/\/psol50.org.br\/#website\"},\"primaryImageOfPage\":{\"@id\":\"https:\/\/psol50.org.br\/abraham-weintraub-se-nega-a-responder-questionamentos-do-psol-sobre-fusao-de-capes-e-cnpq\/#primaryimage\"},\"image\":{\"@id\":\"https:\/\/psol50.org.br\/abraham-weintraub-se-nega-a-responder-questionamentos-do-psol-sobre-fusao-de-capes-e-cnpq\/#primaryimage\"},\"thumbnailUrl\":\"https:\/\/psol50.org.br\/inc\/uploads\/2019\/05\/AbrahamWeintraub.MarceloCamargo.Abr_.jpg\",\"datePublished\":\"2019-11-19T17:15:29+00:00\",\"description\":\"Marcos Pontes, da Ci\u00eancia e Tecnologia, discordou da necessidade da fus\u00e3o.\",\"breadcrumb\":{\"@id\":\"https:\/\/psol50.org.br\/abraham-weintraub-se-nega-a-responder-questionamentos-do-psol-sobre-fusao-de-capes-e-cnpq\/#breadcrumb\"},\"inLanguage\":\"pt-BR\",\"potentialAction\":[{\"@type\":\"ReadAction\",\"target\":[\"https:\/\/psol50.org.br\/abraham-weintraub-se-nega-a-responder-questionamentos-do-psol-sobre-fusao-de-capes-e-cnpq\/\"]}]},{\"@type\":\"ImageObject\",\"inLanguage\":\"pt-BR\",\"@id\":\"https:\/\/psol50.org.br\/abraham-weintraub-se-nega-a-responder-questionamentos-do-psol-sobre-fusao-de-capes-e-cnpq\/#primaryimage\",\"url\":\"https:\/\/psol50.org.br\/inc\/uploads\/2019\/05\/AbrahamWeintraub.MarceloCamargo.Abr_.jpg\",\"contentUrl\":\"https:\/\/psol50.org.br\/inc\/uploads\/2019\/05\/AbrahamWeintraub.MarceloCamargo.Abr_.jpg\",\"width\":1140,\"height\":760,\"caption\":\"Marcelo Camargo \/ Ag\u00eancia Brasil\"},{\"@type\":\"BreadcrumbList\",\"@id\":\"https:\/\/psol50.org.br\/abraham-weintraub-se-nega-a-responder-questionamentos-do-psol-sobre-fusao-de-capes-e-cnpq\/#breadcrumb\",\"itemListElement\":[{\"@type\":\"ListItem\",\"position\":1,\"name\":\"In\u00edcio\",\"item\":\"https:\/\/psol50.org.br\/\"},{\"@type\":\"ListItem\",\"position\":2,\"name\":\"Abraham Weintraub se nega a responder questionamentos do PSOL sobre fus\u00e3o de Capes e CNPq\"}]},{\"@type\":\"WebSite\",\"@id\":\"https:\/\/psol50.org.br\/#website\",\"url\":\"https:\/\/psol50.org.br\/\",\"name\":\"PSOL 50\",\"description\":\"Site oficial do Partido Socialismo e Liberdade\",\"publisher\":{\"@id\":\"https:\/\/psol50.org.br\/#organization\"},\"alternateName\":\"PSOL50\",\"potentialAction\":[{\"@type\":\"SearchAction\",\"target\":{\"@type\":\"EntryPoint\",\"urlTemplate\":\"https:\/\/psol50.org.br\/?s={search_term_string}\"},\"query-input\":{\"@type\":\"PropertyValueSpecification\",\"valueRequired\":true,\"valueName\":\"search_term_string\"}}],\"inLanguage\":\"pt-BR\"},{\"@type\":\"Organization\",\"@id\":\"https:\/\/psol50.org.br\/#organization\",\"name\":\"PSOL 50\",\"alternateName\":\"PSOL 50\",\"url\":\"https:\/\/psol50.org.br\/\",\"logo\":{\"@type\":\"ImageObject\",\"inLanguage\":\"pt-BR\",\"@id\":\"https:\/\/psol50.org.br\/#\/schema\/logo\/image\/\",\"url\":\"https:\/\/psol50.org.br\/inc\/uploads\/2018\/07\/capa.png\",\"contentUrl\":\"https:\/\/psol50.org.br\/inc\/uploads\/2018\/07\/capa.png\",\"width\":1350,\"height\":900,\"caption\":\"PSOL 50\"},\"image\":{\"@id\":\"https:\/\/psol50.org.br\/#\/schema\/logo\/image\/\"},\"sameAs\":[\"https:\/\/www.facebook.com\/psol50\",\"https:\/\/x.com\/psol50\",\"https:\/\/www.instagram.com\/psol50\/\",\"https:\/\/www.youtube.com\/channel\/UC7SnJS5o1os7a6CaiNabzcg\"]},{\"@type\":\"Person\",\"@id\":\"https:\/\/psol50.org.br\/#\/schema\/person\/475dfa57d0b815993c714c2e96491fcd\",\"name\":\"Comunica\u00e7\u00e3o PSOL\",\"image\":{\"@type\":\"ImageObject\",\"inLanguage\":\"pt-BR\",\"@id\":\"https:\/\/psol50.org.br\/#\/schema\/person\/image\/\",\"url\":\"https:\/\/secure.gravatar.com\/avatar\/b34fc4f4e468a4e51785917065a3db57b841f5c95dba6ad8c73aaf8f66f8f9bf?s=96&d=mm&r=g\",\"contentUrl\":\"https:\/\/secure.gravatar.com\/avatar\/b34fc4f4e468a4e51785917065a3db57b841f5c95dba6ad8c73aaf8f66f8f9bf?s=96&d=mm&r=g\",\"caption\":\"Comunica\u00e7\u00e3o PSOL\"}}]}<\/script>\n<!-- \/ Yoast SEO plugin. -->","yoast_head_json":{"title":"Abraham Weintraub se nega a responder questionamentos do PSOL sobre fus\u00e3o de Capes e CNPq","description":"Marcos Pontes, da Ci\u00eancia e Tecnologia, discordou da necessidade da fus\u00e3o.","robots":{"index":"index","follow":"follow","max-snippet":"max-snippet:-1","max-image-preview":"max-image-preview:large","max-video-preview":"max-video-preview:-1"},"canonical":"https:\/\/psol50.org.br\/abraham-weintraub-se-nega-a-responder-questionamentos-do-psol-sobre-fusao-de-capes-e-cnpq\/","og_locale":"pt_BR","og_type":"article","og_title":"Abraham Weintraub se nega a responder questionamentos do PSOL sobre fus\u00e3o de Capes e CNPq","og_description":"Marcos Pontes, da Ci\u00eancia e Tecnologia, discordou da necessidade da fus\u00e3o.","og_url":"https:\/\/psol50.org.br\/abraham-weintraub-se-nega-a-responder-questionamentos-do-psol-sobre-fusao-de-capes-e-cnpq\/","og_site_name":"PSOL 50","article_publisher":"https:\/\/www.facebook.com\/psol50","article_published_time":"2019-11-19T17:15:29+00:00","og_image":[{"width":1140,"height":760,"url":"https:\/\/psol50.org.br\/inc\/uploads\/2019\/05\/AbrahamWeintraub.MarceloCamargo.Abr_.jpg","type":"image\/jpeg"}],"author":"Comunica\u00e7\u00e3o PSOL","twitter_card":"summary_large_image","twitter_title":"Abraham Weintraub se nega a responder questionamentos do PSOL sobre fus\u00e3o de Capes e CNPq","twitter_description":"Marcos Pontes, da Ci\u00eancia e Tecnologia, discordou da necessidade da fus\u00e3o.","twitter_image":"https:\/\/psol50.org.br\/inc\/uploads\/2019\/05\/AbrahamWeintraub.MarceloCamargo.Abr_.jpg","twitter_creator":"@psol50","twitter_site":"@psol50","twitter_misc":{"Escrito por":"Comunica\u00e7\u00e3o PSOL","Est. tempo de leitura":"1 minuto"},"schema":{"@context":"https:\/\/schema.org","@graph":[{"@type":"Article","@id":"https:\/\/psol50.org.br\/abraham-weintraub-se-nega-a-responder-questionamentos-do-psol-sobre-fusao-de-capes-e-cnpq\/#article","isPartOf":{"@id":"https:\/\/psol50.org.br\/abraham-weintraub-se-nega-a-responder-questionamentos-do-psol-sobre-fusao-de-capes-e-cnpq\/"},"author":{"name":"Comunica\u00e7\u00e3o PSOL","@id":"https:\/\/psol50.org.br\/#\/schema\/person\/475dfa57d0b815993c714c2e96491fcd"},"headline":"Abraham Weintraub se nega a responder questionamentos do PSOL sobre fus\u00e3o de Capes e CNPq","datePublished":"2019-11-19T17:15:29+00:00","mainEntityOfPage":{"@id":"https:\/\/psol50.org.br\/abraham-weintraub-se-nega-a-responder-questionamentos-do-psol-sobre-fusao-de-capes-e-cnpq\/"},"wordCount":245,"publisher":{"@id":"https:\/\/psol50.org.br\/#organization"},"image":{"@id":"https:\/\/psol50.org.br\/abraham-weintraub-se-nega-a-responder-questionamentos-do-psol-sobre-fusao-de-capes-e-cnpq\/#primaryimage"},"thumbnailUrl":"https:\/\/psol50.org.br\/inc\/uploads\/2019\/05\/AbrahamWeintraub.MarceloCamargo.Abr_.jpg","keywords":["Capes","ci\u00eancia e tecnologia","CNPq","Educa\u00e7\u00e3o","marcos pontes","weintraub"],"articleSection":["Not\u00edcias"],"inLanguage":"pt-BR"},{"@type":"WebPage","@id":"https:\/\/psol50.org.br\/abraham-weintraub-se-nega-a-responder-questionamentos-do-psol-sobre-fusao-de-capes-e-cnpq\/","url":"https:\/\/psol50.org.br\/abraham-weintraub-se-nega-a-responder-questionamentos-do-psol-sobre-fusao-de-capes-e-cnpq\/","name":"Abraham Weintraub se nega a responder questionamentos do PSOL sobre fus\u00e3o de Capes e CNPq","isPartOf":{"@id":"https:\/\/psol50.org.br\/#website"},"primaryImageOfPage":{"@id":"https:\/\/psol50.org.br\/abraham-weintraub-se-nega-a-responder-questionamentos-do-psol-sobre-fusao-de-capes-e-cnpq\/#primaryimage"},"image":{"@id":"https:\/\/psol50.org.br\/abraham-weintraub-se-nega-a-responder-questionamentos-do-psol-sobre-fusao-de-capes-e-cnpq\/#primaryimage"},"thumbnailUrl":"https:\/\/psol50.org.br\/inc\/uploads\/2019\/05\/AbrahamWeintraub.MarceloCamargo.Abr_.jpg","datePublished":"2019-11-19T17:15:29+00:00","description":"Marcos Pontes, da Ci\u00eancia e Tecnologia, discordou da necessidade da fus\u00e3o.","breadcrumb":{"@id":"https:\/\/psol50.org.br\/abraham-weintraub-se-nega-a-responder-questionamentos-do-psol-sobre-fusao-de-capes-e-cnpq\/#breadcrumb"},"inLanguage":"pt-BR","potentialAction":[{"@type":"ReadAction","target":["https:\/\/psol50.org.br\/abraham-weintraub-se-nega-a-responder-questionamentos-do-psol-sobre-fusao-de-capes-e-cnpq\/"]}]},{"@type":"ImageObject","inLanguage":"pt-BR","@id":"https:\/\/psol50.org.br\/abraham-weintraub-se-nega-a-responder-questionamentos-do-psol-sobre-fusao-de-capes-e-cnpq\/#primaryimage","url":"https:\/\/psol50.org.br\/inc\/uploads\/2019\/05\/AbrahamWeintraub.MarceloCamargo.Abr_.jpg","contentUrl":"https:\/\/psol50.org.br\/inc\/uploads\/2019\/05\/AbrahamWeintraub.MarceloCamargo.Abr_.jpg","width":1140,"height":760,"caption":"Marcelo Camargo \/ Ag\u00eancia Brasil"},{"@type":"BreadcrumbList","@id":"https:\/\/psol50.org.br\/abraham-weintraub-se-nega-a-responder-questionamentos-do-psol-sobre-fusao-de-capes-e-cnpq\/#breadcrumb","itemListElement":[{"@type":"ListItem","position":1,"name":"In\u00edcio","item":"https:\/\/psol50.org.br\/"},{"@type":"ListItem","position":2,"name":"Abraham Weintraub se nega a responder questionamentos do PSOL sobre fus\u00e3o de Capes e CNPq"}]},{"@type":"WebSite","@id":"https:\/\/psol50.org.br\/#website","url":"https:\/\/psol50.org.br\/","name":"PSOL 50","description":"Site oficial do Partido Socialismo e Liberdade","publisher":{"@id":"https:\/\/psol50.org.br\/#organization"},"alternateName":"PSOL50","potentialAction":[{"@type":"SearchAction","target":{"@type":"EntryPoint","urlTemplate":"https:\/\/psol50.org.br\/?s={search_term_string}"},"query-input":{"@type":"PropertyValueSpecification","valueRequired":true,"valueName":"search_term_string"}}],"inLanguage":"pt-BR"},{"@type":"Organization","@id":"https:\/\/psol50.org.br\/#organization","name":"PSOL 50","alternateName":"PSOL 50","url":"https:\/\/psol50.org.br\/","logo":{"@type":"ImageObject","inLanguage":"pt-BR","@id":"https:\/\/psol50.org.br\/#\/schema\/logo\/image\/","url":"https:\/\/psol50.org.br\/inc\/uploads\/2018\/07\/capa.png","contentUrl":"https:\/\/psol50.org.br\/inc\/uploads\/2018\/07\/capa.png","width":1350,"height":900,"caption":"PSOL 50"},"image":{"@id":"https:\/\/psol50.org.br\/#\/schema\/logo\/image\/"},"sameAs":["https:\/\/www.facebook.com\/psol50","https:\/\/x.com\/psol50","https:\/\/www.instagram.com\/psol50\/","https:\/\/www.youtube.com\/channel\/UC7SnJS5o1os7a6CaiNabzcg"]},{"@type":"Person","@id":"https:\/\/psol50.org.br\/#\/schema\/person\/475dfa57d0b815993c714c2e96491fcd","name":"Comunica\u00e7\u00e3o PSOL","image":{"@type":"ImageObject","inLanguage":"pt-BR","@id":"https:\/\/psol50.org.br\/#\/schema\/person\/image\/","url":"https:\/\/secure.gravatar.com\/avatar\/b34fc4f4e468a4e51785917065a3db57b841f5c95dba6ad8c73aaf8f66f8f9bf?s=96&d=mm&r=g","contentUrl":"https:\/\/secure.gravatar.com\/avatar\/b34fc4f4e468a4e51785917065a3db57b841f5c95dba6ad8c73aaf8f66f8f9bf?s=96&d=mm&r=g","caption":"Comunica\u00e7\u00e3o PSOL"}}]}},"_links":{"self":[{"href":"https:\/\/psol50.org.br\/rest\/wp\/v2\/posts\/27016","targetHints":{"allow":["GET"]}}],"collection":[{"href":"https:\/\/psol50.org.br\/rest\/wp\/v2\/posts"}],"about":[{"href":"https:\/\/psol50.org.br\/rest\/wp\/v2\/types\/post"}],"author":[{"embeddable":true,"href":"https:\/\/psol50.org.br\/rest\/wp\/v2\/users\/2"}],"replies":[{"embeddable":true,"href":"https:\/\/psol50.org.br\/rest\/wp\/v2\/comments?post=27016"}],"version-history":[{"count":0,"href":"https:\/\/psol50.org.br\/rest\/wp\/v2\/posts\/27016\/revisions"}],"wp:featuredmedia":[{"embeddable":true,"href":"https:\/\/psol50.org.br\/rest\/wp\/v2\/media\/25381"}],"wp:attachment":[{"href":"https:\/\/psol50.org.br\/rest\/wp\/v2\/media?parent=27016"}],"wp:term":[{"taxonomy":"category","embeddable":true,"href":"https:\/\/psol50.org.br\/rest\/wp\/v2\/categories?post=27016"},{"taxonomy":"post_tag","embeddable":true,"href":"https:\/\/psol50.org.br\/rest\/wp\/v2\/tags?post=27016"}],"curies":[{"name":"wp","href":"https:\/\/api.w.org\/{rel}","templated":true}]}}