{"id":2702,"date":"2014-04-23T00:00:00","date_gmt":"2014-04-23T12:43:05","guid":{"rendered":"http:\/\/psol50.org.br\/arquivo\/2014\/04\/23\/jean-wyllys-participa-de-conferencia-da-onu-sobre-populacao-e-desenvolvimento\/"},"modified":"2014-04-23T00:00:00","modified_gmt":"2014-04-23T12:43:05","slug":"jean-wyllys-participa-de-conferencia-da-onu-sobre-populacao-e-desenvolvimento","status":"publish","type":"post","link":"https:\/\/psol50.org.br\/jean-wyllys-participa-de-conferencia-da-onu-sobre-populacao-e-desenvolvimento\/","title":{"rendered":"Jean Wyllys participa de confer\u00eancia da ONU sobre popula\u00e7\u00e3o e desenvolvimento"},"content":{"rendered":"<p>\n\t<span style=\"font-size:12px;\"><span style=\"font-family:arial,helvetica,sans-serif;\">O deputado Jean Wyllys, nesta semana, participa da Confer\u00eancia Parlamentar Internacional, parte da Confer\u00eancia Internacional sobre Popula\u00e7\u00e3o e Desenvolvimento, em Estocolmo, na Su\u00e9cia. Representando o parlamento brasileiro a convite do Fundo de Popula\u00e7\u00e3o das Na\u00e7\u00f5es Unidas, ag\u00eancia das Organiza\u00e7\u00e3o das Na\u00e7\u00f5es Unidas, Jean Wyllys integra&nbsp;grupo formado por parlamentares de 179 pa\u00edses, respons\u00e1veis pela implementa\u00e7\u00e3o dos pontos constantes do Programa de A\u00e7\u00e3o do Cairo, estabelecido h\u00e1 vinte anos.<\/p>\n<p>\tO Programa de A\u00e7\u00e3o do Cairo,&nbsp;do qual o Brasil \u00e9 signat\u00e1rio,&nbsp;instituiu internacionalmente as bases para uma vis\u00e3o de desenvolvimento fundada na import\u00e2ncia das pessoas como sujeitos de direito. Estabelece o compromisso dos pa\u00edses signat\u00e1rios em reduzir a pobreza, as desigualdades sociais e econ\u00f4micas, a prote\u00e7\u00e3o da sa\u00fade e dos direitos das mulheres, homens, meninas, meninos, incluindo a sa\u00fade sexual e reprodutiva e a igualdade de g\u00eanero, como forma de garantir vida com dignidade, prote\u00e7\u00e3o do meio ambiente e desenvolvimento sustent\u00e1vel.<\/p>\n<p>\tSaiba mais sobre o programa: <a href=\"http:\/\/www.unfpa.org.br\/novo\/index.php\/cipd-alem-de-2014\">http:\/\/www.unfpa.org.br\/novo\/index.php\/cipd-alem-de-2014<\/a> &nbsp;<br \/>\n\t&nbsp;<br \/>\n\t&nbsp;<br \/>\n\tFonte: Site deputado Jean Wyllys <a href=\"http:\/\/www.jeanwyllys.com.br\/\">www.jeanwyllys.com.br<\/a><br \/>\n\t&nbsp;<\/span><\/span><\/p>\n","protected":false},"excerpt":{"rendered":"<p>Deputado integra comitiva de parlamentares de 179 pa\u00edses em evento internacional que acontece na Su\u00e9cia<\/p>\n","protected":false},"author":2,"featured_media":0,"comment_status":"open","ping_status":"open","sticky":false,"template":"","format":"standard","meta":{"_acf_changed":false,"footnotes":""},"categories":[10,4766,6],"tags":[],"class_list":{"0":"post-2702","1":"post","2":"type-post","3":"status-publish","4":"format-standard","6":"category-acao-parlamentares","7":"category-arquivo","8":"category-noticias"},"acf":[],"yoast_head":"<!-- This site is optimized with the Yoast SEO plugin v26.5 - https:\/\/yoast.com\/wordpress\/plugins\/seo\/ -->\n<title>Jean Wyllys participa de confer\u00eancia da ONU sobre popula\u00e7\u00e3o e desenvolvimento - PSOL 50<\/title>\n<meta name=\"robots\" content=\"index, follow, max-snippet:-1, max-image-preview:large, max-video-preview:-1\" \/>\n<link rel=\"canonical\" href=\"https:\/\/psol50.org.br\/jean-wyllys-participa-de-conferencia-da-onu-sobre-populacao-e-desenvolvimento\/\" \/>\n<meta property=\"og:locale\" content=\"pt_BR\" \/>\n<meta property=\"og:type\" content=\"article\" \/>\n<meta property=\"og:title\" content=\"Jean Wyllys participa de confer\u00eancia da ONU sobre popula\u00e7\u00e3o e desenvolvimento - PSOL 50\" \/>\n<meta property=\"og:description\" content=\"Deputado integra comitiva de parlamentares de 179 pa\u00edses em evento internacional que acontece na Su\u00e9cia\" \/>\n<meta property=\"og:url\" content=\"https:\/\/psol50.org.br\/jean-wyllys-participa-de-conferencia-da-onu-sobre-populacao-e-desenvolvimento\/\" \/>\n<meta property=\"og:site_name\" content=\"PSOL 50\" \/>\n<meta property=\"article:publisher\" content=\"https:\/\/www.facebook.com\/psol50\" \/>\n<meta property=\"article:published_time\" content=\"2014-04-23T12:43:05+00:00\" \/>\n<meta property=\"og:image\" content=\"https:\/\/psol50.org.br\/inc\/uploads\/2018\/07\/capa.png\" \/>\n\t<meta property=\"og:image:width\" content=\"1350\" \/>\n\t<meta property=\"og:image:height\" content=\"900\" \/>\n\t<meta property=\"og:image:type\" content=\"image\/png\" \/>\n<meta name=\"author\" content=\"Comunica\u00e7\u00e3o PSOL\" \/>\n<meta name=\"twitter:card\" content=\"summary_large_image\" \/>\n<meta name=\"twitter:creator\" content=\"@psol50\" \/>\n<meta name=\"twitter:site\" content=\"@psol50\" \/>\n<meta name=\"twitter:label1\" content=\"Escrito por\" \/>\n\t<meta name=\"twitter:data1\" content=\"Comunica\u00e7\u00e3o PSOL\" \/>\n\t<meta name=\"twitter:label2\" content=\"Est. tempo de leitura\" \/>\n\t<meta name=\"twitter:data2\" content=\"1 minuto\" \/>\n<script type=\"application\/ld+json\" class=\"yoast-schema-graph\">{\"@context\":\"https:\/\/schema.org\",\"@graph\":[{\"@type\":\"Article\",\"@id\":\"https:\/\/psol50.org.br\/jean-wyllys-participa-de-conferencia-da-onu-sobre-populacao-e-desenvolvimento\/#article\",\"isPartOf\":{\"@id\":\"https:\/\/psol50.org.br\/jean-wyllys-participa-de-conferencia-da-onu-sobre-populacao-e-desenvolvimento\/\"},\"author\":{\"name\":\"Comunica\u00e7\u00e3o PSOL\",\"@id\":\"https:\/\/psol50.org.br\/#\/schema\/person\/475dfa57d0b815993c714c2e96491fcd\"},\"headline\":\"Jean Wyllys participa de confer\u00eancia da ONU sobre popula\u00e7\u00e3o e desenvolvimento\",\"datePublished\":\"2014-04-23T12:43:05+00:00\",\"mainEntityOfPage\":{\"@id\":\"https:\/\/psol50.org.br\/jean-wyllys-participa-de-conferencia-da-onu-sobre-populacao-e-desenvolvimento\/\"},\"wordCount\":217,\"commentCount\":0,\"publisher\":{\"@id\":\"https:\/\/psol50.org.br\/#organization\"},\"articleSection\":[\"A\u00e7\u00e3o Parlamentar\",\"Arquivo\",\"Not\u00edcias\"],\"inLanguage\":\"pt-BR\",\"potentialAction\":[{\"@type\":\"CommentAction\",\"name\":\"Comment\",\"target\":[\"https:\/\/psol50.org.br\/jean-wyllys-participa-de-conferencia-da-onu-sobre-populacao-e-desenvolvimento\/#respond\"]}]},{\"@type\":\"WebPage\",\"@id\":\"https:\/\/psol50.org.br\/jean-wyllys-participa-de-conferencia-da-onu-sobre-populacao-e-desenvolvimento\/\",\"url\":\"https:\/\/psol50.org.br\/jean-wyllys-participa-de-conferencia-da-onu-sobre-populacao-e-desenvolvimento\/\",\"name\":\"Jean Wyllys participa de confer\u00eancia da ONU sobre popula\u00e7\u00e3o e desenvolvimento - PSOL 50\",\"isPartOf\":{\"@id\":\"https:\/\/psol50.org.br\/#website\"},\"datePublished\":\"2014-04-23T12:43:05+00:00\",\"breadcrumb\":{\"@id\":\"https:\/\/psol50.org.br\/jean-wyllys-participa-de-conferencia-da-onu-sobre-populacao-e-desenvolvimento\/#breadcrumb\"},\"inLanguage\":\"pt-BR\",\"potentialAction\":[{\"@type\":\"ReadAction\",\"target\":[\"https:\/\/psol50.org.br\/jean-wyllys-participa-de-conferencia-da-onu-sobre-populacao-e-desenvolvimento\/\"]}]},{\"@type\":\"BreadcrumbList\",\"@id\":\"https:\/\/psol50.org.br\/jean-wyllys-participa-de-conferencia-da-onu-sobre-populacao-e-desenvolvimento\/#breadcrumb\",\"itemListElement\":[{\"@type\":\"ListItem\",\"position\":1,\"name\":\"In\u00edcio\",\"item\":\"https:\/\/psol50.org.br\/\"},{\"@type\":\"ListItem\",\"position\":2,\"name\":\"Jean Wyllys participa de confer\u00eancia da ONU sobre popula\u00e7\u00e3o e desenvolvimento\"}]},{\"@type\":\"WebSite\",\"@id\":\"https:\/\/psol50.org.br\/#website\",\"url\":\"https:\/\/psol50.org.br\/\",\"name\":\"PSOL 50\",\"description\":\"Site oficial do Partido Socialismo e Liberdade\",\"publisher\":{\"@id\":\"https:\/\/psol50.org.br\/#organization\"},\"alternateName\":\"PSOL50\",\"potentialAction\":[{\"@type\":\"SearchAction\",\"target\":{\"@type\":\"EntryPoint\",\"urlTemplate\":\"https:\/\/psol50.org.br\/?s={search_term_string}\"},\"query-input\":{\"@type\":\"PropertyValueSpecification\",\"valueRequired\":true,\"valueName\":\"search_term_string\"}}],\"inLanguage\":\"pt-BR\"},{\"@type\":\"Organization\",\"@id\":\"https:\/\/psol50.org.br\/#organization\",\"name\":\"PSOL 50\",\"alternateName\":\"PSOL 50\",\"url\":\"https:\/\/psol50.org.br\/\",\"logo\":{\"@type\":\"ImageObject\",\"inLanguage\":\"pt-BR\",\"@id\":\"https:\/\/psol50.org.br\/#\/schema\/logo\/image\/\",\"url\":\"https:\/\/psol50.org.br\/inc\/uploads\/2018\/07\/capa.png\",\"contentUrl\":\"https:\/\/psol50.org.br\/inc\/uploads\/2018\/07\/capa.png\",\"width\":1350,\"height\":900,\"caption\":\"PSOL 50\"},\"image\":{\"@id\":\"https:\/\/psol50.org.br\/#\/schema\/logo\/image\/\"},\"sameAs\":[\"https:\/\/www.facebook.com\/psol50\",\"https:\/\/x.com\/psol50\",\"https:\/\/www.instagram.com\/psol50\/\",\"https:\/\/www.youtube.com\/channel\/UC7SnJS5o1os7a6CaiNabzcg\"]},{\"@type\":\"Person\",\"@id\":\"https:\/\/psol50.org.br\/#\/schema\/person\/475dfa57d0b815993c714c2e96491fcd\",\"name\":\"Comunica\u00e7\u00e3o PSOL\",\"image\":{\"@type\":\"ImageObject\",\"inLanguage\":\"pt-BR\",\"@id\":\"https:\/\/psol50.org.br\/#\/schema\/person\/image\/\",\"url\":\"https:\/\/secure.gravatar.com\/avatar\/b34fc4f4e468a4e51785917065a3db57b841f5c95dba6ad8c73aaf8f66f8f9bf?s=96&d=mm&r=g\",\"contentUrl\":\"https:\/\/secure.gravatar.com\/avatar\/b34fc4f4e468a4e51785917065a3db57b841f5c95dba6ad8c73aaf8f66f8f9bf?s=96&d=mm&r=g\",\"caption\":\"Comunica\u00e7\u00e3o PSOL\"}}]}<\/script>\n<!-- \/ Yoast SEO plugin. -->","yoast_head_json":{"title":"Jean Wyllys participa de confer\u00eancia da ONU sobre popula\u00e7\u00e3o e desenvolvimento - PSOL 50","robots":{"index":"index","follow":"follow","max-snippet":"max-snippet:-1","max-image-preview":"max-image-preview:large","max-video-preview":"max-video-preview:-1"},"canonical":"https:\/\/psol50.org.br\/jean-wyllys-participa-de-conferencia-da-onu-sobre-populacao-e-desenvolvimento\/","og_locale":"pt_BR","og_type":"article","og_title":"Jean Wyllys participa de confer\u00eancia da ONU sobre popula\u00e7\u00e3o e desenvolvimento - PSOL 50","og_description":"Deputado integra comitiva de parlamentares de 179 pa\u00edses em evento internacional que acontece na Su\u00e9cia","og_url":"https:\/\/psol50.org.br\/jean-wyllys-participa-de-conferencia-da-onu-sobre-populacao-e-desenvolvimento\/","og_site_name":"PSOL 50","article_publisher":"https:\/\/www.facebook.com\/psol50","article_published_time":"2014-04-23T12:43:05+00:00","og_image":[{"width":1350,"height":900,"url":"https:\/\/psol50.org.br\/inc\/uploads\/2018\/07\/capa.png","type":"image\/png"}],"author":"Comunica\u00e7\u00e3o PSOL","twitter_card":"summary_large_image","twitter_creator":"@psol50","twitter_site":"@psol50","twitter_misc":{"Escrito por":"Comunica\u00e7\u00e3o PSOL","Est. tempo de leitura":"1 minuto"},"schema":{"@context":"https:\/\/schema.org","@graph":[{"@type":"Article","@id":"https:\/\/psol50.org.br\/jean-wyllys-participa-de-conferencia-da-onu-sobre-populacao-e-desenvolvimento\/#article","isPartOf":{"@id":"https:\/\/psol50.org.br\/jean-wyllys-participa-de-conferencia-da-onu-sobre-populacao-e-desenvolvimento\/"},"author":{"name":"Comunica\u00e7\u00e3o PSOL","@id":"https:\/\/psol50.org.br\/#\/schema\/person\/475dfa57d0b815993c714c2e96491fcd"},"headline":"Jean Wyllys participa de confer\u00eancia da ONU sobre popula\u00e7\u00e3o e desenvolvimento","datePublished":"2014-04-23T12:43:05+00:00","mainEntityOfPage":{"@id":"https:\/\/psol50.org.br\/jean-wyllys-participa-de-conferencia-da-onu-sobre-populacao-e-desenvolvimento\/"},"wordCount":217,"commentCount":0,"publisher":{"@id":"https:\/\/psol50.org.br\/#organization"},"articleSection":["A\u00e7\u00e3o Parlamentar","Arquivo","Not\u00edcias"],"inLanguage":"pt-BR","potentialAction":[{"@type":"CommentAction","name":"Comment","target":["https:\/\/psol50.org.br\/jean-wyllys-participa-de-conferencia-da-onu-sobre-populacao-e-desenvolvimento\/#respond"]}]},{"@type":"WebPage","@id":"https:\/\/psol50.org.br\/jean-wyllys-participa-de-conferencia-da-onu-sobre-populacao-e-desenvolvimento\/","url":"https:\/\/psol50.org.br\/jean-wyllys-participa-de-conferencia-da-onu-sobre-populacao-e-desenvolvimento\/","name":"Jean Wyllys participa de confer\u00eancia da ONU sobre popula\u00e7\u00e3o e desenvolvimento - PSOL 50","isPartOf":{"@id":"https:\/\/psol50.org.br\/#website"},"datePublished":"2014-04-23T12:43:05+00:00","breadcrumb":{"@id":"https:\/\/psol50.org.br\/jean-wyllys-participa-de-conferencia-da-onu-sobre-populacao-e-desenvolvimento\/#breadcrumb"},"inLanguage":"pt-BR","potentialAction":[{"@type":"ReadAction","target":["https:\/\/psol50.org.br\/jean-wyllys-participa-de-conferencia-da-onu-sobre-populacao-e-desenvolvimento\/"]}]},{"@type":"BreadcrumbList","@id":"https:\/\/psol50.org.br\/jean-wyllys-participa-de-conferencia-da-onu-sobre-populacao-e-desenvolvimento\/#breadcrumb","itemListElement":[{"@type":"ListItem","position":1,"name":"In\u00edcio","item":"https:\/\/psol50.org.br\/"},{"@type":"ListItem","position":2,"name":"Jean Wyllys participa de confer\u00eancia da ONU sobre popula\u00e7\u00e3o e desenvolvimento"}]},{"@type":"WebSite","@id":"https:\/\/psol50.org.br\/#website","url":"https:\/\/psol50.org.br\/","name":"PSOL 50","description":"Site oficial do Partido Socialismo e Liberdade","publisher":{"@id":"https:\/\/psol50.org.br\/#organization"},"alternateName":"PSOL50","potentialAction":[{"@type":"SearchAction","target":{"@type":"EntryPoint","urlTemplate":"https:\/\/psol50.org.br\/?s={search_term_string}"},"query-input":{"@type":"PropertyValueSpecification","valueRequired":true,"valueName":"search_term_string"}}],"inLanguage":"pt-BR"},{"@type":"Organization","@id":"https:\/\/psol50.org.br\/#organization","name":"PSOL 50","alternateName":"PSOL 50","url":"https:\/\/psol50.org.br\/","logo":{"@type":"ImageObject","inLanguage":"pt-BR","@id":"https:\/\/psol50.org.br\/#\/schema\/logo\/image\/","url":"https:\/\/psol50.org.br\/inc\/uploads\/2018\/07\/capa.png","contentUrl":"https:\/\/psol50.org.br\/inc\/uploads\/2018\/07\/capa.png","width":1350,"height":900,"caption":"PSOL 50"},"image":{"@id":"https:\/\/psol50.org.br\/#\/schema\/logo\/image\/"},"sameAs":["https:\/\/www.facebook.com\/psol50","https:\/\/x.com\/psol50","https:\/\/www.instagram.com\/psol50\/","https:\/\/www.youtube.com\/channel\/UC7SnJS5o1os7a6CaiNabzcg"]},{"@type":"Person","@id":"https:\/\/psol50.org.br\/#\/schema\/person\/475dfa57d0b815993c714c2e96491fcd","name":"Comunica\u00e7\u00e3o PSOL","image":{"@type":"ImageObject","inLanguage":"pt-BR","@id":"https:\/\/psol50.org.br\/#\/schema\/person\/image\/","url":"https:\/\/secure.gravatar.com\/avatar\/b34fc4f4e468a4e51785917065a3db57b841f5c95dba6ad8c73aaf8f66f8f9bf?s=96&d=mm&r=g","contentUrl":"https:\/\/secure.gravatar.com\/avatar\/b34fc4f4e468a4e51785917065a3db57b841f5c95dba6ad8c73aaf8f66f8f9bf?s=96&d=mm&r=g","caption":"Comunica\u00e7\u00e3o PSOL"}}]}},"_links":{"self":[{"href":"https:\/\/psol50.org.br\/rest\/wp\/v2\/posts\/2702","targetHints":{"allow":["GET"]}}],"collection":[{"href":"https:\/\/psol50.org.br\/rest\/wp\/v2\/posts"}],"about":[{"href":"https:\/\/psol50.org.br\/rest\/wp\/v2\/types\/post"}],"author":[{"embeddable":true,"href":"https:\/\/psol50.org.br\/rest\/wp\/v2\/users\/2"}],"replies":[{"embeddable":true,"href":"https:\/\/psol50.org.br\/rest\/wp\/v2\/comments?post=2702"}],"version-history":[{"count":0,"href":"https:\/\/psol50.org.br\/rest\/wp\/v2\/posts\/2702\/revisions"}],"wp:attachment":[{"href":"https:\/\/psol50.org.br\/rest\/wp\/v2\/media?parent=2702"}],"wp:term":[{"taxonomy":"category","embeddable":true,"href":"https:\/\/psol50.org.br\/rest\/wp\/v2\/categories?post=2702"},{"taxonomy":"post_tag","embeddable":true,"href":"https:\/\/psol50.org.br\/rest\/wp\/v2\/tags?post=2702"}],"curies":[{"name":"wp","href":"https:\/\/api.w.org\/{rel}","templated":true}]}}