{"id":27034,"date":"2019-11-21T14:18:16","date_gmt":"2019-11-21T17:18:16","guid":{"rendered":"http:\/\/psol50.org.br\/?p=27034"},"modified":"2019-11-21T14:18:16","modified_gmt":"2019-11-21T17:18:16","slug":"psol-propoe-acareacao-entre-moro-guedes-e-bebianno-sobre-ida-do-ex-juiz-para-o-governo","status":"publish","type":"post","link":"https:\/\/psol50.org.br\/psol-propoe-acareacao-entre-moro-guedes-e-bebianno-sobre-ida-do-ex-juiz-para-o-governo\/","title":{"rendered":"PSOL prop\u00f5e acarea\u00e7\u00e3o entre Moro, Guedes e Bebianno sobre ida do ex-juiz para o governo"},"content":{"rendered":"<p>A bancada do PSOL est\u00e1 propondo a realiza\u00e7\u00e3o de uma acarea\u00e7\u00e3o na C\u00e2mara dos Deputados entre os ministros S\u00e9rgio Moro (Justi\u00e7a), Paulo Guedes (Economia) e o ex-secret\u00e1rio-geral da Presid\u00eancia da Rep\u00fablica, Gustavo Bebianno, sobre as negocia\u00e7\u00f5es que aconteciam antes das elei\u00e7\u00f5es de 2018 e que culminaram na ida do ex-juiz da Lava Jato, S\u00e9rgio Moro, para o minist\u00e9rio de Bolsonaro.<\/p>\n<p>H\u00e1 diferentes vers\u00f5es sobre as conversas que est\u00e3o sendo divulgadas por Bebianno, Moro e Guedes. Bebianno, por exemplo, disse recentemente em entrevista ao blog do jornalista Fabio Pannunzio que Moro se encontrou &#8220;cinco ou seis vezes&#8221; com Paulo Guedes para discutir sua participa\u00e7\u00e3o em um poss\u00edvel governo Bolsonaro antes das elei\u00e7\u00f5es de 2018.<\/p>\n<p>Dessa forma, o PSOL apresentou requerimentos de acarea\u00e7\u00e3o entre eles em duas comiss\u00f5es da C\u00e2mara: a de Constitui\u00e7\u00e3o e Justi\u00e7a, al\u00e9m da de Trabalho, Administra\u00e7\u00e3o e Servi\u00e7o P\u00fablico. Os pedidos s\u00e3o assinados por Tal\u00edria Petrone, Marcelo Freixo, Glauber Braga e S\u00e2mia Bomfim.<\/p>\n","protected":false},"excerpt":{"rendered":"<p>A bancada do PSOL est\u00e1 propondo a realiza\u00e7\u00e3o de uma acarea\u00e7\u00e3o na C\u00e2mara dos Deputados entre os ministros S\u00e9rgio Moro (Justi\u00e7a), Paulo Guedes (Economia) e o ex-secret\u00e1rio-geral da Presid\u00eancia da Rep\u00fablica, Gustavo Bebianno, sobre as negocia\u00e7\u00f5es que aconteciam antes das elei\u00e7\u00f5es de 2018 e que culminaram na ida do ex-juiz da Lava Jato, S\u00e9rgio Moro, [&hellip;]<\/p>\n","protected":false},"author":2,"featured_media":27036,"comment_status":"closed","ping_status":"open","sticky":false,"template":"","format":"standard","meta":{"_acf_changed":false,"footnotes":""},"categories":[6],"tags":[827,2119,685,56,201,976,177,22],"class_list":{"0":"post-27034","1":"post","2":"type-post","3":"status-publish","4":"format-standard","5":"has-post-thumbnail","7":"category-noticias","8":"tag-827","9":"tag-acareacao","10":"tag-bebbiano","11":"tag-bolsonaro","12":"tag-guedes","13":"tag-lava-jato","14":"tag-moro","15":"tag-psol"},"acf":[],"yoast_head":"<!-- This site is optimized with the Yoast SEO plugin v26.5 - https:\/\/yoast.com\/wordpress\/plugins\/seo\/ -->\n<title>PSOL prop\u00f5e acarea\u00e7\u00e3o entre Moro, Guedes e Bebianno sobre ida do ex-juiz para o governo<\/title>\n<meta name=\"description\" content=\"Bebianno revelou em entrevista recente que Moro se reunia com Paulo Guedes para discutir sua participa\u00e7\u00e3o no governo j\u00e1 antes das elei\u00e7\u00f5es de 2018.\" \/>\n<meta name=\"robots\" content=\"index, follow, max-snippet:-1, max-image-preview:large, max-video-preview:-1\" \/>\n<link rel=\"canonical\" href=\"https:\/\/psol50.org.br\/psol-propoe-acareacao-entre-moro-guedes-e-bebianno-sobre-ida-do-ex-juiz-para-o-governo\/\" \/>\n<meta property=\"og:locale\" content=\"pt_BR\" \/>\n<meta property=\"og:type\" content=\"article\" \/>\n<meta property=\"og:title\" content=\"PSOL prop\u00f5e acarea\u00e7\u00e3o entre Moro, Guedes e Bebianno sobre ida do ex-juiz para o governo\" \/>\n<meta property=\"og:description\" content=\"Bebianno revelou em entrevista recente que Moro se reunia com Paulo Guedes para discutir sua participa\u00e7\u00e3o no governo j\u00e1 antes das elei\u00e7\u00f5es de 2018.\" \/>\n<meta property=\"og:url\" content=\"https:\/\/psol50.org.br\/psol-propoe-acareacao-entre-moro-guedes-e-bebianno-sobre-ida-do-ex-juiz-para-o-governo\/\" \/>\n<meta property=\"og:site_name\" content=\"PSOL 50\" \/>\n<meta property=\"article:publisher\" content=\"https:\/\/www.facebook.com\/psol50\" \/>\n<meta property=\"article:published_time\" content=\"2019-11-21T17:18:16+00:00\" \/>\n<meta property=\"og:image\" content=\"https:\/\/psol50.org.br\/inc\/uploads\/2018\/07\/capa.png\" \/>\n\t<meta property=\"og:image:width\" content=\"1350\" \/>\n\t<meta property=\"og:image:height\" content=\"900\" \/>\n\t<meta property=\"og:image:type\" content=\"image\/png\" \/>\n<meta name=\"author\" content=\"Comunica\u00e7\u00e3o PSOL\" \/>\n<meta name=\"twitter:card\" content=\"summary_large_image\" \/>\n<meta name=\"twitter:title\" content=\"PSOL prop\u00f5e acarea\u00e7\u00e3o entre Moro, Guedes e Bebianno sobre ida do ex-juiz para o governo\" \/>\n<meta name=\"twitter:description\" content=\"Bebianno revelou em entrevista recente que Moro se reunia com Paulo Guedes para discutir sua participa\u00e7\u00e3o no governo j\u00e1 antes das elei\u00e7\u00f5es de 2018.\" \/>\n<meta name=\"twitter:creator\" content=\"@psol50\" \/>\n<meta name=\"twitter:site\" content=\"@psol50\" \/>\n<meta name=\"twitter:label1\" content=\"Escrito por\" \/>\n\t<meta name=\"twitter:data1\" content=\"Comunica\u00e7\u00e3o PSOL\" \/>\n\t<meta name=\"twitter:label2\" content=\"Est. tempo de leitura\" \/>\n\t<meta name=\"twitter:data2\" content=\"1 minuto\" \/>\n<script type=\"application\/ld+json\" class=\"yoast-schema-graph\">{\"@context\":\"https:\/\/schema.org\",\"@graph\":[{\"@type\":\"Article\",\"@id\":\"https:\/\/psol50.org.br\/psol-propoe-acareacao-entre-moro-guedes-e-bebianno-sobre-ida-do-ex-juiz-para-o-governo\/#article\",\"isPartOf\":{\"@id\":\"https:\/\/psol50.org.br\/psol-propoe-acareacao-entre-moro-guedes-e-bebianno-sobre-ida-do-ex-juiz-para-o-governo\/\"},\"author\":{\"name\":\"Comunica\u00e7\u00e3o PSOL\",\"@id\":\"https:\/\/psol50.org.br\/#\/schema\/person\/475dfa57d0b815993c714c2e96491fcd\"},\"headline\":\"PSOL prop\u00f5e acarea\u00e7\u00e3o entre Moro, Guedes e Bebianno sobre ida do ex-juiz para o governo\",\"datePublished\":\"2019-11-21T17:18:16+00:00\",\"mainEntityOfPage\":{\"@id\":\"https:\/\/psol50.org.br\/psol-propoe-acareacao-entre-moro-guedes-e-bebianno-sobre-ida-do-ex-juiz-para-o-governo\/\"},\"wordCount\":199,\"publisher\":{\"@id\":\"https:\/\/psol50.org.br\/#organization\"},\"image\":{\"@id\":\"https:\/\/psol50.org.br\/psol-propoe-acareacao-entre-moro-guedes-e-bebianno-sobre-ida-do-ex-juiz-para-o-governo\/#primaryimage\"},\"thumbnailUrl\":\"\",\"keywords\":[\"2018\",\"acarea\u00e7\u00e3o\",\"bebbiano\",\"Bolsonaro\",\"guedes\",\"Lava Jato\",\"Moro\",\"PSOL\"],\"articleSection\":[\"Not\u00edcias\"],\"inLanguage\":\"pt-BR\"},{\"@type\":\"WebPage\",\"@id\":\"https:\/\/psol50.org.br\/psol-propoe-acareacao-entre-moro-guedes-e-bebianno-sobre-ida-do-ex-juiz-para-o-governo\/\",\"url\":\"https:\/\/psol50.org.br\/psol-propoe-acareacao-entre-moro-guedes-e-bebianno-sobre-ida-do-ex-juiz-para-o-governo\/\",\"name\":\"PSOL prop\u00f5e acarea\u00e7\u00e3o entre Moro, Guedes e Bebianno sobre ida do ex-juiz para o governo\",\"isPartOf\":{\"@id\":\"https:\/\/psol50.org.br\/#website\"},\"primaryImageOfPage\":{\"@id\":\"https:\/\/psol50.org.br\/psol-propoe-acareacao-entre-moro-guedes-e-bebianno-sobre-ida-do-ex-juiz-para-o-governo\/#primaryimage\"},\"image\":{\"@id\":\"https:\/\/psol50.org.br\/psol-propoe-acareacao-entre-moro-guedes-e-bebianno-sobre-ida-do-ex-juiz-para-o-governo\/#primaryimage\"},\"thumbnailUrl\":\"\",\"datePublished\":\"2019-11-21T17:18:16+00:00\",\"description\":\"Bebianno revelou em entrevista recente que Moro se reunia com Paulo Guedes para discutir sua participa\u00e7\u00e3o no governo j\u00e1 antes das elei\u00e7\u00f5es de 2018.\",\"breadcrumb\":{\"@id\":\"https:\/\/psol50.org.br\/psol-propoe-acareacao-entre-moro-guedes-e-bebianno-sobre-ida-do-ex-juiz-para-o-governo\/#breadcrumb\"},\"inLanguage\":\"pt-BR\",\"potentialAction\":[{\"@type\":\"ReadAction\",\"target\":[\"https:\/\/psol50.org.br\/psol-propoe-acareacao-entre-moro-guedes-e-bebianno-sobre-ida-do-ex-juiz-para-o-governo\/\"]}]},{\"@type\":\"ImageObject\",\"inLanguage\":\"pt-BR\",\"@id\":\"https:\/\/psol50.org.br\/psol-propoe-acareacao-entre-moro-guedes-e-bebianno-sobre-ida-do-ex-juiz-para-o-governo\/#primaryimage\",\"url\":\"\",\"contentUrl\":\"\"},{\"@type\":\"BreadcrumbList\",\"@id\":\"https:\/\/psol50.org.br\/psol-propoe-acareacao-entre-moro-guedes-e-bebianno-sobre-ida-do-ex-juiz-para-o-governo\/#breadcrumb\",\"itemListElement\":[{\"@type\":\"ListItem\",\"position\":1,\"name\":\"In\u00edcio\",\"item\":\"https:\/\/psol50.org.br\/\"},{\"@type\":\"ListItem\",\"position\":2,\"name\":\"PSOL prop\u00f5e acarea\u00e7\u00e3o entre Moro, Guedes e Bebianno sobre ida do ex-juiz para o governo\"}]},{\"@type\":\"WebSite\",\"@id\":\"https:\/\/psol50.org.br\/#website\",\"url\":\"https:\/\/psol50.org.br\/\",\"name\":\"PSOL 50\",\"description\":\"Site oficial do Partido Socialismo e Liberdade\",\"publisher\":{\"@id\":\"https:\/\/psol50.org.br\/#organization\"},\"alternateName\":\"PSOL50\",\"potentialAction\":[{\"@type\":\"SearchAction\",\"target\":{\"@type\":\"EntryPoint\",\"urlTemplate\":\"https:\/\/psol50.org.br\/?s={search_term_string}\"},\"query-input\":{\"@type\":\"PropertyValueSpecification\",\"valueRequired\":true,\"valueName\":\"search_term_string\"}}],\"inLanguage\":\"pt-BR\"},{\"@type\":\"Organization\",\"@id\":\"https:\/\/psol50.org.br\/#organization\",\"name\":\"PSOL 50\",\"alternateName\":\"PSOL 50\",\"url\":\"https:\/\/psol50.org.br\/\",\"logo\":{\"@type\":\"ImageObject\",\"inLanguage\":\"pt-BR\",\"@id\":\"https:\/\/psol50.org.br\/#\/schema\/logo\/image\/\",\"url\":\"https:\/\/psol50.org.br\/inc\/uploads\/2018\/07\/capa.png\",\"contentUrl\":\"https:\/\/psol50.org.br\/inc\/uploads\/2018\/07\/capa.png\",\"width\":1350,\"height\":900,\"caption\":\"PSOL 50\"},\"image\":{\"@id\":\"https:\/\/psol50.org.br\/#\/schema\/logo\/image\/\"},\"sameAs\":[\"https:\/\/www.facebook.com\/psol50\",\"https:\/\/x.com\/psol50\",\"https:\/\/www.instagram.com\/psol50\/\",\"https:\/\/www.youtube.com\/channel\/UC7SnJS5o1os7a6CaiNabzcg\"]},{\"@type\":\"Person\",\"@id\":\"https:\/\/psol50.org.br\/#\/schema\/person\/475dfa57d0b815993c714c2e96491fcd\",\"name\":\"Comunica\u00e7\u00e3o PSOL\",\"image\":{\"@type\":\"ImageObject\",\"inLanguage\":\"pt-BR\",\"@id\":\"https:\/\/psol50.org.br\/#\/schema\/person\/image\/\",\"url\":\"https:\/\/secure.gravatar.com\/avatar\/b34fc4f4e468a4e51785917065a3db57b841f5c95dba6ad8c73aaf8f66f8f9bf?s=96&d=mm&r=g\",\"contentUrl\":\"https:\/\/secure.gravatar.com\/avatar\/b34fc4f4e468a4e51785917065a3db57b841f5c95dba6ad8c73aaf8f66f8f9bf?s=96&d=mm&r=g\",\"caption\":\"Comunica\u00e7\u00e3o PSOL\"}}]}<\/script>\n<!-- \/ Yoast SEO plugin. -->","yoast_head_json":{"title":"PSOL prop\u00f5e acarea\u00e7\u00e3o entre Moro, Guedes e Bebianno sobre ida do ex-juiz para o governo","description":"Bebianno revelou em entrevista recente que Moro se reunia com Paulo Guedes para discutir sua participa\u00e7\u00e3o no governo j\u00e1 antes das elei\u00e7\u00f5es de 2018.","robots":{"index":"index","follow":"follow","max-snippet":"max-snippet:-1","max-image-preview":"max-image-preview:large","max-video-preview":"max-video-preview:-1"},"canonical":"https:\/\/psol50.org.br\/psol-propoe-acareacao-entre-moro-guedes-e-bebianno-sobre-ida-do-ex-juiz-para-o-governo\/","og_locale":"pt_BR","og_type":"article","og_title":"PSOL prop\u00f5e acarea\u00e7\u00e3o entre Moro, Guedes e Bebianno sobre ida do ex-juiz para o governo","og_description":"Bebianno revelou em entrevista recente que Moro se reunia com Paulo Guedes para discutir sua participa\u00e7\u00e3o no governo j\u00e1 antes das elei\u00e7\u00f5es de 2018.","og_url":"https:\/\/psol50.org.br\/psol-propoe-acareacao-entre-moro-guedes-e-bebianno-sobre-ida-do-ex-juiz-para-o-governo\/","og_site_name":"PSOL 50","article_publisher":"https:\/\/www.facebook.com\/psol50","article_published_time":"2019-11-21T17:18:16+00:00","og_image":[{"width":1350,"height":900,"url":"https:\/\/psol50.org.br\/inc\/uploads\/2018\/07\/capa.png","type":"image\/png"}],"author":"Comunica\u00e7\u00e3o PSOL","twitter_card":"summary_large_image","twitter_title":"PSOL prop\u00f5e acarea\u00e7\u00e3o entre Moro, Guedes e Bebianno sobre ida do ex-juiz para o governo","twitter_description":"Bebianno revelou em entrevista recente que Moro se reunia com Paulo Guedes para discutir sua participa\u00e7\u00e3o no governo j\u00e1 antes das elei\u00e7\u00f5es de 2018.","twitter_creator":"@psol50","twitter_site":"@psol50","twitter_misc":{"Escrito por":"Comunica\u00e7\u00e3o PSOL","Est. tempo de leitura":"1 minuto"},"schema":{"@context":"https:\/\/schema.org","@graph":[{"@type":"Article","@id":"https:\/\/psol50.org.br\/psol-propoe-acareacao-entre-moro-guedes-e-bebianno-sobre-ida-do-ex-juiz-para-o-governo\/#article","isPartOf":{"@id":"https:\/\/psol50.org.br\/psol-propoe-acareacao-entre-moro-guedes-e-bebianno-sobre-ida-do-ex-juiz-para-o-governo\/"},"author":{"name":"Comunica\u00e7\u00e3o PSOL","@id":"https:\/\/psol50.org.br\/#\/schema\/person\/475dfa57d0b815993c714c2e96491fcd"},"headline":"PSOL prop\u00f5e acarea\u00e7\u00e3o entre Moro, Guedes e Bebianno sobre ida do ex-juiz para o governo","datePublished":"2019-11-21T17:18:16+00:00","mainEntityOfPage":{"@id":"https:\/\/psol50.org.br\/psol-propoe-acareacao-entre-moro-guedes-e-bebianno-sobre-ida-do-ex-juiz-para-o-governo\/"},"wordCount":199,"publisher":{"@id":"https:\/\/psol50.org.br\/#organization"},"image":{"@id":"https:\/\/psol50.org.br\/psol-propoe-acareacao-entre-moro-guedes-e-bebianno-sobre-ida-do-ex-juiz-para-o-governo\/#primaryimage"},"thumbnailUrl":"","keywords":["2018","acarea\u00e7\u00e3o","bebbiano","Bolsonaro","guedes","Lava Jato","Moro","PSOL"],"articleSection":["Not\u00edcias"],"inLanguage":"pt-BR"},{"@type":"WebPage","@id":"https:\/\/psol50.org.br\/psol-propoe-acareacao-entre-moro-guedes-e-bebianno-sobre-ida-do-ex-juiz-para-o-governo\/","url":"https:\/\/psol50.org.br\/psol-propoe-acareacao-entre-moro-guedes-e-bebianno-sobre-ida-do-ex-juiz-para-o-governo\/","name":"PSOL prop\u00f5e acarea\u00e7\u00e3o entre Moro, Guedes e Bebianno sobre ida do ex-juiz para o governo","isPartOf":{"@id":"https:\/\/psol50.org.br\/#website"},"primaryImageOfPage":{"@id":"https:\/\/psol50.org.br\/psol-propoe-acareacao-entre-moro-guedes-e-bebianno-sobre-ida-do-ex-juiz-para-o-governo\/#primaryimage"},"image":{"@id":"https:\/\/psol50.org.br\/psol-propoe-acareacao-entre-moro-guedes-e-bebianno-sobre-ida-do-ex-juiz-para-o-governo\/#primaryimage"},"thumbnailUrl":"","datePublished":"2019-11-21T17:18:16+00:00","description":"Bebianno revelou em entrevista recente que Moro se reunia com Paulo Guedes para discutir sua participa\u00e7\u00e3o no governo j\u00e1 antes das elei\u00e7\u00f5es de 2018.","breadcrumb":{"@id":"https:\/\/psol50.org.br\/psol-propoe-acareacao-entre-moro-guedes-e-bebianno-sobre-ida-do-ex-juiz-para-o-governo\/#breadcrumb"},"inLanguage":"pt-BR","potentialAction":[{"@type":"ReadAction","target":["https:\/\/psol50.org.br\/psol-propoe-acareacao-entre-moro-guedes-e-bebianno-sobre-ida-do-ex-juiz-para-o-governo\/"]}]},{"@type":"ImageObject","inLanguage":"pt-BR","@id":"https:\/\/psol50.org.br\/psol-propoe-acareacao-entre-moro-guedes-e-bebianno-sobre-ida-do-ex-juiz-para-o-governo\/#primaryimage","url":"","contentUrl":""},{"@type":"BreadcrumbList","@id":"https:\/\/psol50.org.br\/psol-propoe-acareacao-entre-moro-guedes-e-bebianno-sobre-ida-do-ex-juiz-para-o-governo\/#breadcrumb","itemListElement":[{"@type":"ListItem","position":1,"name":"In\u00edcio","item":"https:\/\/psol50.org.br\/"},{"@type":"ListItem","position":2,"name":"PSOL prop\u00f5e acarea\u00e7\u00e3o entre Moro, Guedes e Bebianno sobre ida do ex-juiz para o governo"}]},{"@type":"WebSite","@id":"https:\/\/psol50.org.br\/#website","url":"https:\/\/psol50.org.br\/","name":"PSOL 50","description":"Site oficial do Partido Socialismo e Liberdade","publisher":{"@id":"https:\/\/psol50.org.br\/#organization"},"alternateName":"PSOL50","potentialAction":[{"@type":"SearchAction","target":{"@type":"EntryPoint","urlTemplate":"https:\/\/psol50.org.br\/?s={search_term_string}"},"query-input":{"@type":"PropertyValueSpecification","valueRequired":true,"valueName":"search_term_string"}}],"inLanguage":"pt-BR"},{"@type":"Organization","@id":"https:\/\/psol50.org.br\/#organization","name":"PSOL 50","alternateName":"PSOL 50","url":"https:\/\/psol50.org.br\/","logo":{"@type":"ImageObject","inLanguage":"pt-BR","@id":"https:\/\/psol50.org.br\/#\/schema\/logo\/image\/","url":"https:\/\/psol50.org.br\/inc\/uploads\/2018\/07\/capa.png","contentUrl":"https:\/\/psol50.org.br\/inc\/uploads\/2018\/07\/capa.png","width":1350,"height":900,"caption":"PSOL 50"},"image":{"@id":"https:\/\/psol50.org.br\/#\/schema\/logo\/image\/"},"sameAs":["https:\/\/www.facebook.com\/psol50","https:\/\/x.com\/psol50","https:\/\/www.instagram.com\/psol50\/","https:\/\/www.youtube.com\/channel\/UC7SnJS5o1os7a6CaiNabzcg"]},{"@type":"Person","@id":"https:\/\/psol50.org.br\/#\/schema\/person\/475dfa57d0b815993c714c2e96491fcd","name":"Comunica\u00e7\u00e3o PSOL","image":{"@type":"ImageObject","inLanguage":"pt-BR","@id":"https:\/\/psol50.org.br\/#\/schema\/person\/image\/","url":"https:\/\/secure.gravatar.com\/avatar\/b34fc4f4e468a4e51785917065a3db57b841f5c95dba6ad8c73aaf8f66f8f9bf?s=96&d=mm&r=g","contentUrl":"https:\/\/secure.gravatar.com\/avatar\/b34fc4f4e468a4e51785917065a3db57b841f5c95dba6ad8c73aaf8f66f8f9bf?s=96&d=mm&r=g","caption":"Comunica\u00e7\u00e3o PSOL"}}]}},"_links":{"self":[{"href":"https:\/\/psol50.org.br\/rest\/wp\/v2\/posts\/27034","targetHints":{"allow":["GET"]}}],"collection":[{"href":"https:\/\/psol50.org.br\/rest\/wp\/v2\/posts"}],"about":[{"href":"https:\/\/psol50.org.br\/rest\/wp\/v2\/types\/post"}],"author":[{"embeddable":true,"href":"https:\/\/psol50.org.br\/rest\/wp\/v2\/users\/2"}],"replies":[{"embeddable":true,"href":"https:\/\/psol50.org.br\/rest\/wp\/v2\/comments?post=27034"}],"version-history":[{"count":0,"href":"https:\/\/psol50.org.br\/rest\/wp\/v2\/posts\/27034\/revisions"}],"wp:featuredmedia":[{"embeddable":true,"href":"https:\/\/psol50.org.br\/rest\/"}],"wp:attachment":[{"href":"https:\/\/psol50.org.br\/rest\/wp\/v2\/media?parent=27034"}],"wp:term":[{"taxonomy":"category","embeddable":true,"href":"https:\/\/psol50.org.br\/rest\/wp\/v2\/categories?post=27034"},{"taxonomy":"post_tag","embeddable":true,"href":"https:\/\/psol50.org.br\/rest\/wp\/v2\/tags?post=27034"}],"curies":[{"name":"wp","href":"https:\/\/api.w.org\/{rel}","templated":true}]}}