{"id":27085,"date":"2019-11-27T11:42:59","date_gmt":"2019-11-27T14:42:59","guid":{"rendered":"http:\/\/psol50.org.br\/?p=27085"},"modified":"2019-11-27T11:42:59","modified_gmt":"2019-11-27T14:42:59","slug":"psol-aciona-pgr-e-comissao-de-etica-para-punir-paulo-guedes-por-ameaca-de-ai-5","status":"publish","type":"post","link":"https:\/\/psol50.org.br\/psol-aciona-pgr-e-comissao-de-etica-para-punir-paulo-guedes-por-ameaca-de-ai-5\/","title":{"rendered":"PSOL aciona PGR e Comiss\u00e3o de \u00c9tica para punir Paulo Guedes por amea\u00e7a de AI-5"},"content":{"rendered":"<p>A bancada do PSOL na C\u00e2mara, atrav\u00e9s de seu l\u00edder Ivan Valente, apresentou representa\u00e7\u00f5es na Procuradoria-Geral da Rep\u00fablica e na Comiss\u00e3o de \u00c9tica P\u00fablica da Presid\u00eancia da Rep\u00fablica contra o ministro da Economia, Paulo Guedes, para que ele seja investigado e sancionado por suas declara\u00e7\u00f5es em que amea\u00e7a a popula\u00e7\u00e3o com a possibilidade de medidas similares ao AI-5 caso haja manifesta\u00e7\u00f5es populares no pa\u00eds.<\/p>\n<p>As falas de Guedes contrariam o C\u00f3digo de Conduta da Alta Administra\u00e7\u00e3o Federal, pelo qual as altas autoridades t\u00eam o dever de dar o exemplo na defesa da Constitui\u00e7\u00e3o, e ferem o decoro imposto ao cargo.<\/p>\n<p>\u00c9 inadmiss\u00edvel que um Ministro de Estado incite quebra da ordem democr\u00e1tica, invocando o retorno o AI-5, por meio da qual os direitos pol\u00edticos, liberdades e garantias do povo brasileiro foram brutalmente afetados\u201d, diz a representa\u00e7\u00e3o.<\/p>\n<p>Paulo Guedes disse em entrevista em Washington, nos EUA, para que ningu\u00e9m se assuste caso apare\u00e7am mais pessoas defendendo medidas semelhantes ao AI-5 caso manifesta\u00e7\u00f5es populares aconte\u00e7am contra o governo Bolsonaro.<\/p>\n<p>Eduardo Bolsonaro j\u00e1 havia dito absurdo semelhante em entrevista, e est\u00e1 com um processo em tramita\u00e7\u00e3o no Conselho de \u00c9tica da C\u00e2mara pedindo a sua cassa\u00e7\u00e3o. <a href=\"http:\/\/psol50.org.br\/psol-pede-a-cassacao-de-eduardo-bolsonaro-por-apologia-a-ditadura\/\">A a\u00e7\u00e3o foi apresentada pelo PSOL<\/a> e outros partidos de oposi\u00e7\u00e3o. <a href=\"http:\/\/psol50.org.br\/psol-entra-com-representacao-na-pgr-contra-declaracoes-de-eduardo-bolsonaro\/\">O PSOL tamb\u00e9m acionou a PGR<\/a> para exigir san\u00e7\u00f5es ao deputado e filho do presidente.<\/p>\n<p>&#8220;As declara\u00e7\u00f5es de Paulo Guedes mostram que o governo est\u00e1 com medo de que as pol\u00edticas de ajuste fiscal gestadas no Minist\u00e9rio da Economia provoquem uma onda de manifesta\u00e7\u00f5es populares semelhante \u00e0 que sacode o Chile h\u00e1 40 dias&#8221;, afirma Ivan Valente, que assina as den\u00fancias do PSOL.<\/p>\n<p>O Ato Institucional n\u00famero 5 (AI-5) foi assinado em dezembro 1968 pelo presidente Costa e Silva e durou at\u00e9 1978, marcando a fase mais violenta da ditadura militar (1964-1985). O ato dava ao presidente poderes para intervir no Congresso Nacional e Assembleias Legislativas, cassar mandatos de opositores, censurar a imprensa e manifesta\u00e7\u00f5es art\u00edsticas, suspender o direito ao Habeas Corpus entre outras arbitrariedades.<\/p>\n","protected":false},"excerpt":{"rendered":"<p>A bancada do PSOL na C\u00e2mara, atrav\u00e9s de seu l\u00edder Ivan Valente, apresentou representa\u00e7\u00f5es na Procuradoria-Geral da Rep\u00fablica e na Comiss\u00e3o de \u00c9tica P\u00fablica da Presid\u00eancia da Rep\u00fablica contra o ministro da Economia, Paulo Guedes, para que ele seja investigado e sancionado por suas declara\u00e7\u00f5es em que amea\u00e7a a popula\u00e7\u00e3o com a possibilidade de medidas [&hellip;]<\/p>\n","protected":false},"author":2,"featured_media":25007,"comment_status":"closed","ping_status":"open","sticky":false,"template":"","format":"standard","meta":{"_acf_changed":false,"footnotes":""},"categories":[6],"tags":[904,295,225,77,22],"class_list":{"0":"post-27085","1":"post","2":"type-post","3":"status-publish","4":"format-standard","5":"has-post-thumbnail","7":"category-noticias","8":"tag-ai-5","9":"tag-ditadura","10":"tag-paulo-guedes","11":"tag-pgr","12":"tag-psol"},"acf":[],"yoast_head":"<!-- This site is optimized with the Yoast SEO plugin v26.5 - https:\/\/yoast.com\/wordpress\/plugins\/seo\/ -->\n<title>PSOL aciona PGR e Comiss\u00e3o de \u00c9tica para punir Paulo Guedes por amea\u00e7a de AI-5<\/title>\n<meta name=\"description\" content=\"O ministro da Economia n\u00e3o foi o primeiro integrante do governo a amea\u00e7ar com o fechamento do regime democr\u00e1tico.\" \/>\n<meta name=\"robots\" content=\"index, follow, max-snippet:-1, max-image-preview:large, max-video-preview:-1\" \/>\n<link rel=\"canonical\" href=\"https:\/\/psol50.org.br\/psol-aciona-pgr-e-comissao-de-etica-para-punir-paulo-guedes-por-ameaca-de-ai-5\/\" \/>\n<meta property=\"og:locale\" content=\"pt_BR\" \/>\n<meta property=\"og:type\" content=\"article\" \/>\n<meta property=\"og:title\" content=\"PSOL aciona PGR e Comiss\u00e3o de \u00c9tica para punir Paulo Guedes por amea\u00e7a de AI-5\" \/>\n<meta property=\"og:description\" content=\"O ministro da Economia n\u00e3o foi o primeiro integrante do governo a amea\u00e7ar com o fechamento do regime democr\u00e1tico.\" \/>\n<meta property=\"og:url\" content=\"https:\/\/psol50.org.br\/psol-aciona-pgr-e-comissao-de-etica-para-punir-paulo-guedes-por-ameaca-de-ai-5\/\" \/>\n<meta property=\"og:site_name\" content=\"PSOL 50\" \/>\n<meta property=\"article:publisher\" content=\"https:\/\/www.facebook.com\/psol50\" \/>\n<meta property=\"article:published_time\" content=\"2019-11-27T14:42:59+00:00\" \/>\n<meta property=\"og:image\" content=\"https:\/\/psol50.org.br\/inc\/uploads\/2019\/04\/guedes2-1.jpg\" \/>\n\t<meta property=\"og:image:width\" content=\"713\" \/>\n\t<meta property=\"og:image:height\" content=\"475\" \/>\n\t<meta property=\"og:image:type\" content=\"image\/jpeg\" \/>\n<meta name=\"author\" content=\"Comunica\u00e7\u00e3o PSOL\" \/>\n<meta name=\"twitter:card\" content=\"summary_large_image\" \/>\n<meta name=\"twitter:title\" content=\"PSOL aciona PGR e Comiss\u00e3o de \u00c9tica para punir Paulo Guedes por amea\u00e7a de AI-5\" \/>\n<meta name=\"twitter:description\" content=\"O ministro da Economia n\u00e3o foi o primeiro integrante do governo a amea\u00e7ar com o fechamento do regime democr\u00e1tico.\" \/>\n<meta name=\"twitter:image\" content=\"https:\/\/psol50.org.br\/inc\/uploads\/2019\/04\/guedes2-1.jpg\" \/>\n<meta name=\"twitter:creator\" content=\"@psol50\" \/>\n<meta name=\"twitter:site\" content=\"@psol50\" \/>\n<meta name=\"twitter:label1\" content=\"Escrito por\" \/>\n\t<meta name=\"twitter:data1\" content=\"Comunica\u00e7\u00e3o PSOL\" \/>\n\t<meta name=\"twitter:label2\" content=\"Est. tempo de leitura\" \/>\n\t<meta name=\"twitter:data2\" content=\"2 minutos\" \/>\n<script type=\"application\/ld+json\" class=\"yoast-schema-graph\">{\"@context\":\"https:\/\/schema.org\",\"@graph\":[{\"@type\":\"Article\",\"@id\":\"https:\/\/psol50.org.br\/psol-aciona-pgr-e-comissao-de-etica-para-punir-paulo-guedes-por-ameaca-de-ai-5\/#article\",\"isPartOf\":{\"@id\":\"https:\/\/psol50.org.br\/psol-aciona-pgr-e-comissao-de-etica-para-punir-paulo-guedes-por-ameaca-de-ai-5\/\"},\"author\":{\"name\":\"Comunica\u00e7\u00e3o PSOL\",\"@id\":\"https:\/\/psol50.org.br\/#\/schema\/person\/475dfa57d0b815993c714c2e96491fcd\"},\"headline\":\"PSOL aciona PGR e Comiss\u00e3o de \u00c9tica para punir Paulo Guedes por amea\u00e7a de AI-5\",\"datePublished\":\"2019-11-27T14:42:59+00:00\",\"mainEntityOfPage\":{\"@id\":\"https:\/\/psol50.org.br\/psol-aciona-pgr-e-comissao-de-etica-para-punir-paulo-guedes-por-ameaca-de-ai-5\/\"},\"wordCount\":381,\"publisher\":{\"@id\":\"https:\/\/psol50.org.br\/#organization\"},\"image\":{\"@id\":\"https:\/\/psol50.org.br\/psol-aciona-pgr-e-comissao-de-etica-para-punir-paulo-guedes-por-ameaca-de-ai-5\/#primaryimage\"},\"thumbnailUrl\":\"https:\/\/psol50.org.br\/inc\/uploads\/2019\/04\/guedes2-1.jpg\",\"keywords\":[\"ai-5\",\"Ditadura\",\"Paulo Guedes\",\"PGR\",\"PSOL\"],\"articleSection\":[\"Not\u00edcias\"],\"inLanguage\":\"pt-BR\"},{\"@type\":\"WebPage\",\"@id\":\"https:\/\/psol50.org.br\/psol-aciona-pgr-e-comissao-de-etica-para-punir-paulo-guedes-por-ameaca-de-ai-5\/\",\"url\":\"https:\/\/psol50.org.br\/psol-aciona-pgr-e-comissao-de-etica-para-punir-paulo-guedes-por-ameaca-de-ai-5\/\",\"name\":\"PSOL aciona PGR e Comiss\u00e3o de \u00c9tica para punir Paulo Guedes por amea\u00e7a de AI-5\",\"isPartOf\":{\"@id\":\"https:\/\/psol50.org.br\/#website\"},\"primaryImageOfPage\":{\"@id\":\"https:\/\/psol50.org.br\/psol-aciona-pgr-e-comissao-de-etica-para-punir-paulo-guedes-por-ameaca-de-ai-5\/#primaryimage\"},\"image\":{\"@id\":\"https:\/\/psol50.org.br\/psol-aciona-pgr-e-comissao-de-etica-para-punir-paulo-guedes-por-ameaca-de-ai-5\/#primaryimage\"},\"thumbnailUrl\":\"https:\/\/psol50.org.br\/inc\/uploads\/2019\/04\/guedes2-1.jpg\",\"datePublished\":\"2019-11-27T14:42:59+00:00\",\"description\":\"O ministro da Economia n\u00e3o foi o primeiro integrante do governo a amea\u00e7ar com o fechamento do regime democr\u00e1tico.\",\"breadcrumb\":{\"@id\":\"https:\/\/psol50.org.br\/psol-aciona-pgr-e-comissao-de-etica-para-punir-paulo-guedes-por-ameaca-de-ai-5\/#breadcrumb\"},\"inLanguage\":\"pt-BR\",\"potentialAction\":[{\"@type\":\"ReadAction\",\"target\":[\"https:\/\/psol50.org.br\/psol-aciona-pgr-e-comissao-de-etica-para-punir-paulo-guedes-por-ameaca-de-ai-5\/\"]}]},{\"@type\":\"ImageObject\",\"inLanguage\":\"pt-BR\",\"@id\":\"https:\/\/psol50.org.br\/psol-aciona-pgr-e-comissao-de-etica-para-punir-paulo-guedes-por-ameaca-de-ai-5\/#primaryimage\",\"url\":\"https:\/\/psol50.org.br\/inc\/uploads\/2019\/04\/guedes2-1.jpg\",\"contentUrl\":\"https:\/\/psol50.org.br\/inc\/uploads\/2019\/04\/guedes2-1.jpg\",\"width\":713,\"height\":475,\"caption\":\"Valter Campanato\/Ag\u00eancia Brasil\"},{\"@type\":\"BreadcrumbList\",\"@id\":\"https:\/\/psol50.org.br\/psol-aciona-pgr-e-comissao-de-etica-para-punir-paulo-guedes-por-ameaca-de-ai-5\/#breadcrumb\",\"itemListElement\":[{\"@type\":\"ListItem\",\"position\":1,\"name\":\"In\u00edcio\",\"item\":\"https:\/\/psol50.org.br\/\"},{\"@type\":\"ListItem\",\"position\":2,\"name\":\"PSOL aciona PGR e Comiss\u00e3o de \u00c9tica para punir Paulo Guedes por amea\u00e7a de AI-5\"}]},{\"@type\":\"WebSite\",\"@id\":\"https:\/\/psol50.org.br\/#website\",\"url\":\"https:\/\/psol50.org.br\/\",\"name\":\"PSOL 50\",\"description\":\"Site oficial do Partido Socialismo e Liberdade\",\"publisher\":{\"@id\":\"https:\/\/psol50.org.br\/#organization\"},\"alternateName\":\"PSOL50\",\"potentialAction\":[{\"@type\":\"SearchAction\",\"target\":{\"@type\":\"EntryPoint\",\"urlTemplate\":\"https:\/\/psol50.org.br\/?s={search_term_string}\"},\"query-input\":{\"@type\":\"PropertyValueSpecification\",\"valueRequired\":true,\"valueName\":\"search_term_string\"}}],\"inLanguage\":\"pt-BR\"},{\"@type\":\"Organization\",\"@id\":\"https:\/\/psol50.org.br\/#organization\",\"name\":\"PSOL 50\",\"alternateName\":\"PSOL 50\",\"url\":\"https:\/\/psol50.org.br\/\",\"logo\":{\"@type\":\"ImageObject\",\"inLanguage\":\"pt-BR\",\"@id\":\"https:\/\/psol50.org.br\/#\/schema\/logo\/image\/\",\"url\":\"https:\/\/psol50.org.br\/inc\/uploads\/2018\/07\/capa.png\",\"contentUrl\":\"https:\/\/psol50.org.br\/inc\/uploads\/2018\/07\/capa.png\",\"width\":1350,\"height\":900,\"caption\":\"PSOL 50\"},\"image\":{\"@id\":\"https:\/\/psol50.org.br\/#\/schema\/logo\/image\/\"},\"sameAs\":[\"https:\/\/www.facebook.com\/psol50\",\"https:\/\/x.com\/psol50\",\"https:\/\/www.instagram.com\/psol50\/\",\"https:\/\/www.youtube.com\/channel\/UC7SnJS5o1os7a6CaiNabzcg\"]},{\"@type\":\"Person\",\"@id\":\"https:\/\/psol50.org.br\/#\/schema\/person\/475dfa57d0b815993c714c2e96491fcd\",\"name\":\"Comunica\u00e7\u00e3o PSOL\",\"image\":{\"@type\":\"ImageObject\",\"inLanguage\":\"pt-BR\",\"@id\":\"https:\/\/psol50.org.br\/#\/schema\/person\/image\/\",\"url\":\"https:\/\/secure.gravatar.com\/avatar\/b34fc4f4e468a4e51785917065a3db57b841f5c95dba6ad8c73aaf8f66f8f9bf?s=96&d=mm&r=g\",\"contentUrl\":\"https:\/\/secure.gravatar.com\/avatar\/b34fc4f4e468a4e51785917065a3db57b841f5c95dba6ad8c73aaf8f66f8f9bf?s=96&d=mm&r=g\",\"caption\":\"Comunica\u00e7\u00e3o PSOL\"}}]}<\/script>\n<!-- \/ Yoast SEO plugin. -->","yoast_head_json":{"title":"PSOL aciona PGR e Comiss\u00e3o de \u00c9tica para punir Paulo Guedes por amea\u00e7a de AI-5","description":"O ministro da Economia n\u00e3o foi o primeiro integrante do governo a amea\u00e7ar com o fechamento do regime democr\u00e1tico.","robots":{"index":"index","follow":"follow","max-snippet":"max-snippet:-1","max-image-preview":"max-image-preview:large","max-video-preview":"max-video-preview:-1"},"canonical":"https:\/\/psol50.org.br\/psol-aciona-pgr-e-comissao-de-etica-para-punir-paulo-guedes-por-ameaca-de-ai-5\/","og_locale":"pt_BR","og_type":"article","og_title":"PSOL aciona PGR e Comiss\u00e3o de \u00c9tica para punir Paulo Guedes por amea\u00e7a de AI-5","og_description":"O ministro da Economia n\u00e3o foi o primeiro integrante do governo a amea\u00e7ar com o fechamento do regime democr\u00e1tico.","og_url":"https:\/\/psol50.org.br\/psol-aciona-pgr-e-comissao-de-etica-para-punir-paulo-guedes-por-ameaca-de-ai-5\/","og_site_name":"PSOL 50","article_publisher":"https:\/\/www.facebook.com\/psol50","article_published_time":"2019-11-27T14:42:59+00:00","og_image":[{"width":713,"height":475,"url":"https:\/\/psol50.org.br\/inc\/uploads\/2019\/04\/guedes2-1.jpg","type":"image\/jpeg"}],"author":"Comunica\u00e7\u00e3o PSOL","twitter_card":"summary_large_image","twitter_title":"PSOL aciona PGR e Comiss\u00e3o de \u00c9tica para punir Paulo Guedes por amea\u00e7a de AI-5","twitter_description":"O ministro da Economia n\u00e3o foi o primeiro integrante do governo a amea\u00e7ar com o fechamento do regime democr\u00e1tico.","twitter_image":"https:\/\/psol50.org.br\/inc\/uploads\/2019\/04\/guedes2-1.jpg","twitter_creator":"@psol50","twitter_site":"@psol50","twitter_misc":{"Escrito por":"Comunica\u00e7\u00e3o PSOL","Est. tempo de leitura":"2 minutos"},"schema":{"@context":"https:\/\/schema.org","@graph":[{"@type":"Article","@id":"https:\/\/psol50.org.br\/psol-aciona-pgr-e-comissao-de-etica-para-punir-paulo-guedes-por-ameaca-de-ai-5\/#article","isPartOf":{"@id":"https:\/\/psol50.org.br\/psol-aciona-pgr-e-comissao-de-etica-para-punir-paulo-guedes-por-ameaca-de-ai-5\/"},"author":{"name":"Comunica\u00e7\u00e3o PSOL","@id":"https:\/\/psol50.org.br\/#\/schema\/person\/475dfa57d0b815993c714c2e96491fcd"},"headline":"PSOL aciona PGR e Comiss\u00e3o de \u00c9tica para punir Paulo Guedes por amea\u00e7a de AI-5","datePublished":"2019-11-27T14:42:59+00:00","mainEntityOfPage":{"@id":"https:\/\/psol50.org.br\/psol-aciona-pgr-e-comissao-de-etica-para-punir-paulo-guedes-por-ameaca-de-ai-5\/"},"wordCount":381,"publisher":{"@id":"https:\/\/psol50.org.br\/#organization"},"image":{"@id":"https:\/\/psol50.org.br\/psol-aciona-pgr-e-comissao-de-etica-para-punir-paulo-guedes-por-ameaca-de-ai-5\/#primaryimage"},"thumbnailUrl":"https:\/\/psol50.org.br\/inc\/uploads\/2019\/04\/guedes2-1.jpg","keywords":["ai-5","Ditadura","Paulo Guedes","PGR","PSOL"],"articleSection":["Not\u00edcias"],"inLanguage":"pt-BR"},{"@type":"WebPage","@id":"https:\/\/psol50.org.br\/psol-aciona-pgr-e-comissao-de-etica-para-punir-paulo-guedes-por-ameaca-de-ai-5\/","url":"https:\/\/psol50.org.br\/psol-aciona-pgr-e-comissao-de-etica-para-punir-paulo-guedes-por-ameaca-de-ai-5\/","name":"PSOL aciona PGR e Comiss\u00e3o de \u00c9tica para punir Paulo Guedes por amea\u00e7a de AI-5","isPartOf":{"@id":"https:\/\/psol50.org.br\/#website"},"primaryImageOfPage":{"@id":"https:\/\/psol50.org.br\/psol-aciona-pgr-e-comissao-de-etica-para-punir-paulo-guedes-por-ameaca-de-ai-5\/#primaryimage"},"image":{"@id":"https:\/\/psol50.org.br\/psol-aciona-pgr-e-comissao-de-etica-para-punir-paulo-guedes-por-ameaca-de-ai-5\/#primaryimage"},"thumbnailUrl":"https:\/\/psol50.org.br\/inc\/uploads\/2019\/04\/guedes2-1.jpg","datePublished":"2019-11-27T14:42:59+00:00","description":"O ministro da Economia n\u00e3o foi o primeiro integrante do governo a amea\u00e7ar com o fechamento do regime democr\u00e1tico.","breadcrumb":{"@id":"https:\/\/psol50.org.br\/psol-aciona-pgr-e-comissao-de-etica-para-punir-paulo-guedes-por-ameaca-de-ai-5\/#breadcrumb"},"inLanguage":"pt-BR","potentialAction":[{"@type":"ReadAction","target":["https:\/\/psol50.org.br\/psol-aciona-pgr-e-comissao-de-etica-para-punir-paulo-guedes-por-ameaca-de-ai-5\/"]}]},{"@type":"ImageObject","inLanguage":"pt-BR","@id":"https:\/\/psol50.org.br\/psol-aciona-pgr-e-comissao-de-etica-para-punir-paulo-guedes-por-ameaca-de-ai-5\/#primaryimage","url":"https:\/\/psol50.org.br\/inc\/uploads\/2019\/04\/guedes2-1.jpg","contentUrl":"https:\/\/psol50.org.br\/inc\/uploads\/2019\/04\/guedes2-1.jpg","width":713,"height":475,"caption":"Valter Campanato\/Ag\u00eancia Brasil"},{"@type":"BreadcrumbList","@id":"https:\/\/psol50.org.br\/psol-aciona-pgr-e-comissao-de-etica-para-punir-paulo-guedes-por-ameaca-de-ai-5\/#breadcrumb","itemListElement":[{"@type":"ListItem","position":1,"name":"In\u00edcio","item":"https:\/\/psol50.org.br\/"},{"@type":"ListItem","position":2,"name":"PSOL aciona PGR e Comiss\u00e3o de \u00c9tica para punir Paulo Guedes por amea\u00e7a de AI-5"}]},{"@type":"WebSite","@id":"https:\/\/psol50.org.br\/#website","url":"https:\/\/psol50.org.br\/","name":"PSOL 50","description":"Site oficial do Partido Socialismo e Liberdade","publisher":{"@id":"https:\/\/psol50.org.br\/#organization"},"alternateName":"PSOL50","potentialAction":[{"@type":"SearchAction","target":{"@type":"EntryPoint","urlTemplate":"https:\/\/psol50.org.br\/?s={search_term_string}"},"query-input":{"@type":"PropertyValueSpecification","valueRequired":true,"valueName":"search_term_string"}}],"inLanguage":"pt-BR"},{"@type":"Organization","@id":"https:\/\/psol50.org.br\/#organization","name":"PSOL 50","alternateName":"PSOL 50","url":"https:\/\/psol50.org.br\/","logo":{"@type":"ImageObject","inLanguage":"pt-BR","@id":"https:\/\/psol50.org.br\/#\/schema\/logo\/image\/","url":"https:\/\/psol50.org.br\/inc\/uploads\/2018\/07\/capa.png","contentUrl":"https:\/\/psol50.org.br\/inc\/uploads\/2018\/07\/capa.png","width":1350,"height":900,"caption":"PSOL 50"},"image":{"@id":"https:\/\/psol50.org.br\/#\/schema\/logo\/image\/"},"sameAs":["https:\/\/www.facebook.com\/psol50","https:\/\/x.com\/psol50","https:\/\/www.instagram.com\/psol50\/","https:\/\/www.youtube.com\/channel\/UC7SnJS5o1os7a6CaiNabzcg"]},{"@type":"Person","@id":"https:\/\/psol50.org.br\/#\/schema\/person\/475dfa57d0b815993c714c2e96491fcd","name":"Comunica\u00e7\u00e3o PSOL","image":{"@type":"ImageObject","inLanguage":"pt-BR","@id":"https:\/\/psol50.org.br\/#\/schema\/person\/image\/","url":"https:\/\/secure.gravatar.com\/avatar\/b34fc4f4e468a4e51785917065a3db57b841f5c95dba6ad8c73aaf8f66f8f9bf?s=96&d=mm&r=g","contentUrl":"https:\/\/secure.gravatar.com\/avatar\/b34fc4f4e468a4e51785917065a3db57b841f5c95dba6ad8c73aaf8f66f8f9bf?s=96&d=mm&r=g","caption":"Comunica\u00e7\u00e3o PSOL"}}]}},"_links":{"self":[{"href":"https:\/\/psol50.org.br\/rest\/wp\/v2\/posts\/27085","targetHints":{"allow":["GET"]}}],"collection":[{"href":"https:\/\/psol50.org.br\/rest\/wp\/v2\/posts"}],"about":[{"href":"https:\/\/psol50.org.br\/rest\/wp\/v2\/types\/post"}],"author":[{"embeddable":true,"href":"https:\/\/psol50.org.br\/rest\/wp\/v2\/users\/2"}],"replies":[{"embeddable":true,"href":"https:\/\/psol50.org.br\/rest\/wp\/v2\/comments?post=27085"}],"version-history":[{"count":0,"href":"https:\/\/psol50.org.br\/rest\/wp\/v2\/posts\/27085\/revisions"}],"wp:featuredmedia":[{"embeddable":true,"href":"https:\/\/psol50.org.br\/rest\/wp\/v2\/media\/25007"}],"wp:attachment":[{"href":"https:\/\/psol50.org.br\/rest\/wp\/v2\/media?parent=27085"}],"wp:term":[{"taxonomy":"category","embeddable":true,"href":"https:\/\/psol50.org.br\/rest\/wp\/v2\/categories?post=27085"},{"taxonomy":"post_tag","embeddable":true,"href":"https:\/\/psol50.org.br\/rest\/wp\/v2\/tags?post=27085"}],"curies":[{"name":"wp","href":"https:\/\/api.w.org\/{rel}","templated":true}]}}