{"id":27092,"date":"2019-11-28T12:34:50","date_gmt":"2019-11-28T15:34:50","guid":{"rendered":"http:\/\/psol50.org.br\/?p=27092"},"modified":"2019-11-28T12:34:50","modified_gmt":"2019-11-28T15:34:50","slug":"psol-aciona-pgr-para-barrar-nomeacao-de-presidente-da-fundacao-palmares-que-nega-racismo","status":"publish","type":"post","link":"https:\/\/psol50.org.br\/psol-aciona-pgr-para-barrar-nomeacao-de-presidente-da-fundacao-palmares-que-nega-racismo\/","title":{"rendered":"PSOL aciona PGR para barrar nomea\u00e7\u00e3o de presidente da Funda\u00e7\u00e3o Palmares que nega racismo"},"content":{"rendered":"<p>O PSOL apresentou uma <a href=\"http:\/\/psol50.org.br\/inc\/uploads\/2019\/11\/Representac\u0327a\u0303o-PGR-Palmares-1.pdf\">representa\u00e7\u00e3o na Procuradoria-Geral da Rep\u00fablica<\/a> nesta quarta-feira (27) para solicitar a anula\u00e7\u00e3o da nomea\u00e7\u00e3o de S\u00e9rgio Nascimento de Camargo para a presid\u00eancia da Funda\u00e7\u00e3o Palmares.<\/p>\n<p>Camargo foi nomeado pelo rec\u00e9m-empossado secret\u00e1rio especial de Cultura, Roberto Alvim, que <a href=\"http:\/\/psol50.org.br\/psol-pede-anulacao-de-mudanca-na-secretaria-da-cultura-e-nomeacao-de-roberto-alvim\/\">tamb\u00e9m \u00e9 alvo de representa\u00e7\u00e3o do PSOL<\/a> por n\u00e3o cumprir os requisitos para ocupar o seu cargo. O novo presidente da funda\u00e7\u00e3o tem um extenso hist\u00f3rico de embate com representantes do movimento e comunidade negros. Dentre as pol\u00eamicas ditas por ele est\u00e1 uma publica\u00e7\u00e3o que afirma que &#8220;negro de esquerda \u00e9 burro, \u00e9 escravo&#8221;, por exemplo.<\/p>\n<p>No documento, o PSOL afirma que a nomea\u00e7\u00e3o de Camargo \u00e9 &#8220;absolutamente antijur\u00eddica e contr\u00e1ria ao interesse p\u00fablico, uma vez que sua trajet\u00f3ria, historicamente, \u00e9 radicalmente contr\u00e1ria aos interesses que a Funda\u00e7\u00e3o busca defender&#8221;.<\/p>\n<p>O PSOL tamb\u00e9m apresentou uma <a href=\"http:\/\/psol50.org.br\/inc\/uploads\/2019\/11\/REQ-102-2019-CCULT.pdf\">mo\u00e7\u00e3o de rep\u00fadio<\/a> \u00e0 nomea\u00e7\u00e3o do novo presidente da Funda\u00e7\u00e3o Palmares, a ser aprovada na Comiss\u00e3o de Cultura da C\u00e2mara dos Deputados.<\/p>\n<blockquote class=\"twitter-tweet\" data-width=\"550\" data-dnt=\"true\">\n<p lang=\"pt\" dir=\"ltr\">NOTA DE REP\u00daDIO<\/p>\n<p>Eu e <a href=\"https:\/\/twitter.com\/taliriapetrone?ref_src=twsrc%5Etfw\">@taliriapetrone<\/a> repudiamos a nomea\u00e7\u00e3o do jornalista e militante bolsonarista S\u00e9rgio Nascimento de Camargo para a presid\u00eancia da Funda\u00e7\u00e3o Cultural Palmares.<\/p>\n<p>Quem n\u00e3o reconhece que h\u00e1 racismo no Brasil n\u00e3o pode presidir a Palmares! <\/p>\n<p>Segue o fio\ud83d\udc47\ud83c\udffe<\/p>\n<p>&mdash; \u00c1urea Carolina (@aureacarolinax) <a href=\"https:\/\/twitter.com\/aureacarolinax\/status\/1199826744053813249?ref_src=twsrc%5Etfw\">November 27, 2019<\/a><\/p><\/blockquote>\n<p><script async src=\"https:\/\/platform.twitter.com\/widgets.js\" charset=\"utf-8\"><\/script><\/p>\n<p>A lista de personalidades negras ofendidas pelo novo presidente da Funda\u00e7\u00e3o Palmares inclui artistas como L\u00e1zaro Ramos, Ta\u00eds Ara\u00fajo, Camila Pitanga, Gilberto Gil, al\u00e9m de militantes pol\u00edticos, como a vereadora assassinada, Marielle Franco, e os deputados David Miranda, Tal\u00edria Petrone e \u00c1urea Carolina, todos do PSOL.<\/p>\n<blockquote class=\"twitter-tweet\" data-width=\"550\" data-dnt=\"true\">\n<p lang=\"pt\" dir=\"ltr\">Novo presidente da Funda\u00e7\u00e3o Palmares de Bolsonaro diz que n\u00e3o existe racismo no Brasil e critica:<\/p>\n<p>&#8211; L\u00e1zaro Ramos<br \/>&#8211; Ta\u00eds Ara\u00fajo<br \/>&#8211; Martinho da Vila<br \/>&#8211; Camila Pitanga<br \/>&#8211; Gilberto Gil<br \/>&#8211; Leci Brand\u00e3o<br \/>&#8211; Mano Brown<br \/>&#8211; Emicida<br \/>&#8211; Marielle Franco<\/p>\n<p>N\u00f3s sabemos de qual lado queremos estar.<\/p>\n<p>&mdash; PSOL 50 (@psol50) <a href=\"https:\/\/twitter.com\/psol50\/status\/1199785943416393728?ref_src=twsrc%5Etfw\">November 27, 2019<\/a><\/p><\/blockquote>\n<p><script async src=\"https:\/\/platform.twitter.com\/widgets.js\" charset=\"utf-8\"><\/script><\/p>\n","protected":false},"excerpt":{"rendered":"<p>O PSOL apresentou uma representa\u00e7\u00e3o na Procuradoria-Geral da Rep\u00fablica nesta quarta-feira (27) para solicitar a anula\u00e7\u00e3o da nomea\u00e7\u00e3o de S\u00e9rgio Nascimento de Camargo para a presid\u00eancia da Funda\u00e7\u00e3o Palmares. Camargo foi nomeado pelo rec\u00e9m-empossado secret\u00e1rio especial de Cultura, Roberto Alvim, que tamb\u00e9m \u00e9 alvo de representa\u00e7\u00e3o do PSOL por n\u00e3o cumprir os requisitos para ocupar [&hellip;]<\/p>\n","protected":false},"author":2,"featured_media":27097,"comment_status":"closed","ping_status":"open","sticky":false,"template":"","format":"standard","meta":{"_acf_changed":false,"footnotes":""},"categories":[6],"tags":[66,692,77,22,127,2125],"class_list":{"0":"post-27092","1":"post","2":"type-post","3":"status-publish","4":"format-standard","5":"has-post-thumbnail","7":"category-noticias","8":"tag-cultura","9":"tag-fundacao-palmares","10":"tag-pgr","11":"tag-psol","12":"tag-racismo","13":"tag-sergio-nascimento-de-camargo"},"acf":[],"yoast_head":"<!-- This site is optimized with the Yoast SEO plugin v26.5 - https:\/\/yoast.com\/wordpress\/plugins\/seo\/ -->\n<title>PSOL aciona PGR para barrar nomea\u00e7\u00e3o de presidente da Funda\u00e7\u00e3o Palmares que nega racismo<\/title>\n<meta name=\"description\" content=\"S\u00e9rgio Nascimento de Camargo tem um longo hist\u00f3rico de embates com o movimento e comunidade negros no Brasil.\" \/>\n<meta name=\"robots\" content=\"index, follow, max-snippet:-1, max-image-preview:large, max-video-preview:-1\" \/>\n<link rel=\"canonical\" href=\"https:\/\/psol50.org.br\/psol-aciona-pgr-para-barrar-nomeacao-de-presidente-da-fundacao-palmares-que-nega-racismo\/\" \/>\n<meta property=\"og:locale\" content=\"pt_BR\" \/>\n<meta property=\"og:type\" content=\"article\" \/>\n<meta property=\"og:title\" content=\"PSOL aciona PGR para barrar nomea\u00e7\u00e3o de presidente da Funda\u00e7\u00e3o Palmares que nega racismo\" \/>\n<meta property=\"og:description\" content=\"S\u00e9rgio Nascimento de Camargo tem um longo hist\u00f3rico de embates com o movimento e comunidade negros no Brasil.\" \/>\n<meta property=\"og:url\" content=\"https:\/\/psol50.org.br\/psol-aciona-pgr-para-barrar-nomeacao-de-presidente-da-fundacao-palmares-que-nega-racismo\/\" \/>\n<meta property=\"og:site_name\" content=\"PSOL 50\" \/>\n<meta property=\"article:publisher\" content=\"https:\/\/www.facebook.com\/psol50\" \/>\n<meta property=\"article:published_time\" content=\"2019-11-28T15:34:50+00:00\" \/>\n<meta property=\"og:image\" content=\"https:\/\/psol50.org.br\/inc\/uploads\/2019\/11\/xSergio-Camargo.jpeg.jpg.pagespeed.ic_.tmlAFd2xuu.jpg\" \/>\n\t<meta property=\"og:image:width\" content=\"1086\" \/>\n\t<meta property=\"og:image:height\" content=\"652\" \/>\n\t<meta property=\"og:image:type\" content=\"image\/jpeg\" \/>\n<meta name=\"author\" content=\"Comunica\u00e7\u00e3o PSOL\" \/>\n<meta name=\"twitter:card\" content=\"summary_large_image\" \/>\n<meta name=\"twitter:title\" content=\"PSOL aciona PGR para barrar nomea\u00e7\u00e3o de presidente da Funda\u00e7\u00e3o Palmares que nega racismo\" \/>\n<meta name=\"twitter:description\" content=\"S\u00e9rgio Nascimento de Camargo tem um longo hist\u00f3rico de embates com o movimento e comunidade negros no Brasil.\" \/>\n<meta name=\"twitter:image\" content=\"https:\/\/psol50.org.br\/inc\/uploads\/2019\/11\/xSergio-Camargo.jpeg.jpg.pagespeed.ic_.tmlAFd2xuu.jpg\" \/>\n<meta name=\"twitter:creator\" content=\"@psol50\" \/>\n<meta name=\"twitter:site\" content=\"@psol50\" \/>\n<meta name=\"twitter:label1\" content=\"Escrito por\" \/>\n\t<meta name=\"twitter:data1\" content=\"Comunica\u00e7\u00e3o PSOL\" \/>\n\t<meta name=\"twitter:label2\" content=\"Est. tempo de leitura\" \/>\n\t<meta name=\"twitter:data2\" content=\"1 minuto\" \/>\n<script type=\"application\/ld+json\" class=\"yoast-schema-graph\">{\"@context\":\"https:\/\/schema.org\",\"@graph\":[{\"@type\":\"Article\",\"@id\":\"https:\/\/psol50.org.br\/psol-aciona-pgr-para-barrar-nomeacao-de-presidente-da-fundacao-palmares-que-nega-racismo\/#article\",\"isPartOf\":{\"@id\":\"https:\/\/psol50.org.br\/psol-aciona-pgr-para-barrar-nomeacao-de-presidente-da-fundacao-palmares-que-nega-racismo\/\"},\"author\":{\"name\":\"Comunica\u00e7\u00e3o PSOL\",\"@id\":\"https:\/\/psol50.org.br\/#\/schema\/person\/475dfa57d0b815993c714c2e96491fcd\"},\"headline\":\"PSOL aciona PGR para barrar nomea\u00e7\u00e3o de presidente da Funda\u00e7\u00e3o Palmares que nega racismo\",\"datePublished\":\"2019-11-28T15:34:50+00:00\",\"mainEntityOfPage\":{\"@id\":\"https:\/\/psol50.org.br\/psol-aciona-pgr-para-barrar-nomeacao-de-presidente-da-fundacao-palmares-que-nega-racismo\/\"},\"wordCount\":260,\"publisher\":{\"@id\":\"https:\/\/psol50.org.br\/#organization\"},\"image\":{\"@id\":\"https:\/\/psol50.org.br\/psol-aciona-pgr-para-barrar-nomeacao-de-presidente-da-fundacao-palmares-que-nega-racismo\/#primaryimage\"},\"thumbnailUrl\":\"https:\/\/psol50.org.br\/inc\/uploads\/2019\/11\/xSergio-Camargo.jpeg.jpg.pagespeed.ic_.tmlAFd2xuu.jpg\",\"keywords\":[\"cultura\",\"funda\u00e7\u00e3o palmares\",\"PGR\",\"PSOL\",\"racismo\",\"s\u00e9rgio nascimento de camargo\"],\"articleSection\":[\"Not\u00edcias\"],\"inLanguage\":\"pt-BR\"},{\"@type\":\"WebPage\",\"@id\":\"https:\/\/psol50.org.br\/psol-aciona-pgr-para-barrar-nomeacao-de-presidente-da-fundacao-palmares-que-nega-racismo\/\",\"url\":\"https:\/\/psol50.org.br\/psol-aciona-pgr-para-barrar-nomeacao-de-presidente-da-fundacao-palmares-que-nega-racismo\/\",\"name\":\"PSOL aciona PGR para barrar nomea\u00e7\u00e3o de presidente da Funda\u00e7\u00e3o Palmares que nega racismo\",\"isPartOf\":{\"@id\":\"https:\/\/psol50.org.br\/#website\"},\"primaryImageOfPage\":{\"@id\":\"https:\/\/psol50.org.br\/psol-aciona-pgr-para-barrar-nomeacao-de-presidente-da-fundacao-palmares-que-nega-racismo\/#primaryimage\"},\"image\":{\"@id\":\"https:\/\/psol50.org.br\/psol-aciona-pgr-para-barrar-nomeacao-de-presidente-da-fundacao-palmares-que-nega-racismo\/#primaryimage\"},\"thumbnailUrl\":\"https:\/\/psol50.org.br\/inc\/uploads\/2019\/11\/xSergio-Camargo.jpeg.jpg.pagespeed.ic_.tmlAFd2xuu.jpg\",\"datePublished\":\"2019-11-28T15:34:50+00:00\",\"description\":\"S\u00e9rgio Nascimento de Camargo tem um longo hist\u00f3rico de embates com o movimento e comunidade negros no Brasil.\",\"breadcrumb\":{\"@id\":\"https:\/\/psol50.org.br\/psol-aciona-pgr-para-barrar-nomeacao-de-presidente-da-fundacao-palmares-que-nega-racismo\/#breadcrumb\"},\"inLanguage\":\"pt-BR\",\"potentialAction\":[{\"@type\":\"ReadAction\",\"target\":[\"https:\/\/psol50.org.br\/psol-aciona-pgr-para-barrar-nomeacao-de-presidente-da-fundacao-palmares-que-nega-racismo\/\"]}]},{\"@type\":\"ImageObject\",\"inLanguage\":\"pt-BR\",\"@id\":\"https:\/\/psol50.org.br\/psol-aciona-pgr-para-barrar-nomeacao-de-presidente-da-fundacao-palmares-que-nega-racismo\/#primaryimage\",\"url\":\"https:\/\/psol50.org.br\/inc\/uploads\/2019\/11\/xSergio-Camargo.jpeg.jpg.pagespeed.ic_.tmlAFd2xuu.jpg\",\"contentUrl\":\"https:\/\/psol50.org.br\/inc\/uploads\/2019\/11\/xSergio-Camargo.jpeg.jpg.pagespeed.ic_.tmlAFd2xuu.jpg\",\"width\":1086,\"height\":652},{\"@type\":\"BreadcrumbList\",\"@id\":\"https:\/\/psol50.org.br\/psol-aciona-pgr-para-barrar-nomeacao-de-presidente-da-fundacao-palmares-que-nega-racismo\/#breadcrumb\",\"itemListElement\":[{\"@type\":\"ListItem\",\"position\":1,\"name\":\"In\u00edcio\",\"item\":\"https:\/\/psol50.org.br\/\"},{\"@type\":\"ListItem\",\"position\":2,\"name\":\"PSOL aciona PGR para barrar nomea\u00e7\u00e3o de presidente da Funda\u00e7\u00e3o Palmares que nega racismo\"}]},{\"@type\":\"WebSite\",\"@id\":\"https:\/\/psol50.org.br\/#website\",\"url\":\"https:\/\/psol50.org.br\/\",\"name\":\"PSOL 50\",\"description\":\"Site oficial do Partido Socialismo e Liberdade\",\"publisher\":{\"@id\":\"https:\/\/psol50.org.br\/#organization\"},\"alternateName\":\"PSOL50\",\"potentialAction\":[{\"@type\":\"SearchAction\",\"target\":{\"@type\":\"EntryPoint\",\"urlTemplate\":\"https:\/\/psol50.org.br\/?s={search_term_string}\"},\"query-input\":{\"@type\":\"PropertyValueSpecification\",\"valueRequired\":true,\"valueName\":\"search_term_string\"}}],\"inLanguage\":\"pt-BR\"},{\"@type\":\"Organization\",\"@id\":\"https:\/\/psol50.org.br\/#organization\",\"name\":\"PSOL 50\",\"alternateName\":\"PSOL 50\",\"url\":\"https:\/\/psol50.org.br\/\",\"logo\":{\"@type\":\"ImageObject\",\"inLanguage\":\"pt-BR\",\"@id\":\"https:\/\/psol50.org.br\/#\/schema\/logo\/image\/\",\"url\":\"https:\/\/psol50.org.br\/inc\/uploads\/2018\/07\/capa.png\",\"contentUrl\":\"https:\/\/psol50.org.br\/inc\/uploads\/2018\/07\/capa.png\",\"width\":1350,\"height\":900,\"caption\":\"PSOL 50\"},\"image\":{\"@id\":\"https:\/\/psol50.org.br\/#\/schema\/logo\/image\/\"},\"sameAs\":[\"https:\/\/www.facebook.com\/psol50\",\"https:\/\/x.com\/psol50\",\"https:\/\/www.instagram.com\/psol50\/\",\"https:\/\/www.youtube.com\/channel\/UC7SnJS5o1os7a6CaiNabzcg\"]},{\"@type\":\"Person\",\"@id\":\"https:\/\/psol50.org.br\/#\/schema\/person\/475dfa57d0b815993c714c2e96491fcd\",\"name\":\"Comunica\u00e7\u00e3o PSOL\",\"image\":{\"@type\":\"ImageObject\",\"inLanguage\":\"pt-BR\",\"@id\":\"https:\/\/psol50.org.br\/#\/schema\/person\/image\/\",\"url\":\"https:\/\/secure.gravatar.com\/avatar\/b34fc4f4e468a4e51785917065a3db57b841f5c95dba6ad8c73aaf8f66f8f9bf?s=96&d=mm&r=g\",\"contentUrl\":\"https:\/\/secure.gravatar.com\/avatar\/b34fc4f4e468a4e51785917065a3db57b841f5c95dba6ad8c73aaf8f66f8f9bf?s=96&d=mm&r=g\",\"caption\":\"Comunica\u00e7\u00e3o PSOL\"}}]}<\/script>\n<!-- \/ Yoast SEO plugin. -->","yoast_head_json":{"title":"PSOL aciona PGR para barrar nomea\u00e7\u00e3o de presidente da Funda\u00e7\u00e3o Palmares que nega racismo","description":"S\u00e9rgio Nascimento de Camargo tem um longo hist\u00f3rico de embates com o movimento e comunidade negros no Brasil.","robots":{"index":"index","follow":"follow","max-snippet":"max-snippet:-1","max-image-preview":"max-image-preview:large","max-video-preview":"max-video-preview:-1"},"canonical":"https:\/\/psol50.org.br\/psol-aciona-pgr-para-barrar-nomeacao-de-presidente-da-fundacao-palmares-que-nega-racismo\/","og_locale":"pt_BR","og_type":"article","og_title":"PSOL aciona PGR para barrar nomea\u00e7\u00e3o de presidente da Funda\u00e7\u00e3o Palmares que nega racismo","og_description":"S\u00e9rgio Nascimento de Camargo tem um longo hist\u00f3rico de embates com o movimento e comunidade negros no Brasil.","og_url":"https:\/\/psol50.org.br\/psol-aciona-pgr-para-barrar-nomeacao-de-presidente-da-fundacao-palmares-que-nega-racismo\/","og_site_name":"PSOL 50","article_publisher":"https:\/\/www.facebook.com\/psol50","article_published_time":"2019-11-28T15:34:50+00:00","og_image":[{"width":1086,"height":652,"url":"https:\/\/psol50.org.br\/inc\/uploads\/2019\/11\/xSergio-Camargo.jpeg.jpg.pagespeed.ic_.tmlAFd2xuu.jpg","type":"image\/jpeg"}],"author":"Comunica\u00e7\u00e3o PSOL","twitter_card":"summary_large_image","twitter_title":"PSOL aciona PGR para barrar nomea\u00e7\u00e3o de presidente da Funda\u00e7\u00e3o Palmares que nega racismo","twitter_description":"S\u00e9rgio Nascimento de Camargo tem um longo hist\u00f3rico de embates com o movimento e comunidade negros no Brasil.","twitter_image":"https:\/\/psol50.org.br\/inc\/uploads\/2019\/11\/xSergio-Camargo.jpeg.jpg.pagespeed.ic_.tmlAFd2xuu.jpg","twitter_creator":"@psol50","twitter_site":"@psol50","twitter_misc":{"Escrito por":"Comunica\u00e7\u00e3o PSOL","Est. tempo de leitura":"1 minuto"},"schema":{"@context":"https:\/\/schema.org","@graph":[{"@type":"Article","@id":"https:\/\/psol50.org.br\/psol-aciona-pgr-para-barrar-nomeacao-de-presidente-da-fundacao-palmares-que-nega-racismo\/#article","isPartOf":{"@id":"https:\/\/psol50.org.br\/psol-aciona-pgr-para-barrar-nomeacao-de-presidente-da-fundacao-palmares-que-nega-racismo\/"},"author":{"name":"Comunica\u00e7\u00e3o PSOL","@id":"https:\/\/psol50.org.br\/#\/schema\/person\/475dfa57d0b815993c714c2e96491fcd"},"headline":"PSOL aciona PGR para barrar nomea\u00e7\u00e3o de presidente da Funda\u00e7\u00e3o Palmares que nega racismo","datePublished":"2019-11-28T15:34:50+00:00","mainEntityOfPage":{"@id":"https:\/\/psol50.org.br\/psol-aciona-pgr-para-barrar-nomeacao-de-presidente-da-fundacao-palmares-que-nega-racismo\/"},"wordCount":260,"publisher":{"@id":"https:\/\/psol50.org.br\/#organization"},"image":{"@id":"https:\/\/psol50.org.br\/psol-aciona-pgr-para-barrar-nomeacao-de-presidente-da-fundacao-palmares-que-nega-racismo\/#primaryimage"},"thumbnailUrl":"https:\/\/psol50.org.br\/inc\/uploads\/2019\/11\/xSergio-Camargo.jpeg.jpg.pagespeed.ic_.tmlAFd2xuu.jpg","keywords":["cultura","funda\u00e7\u00e3o palmares","PGR","PSOL","racismo","s\u00e9rgio nascimento de camargo"],"articleSection":["Not\u00edcias"],"inLanguage":"pt-BR"},{"@type":"WebPage","@id":"https:\/\/psol50.org.br\/psol-aciona-pgr-para-barrar-nomeacao-de-presidente-da-fundacao-palmares-que-nega-racismo\/","url":"https:\/\/psol50.org.br\/psol-aciona-pgr-para-barrar-nomeacao-de-presidente-da-fundacao-palmares-que-nega-racismo\/","name":"PSOL aciona PGR para barrar nomea\u00e7\u00e3o de presidente da Funda\u00e7\u00e3o Palmares que nega racismo","isPartOf":{"@id":"https:\/\/psol50.org.br\/#website"},"primaryImageOfPage":{"@id":"https:\/\/psol50.org.br\/psol-aciona-pgr-para-barrar-nomeacao-de-presidente-da-fundacao-palmares-que-nega-racismo\/#primaryimage"},"image":{"@id":"https:\/\/psol50.org.br\/psol-aciona-pgr-para-barrar-nomeacao-de-presidente-da-fundacao-palmares-que-nega-racismo\/#primaryimage"},"thumbnailUrl":"https:\/\/psol50.org.br\/inc\/uploads\/2019\/11\/xSergio-Camargo.jpeg.jpg.pagespeed.ic_.tmlAFd2xuu.jpg","datePublished":"2019-11-28T15:34:50+00:00","description":"S\u00e9rgio Nascimento de Camargo tem um longo hist\u00f3rico de embates com o movimento e comunidade negros no Brasil.","breadcrumb":{"@id":"https:\/\/psol50.org.br\/psol-aciona-pgr-para-barrar-nomeacao-de-presidente-da-fundacao-palmares-que-nega-racismo\/#breadcrumb"},"inLanguage":"pt-BR","potentialAction":[{"@type":"ReadAction","target":["https:\/\/psol50.org.br\/psol-aciona-pgr-para-barrar-nomeacao-de-presidente-da-fundacao-palmares-que-nega-racismo\/"]}]},{"@type":"ImageObject","inLanguage":"pt-BR","@id":"https:\/\/psol50.org.br\/psol-aciona-pgr-para-barrar-nomeacao-de-presidente-da-fundacao-palmares-que-nega-racismo\/#primaryimage","url":"https:\/\/psol50.org.br\/inc\/uploads\/2019\/11\/xSergio-Camargo.jpeg.jpg.pagespeed.ic_.tmlAFd2xuu.jpg","contentUrl":"https:\/\/psol50.org.br\/inc\/uploads\/2019\/11\/xSergio-Camargo.jpeg.jpg.pagespeed.ic_.tmlAFd2xuu.jpg","width":1086,"height":652},{"@type":"BreadcrumbList","@id":"https:\/\/psol50.org.br\/psol-aciona-pgr-para-barrar-nomeacao-de-presidente-da-fundacao-palmares-que-nega-racismo\/#breadcrumb","itemListElement":[{"@type":"ListItem","position":1,"name":"In\u00edcio","item":"https:\/\/psol50.org.br\/"},{"@type":"ListItem","position":2,"name":"PSOL aciona PGR para barrar nomea\u00e7\u00e3o de presidente da Funda\u00e7\u00e3o Palmares que nega racismo"}]},{"@type":"WebSite","@id":"https:\/\/psol50.org.br\/#website","url":"https:\/\/psol50.org.br\/","name":"PSOL 50","description":"Site oficial do Partido Socialismo e Liberdade","publisher":{"@id":"https:\/\/psol50.org.br\/#organization"},"alternateName":"PSOL50","potentialAction":[{"@type":"SearchAction","target":{"@type":"EntryPoint","urlTemplate":"https:\/\/psol50.org.br\/?s={search_term_string}"},"query-input":{"@type":"PropertyValueSpecification","valueRequired":true,"valueName":"search_term_string"}}],"inLanguage":"pt-BR"},{"@type":"Organization","@id":"https:\/\/psol50.org.br\/#organization","name":"PSOL 50","alternateName":"PSOL 50","url":"https:\/\/psol50.org.br\/","logo":{"@type":"ImageObject","inLanguage":"pt-BR","@id":"https:\/\/psol50.org.br\/#\/schema\/logo\/image\/","url":"https:\/\/psol50.org.br\/inc\/uploads\/2018\/07\/capa.png","contentUrl":"https:\/\/psol50.org.br\/inc\/uploads\/2018\/07\/capa.png","width":1350,"height":900,"caption":"PSOL 50"},"image":{"@id":"https:\/\/psol50.org.br\/#\/schema\/logo\/image\/"},"sameAs":["https:\/\/www.facebook.com\/psol50","https:\/\/x.com\/psol50","https:\/\/www.instagram.com\/psol50\/","https:\/\/www.youtube.com\/channel\/UC7SnJS5o1os7a6CaiNabzcg"]},{"@type":"Person","@id":"https:\/\/psol50.org.br\/#\/schema\/person\/475dfa57d0b815993c714c2e96491fcd","name":"Comunica\u00e7\u00e3o PSOL","image":{"@type":"ImageObject","inLanguage":"pt-BR","@id":"https:\/\/psol50.org.br\/#\/schema\/person\/image\/","url":"https:\/\/secure.gravatar.com\/avatar\/b34fc4f4e468a4e51785917065a3db57b841f5c95dba6ad8c73aaf8f66f8f9bf?s=96&d=mm&r=g","contentUrl":"https:\/\/secure.gravatar.com\/avatar\/b34fc4f4e468a4e51785917065a3db57b841f5c95dba6ad8c73aaf8f66f8f9bf?s=96&d=mm&r=g","caption":"Comunica\u00e7\u00e3o PSOL"}}]}},"_links":{"self":[{"href":"https:\/\/psol50.org.br\/rest\/wp\/v2\/posts\/27092","targetHints":{"allow":["GET"]}}],"collection":[{"href":"https:\/\/psol50.org.br\/rest\/wp\/v2\/posts"}],"about":[{"href":"https:\/\/psol50.org.br\/rest\/wp\/v2\/types\/post"}],"author":[{"embeddable":true,"href":"https:\/\/psol50.org.br\/rest\/wp\/v2\/users\/2"}],"replies":[{"embeddable":true,"href":"https:\/\/psol50.org.br\/rest\/wp\/v2\/comments?post=27092"}],"version-history":[{"count":0,"href":"https:\/\/psol50.org.br\/rest\/wp\/v2\/posts\/27092\/revisions"}],"wp:featuredmedia":[{"embeddable":true,"href":"https:\/\/psol50.org.br\/rest\/wp\/v2\/media\/27097"}],"wp:attachment":[{"href":"https:\/\/psol50.org.br\/rest\/wp\/v2\/media?parent=27092"}],"wp:term":[{"taxonomy":"category","embeddable":true,"href":"https:\/\/psol50.org.br\/rest\/wp\/v2\/categories?post=27092"},{"taxonomy":"post_tag","embeddable":true,"href":"https:\/\/psol50.org.br\/rest\/wp\/v2\/tags?post=27092"}],"curies":[{"name":"wp","href":"https:\/\/api.w.org\/{rel}","templated":true}]}}