{"id":27099,"date":"2019-11-28T14:13:18","date_gmt":"2019-11-28T17:13:18","guid":{"rendered":"http:\/\/psol50.org.br\/?p=27099"},"modified":"2019-11-28T14:13:18","modified_gmt":"2019-11-28T17:13:18","slug":"nota-do-psol-para-em-solidariedade-aos-brigadistas-de-alter-do-chao","status":"publish","type":"post","link":"https:\/\/psol50.org.br\/nota-do-psol-para-em-solidariedade-aos-brigadistas-de-alter-do-chao\/","title":{"rendered":"Nota do PSOL Par\u00e1 em solidariedade aos brigadistas de Alter do Ch\u00e3o"},"content":{"rendered":"<p>O Partido Socialismo e Liberdade do Par\u00e1 vem a p\u00fablico manifestar solidariedade \u00e0 Brigada de Inc\u00eandio de Alter do Ch\u00e3o e ao Projeto Sa\u00fade e Alegria, organiza\u00e7\u00f5es n\u00e3o-governamentais que tem atuado na regi\u00e3o de Alter do Ch\u00e3o, Santar\u00e9m, em defesa dos direitos dos ribeirinhos e do meio ambiente da Amaz\u00f4nia. Em todo o Brasil e o mundo, entidades de defesa do meio ambiente tem manifestado apoio \u00e0s organiza\u00e7\u00f5es aqui citadas. Ao mesmo tempo, repudiamos a tentativa de cr<span class=\"text_exposed_show\">iminaliza\u00e7\u00e3o dos movimentos sociais e dos defensores da floresta, com a pris\u00e3o de quatro membros da Brigada de Alter do Ch\u00e3o e busca ostensiva nas depend\u00eancias do Projeto Sa\u00fade e Alegria nesta ter\u00e7a-feira (26).<\/span><\/p>\n<p>Not\u00edcias divulgadas nesta quarta-feira (26) pela imprensa mostram que a Pol\u00edcia Civil de Santar\u00e9m pin\u00e7ou trechos das intercepta\u00e7\u00f5es telef\u00f4nicas das organiza\u00e7\u00f5es e as interpretou para incriminar os membros da organiza\u00e7\u00e3o. O delegado respons\u00e1vel \u00e9 Jos\u00e9 Humberto de Melo Jr. Ele tamb\u00e9m foi o respons\u00e1vel pelo inqu\u00e9rito do assassinato do casal Jos\u00e9 Cl\u00e1udio Ribeiro da Silva e Maria do Esp\u00edrito Santo da Silva, em Nova Ipixuna (PA), no qual dois suspeitos de terem financiado o crime n\u00e3o foram nem ao menos indiciados. As grava\u00e7\u00f5es que indicam os envolvimento dessas duas pessoas foram interceptadas pela Pol\u00edcia Federal, que colaborou no caso.<\/p>\n<div class=\"text_exposed_show\">\n<p>Al\u00e9m disso, os moradores t\u00eam denunciado que in\u00fameras constru\u00e7\u00f5es que est\u00e3o surgindo na vila de Alter do Ch\u00e3o amea\u00e7am uma \u00e1rea preservada, neste caso a \u00c1rea de Prote\u00e7\u00e3o Ambiental (APA), criada em junho de 2003, atrav\u00e9s da Lei n\u00ba 17.771\/2003, e localizada \u00e0s margens do Rio Tapaj\u00f3s.<\/p>\n<p>N\u00f3s do PSOL temos compromisso com a justi\u00e7a social aliada ao equil\u00edbrio ecol\u00f3gico, e temos denunciado os projetos do governo Bolsonaro de destrui\u00e7\u00e3o do meio ambiente, viol\u00eancia contra os povos ind\u00edgenas e quilombolas, e a omiss\u00e3o do governo frente as queimadas que tomaram conta da Amaz\u00f4nia. Mas n\u00e3o podemos permitir que lutadores sociais sejam usados como bodes expiat\u00f3rios dos criminosos que s\u00e3o, de fato, respons\u00e1veis por este crime contra as nossas florestas. Exigimos o imediato afastamento do delegado Jos\u00e9 Humberto de Melo Jr do caso, bem como, a liberta\u00e7\u00e3o dos presos da Brigada de Alter do Ch\u00e3o.<\/p>\n<p><em><strong>Bel\u00e9m (PA), 27 de novembro de 2019<\/strong><\/em><br \/>\n<em><strong>Executiva Estadual do PSOL-PA<\/strong><\/em><\/p>\n<\/div>\n","protected":false},"excerpt":{"rendered":"<p>O Partido Socialismo e Liberdade do Par\u00e1 vem a p\u00fablico manifestar solidariedade \u00e0 Brigada de Inc\u00eandio de Alter do Ch\u00e3o e ao Projeto Sa\u00fade e Alegria, organiza\u00e7\u00f5es n\u00e3o-governamentais que tem atuado na regi\u00e3o de Alter do Ch\u00e3o, Santar\u00e9m, em defesa dos direitos dos ribeirinhos e do meio ambiente da Amaz\u00f4nia. Em todo o Brasil e [&hellip;]<\/p>\n","protected":false},"author":2,"featured_media":27100,"comment_status":"closed","ping_status":"open","sticky":false,"template":"","format":"standard","meta":{"_acf_changed":false,"footnotes":""},"categories":[6],"tags":[2126,2127,2128,50,728,537,22],"class_list":{"0":"post-27099","1":"post","2":"type-post","3":"status-publish","4":"format-standard","5":"has-post-thumbnail","7":"category-noticias","8":"tag-alter-do-chao","9":"tag-brigadas","10":"tag-incendio","11":"tag-para","12":"tag-policia","13":"tag-prisao","14":"tag-psol"},"acf":[],"yoast_head":"<!-- This site is optimized with the Yoast SEO plugin v26.5 - https:\/\/yoast.com\/wordpress\/plugins\/seo\/ -->\n<title>Nota do PSOL Par\u00e1 em solidariedade aos brigadistas de Alter do Ch\u00e3o - PSOL 50<\/title>\n<meta name=\"description\" content=\"Pol\u00edcia Civil descontextualizou frases para justificar pris\u00e3o arbitr\u00e1ria. Pol\u00edcia Federal j\u00e1 anunciou que n\u00e3o v\u00ea sentido nesta linha de investiga\u00e7\u00e3o da pol\u00edcia paraense.\" \/>\n<meta name=\"robots\" content=\"index, follow, max-snippet:-1, max-image-preview:large, max-video-preview:-1\" \/>\n<link rel=\"canonical\" href=\"https:\/\/psol50.org.br\/nota-do-psol-para-em-solidariedade-aos-brigadistas-de-alter-do-chao\/\" \/>\n<meta property=\"og:locale\" content=\"pt_BR\" \/>\n<meta property=\"og:type\" content=\"article\" \/>\n<meta property=\"og:title\" content=\"Nota do PSOL Par\u00e1 em solidariedade aos brigadistas de Alter do Ch\u00e3o\" \/>\n<meta property=\"og:description\" content=\"Pol\u00edcia Civil descontextualizou frases para justificar pris\u00e3o arbitr\u00e1ria. Pol\u00edcia Federal j\u00e1 anunciou que n\u00e3o v\u00ea sentido nesta linha de investiga\u00e7\u00e3o da pol\u00edcia paraense.\" \/>\n<meta property=\"og:url\" content=\"https:\/\/psol50.org.br\/nota-do-psol-para-em-solidariedade-aos-brigadistas-de-alter-do-chao\/\" \/>\n<meta property=\"og:site_name\" content=\"PSOL 50\" \/>\n<meta property=\"article:publisher\" content=\"https:\/\/www.facebook.com\/psol50\" \/>\n<meta property=\"article:published_time\" content=\"2019-11-28T17:13:18+00:00\" \/>\n<meta property=\"og:image\" content=\"https:\/\/psol50.org.br\/inc\/uploads\/2019\/11\/alter-do-chc3a3o-parc3a1.jpeg\" \/>\n\t<meta property=\"og:image:width\" content=\"680\" \/>\n\t<meta property=\"og:image:height\" content=\"453\" \/>\n\t<meta property=\"og:image:type\" content=\"image\/jpeg\" \/>\n<meta name=\"author\" content=\"Comunica\u00e7\u00e3o PSOL\" \/>\n<meta name=\"twitter:card\" content=\"summary_large_image\" \/>\n<meta name=\"twitter:title\" content=\"Nota do PSOL Par\u00e1 em solidariedade aos brigadistas de Alter do Ch\u00e3o\" \/>\n<meta name=\"twitter:description\" content=\"Pol\u00edcia Civil descontextualizou frases para justificar pris\u00e3o arbitr\u00e1ria. Pol\u00edcia Federal j\u00e1 anunciou que n\u00e3o v\u00ea sentido nesta linha de investiga\u00e7\u00e3o da pol\u00edcia paraense.\" \/>\n<meta name=\"twitter:image\" content=\"https:\/\/psol50.org.br\/inc\/uploads\/2019\/11\/alter-do-chc3a3o-parc3a1.jpeg\" \/>\n<meta name=\"twitter:creator\" content=\"@psol50\" \/>\n<meta name=\"twitter:site\" content=\"@psol50\" \/>\n<meta name=\"twitter:label1\" content=\"Escrito por\" \/>\n\t<meta name=\"twitter:data1\" content=\"Comunica\u00e7\u00e3o PSOL\" \/>\n\t<meta name=\"twitter:label2\" content=\"Est. tempo de leitura\" \/>\n\t<meta name=\"twitter:data2\" content=\"2 minutos\" \/>\n<script type=\"application\/ld+json\" class=\"yoast-schema-graph\">{\"@context\":\"https:\/\/schema.org\",\"@graph\":[{\"@type\":\"Article\",\"@id\":\"https:\/\/psol50.org.br\/nota-do-psol-para-em-solidariedade-aos-brigadistas-de-alter-do-chao\/#article\",\"isPartOf\":{\"@id\":\"https:\/\/psol50.org.br\/nota-do-psol-para-em-solidariedade-aos-brigadistas-de-alter-do-chao\/\"},\"author\":{\"name\":\"Comunica\u00e7\u00e3o PSOL\",\"@id\":\"https:\/\/psol50.org.br\/#\/schema\/person\/475dfa57d0b815993c714c2e96491fcd\"},\"headline\":\"Nota do PSOL Par\u00e1 em solidariedade aos brigadistas de Alter do Ch\u00e3o\",\"datePublished\":\"2019-11-28T17:13:18+00:00\",\"mainEntityOfPage\":{\"@id\":\"https:\/\/psol50.org.br\/nota-do-psol-para-em-solidariedade-aos-brigadistas-de-alter-do-chao\/\"},\"wordCount\":430,\"publisher\":{\"@id\":\"https:\/\/psol50.org.br\/#organization\"},\"image\":{\"@id\":\"https:\/\/psol50.org.br\/nota-do-psol-para-em-solidariedade-aos-brigadistas-de-alter-do-chao\/#primaryimage\"},\"thumbnailUrl\":\"https:\/\/psol50.org.br\/inc\/uploads\/2019\/11\/alter-do-chc3a3o-parc3a1.jpeg\",\"keywords\":[\"alter do ch\u00e3o\",\"brigadas\",\"inc\u00eandio\",\"Par\u00e1\",\"pol\u00edcia\",\"pris\u00e3o\",\"PSOL\"],\"articleSection\":[\"Not\u00edcias\"],\"inLanguage\":\"pt-BR\"},{\"@type\":\"WebPage\",\"@id\":\"https:\/\/psol50.org.br\/nota-do-psol-para-em-solidariedade-aos-brigadistas-de-alter-do-chao\/\",\"url\":\"https:\/\/psol50.org.br\/nota-do-psol-para-em-solidariedade-aos-brigadistas-de-alter-do-chao\/\",\"name\":\"Nota do PSOL Par\u00e1 em solidariedade aos brigadistas de Alter do Ch\u00e3o - PSOL 50\",\"isPartOf\":{\"@id\":\"https:\/\/psol50.org.br\/#website\"},\"primaryImageOfPage\":{\"@id\":\"https:\/\/psol50.org.br\/nota-do-psol-para-em-solidariedade-aos-brigadistas-de-alter-do-chao\/#primaryimage\"},\"image\":{\"@id\":\"https:\/\/psol50.org.br\/nota-do-psol-para-em-solidariedade-aos-brigadistas-de-alter-do-chao\/#primaryimage\"},\"thumbnailUrl\":\"https:\/\/psol50.org.br\/inc\/uploads\/2019\/11\/alter-do-chc3a3o-parc3a1.jpeg\",\"datePublished\":\"2019-11-28T17:13:18+00:00\",\"description\":\"Pol\u00edcia Civil descontextualizou frases para justificar pris\u00e3o arbitr\u00e1ria. Pol\u00edcia Federal j\u00e1 anunciou que n\u00e3o v\u00ea sentido nesta linha de investiga\u00e7\u00e3o da pol\u00edcia paraense.\",\"breadcrumb\":{\"@id\":\"https:\/\/psol50.org.br\/nota-do-psol-para-em-solidariedade-aos-brigadistas-de-alter-do-chao\/#breadcrumb\"},\"inLanguage\":\"pt-BR\",\"potentialAction\":[{\"@type\":\"ReadAction\",\"target\":[\"https:\/\/psol50.org.br\/nota-do-psol-para-em-solidariedade-aos-brigadistas-de-alter-do-chao\/\"]}]},{\"@type\":\"ImageObject\",\"inLanguage\":\"pt-BR\",\"@id\":\"https:\/\/psol50.org.br\/nota-do-psol-para-em-solidariedade-aos-brigadistas-de-alter-do-chao\/#primaryimage\",\"url\":\"https:\/\/psol50.org.br\/inc\/uploads\/2019\/11\/alter-do-chc3a3o-parc3a1.jpeg\",\"contentUrl\":\"https:\/\/psol50.org.br\/inc\/uploads\/2019\/11\/alter-do-chc3a3o-parc3a1.jpeg\",\"width\":680,\"height\":453,\"caption\":\"Foto: Divulga\u00e7\u00e3o\"},{\"@type\":\"BreadcrumbList\",\"@id\":\"https:\/\/psol50.org.br\/nota-do-psol-para-em-solidariedade-aos-brigadistas-de-alter-do-chao\/#breadcrumb\",\"itemListElement\":[{\"@type\":\"ListItem\",\"position\":1,\"name\":\"In\u00edcio\",\"item\":\"https:\/\/psol50.org.br\/\"},{\"@type\":\"ListItem\",\"position\":2,\"name\":\"Nota do PSOL Par\u00e1 em solidariedade aos brigadistas de Alter do Ch\u00e3o\"}]},{\"@type\":\"WebSite\",\"@id\":\"https:\/\/psol50.org.br\/#website\",\"url\":\"https:\/\/psol50.org.br\/\",\"name\":\"PSOL 50\",\"description\":\"Site oficial do Partido Socialismo e Liberdade\",\"publisher\":{\"@id\":\"https:\/\/psol50.org.br\/#organization\"},\"alternateName\":\"PSOL50\",\"potentialAction\":[{\"@type\":\"SearchAction\",\"target\":{\"@type\":\"EntryPoint\",\"urlTemplate\":\"https:\/\/psol50.org.br\/?s={search_term_string}\"},\"query-input\":{\"@type\":\"PropertyValueSpecification\",\"valueRequired\":true,\"valueName\":\"search_term_string\"}}],\"inLanguage\":\"pt-BR\"},{\"@type\":\"Organization\",\"@id\":\"https:\/\/psol50.org.br\/#organization\",\"name\":\"PSOL 50\",\"alternateName\":\"PSOL 50\",\"url\":\"https:\/\/psol50.org.br\/\",\"logo\":{\"@type\":\"ImageObject\",\"inLanguage\":\"pt-BR\",\"@id\":\"https:\/\/psol50.org.br\/#\/schema\/logo\/image\/\",\"url\":\"https:\/\/psol50.org.br\/inc\/uploads\/2018\/07\/capa.png\",\"contentUrl\":\"https:\/\/psol50.org.br\/inc\/uploads\/2018\/07\/capa.png\",\"width\":1350,\"height\":900,\"caption\":\"PSOL 50\"},\"image\":{\"@id\":\"https:\/\/psol50.org.br\/#\/schema\/logo\/image\/\"},\"sameAs\":[\"https:\/\/www.facebook.com\/psol50\",\"https:\/\/x.com\/psol50\",\"https:\/\/www.instagram.com\/psol50\/\",\"https:\/\/www.youtube.com\/channel\/UC7SnJS5o1os7a6CaiNabzcg\"]},{\"@type\":\"Person\",\"@id\":\"https:\/\/psol50.org.br\/#\/schema\/person\/475dfa57d0b815993c714c2e96491fcd\",\"name\":\"Comunica\u00e7\u00e3o PSOL\",\"image\":{\"@type\":\"ImageObject\",\"inLanguage\":\"pt-BR\",\"@id\":\"https:\/\/psol50.org.br\/#\/schema\/person\/image\/\",\"url\":\"https:\/\/secure.gravatar.com\/avatar\/b34fc4f4e468a4e51785917065a3db57b841f5c95dba6ad8c73aaf8f66f8f9bf?s=96&d=mm&r=g\",\"contentUrl\":\"https:\/\/secure.gravatar.com\/avatar\/b34fc4f4e468a4e51785917065a3db57b841f5c95dba6ad8c73aaf8f66f8f9bf?s=96&d=mm&r=g\",\"caption\":\"Comunica\u00e7\u00e3o PSOL\"}}]}<\/script>\n<!-- \/ Yoast SEO plugin. -->","yoast_head_json":{"title":"Nota do PSOL Par\u00e1 em solidariedade aos brigadistas de Alter do Ch\u00e3o - PSOL 50","description":"Pol\u00edcia Civil descontextualizou frases para justificar pris\u00e3o arbitr\u00e1ria. Pol\u00edcia Federal j\u00e1 anunciou que n\u00e3o v\u00ea sentido nesta linha de investiga\u00e7\u00e3o da pol\u00edcia paraense.","robots":{"index":"index","follow":"follow","max-snippet":"max-snippet:-1","max-image-preview":"max-image-preview:large","max-video-preview":"max-video-preview:-1"},"canonical":"https:\/\/psol50.org.br\/nota-do-psol-para-em-solidariedade-aos-brigadistas-de-alter-do-chao\/","og_locale":"pt_BR","og_type":"article","og_title":"Nota do PSOL Par\u00e1 em solidariedade aos brigadistas de Alter do Ch\u00e3o","og_description":"Pol\u00edcia Civil descontextualizou frases para justificar pris\u00e3o arbitr\u00e1ria. Pol\u00edcia Federal j\u00e1 anunciou que n\u00e3o v\u00ea sentido nesta linha de investiga\u00e7\u00e3o da pol\u00edcia paraense.","og_url":"https:\/\/psol50.org.br\/nota-do-psol-para-em-solidariedade-aos-brigadistas-de-alter-do-chao\/","og_site_name":"PSOL 50","article_publisher":"https:\/\/www.facebook.com\/psol50","article_published_time":"2019-11-28T17:13:18+00:00","og_image":[{"width":680,"height":453,"url":"https:\/\/psol50.org.br\/inc\/uploads\/2019\/11\/alter-do-chc3a3o-parc3a1.jpeg","type":"image\/jpeg"}],"author":"Comunica\u00e7\u00e3o PSOL","twitter_card":"summary_large_image","twitter_title":"Nota do PSOL Par\u00e1 em solidariedade aos brigadistas de Alter do Ch\u00e3o","twitter_description":"Pol\u00edcia Civil descontextualizou frases para justificar pris\u00e3o arbitr\u00e1ria. Pol\u00edcia Federal j\u00e1 anunciou que n\u00e3o v\u00ea sentido nesta linha de investiga\u00e7\u00e3o da pol\u00edcia paraense.","twitter_image":"https:\/\/psol50.org.br\/inc\/uploads\/2019\/11\/alter-do-chc3a3o-parc3a1.jpeg","twitter_creator":"@psol50","twitter_site":"@psol50","twitter_misc":{"Escrito por":"Comunica\u00e7\u00e3o PSOL","Est. tempo de leitura":"2 minutos"},"schema":{"@context":"https:\/\/schema.org","@graph":[{"@type":"Article","@id":"https:\/\/psol50.org.br\/nota-do-psol-para-em-solidariedade-aos-brigadistas-de-alter-do-chao\/#article","isPartOf":{"@id":"https:\/\/psol50.org.br\/nota-do-psol-para-em-solidariedade-aos-brigadistas-de-alter-do-chao\/"},"author":{"name":"Comunica\u00e7\u00e3o PSOL","@id":"https:\/\/psol50.org.br\/#\/schema\/person\/475dfa57d0b815993c714c2e96491fcd"},"headline":"Nota do PSOL Par\u00e1 em solidariedade aos brigadistas de Alter do Ch\u00e3o","datePublished":"2019-11-28T17:13:18+00:00","mainEntityOfPage":{"@id":"https:\/\/psol50.org.br\/nota-do-psol-para-em-solidariedade-aos-brigadistas-de-alter-do-chao\/"},"wordCount":430,"publisher":{"@id":"https:\/\/psol50.org.br\/#organization"},"image":{"@id":"https:\/\/psol50.org.br\/nota-do-psol-para-em-solidariedade-aos-brigadistas-de-alter-do-chao\/#primaryimage"},"thumbnailUrl":"https:\/\/psol50.org.br\/inc\/uploads\/2019\/11\/alter-do-chc3a3o-parc3a1.jpeg","keywords":["alter do ch\u00e3o","brigadas","inc\u00eandio","Par\u00e1","pol\u00edcia","pris\u00e3o","PSOL"],"articleSection":["Not\u00edcias"],"inLanguage":"pt-BR"},{"@type":"WebPage","@id":"https:\/\/psol50.org.br\/nota-do-psol-para-em-solidariedade-aos-brigadistas-de-alter-do-chao\/","url":"https:\/\/psol50.org.br\/nota-do-psol-para-em-solidariedade-aos-brigadistas-de-alter-do-chao\/","name":"Nota do PSOL Par\u00e1 em solidariedade aos brigadistas de Alter do Ch\u00e3o - PSOL 50","isPartOf":{"@id":"https:\/\/psol50.org.br\/#website"},"primaryImageOfPage":{"@id":"https:\/\/psol50.org.br\/nota-do-psol-para-em-solidariedade-aos-brigadistas-de-alter-do-chao\/#primaryimage"},"image":{"@id":"https:\/\/psol50.org.br\/nota-do-psol-para-em-solidariedade-aos-brigadistas-de-alter-do-chao\/#primaryimage"},"thumbnailUrl":"https:\/\/psol50.org.br\/inc\/uploads\/2019\/11\/alter-do-chc3a3o-parc3a1.jpeg","datePublished":"2019-11-28T17:13:18+00:00","description":"Pol\u00edcia Civil descontextualizou frases para justificar pris\u00e3o arbitr\u00e1ria. Pol\u00edcia Federal j\u00e1 anunciou que n\u00e3o v\u00ea sentido nesta linha de investiga\u00e7\u00e3o da pol\u00edcia paraense.","breadcrumb":{"@id":"https:\/\/psol50.org.br\/nota-do-psol-para-em-solidariedade-aos-brigadistas-de-alter-do-chao\/#breadcrumb"},"inLanguage":"pt-BR","potentialAction":[{"@type":"ReadAction","target":["https:\/\/psol50.org.br\/nota-do-psol-para-em-solidariedade-aos-brigadistas-de-alter-do-chao\/"]}]},{"@type":"ImageObject","inLanguage":"pt-BR","@id":"https:\/\/psol50.org.br\/nota-do-psol-para-em-solidariedade-aos-brigadistas-de-alter-do-chao\/#primaryimage","url":"https:\/\/psol50.org.br\/inc\/uploads\/2019\/11\/alter-do-chc3a3o-parc3a1.jpeg","contentUrl":"https:\/\/psol50.org.br\/inc\/uploads\/2019\/11\/alter-do-chc3a3o-parc3a1.jpeg","width":680,"height":453,"caption":"Foto: Divulga\u00e7\u00e3o"},{"@type":"BreadcrumbList","@id":"https:\/\/psol50.org.br\/nota-do-psol-para-em-solidariedade-aos-brigadistas-de-alter-do-chao\/#breadcrumb","itemListElement":[{"@type":"ListItem","position":1,"name":"In\u00edcio","item":"https:\/\/psol50.org.br\/"},{"@type":"ListItem","position":2,"name":"Nota do PSOL Par\u00e1 em solidariedade aos brigadistas de Alter do Ch\u00e3o"}]},{"@type":"WebSite","@id":"https:\/\/psol50.org.br\/#website","url":"https:\/\/psol50.org.br\/","name":"PSOL 50","description":"Site oficial do Partido Socialismo e Liberdade","publisher":{"@id":"https:\/\/psol50.org.br\/#organization"},"alternateName":"PSOL50","potentialAction":[{"@type":"SearchAction","target":{"@type":"EntryPoint","urlTemplate":"https:\/\/psol50.org.br\/?s={search_term_string}"},"query-input":{"@type":"PropertyValueSpecification","valueRequired":true,"valueName":"search_term_string"}}],"inLanguage":"pt-BR"},{"@type":"Organization","@id":"https:\/\/psol50.org.br\/#organization","name":"PSOL 50","alternateName":"PSOL 50","url":"https:\/\/psol50.org.br\/","logo":{"@type":"ImageObject","inLanguage":"pt-BR","@id":"https:\/\/psol50.org.br\/#\/schema\/logo\/image\/","url":"https:\/\/psol50.org.br\/inc\/uploads\/2018\/07\/capa.png","contentUrl":"https:\/\/psol50.org.br\/inc\/uploads\/2018\/07\/capa.png","width":1350,"height":900,"caption":"PSOL 50"},"image":{"@id":"https:\/\/psol50.org.br\/#\/schema\/logo\/image\/"},"sameAs":["https:\/\/www.facebook.com\/psol50","https:\/\/x.com\/psol50","https:\/\/www.instagram.com\/psol50\/","https:\/\/www.youtube.com\/channel\/UC7SnJS5o1os7a6CaiNabzcg"]},{"@type":"Person","@id":"https:\/\/psol50.org.br\/#\/schema\/person\/475dfa57d0b815993c714c2e96491fcd","name":"Comunica\u00e7\u00e3o PSOL","image":{"@type":"ImageObject","inLanguage":"pt-BR","@id":"https:\/\/psol50.org.br\/#\/schema\/person\/image\/","url":"https:\/\/secure.gravatar.com\/avatar\/b34fc4f4e468a4e51785917065a3db57b841f5c95dba6ad8c73aaf8f66f8f9bf?s=96&d=mm&r=g","contentUrl":"https:\/\/secure.gravatar.com\/avatar\/b34fc4f4e468a4e51785917065a3db57b841f5c95dba6ad8c73aaf8f66f8f9bf?s=96&d=mm&r=g","caption":"Comunica\u00e7\u00e3o PSOL"}}]}},"_links":{"self":[{"href":"https:\/\/psol50.org.br\/rest\/wp\/v2\/posts\/27099","targetHints":{"allow":["GET"]}}],"collection":[{"href":"https:\/\/psol50.org.br\/rest\/wp\/v2\/posts"}],"about":[{"href":"https:\/\/psol50.org.br\/rest\/wp\/v2\/types\/post"}],"author":[{"embeddable":true,"href":"https:\/\/psol50.org.br\/rest\/wp\/v2\/users\/2"}],"replies":[{"embeddable":true,"href":"https:\/\/psol50.org.br\/rest\/wp\/v2\/comments?post=27099"}],"version-history":[{"count":0,"href":"https:\/\/psol50.org.br\/rest\/wp\/v2\/posts\/27099\/revisions"}],"wp:featuredmedia":[{"embeddable":true,"href":"https:\/\/psol50.org.br\/rest\/wp\/v2\/media\/27100"}],"wp:attachment":[{"href":"https:\/\/psol50.org.br\/rest\/wp\/v2\/media?parent=27099"}],"wp:term":[{"taxonomy":"category","embeddable":true,"href":"https:\/\/psol50.org.br\/rest\/wp\/v2\/categories?post=27099"},{"taxonomy":"post_tag","embeddable":true,"href":"https:\/\/psol50.org.br\/rest\/wp\/v2\/tags?post=27099"}],"curies":[{"name":"wp","href":"https:\/\/api.w.org\/{rel}","templated":true}]}}