{"id":27105,"date":"2019-12-02T10:30:25","date_gmt":"2019-12-02T13:30:25","guid":{"rendered":"http:\/\/psol50.org.br\/?p=27105"},"modified":"2019-12-02T10:30:25","modified_gmt":"2019-12-02T13:30:25","slug":"alem-da-pm-doria-e-bolsonaro-sao-responsaveis-pelas-9-mortes-em-paraisopolis","status":"publish","type":"post","link":"https:\/\/psol50.org.br\/alem-da-pm-doria-e-bolsonaro-sao-responsaveis-pelas-9-mortes-em-paraisopolis\/","title":{"rendered":"Al\u00e9m da PM, Doria e Bolsonaro s\u00e3o respons\u00e1veis pelas 9 mortes em Parais\u00f3polis"},"content":{"rendered":"<p class=\"p1\">Em uma a\u00e7\u00e3o inaceit\u00e1vel na madrugada deste dia 1\u00ba de dezembro a PM de S\u00e3o Paulo mais uma vez causou a morte de nove cidad\u00e3os (n\u00fameros que ainda podem aumentar, dado que h\u00e1 pessoas hospitalizadas) na comunidade de Parais\u00f3polis, zona sul da capital paulista. V\u00eddeos com imagens da a\u00e7\u00e3o desastrosa de repress\u00e3o ao baile DZ7, que reunia cerca de cinco mil pessoas em uma rua estreita, evidenciam que a pr\u00e1tica dos PMs foi muito al\u00e9m da persegui\u00e7\u00e3o a dois supostos criminosos que teriam se infiltrado na atividade cultural, como a corpora\u00e7\u00e3o tentou justificar em entrevista coletiva.<\/p>\n<p class=\"p1\">Diante das grava\u00e7\u00f5es em v\u00eddeo<span class=\"Apple-converted-space\">\u00a0 <\/span>que derrubam a narrativa que forja cen\u00e1rios de conflitos para ocultar a a\u00e7\u00e3o criminosa de policiais, o pr\u00f3prio Tenente-Coronel porta-voz da PM, Emerson Massera, reconheceu a ocorr\u00eancia de abusos. Mas, ao mesmo tempo, Massera conseguiu ainda falar em &#8220;uso comedido&#8221; da for\u00e7a e que seria cedo para &#8220;falar em erro&#8221;.<\/p>\n<p class=\"p1\">Toda a sociedade paulista sabe que a PM que mais mata no pa\u00eds acredita na impunidade para crimes contra a popula\u00e7\u00e3o negra e pobre. Essa cren\u00e7a levou \u00e0s chacinas de Osasco e Barueri, em 2015, e ao assassinato a pancadas da jovem Luana Barbosa dos Santos em Ribeir\u00e3o Preto, no ano de 2016. No ano passado tr\u00eas outros cidad\u00e3os paulistas foram mortos numa a\u00e7\u00e3o de dispers\u00e3o de um baile na cidade de Guarulhos. Mais recentemente, o adolescente Lucas Eduardo Martins dos Santos, de 14 anos, foi encontrado morto em Santo Andr\u00e9 ap\u00f3s uma abordagem policial.<\/p>\n<p class=\"p1\">Esse tipo de a\u00e7\u00e3o \u00e9 resultado da Pol\u00edtica de Morte incentivada pelo governador Jo\u00e3o D\u00f3ria (PSDB), que j\u00e1 declarou que a orienta\u00e7\u00e3o \u00e9 a PM &#8220;atirar para matar&#8221;. No plano federal, os respons\u00e1veis por essas mortes s\u00e3o o presidente Jair Bolsonaro e o ministro S\u00e9rgio Moro, que tentam aprovar seu &#8220;pacote anticrime&#8221; e o &#8220;excludente de ilicitude&#8221; para acobertar e garantir impunidade a esse tipo de pr\u00e1tica. Essa pol\u00edtica j\u00e1 levou \u00e0 execu\u00e7\u00e3o, por policiais, de 358 paulistas no primeiro semestre.<\/p>\n<p class=\"p1\">Exigimos imediata responsabiliza\u00e7\u00e3o do Estado, garantia integral de prote\u00e7\u00e3o \u00e0s fam\u00edlias das v\u00edtimas e testemunhas, destitui\u00e7\u00e3o do Comando da PM na regi\u00e3o, afastamento das ruas e expuls\u00e3o da corpora\u00e7\u00e3o dos agentes identificados agredindo e espancando pessoas, al\u00e9m da revis\u00e3o do protocolo de atua\u00e7\u00e3o da Pol\u00edcia Militar de S\u00e3o Paulo com participa\u00e7\u00e3o efetiva das organiza\u00e7\u00f5es comunit\u00e1rias e de direitos humanos.<\/p>\n<p class=\"p1\">Nossas bancadas na Alesp e na C\u00e2mara dos Deputados envidar\u00e3o todos os esfor\u00e7os a partir desta segunda-feira. Reafirmamos o posicionamento do PSOL contra a criminaliza\u00e7\u00e3o racista das comunidades e manifesta\u00e7\u00f5es culturais perif\u00e9ricas, que ano ap\u00f3s ano resulta em mortes da nossa juventude negra, pobre e trabalhadora em n\u00fameros de guerra. As popula\u00e7\u00f5es perif\u00e9ricas &#8211; que n\u00e3o t\u00eam nenhuma aten\u00e7\u00e3o do Estado e pol\u00edticas p\u00fablicas de cidadania &#8211; t\u00eam direito \u00e0 divers\u00e3o e \u00e0 realiza\u00e7\u00e3o de seus bailes sem repress\u00e3o, bloqueios ou &#8220;regulamenta\u00e7\u00f5es&#8221; que visem restringir manifesta\u00e7\u00f5es culturais. A solu\u00e7\u00e3o para conflitos comunit\u00e1rios sobre barulho ou tr\u00e2nsito passa por garantir direitos e espa\u00e7os para iniciativas culturais nas periferias, e n\u00e3o pela repress\u00e3o criminosa. A Seguran\u00e7a P\u00fablica deve ser um debate tamb\u00e9m sobre como acabar com o desemprego e garantir acesso ao lazer e \u00e0 cidade.<\/p>\n<p class=\"p1\">At\u00e9 a reda\u00e7\u00e3o desta nota as v\u00edtimas ainda n\u00e3o tinham sido identificadas, mas nos colocamos em profunda solidariedade a todos os familiares e amigos atingidos nessa trag\u00e9dia, para agir juntos aos movimentos sociais da comunidade e em defesa dos direitos humanos.A intransig\u00eancia na garantia de responsabiliza\u00e7\u00e3o por essas mortes \u00e9 tamb\u00e9m nossa manifesta\u00e7\u00e3o de reconhecimento que nem todos os policiais agem da mesma forma e que \u00e9 poss\u00edvel cumprir as fun\u00e7\u00f5es da seguran\u00e7a p\u00fablica sem incorrer em atos criminosos que equiparam o Estado aos chamados &#8220;fora da lei&#8221;.<\/p>\n<p class=\"p1\"><em><strong>01 de Dezembro de 2019,<\/strong><\/em><br \/>\n<em><strong>Executiva Estadual do PSOL\/SP<\/strong><\/em><\/p>\n","protected":false},"excerpt":{"rendered":"<p>Em uma a\u00e7\u00e3o inaceit\u00e1vel na madrugada deste dia 1\u00ba de dezembro a PM de S\u00e3o Paulo mais uma vez causou a morte de nove cidad\u00e3os (n\u00fameros que ainda podem aumentar, dado que h\u00e1 pessoas hospitalizadas) na comunidade de Parais\u00f3polis, zona sul da capital paulista. V\u00eddeos com imagens da a\u00e7\u00e3o desastrosa de repress\u00e3o ao baile DZ7, [&hellip;]<\/p>\n","protected":false},"author":2,"featured_media":27106,"comment_status":"closed","ping_status":"open","sticky":false,"template":"","format":"standard","meta":{"_acf_changed":false,"footnotes":""},"categories":[20,6],"tags":[56,113,434,1642,728],"class_list":{"0":"post-27105","1":"post","2":"type-post","3":"status-publish","4":"format-standard","5":"has-post-thumbnail","7":"category-notas","8":"category-noticias","9":"tag-bolsonaro","10":"tag-doria","11":"tag-militar","12":"tag-mortes","13":"tag-policia"},"acf":[],"yoast_head":"<!-- This site is optimized with the Yoast SEO plugin v26.5 - https:\/\/yoast.com\/wordpress\/plugins\/seo\/ -->\n<title>Al\u00e9m da PM, Doria e Bolsonaro s\u00e3o respons\u00e1veis pelas 9 mortes em Parais\u00f3polis - PSOL 50<\/title>\n<meta name=\"description\" content=\"Exigimos imediata responsabiliza\u00e7\u00e3o do Estado, garantia de prote\u00e7\u00e3o \u00e0s fam\u00edlias das v\u00edtimas e testemunhas, destitui\u00e7\u00e3o do Comando da PM na regi\u00e3o.\" \/>\n<meta name=\"robots\" content=\"index, follow, max-snippet:-1, max-image-preview:large, max-video-preview:-1\" \/>\n<link rel=\"canonical\" href=\"https:\/\/psol50.org.br\/alem-da-pm-doria-e-bolsonaro-sao-responsaveis-pelas-9-mortes-em-paraisopolis\/\" \/>\n<meta property=\"og:locale\" content=\"pt_BR\" \/>\n<meta property=\"og:type\" content=\"article\" \/>\n<meta property=\"og:title\" content=\"NOTA: Al\u00e9m da PM, Doria e Bolsonaro s\u00e3o respons\u00e1veis pelas 9 mortes em Parais\u00f3polis\" \/>\n<meta property=\"og:description\" content=\"Exigimos imediata responsabiliza\u00e7\u00e3o do Estado, garantia de prote\u00e7\u00e3o \u00e0s fam\u00edlias das v\u00edtimas e testemunhas, destitui\u00e7\u00e3o do Comando da PM na regi\u00e3o.\" \/>\n<meta property=\"og:url\" content=\"https:\/\/psol50.org.br\/alem-da-pm-doria-e-bolsonaro-sao-responsaveis-pelas-9-mortes-em-paraisopolis\/\" \/>\n<meta property=\"og:site_name\" content=\"PSOL 50\" \/>\n<meta property=\"article:publisher\" content=\"https:\/\/www.facebook.com\/psol50\" \/>\n<meta property=\"article:published_time\" content=\"2019-12-02T13:30:25+00:00\" \/>\n<meta property=\"og:image\" content=\"https:\/\/psol50.org.br\/inc\/uploads\/2019\/12\/geral-1.jpg\" \/>\n\t<meta property=\"og:image:width\" content=\"800\" \/>\n\t<meta property=\"og:image:height\" content=\"533\" \/>\n\t<meta property=\"og:image:type\" content=\"image\/jpeg\" \/>\n<meta name=\"author\" content=\"Comunica\u00e7\u00e3o PSOL\" \/>\n<meta name=\"twitter:card\" content=\"summary_large_image\" \/>\n<meta name=\"twitter:title\" content=\"NOTA: Al\u00e9m da PM, Doria e Bolsonaro s\u00e3o respons\u00e1veis pelas 9 mortes em Parais\u00f3polis\" \/>\n<meta name=\"twitter:description\" content=\"Exigimos imediata responsabiliza\u00e7\u00e3o do Estado, garantia de prote\u00e7\u00e3o \u00e0s fam\u00edlias das v\u00edtimas e testemunhas, destitui\u00e7\u00e3o do Comando da PM na regi\u00e3o.\" \/>\n<meta name=\"twitter:image\" content=\"https:\/\/psol50.org.br\/inc\/uploads\/2019\/12\/geral-1.jpg\" \/>\n<meta name=\"twitter:creator\" content=\"@psol50\" \/>\n<meta name=\"twitter:site\" content=\"@psol50\" \/>\n<meta name=\"twitter:label1\" content=\"Escrito por\" \/>\n\t<meta name=\"twitter:data1\" content=\"Comunica\u00e7\u00e3o PSOL\" \/>\n\t<meta name=\"twitter:label2\" content=\"Est. tempo de leitura\" \/>\n\t<meta name=\"twitter:data2\" content=\"4 minutos\" \/>\n<script type=\"application\/ld+json\" class=\"yoast-schema-graph\">{\"@context\":\"https:\/\/schema.org\",\"@graph\":[{\"@type\":\"Article\",\"@id\":\"https:\/\/psol50.org.br\/alem-da-pm-doria-e-bolsonaro-sao-responsaveis-pelas-9-mortes-em-paraisopolis\/#article\",\"isPartOf\":{\"@id\":\"https:\/\/psol50.org.br\/alem-da-pm-doria-e-bolsonaro-sao-responsaveis-pelas-9-mortes-em-paraisopolis\/\"},\"author\":{\"name\":\"Comunica\u00e7\u00e3o PSOL\",\"@id\":\"https:\/\/psol50.org.br\/#\/schema\/person\/475dfa57d0b815993c714c2e96491fcd\"},\"headline\":\"Al\u00e9m da PM, Doria e Bolsonaro s\u00e3o respons\u00e1veis pelas 9 mortes em Parais\u00f3polis\",\"datePublished\":\"2019-12-02T13:30:25+00:00\",\"mainEntityOfPage\":{\"@id\":\"https:\/\/psol50.org.br\/alem-da-pm-doria-e-bolsonaro-sao-responsaveis-pelas-9-mortes-em-paraisopolis\/\"},\"wordCount\":718,\"publisher\":{\"@id\":\"https:\/\/psol50.org.br\/#organization\"},\"image\":{\"@id\":\"https:\/\/psol50.org.br\/alem-da-pm-doria-e-bolsonaro-sao-responsaveis-pelas-9-mortes-em-paraisopolis\/#primaryimage\"},\"thumbnailUrl\":\"https:\/\/psol50.org.br\/inc\/uploads\/2019\/12\/geral-1.jpg\",\"keywords\":[\"Bolsonaro\",\"doria\",\"militar\",\"mortes\",\"pol\u00edcia\"],\"articleSection\":[\"Notas\",\"Not\u00edcias\"],\"inLanguage\":\"pt-BR\"},{\"@type\":\"WebPage\",\"@id\":\"https:\/\/psol50.org.br\/alem-da-pm-doria-e-bolsonaro-sao-responsaveis-pelas-9-mortes-em-paraisopolis\/\",\"url\":\"https:\/\/psol50.org.br\/alem-da-pm-doria-e-bolsonaro-sao-responsaveis-pelas-9-mortes-em-paraisopolis\/\",\"name\":\"Al\u00e9m da PM, Doria e Bolsonaro s\u00e3o respons\u00e1veis pelas 9 mortes em Parais\u00f3polis - PSOL 50\",\"isPartOf\":{\"@id\":\"https:\/\/psol50.org.br\/#website\"},\"primaryImageOfPage\":{\"@id\":\"https:\/\/psol50.org.br\/alem-da-pm-doria-e-bolsonaro-sao-responsaveis-pelas-9-mortes-em-paraisopolis\/#primaryimage\"},\"image\":{\"@id\":\"https:\/\/psol50.org.br\/alem-da-pm-doria-e-bolsonaro-sao-responsaveis-pelas-9-mortes-em-paraisopolis\/#primaryimage\"},\"thumbnailUrl\":\"https:\/\/psol50.org.br\/inc\/uploads\/2019\/12\/geral-1.jpg\",\"datePublished\":\"2019-12-02T13:30:25+00:00\",\"description\":\"Exigimos imediata responsabiliza\u00e7\u00e3o do Estado, garantia de prote\u00e7\u00e3o \u00e0s fam\u00edlias das v\u00edtimas e testemunhas, destitui\u00e7\u00e3o do Comando da PM na regi\u00e3o.\",\"breadcrumb\":{\"@id\":\"https:\/\/psol50.org.br\/alem-da-pm-doria-e-bolsonaro-sao-responsaveis-pelas-9-mortes-em-paraisopolis\/#breadcrumb\"},\"inLanguage\":\"pt-BR\",\"potentialAction\":[{\"@type\":\"ReadAction\",\"target\":[\"https:\/\/psol50.org.br\/alem-da-pm-doria-e-bolsonaro-sao-responsaveis-pelas-9-mortes-em-paraisopolis\/\"]}]},{\"@type\":\"ImageObject\",\"inLanguage\":\"pt-BR\",\"@id\":\"https:\/\/psol50.org.br\/alem-da-pm-doria-e-bolsonaro-sao-responsaveis-pelas-9-mortes-em-paraisopolis\/#primaryimage\",\"url\":\"https:\/\/psol50.org.br\/inc\/uploads\/2019\/12\/geral-1.jpg\",\"contentUrl\":\"https:\/\/psol50.org.br\/inc\/uploads\/2019\/12\/geral-1.jpg\",\"width\":800,\"height\":533,\"caption\":\"Foto: Reprodu\u00e7\u00e3o\"},{\"@type\":\"BreadcrumbList\",\"@id\":\"https:\/\/psol50.org.br\/alem-da-pm-doria-e-bolsonaro-sao-responsaveis-pelas-9-mortes-em-paraisopolis\/#breadcrumb\",\"itemListElement\":[{\"@type\":\"ListItem\",\"position\":1,\"name\":\"In\u00edcio\",\"item\":\"https:\/\/psol50.org.br\/\"},{\"@type\":\"ListItem\",\"position\":2,\"name\":\"Al\u00e9m da PM, Doria e Bolsonaro s\u00e3o respons\u00e1veis pelas 9 mortes em Parais\u00f3polis\"}]},{\"@type\":\"WebSite\",\"@id\":\"https:\/\/psol50.org.br\/#website\",\"url\":\"https:\/\/psol50.org.br\/\",\"name\":\"PSOL 50\",\"description\":\"Site oficial do Partido Socialismo e Liberdade\",\"publisher\":{\"@id\":\"https:\/\/psol50.org.br\/#organization\"},\"alternateName\":\"PSOL50\",\"potentialAction\":[{\"@type\":\"SearchAction\",\"target\":{\"@type\":\"EntryPoint\",\"urlTemplate\":\"https:\/\/psol50.org.br\/?s={search_term_string}\"},\"query-input\":{\"@type\":\"PropertyValueSpecification\",\"valueRequired\":true,\"valueName\":\"search_term_string\"}}],\"inLanguage\":\"pt-BR\"},{\"@type\":\"Organization\",\"@id\":\"https:\/\/psol50.org.br\/#organization\",\"name\":\"PSOL 50\",\"alternateName\":\"PSOL 50\",\"url\":\"https:\/\/psol50.org.br\/\",\"logo\":{\"@type\":\"ImageObject\",\"inLanguage\":\"pt-BR\",\"@id\":\"https:\/\/psol50.org.br\/#\/schema\/logo\/image\/\",\"url\":\"https:\/\/psol50.org.br\/inc\/uploads\/2018\/07\/capa.png\",\"contentUrl\":\"https:\/\/psol50.org.br\/inc\/uploads\/2018\/07\/capa.png\",\"width\":1350,\"height\":900,\"caption\":\"PSOL 50\"},\"image\":{\"@id\":\"https:\/\/psol50.org.br\/#\/schema\/logo\/image\/\"},\"sameAs\":[\"https:\/\/www.facebook.com\/psol50\",\"https:\/\/x.com\/psol50\",\"https:\/\/www.instagram.com\/psol50\/\",\"https:\/\/www.youtube.com\/channel\/UC7SnJS5o1os7a6CaiNabzcg\"]},{\"@type\":\"Person\",\"@id\":\"https:\/\/psol50.org.br\/#\/schema\/person\/475dfa57d0b815993c714c2e96491fcd\",\"name\":\"Comunica\u00e7\u00e3o PSOL\",\"image\":{\"@type\":\"ImageObject\",\"inLanguage\":\"pt-BR\",\"@id\":\"https:\/\/psol50.org.br\/#\/schema\/person\/image\/\",\"url\":\"https:\/\/secure.gravatar.com\/avatar\/b34fc4f4e468a4e51785917065a3db57b841f5c95dba6ad8c73aaf8f66f8f9bf?s=96&d=mm&r=g\",\"contentUrl\":\"https:\/\/secure.gravatar.com\/avatar\/b34fc4f4e468a4e51785917065a3db57b841f5c95dba6ad8c73aaf8f66f8f9bf?s=96&d=mm&r=g\",\"caption\":\"Comunica\u00e7\u00e3o PSOL\"}}]}<\/script>\n<!-- \/ Yoast SEO plugin. -->","yoast_head_json":{"title":"Al\u00e9m da PM, Doria e Bolsonaro s\u00e3o respons\u00e1veis pelas 9 mortes em Parais\u00f3polis - PSOL 50","description":"Exigimos imediata responsabiliza\u00e7\u00e3o do Estado, garantia de prote\u00e7\u00e3o \u00e0s fam\u00edlias das v\u00edtimas e testemunhas, destitui\u00e7\u00e3o do Comando da PM na regi\u00e3o.","robots":{"index":"index","follow":"follow","max-snippet":"max-snippet:-1","max-image-preview":"max-image-preview:large","max-video-preview":"max-video-preview:-1"},"canonical":"https:\/\/psol50.org.br\/alem-da-pm-doria-e-bolsonaro-sao-responsaveis-pelas-9-mortes-em-paraisopolis\/","og_locale":"pt_BR","og_type":"article","og_title":"NOTA: Al\u00e9m da PM, Doria e Bolsonaro s\u00e3o respons\u00e1veis pelas 9 mortes em Parais\u00f3polis","og_description":"Exigimos imediata responsabiliza\u00e7\u00e3o do Estado, garantia de prote\u00e7\u00e3o \u00e0s fam\u00edlias das v\u00edtimas e testemunhas, destitui\u00e7\u00e3o do Comando da PM na regi\u00e3o.","og_url":"https:\/\/psol50.org.br\/alem-da-pm-doria-e-bolsonaro-sao-responsaveis-pelas-9-mortes-em-paraisopolis\/","og_site_name":"PSOL 50","article_publisher":"https:\/\/www.facebook.com\/psol50","article_published_time":"2019-12-02T13:30:25+00:00","og_image":[{"width":800,"height":533,"url":"https:\/\/psol50.org.br\/inc\/uploads\/2019\/12\/geral-1.jpg","type":"image\/jpeg"}],"author":"Comunica\u00e7\u00e3o PSOL","twitter_card":"summary_large_image","twitter_title":"NOTA: Al\u00e9m da PM, Doria e Bolsonaro s\u00e3o respons\u00e1veis pelas 9 mortes em Parais\u00f3polis","twitter_description":"Exigimos imediata responsabiliza\u00e7\u00e3o do Estado, garantia de prote\u00e7\u00e3o \u00e0s fam\u00edlias das v\u00edtimas e testemunhas, destitui\u00e7\u00e3o do Comando da PM na regi\u00e3o.","twitter_image":"https:\/\/psol50.org.br\/inc\/uploads\/2019\/12\/geral-1.jpg","twitter_creator":"@psol50","twitter_site":"@psol50","twitter_misc":{"Escrito por":"Comunica\u00e7\u00e3o PSOL","Est. tempo de leitura":"4 minutos"},"schema":{"@context":"https:\/\/schema.org","@graph":[{"@type":"Article","@id":"https:\/\/psol50.org.br\/alem-da-pm-doria-e-bolsonaro-sao-responsaveis-pelas-9-mortes-em-paraisopolis\/#article","isPartOf":{"@id":"https:\/\/psol50.org.br\/alem-da-pm-doria-e-bolsonaro-sao-responsaveis-pelas-9-mortes-em-paraisopolis\/"},"author":{"name":"Comunica\u00e7\u00e3o PSOL","@id":"https:\/\/psol50.org.br\/#\/schema\/person\/475dfa57d0b815993c714c2e96491fcd"},"headline":"Al\u00e9m da PM, Doria e Bolsonaro s\u00e3o respons\u00e1veis pelas 9 mortes em Parais\u00f3polis","datePublished":"2019-12-02T13:30:25+00:00","mainEntityOfPage":{"@id":"https:\/\/psol50.org.br\/alem-da-pm-doria-e-bolsonaro-sao-responsaveis-pelas-9-mortes-em-paraisopolis\/"},"wordCount":718,"publisher":{"@id":"https:\/\/psol50.org.br\/#organization"},"image":{"@id":"https:\/\/psol50.org.br\/alem-da-pm-doria-e-bolsonaro-sao-responsaveis-pelas-9-mortes-em-paraisopolis\/#primaryimage"},"thumbnailUrl":"https:\/\/psol50.org.br\/inc\/uploads\/2019\/12\/geral-1.jpg","keywords":["Bolsonaro","doria","militar","mortes","pol\u00edcia"],"articleSection":["Notas","Not\u00edcias"],"inLanguage":"pt-BR"},{"@type":"WebPage","@id":"https:\/\/psol50.org.br\/alem-da-pm-doria-e-bolsonaro-sao-responsaveis-pelas-9-mortes-em-paraisopolis\/","url":"https:\/\/psol50.org.br\/alem-da-pm-doria-e-bolsonaro-sao-responsaveis-pelas-9-mortes-em-paraisopolis\/","name":"Al\u00e9m da PM, Doria e Bolsonaro s\u00e3o respons\u00e1veis pelas 9 mortes em Parais\u00f3polis - PSOL 50","isPartOf":{"@id":"https:\/\/psol50.org.br\/#website"},"primaryImageOfPage":{"@id":"https:\/\/psol50.org.br\/alem-da-pm-doria-e-bolsonaro-sao-responsaveis-pelas-9-mortes-em-paraisopolis\/#primaryimage"},"image":{"@id":"https:\/\/psol50.org.br\/alem-da-pm-doria-e-bolsonaro-sao-responsaveis-pelas-9-mortes-em-paraisopolis\/#primaryimage"},"thumbnailUrl":"https:\/\/psol50.org.br\/inc\/uploads\/2019\/12\/geral-1.jpg","datePublished":"2019-12-02T13:30:25+00:00","description":"Exigimos imediata responsabiliza\u00e7\u00e3o do Estado, garantia de prote\u00e7\u00e3o \u00e0s fam\u00edlias das v\u00edtimas e testemunhas, destitui\u00e7\u00e3o do Comando da PM na regi\u00e3o.","breadcrumb":{"@id":"https:\/\/psol50.org.br\/alem-da-pm-doria-e-bolsonaro-sao-responsaveis-pelas-9-mortes-em-paraisopolis\/#breadcrumb"},"inLanguage":"pt-BR","potentialAction":[{"@type":"ReadAction","target":["https:\/\/psol50.org.br\/alem-da-pm-doria-e-bolsonaro-sao-responsaveis-pelas-9-mortes-em-paraisopolis\/"]}]},{"@type":"ImageObject","inLanguage":"pt-BR","@id":"https:\/\/psol50.org.br\/alem-da-pm-doria-e-bolsonaro-sao-responsaveis-pelas-9-mortes-em-paraisopolis\/#primaryimage","url":"https:\/\/psol50.org.br\/inc\/uploads\/2019\/12\/geral-1.jpg","contentUrl":"https:\/\/psol50.org.br\/inc\/uploads\/2019\/12\/geral-1.jpg","width":800,"height":533,"caption":"Foto: Reprodu\u00e7\u00e3o"},{"@type":"BreadcrumbList","@id":"https:\/\/psol50.org.br\/alem-da-pm-doria-e-bolsonaro-sao-responsaveis-pelas-9-mortes-em-paraisopolis\/#breadcrumb","itemListElement":[{"@type":"ListItem","position":1,"name":"In\u00edcio","item":"https:\/\/psol50.org.br\/"},{"@type":"ListItem","position":2,"name":"Al\u00e9m da PM, Doria e Bolsonaro s\u00e3o respons\u00e1veis pelas 9 mortes em Parais\u00f3polis"}]},{"@type":"WebSite","@id":"https:\/\/psol50.org.br\/#website","url":"https:\/\/psol50.org.br\/","name":"PSOL 50","description":"Site oficial do Partido Socialismo e Liberdade","publisher":{"@id":"https:\/\/psol50.org.br\/#organization"},"alternateName":"PSOL50","potentialAction":[{"@type":"SearchAction","target":{"@type":"EntryPoint","urlTemplate":"https:\/\/psol50.org.br\/?s={search_term_string}"},"query-input":{"@type":"PropertyValueSpecification","valueRequired":true,"valueName":"search_term_string"}}],"inLanguage":"pt-BR"},{"@type":"Organization","@id":"https:\/\/psol50.org.br\/#organization","name":"PSOL 50","alternateName":"PSOL 50","url":"https:\/\/psol50.org.br\/","logo":{"@type":"ImageObject","inLanguage":"pt-BR","@id":"https:\/\/psol50.org.br\/#\/schema\/logo\/image\/","url":"https:\/\/psol50.org.br\/inc\/uploads\/2018\/07\/capa.png","contentUrl":"https:\/\/psol50.org.br\/inc\/uploads\/2018\/07\/capa.png","width":1350,"height":900,"caption":"PSOL 50"},"image":{"@id":"https:\/\/psol50.org.br\/#\/schema\/logo\/image\/"},"sameAs":["https:\/\/www.facebook.com\/psol50","https:\/\/x.com\/psol50","https:\/\/www.instagram.com\/psol50\/","https:\/\/www.youtube.com\/channel\/UC7SnJS5o1os7a6CaiNabzcg"]},{"@type":"Person","@id":"https:\/\/psol50.org.br\/#\/schema\/person\/475dfa57d0b815993c714c2e96491fcd","name":"Comunica\u00e7\u00e3o PSOL","image":{"@type":"ImageObject","inLanguage":"pt-BR","@id":"https:\/\/psol50.org.br\/#\/schema\/person\/image\/","url":"https:\/\/secure.gravatar.com\/avatar\/b34fc4f4e468a4e51785917065a3db57b841f5c95dba6ad8c73aaf8f66f8f9bf?s=96&d=mm&r=g","contentUrl":"https:\/\/secure.gravatar.com\/avatar\/b34fc4f4e468a4e51785917065a3db57b841f5c95dba6ad8c73aaf8f66f8f9bf?s=96&d=mm&r=g","caption":"Comunica\u00e7\u00e3o PSOL"}}]}},"_links":{"self":[{"href":"https:\/\/psol50.org.br\/rest\/wp\/v2\/posts\/27105","targetHints":{"allow":["GET"]}}],"collection":[{"href":"https:\/\/psol50.org.br\/rest\/wp\/v2\/posts"}],"about":[{"href":"https:\/\/psol50.org.br\/rest\/wp\/v2\/types\/post"}],"author":[{"embeddable":true,"href":"https:\/\/psol50.org.br\/rest\/wp\/v2\/users\/2"}],"replies":[{"embeddable":true,"href":"https:\/\/psol50.org.br\/rest\/wp\/v2\/comments?post=27105"}],"version-history":[{"count":0,"href":"https:\/\/psol50.org.br\/rest\/wp\/v2\/posts\/27105\/revisions"}],"wp:featuredmedia":[{"embeddable":true,"href":"https:\/\/psol50.org.br\/rest\/wp\/v2\/media\/27106"}],"wp:attachment":[{"href":"https:\/\/psol50.org.br\/rest\/wp\/v2\/media?parent=27105"}],"wp:term":[{"taxonomy":"category","embeddable":true,"href":"https:\/\/psol50.org.br\/rest\/wp\/v2\/categories?post=27105"},{"taxonomy":"post_tag","embeddable":true,"href":"https:\/\/psol50.org.br\/rest\/wp\/v2\/tags?post=27105"}],"curies":[{"name":"wp","href":"https:\/\/api.w.org\/{rel}","templated":true}]}}