{"id":27108,"date":"2019-12-02T11:52:04","date_gmt":"2019-12-02T14:52:04","guid":{"rendered":"http:\/\/psol50.org.br\/?p=27108"},"modified":"2019-12-02T11:52:04","modified_gmt":"2019-12-02T14:52:04","slug":"mulheres-do-psol-debatem-campanhas-de-enfrentamento-ao-governo-bolsonaro-contra-a-violencia-e-de-justica-para-marielle","status":"publish","type":"post","link":"https:\/\/psol50.org.br\/mulheres-do-psol-debatem-campanhas-de-enfrentamento-ao-governo-bolsonaro-contra-a-violencia-e-de-justica-para-marielle\/","title":{"rendered":"Mulheres do PSOL debatem campanhas de enfrentamento ao governo Bolsonaro, contra a viol\u00eancia e de justi\u00e7a para Marielle"},"content":{"rendered":"<p class=\"p1\">A nova dire\u00e7\u00e3o da Setorial Nacional de Mulheres do PSOL eleita em Encontro Nacional, em setembro deste ano, tomou posse neste fim de semana e realizou sua primeira reuni\u00e3o de debate e encaminhamentos pol\u00edticos e organizativos.<\/p>\n<p class=\"p1\">Entre os principais eixos pol\u00edticos de interven\u00e7\u00e3o est\u00e1 a luta para derrotar o governo Bolsonaro que expressa um projeto conservador, privatizante, autorit\u00e1rio e de retirada de direitos. Na avalia\u00e7\u00e3o da setorial, o bolsonarismo tamb\u00e9m legitima um discurso de viol\u00eancia, um tema contra o qual as mulheres do PSOL tamb\u00e9m definiram realizar uma campanha permanente, e em todas as suas dimens\u00f5es: feminic\u00eddio, encarceramento, genoc\u00eddio, viol\u00eancia dom\u00e9stica, viol\u00eancia sexual, racismo institucional, viol\u00eancia obst\u00e9trica, intoler\u00e2ncia religiosa, ataque aos modos de vida tradicional e retirada de direitos.<\/p>\n<p class=\"p1\">Outra campanha permanente ser\u00e1 o da exig\u00eancia de respostas para o caso do assassinato da companheira Marielle Franco, que explicitamente conta com envolvimento de mil\u00edcias e forte suspeitas de agentes do meio pol\u00edtico.<\/p>\n<p class=\"p1\">Essas campanhas ser\u00e3o desenvolvidas em calend\u00e1rios importantes j\u00e1 no primeiro trimestre de 2020, como Carnaval, 8 de mar\u00e7o e o 14 de mar\u00e7o, quando completam dois anos da execu\u00e7\u00e3o de Marielle.<\/p>\n<h6 class=\"p1\"><b>Integra\u00e7\u00e3o e solidariedade \u00e0s lutas<\/b><\/h6>\n<p class=\"p1\">A an\u00e1lise da situa\u00e7\u00e3o pol\u00edtica do Brasil foi feita no contexto da Am\u00e9rica Latina, de ofensivas neoliberais e conservadoras como nos casos recentes do Chile e da Bol\u00edvia, mas tamb\u00e9m de muita luta e resist\u00eancia dos povos e das mulheres. Nesse sentido, a Setorial ir\u00e1 buscar estabelecer rela\u00e7\u00f5es com movimentos de mulheres nestes pa\u00edses.<\/p>\n<p class=\"p1\">Em rela\u00e7\u00e3o \u00e0s articula\u00e7\u00f5es com movimentos no Brasil, foi apontada a necessidade de buscar maior integra\u00e7\u00e3o das lutas feministas na perspectiva de fortalecer o movimento diante dos contundentes retrocessos propostos pelo governo Bolsonaro. Algumas iniciativas aprovadas foram o acompanhamento da Frente Feminista Antirracista e a participa\u00e7\u00e3o no grupo articulador do Encontro Nacional Feminista, cuja pr\u00f3xima reuni\u00e3o deve ocorrer em fevereiro.<\/p>\n<p class=\"p1\">A Setorial de Mulheres do PSOL aprovou ainda uma mo\u00e7\u00e3o de apoio \u00e0 greve das educadoras e educadores do Rio Grande do Sul, e assinou uma nota p\u00fablica junto com outras entidades repudiando as arbitrariedades e a\u00e7\u00f5es discriminat\u00f3rias no caso da pris\u00e3o da advogada Mait\u00ea Ferreira Nobre, no Rio Grande do Norte.<\/p>\n<h6 class=\"p1\"><b>Representa\u00e7\u00e3o de norte a sul<\/b><\/h6>\n<p class=\"p1\">A nova dire\u00e7\u00e3o da Setorial tem representa\u00e7\u00e3o de praticamente todas as regi\u00f5es do pa\u00eds. S\u00e3o 25 integrantes entre uma organiza\u00e7\u00e3o executiva e mais um conselho. Uma das propostas de funcionamento apresentada \u00e9 a de que as reuni\u00f5es sejam itinerantes, contemplando todas as regi\u00f5es, e que sejam sempre precedidas de atividades de forma\u00e7\u00e3o amplas e abertas para as mulheres militantes daquele local.<\/p>\n<p class=\"p1\">At\u00e9 o fim deste ano ser\u00e1 realizada uma nova reuni\u00e3o para aprofundar as propostas de organiza\u00e7\u00e3o e funcionamento para melhor preparar as interven\u00e7\u00f5es em 2020.<\/p>\n","protected":false},"excerpt":{"rendered":"<p>A nova dire\u00e7\u00e3o da Setorial Nacional de Mulheres do PSOL eleita em Encontro Nacional, em setembro deste ano, tomou posse neste fim de semana e realizou sua primeira reuni\u00e3o de debate e encaminhamentos pol\u00edticos e organizativos. Entre os principais eixos pol\u00edticos de interven\u00e7\u00e3o est\u00e1 a luta para derrotar o governo Bolsonaro que expressa um projeto [&hellip;]<\/p>\n","protected":false},"author":2,"featured_media":27109,"comment_status":"closed","ping_status":"open","sticky":false,"template":"","format":"standard","meta":{"_acf_changed":false,"footnotes":""},"categories":[49,6,14],"tags":[56,30,276,107,4,22,270],"class_list":{"0":"post-27108","1":"post","2":"type-post","3":"status-publish","4":"format-standard","5":"has-post-thumbnail","7":"category-mulheres","8":"category-noticias","9":"category-partido","10":"tag-bolsonaro","11":"tag-feminismo","12":"tag-machismo","13":"tag-marielle","14":"tag-mulheres","15":"tag-psol","16":"tag-setorial"},"acf":[],"yoast_head":"<!-- This site is optimized with the Yoast SEO plugin v26.5 - https:\/\/yoast.com\/wordpress\/plugins\/seo\/ -->\n<title>Mulheres do PSOL debatem campanhas de enfrentamento ao governo Bolsonaro, contra a viol\u00eancia e de justi\u00e7a para Marielle<\/title>\n<meta name=\"description\" content=\"Essas campanhas ser\u00e3o desenvolvidas em calend\u00e1rios importantes j\u00e1 no primeiro trimestre de 2020, como Carnaval, 8 de mar\u00e7o e o 14 de mar\u00e7o.\" \/>\n<meta name=\"robots\" content=\"index, follow, max-snippet:-1, max-image-preview:large, max-video-preview:-1\" \/>\n<link rel=\"canonical\" href=\"https:\/\/psol50.org.br\/mulheres-do-psol-debatem-campanhas-de-enfrentamento-ao-governo-bolsonaro-contra-a-violencia-e-de-justica-para-marielle\/\" \/>\n<meta property=\"og:locale\" content=\"pt_BR\" \/>\n<meta property=\"og:type\" content=\"article\" \/>\n<meta property=\"og:title\" content=\"Mulheres do PSOL debatem campanhas de enfrentamento ao governo Bolsonaro, contra a viol\u00eancia e de justi\u00e7a para Marielle\" \/>\n<meta property=\"og:description\" content=\"Essas campanhas ser\u00e3o desenvolvidas em calend\u00e1rios importantes j\u00e1 no primeiro trimestre de 2020, como Carnaval, 8 de mar\u00e7o e o 14 de mar\u00e7o.\" \/>\n<meta property=\"og:url\" content=\"https:\/\/psol50.org.br\/mulheres-do-psol-debatem-campanhas-de-enfrentamento-ao-governo-bolsonaro-contra-a-violencia-e-de-justica-para-marielle\/\" \/>\n<meta property=\"og:site_name\" content=\"PSOL 50\" \/>\n<meta property=\"article:publisher\" content=\"https:\/\/www.facebook.com\/psol50\" \/>\n<meta property=\"article:published_time\" content=\"2019-12-02T14:52:04+00:00\" \/>\n<meta property=\"og:image\" content=\"https:\/\/psol50.org.br\/inc\/uploads\/2019\/12\/photo_2019-12-02-11.51.00.jpeg\" \/>\n\t<meta property=\"og:image:width\" content=\"1280\" \/>\n\t<meta property=\"og:image:height\" content=\"828\" \/>\n\t<meta property=\"og:image:type\" content=\"image\/jpeg\" \/>\n<meta name=\"author\" content=\"Comunica\u00e7\u00e3o PSOL\" \/>\n<meta name=\"twitter:card\" content=\"summary_large_image\" \/>\n<meta name=\"twitter:title\" content=\"Mulheres do PSOL debatem campanhas de enfrentamento ao governo Bolsonaro, contra a viol\u00eancia e de justi\u00e7a para Marielle\" \/>\n<meta name=\"twitter:description\" content=\"Essas campanhas ser\u00e3o desenvolvidas em calend\u00e1rios importantes j\u00e1 no primeiro trimestre de 2020, como Carnaval, 8 de mar\u00e7o e o 14 de mar\u00e7o.\" \/>\n<meta name=\"twitter:image\" content=\"https:\/\/psol50.org.br\/inc\/uploads\/2019\/12\/photo_2019-12-02-11.51.00.jpeg\" \/>\n<meta name=\"twitter:creator\" content=\"@psol50\" \/>\n<meta name=\"twitter:site\" content=\"@psol50\" \/>\n<meta name=\"twitter:label1\" content=\"Escrito por\" \/>\n\t<meta name=\"twitter:data1\" content=\"Comunica\u00e7\u00e3o PSOL\" \/>\n\t<meta name=\"twitter:label2\" content=\"Est. tempo de leitura\" \/>\n\t<meta name=\"twitter:data2\" content=\"2 minutos\" \/>\n<script type=\"application\/ld+json\" class=\"yoast-schema-graph\">{\"@context\":\"https:\/\/schema.org\",\"@graph\":[{\"@type\":\"Article\",\"@id\":\"https:\/\/psol50.org.br\/mulheres-do-psol-debatem-campanhas-de-enfrentamento-ao-governo-bolsonaro-contra-a-violencia-e-de-justica-para-marielle\/#article\",\"isPartOf\":{\"@id\":\"https:\/\/psol50.org.br\/mulheres-do-psol-debatem-campanhas-de-enfrentamento-ao-governo-bolsonaro-contra-a-violencia-e-de-justica-para-marielle\/\"},\"author\":{\"name\":\"Comunica\u00e7\u00e3o PSOL\",\"@id\":\"https:\/\/psol50.org.br\/#\/schema\/person\/475dfa57d0b815993c714c2e96491fcd\"},\"headline\":\"Mulheres do PSOL debatem campanhas de enfrentamento ao governo Bolsonaro, contra a viol\u00eancia e de justi\u00e7a para Marielle\",\"datePublished\":\"2019-12-02T14:52:04+00:00\",\"mainEntityOfPage\":{\"@id\":\"https:\/\/psol50.org.br\/mulheres-do-psol-debatem-campanhas-de-enfrentamento-ao-governo-bolsonaro-contra-a-violencia-e-de-justica-para-marielle\/\"},\"wordCount\":519,\"publisher\":{\"@id\":\"https:\/\/psol50.org.br\/#organization\"},\"image\":{\"@id\":\"https:\/\/psol50.org.br\/mulheres-do-psol-debatem-campanhas-de-enfrentamento-ao-governo-bolsonaro-contra-a-violencia-e-de-justica-para-marielle\/#primaryimage\"},\"thumbnailUrl\":\"https:\/\/psol50.org.br\/inc\/uploads\/2019\/12\/photo_2019-12-02-11.51.00.jpeg\",\"keywords\":[\"Bolsonaro\",\"feminismo\",\"machismo\",\"Marielle\",\"mulheres\",\"PSOL\",\"setorial\"],\"articleSection\":[\"Mulheres\",\"Not\u00edcias\",\"Partido\"],\"inLanguage\":\"pt-BR\"},{\"@type\":\"WebPage\",\"@id\":\"https:\/\/psol50.org.br\/mulheres-do-psol-debatem-campanhas-de-enfrentamento-ao-governo-bolsonaro-contra-a-violencia-e-de-justica-para-marielle\/\",\"url\":\"https:\/\/psol50.org.br\/mulheres-do-psol-debatem-campanhas-de-enfrentamento-ao-governo-bolsonaro-contra-a-violencia-e-de-justica-para-marielle\/\",\"name\":\"Mulheres do PSOL debatem campanhas de enfrentamento ao governo Bolsonaro, contra a viol\u00eancia e de justi\u00e7a para Marielle\",\"isPartOf\":{\"@id\":\"https:\/\/psol50.org.br\/#website\"},\"primaryImageOfPage\":{\"@id\":\"https:\/\/psol50.org.br\/mulheres-do-psol-debatem-campanhas-de-enfrentamento-ao-governo-bolsonaro-contra-a-violencia-e-de-justica-para-marielle\/#primaryimage\"},\"image\":{\"@id\":\"https:\/\/psol50.org.br\/mulheres-do-psol-debatem-campanhas-de-enfrentamento-ao-governo-bolsonaro-contra-a-violencia-e-de-justica-para-marielle\/#primaryimage\"},\"thumbnailUrl\":\"https:\/\/psol50.org.br\/inc\/uploads\/2019\/12\/photo_2019-12-02-11.51.00.jpeg\",\"datePublished\":\"2019-12-02T14:52:04+00:00\",\"description\":\"Essas campanhas ser\u00e3o desenvolvidas em calend\u00e1rios importantes j\u00e1 no primeiro trimestre de 2020, como Carnaval, 8 de mar\u00e7o e o 14 de mar\u00e7o.\",\"breadcrumb\":{\"@id\":\"https:\/\/psol50.org.br\/mulheres-do-psol-debatem-campanhas-de-enfrentamento-ao-governo-bolsonaro-contra-a-violencia-e-de-justica-para-marielle\/#breadcrumb\"},\"inLanguage\":\"pt-BR\",\"potentialAction\":[{\"@type\":\"ReadAction\",\"target\":[\"https:\/\/psol50.org.br\/mulheres-do-psol-debatem-campanhas-de-enfrentamento-ao-governo-bolsonaro-contra-a-violencia-e-de-justica-para-marielle\/\"]}]},{\"@type\":\"ImageObject\",\"inLanguage\":\"pt-BR\",\"@id\":\"https:\/\/psol50.org.br\/mulheres-do-psol-debatem-campanhas-de-enfrentamento-ao-governo-bolsonaro-contra-a-violencia-e-de-justica-para-marielle\/#primaryimage\",\"url\":\"https:\/\/psol50.org.br\/inc\/uploads\/2019\/12\/photo_2019-12-02-11.51.00.jpeg\",\"contentUrl\":\"https:\/\/psol50.org.br\/inc\/uploads\/2019\/12\/photo_2019-12-02-11.51.00.jpeg\",\"width\":1280,\"height\":828,\"caption\":\"Foto: Reprodu\u00e7\u00e3o\"},{\"@type\":\"BreadcrumbList\",\"@id\":\"https:\/\/psol50.org.br\/mulheres-do-psol-debatem-campanhas-de-enfrentamento-ao-governo-bolsonaro-contra-a-violencia-e-de-justica-para-marielle\/#breadcrumb\",\"itemListElement\":[{\"@type\":\"ListItem\",\"position\":1,\"name\":\"In\u00edcio\",\"item\":\"https:\/\/psol50.org.br\/\"},{\"@type\":\"ListItem\",\"position\":2,\"name\":\"Mulheres do PSOL debatem campanhas de enfrentamento ao governo Bolsonaro, contra a viol\u00eancia e de justi\u00e7a para Marielle\"}]},{\"@type\":\"WebSite\",\"@id\":\"https:\/\/psol50.org.br\/#website\",\"url\":\"https:\/\/psol50.org.br\/\",\"name\":\"PSOL 50\",\"description\":\"Site oficial do Partido Socialismo e Liberdade\",\"publisher\":{\"@id\":\"https:\/\/psol50.org.br\/#organization\"},\"alternateName\":\"PSOL50\",\"potentialAction\":[{\"@type\":\"SearchAction\",\"target\":{\"@type\":\"EntryPoint\",\"urlTemplate\":\"https:\/\/psol50.org.br\/?s={search_term_string}\"},\"query-input\":{\"@type\":\"PropertyValueSpecification\",\"valueRequired\":true,\"valueName\":\"search_term_string\"}}],\"inLanguage\":\"pt-BR\"},{\"@type\":\"Organization\",\"@id\":\"https:\/\/psol50.org.br\/#organization\",\"name\":\"PSOL 50\",\"alternateName\":\"PSOL 50\",\"url\":\"https:\/\/psol50.org.br\/\",\"logo\":{\"@type\":\"ImageObject\",\"inLanguage\":\"pt-BR\",\"@id\":\"https:\/\/psol50.org.br\/#\/schema\/logo\/image\/\",\"url\":\"https:\/\/psol50.org.br\/inc\/uploads\/2018\/07\/capa.png\",\"contentUrl\":\"https:\/\/psol50.org.br\/inc\/uploads\/2018\/07\/capa.png\",\"width\":1350,\"height\":900,\"caption\":\"PSOL 50\"},\"image\":{\"@id\":\"https:\/\/psol50.org.br\/#\/schema\/logo\/image\/\"},\"sameAs\":[\"https:\/\/www.facebook.com\/psol50\",\"https:\/\/x.com\/psol50\",\"https:\/\/www.instagram.com\/psol50\/\",\"https:\/\/www.youtube.com\/channel\/UC7SnJS5o1os7a6CaiNabzcg\"]},{\"@type\":\"Person\",\"@id\":\"https:\/\/psol50.org.br\/#\/schema\/person\/475dfa57d0b815993c714c2e96491fcd\",\"name\":\"Comunica\u00e7\u00e3o PSOL\",\"image\":{\"@type\":\"ImageObject\",\"inLanguage\":\"pt-BR\",\"@id\":\"https:\/\/psol50.org.br\/#\/schema\/person\/image\/\",\"url\":\"https:\/\/secure.gravatar.com\/avatar\/b34fc4f4e468a4e51785917065a3db57b841f5c95dba6ad8c73aaf8f66f8f9bf?s=96&d=mm&r=g\",\"contentUrl\":\"https:\/\/secure.gravatar.com\/avatar\/b34fc4f4e468a4e51785917065a3db57b841f5c95dba6ad8c73aaf8f66f8f9bf?s=96&d=mm&r=g\",\"caption\":\"Comunica\u00e7\u00e3o PSOL\"}}]}<\/script>\n<!-- \/ Yoast SEO plugin. -->","yoast_head_json":{"title":"Mulheres do PSOL debatem campanhas de enfrentamento ao governo Bolsonaro, contra a viol\u00eancia e de justi\u00e7a para Marielle","description":"Essas campanhas ser\u00e3o desenvolvidas em calend\u00e1rios importantes j\u00e1 no primeiro trimestre de 2020, como Carnaval, 8 de mar\u00e7o e o 14 de mar\u00e7o.","robots":{"index":"index","follow":"follow","max-snippet":"max-snippet:-1","max-image-preview":"max-image-preview:large","max-video-preview":"max-video-preview:-1"},"canonical":"https:\/\/psol50.org.br\/mulheres-do-psol-debatem-campanhas-de-enfrentamento-ao-governo-bolsonaro-contra-a-violencia-e-de-justica-para-marielle\/","og_locale":"pt_BR","og_type":"article","og_title":"Mulheres do PSOL debatem campanhas de enfrentamento ao governo Bolsonaro, contra a viol\u00eancia e de justi\u00e7a para Marielle","og_description":"Essas campanhas ser\u00e3o desenvolvidas em calend\u00e1rios importantes j\u00e1 no primeiro trimestre de 2020, como Carnaval, 8 de mar\u00e7o e o 14 de mar\u00e7o.","og_url":"https:\/\/psol50.org.br\/mulheres-do-psol-debatem-campanhas-de-enfrentamento-ao-governo-bolsonaro-contra-a-violencia-e-de-justica-para-marielle\/","og_site_name":"PSOL 50","article_publisher":"https:\/\/www.facebook.com\/psol50","article_published_time":"2019-12-02T14:52:04+00:00","og_image":[{"width":1280,"height":828,"url":"https:\/\/psol50.org.br\/inc\/uploads\/2019\/12\/photo_2019-12-02-11.51.00.jpeg","type":"image\/jpeg"}],"author":"Comunica\u00e7\u00e3o PSOL","twitter_card":"summary_large_image","twitter_title":"Mulheres do PSOL debatem campanhas de enfrentamento ao governo Bolsonaro, contra a viol\u00eancia e de justi\u00e7a para Marielle","twitter_description":"Essas campanhas ser\u00e3o desenvolvidas em calend\u00e1rios importantes j\u00e1 no primeiro trimestre de 2020, como Carnaval, 8 de mar\u00e7o e o 14 de mar\u00e7o.","twitter_image":"https:\/\/psol50.org.br\/inc\/uploads\/2019\/12\/photo_2019-12-02-11.51.00.jpeg","twitter_creator":"@psol50","twitter_site":"@psol50","twitter_misc":{"Escrito por":"Comunica\u00e7\u00e3o PSOL","Est. tempo de leitura":"2 minutos"},"schema":{"@context":"https:\/\/schema.org","@graph":[{"@type":"Article","@id":"https:\/\/psol50.org.br\/mulheres-do-psol-debatem-campanhas-de-enfrentamento-ao-governo-bolsonaro-contra-a-violencia-e-de-justica-para-marielle\/#article","isPartOf":{"@id":"https:\/\/psol50.org.br\/mulheres-do-psol-debatem-campanhas-de-enfrentamento-ao-governo-bolsonaro-contra-a-violencia-e-de-justica-para-marielle\/"},"author":{"name":"Comunica\u00e7\u00e3o PSOL","@id":"https:\/\/psol50.org.br\/#\/schema\/person\/475dfa57d0b815993c714c2e96491fcd"},"headline":"Mulheres do PSOL debatem campanhas de enfrentamento ao governo Bolsonaro, contra a viol\u00eancia e de justi\u00e7a para Marielle","datePublished":"2019-12-02T14:52:04+00:00","mainEntityOfPage":{"@id":"https:\/\/psol50.org.br\/mulheres-do-psol-debatem-campanhas-de-enfrentamento-ao-governo-bolsonaro-contra-a-violencia-e-de-justica-para-marielle\/"},"wordCount":519,"publisher":{"@id":"https:\/\/psol50.org.br\/#organization"},"image":{"@id":"https:\/\/psol50.org.br\/mulheres-do-psol-debatem-campanhas-de-enfrentamento-ao-governo-bolsonaro-contra-a-violencia-e-de-justica-para-marielle\/#primaryimage"},"thumbnailUrl":"https:\/\/psol50.org.br\/inc\/uploads\/2019\/12\/photo_2019-12-02-11.51.00.jpeg","keywords":["Bolsonaro","feminismo","machismo","Marielle","mulheres","PSOL","setorial"],"articleSection":["Mulheres","Not\u00edcias","Partido"],"inLanguage":"pt-BR"},{"@type":"WebPage","@id":"https:\/\/psol50.org.br\/mulheres-do-psol-debatem-campanhas-de-enfrentamento-ao-governo-bolsonaro-contra-a-violencia-e-de-justica-para-marielle\/","url":"https:\/\/psol50.org.br\/mulheres-do-psol-debatem-campanhas-de-enfrentamento-ao-governo-bolsonaro-contra-a-violencia-e-de-justica-para-marielle\/","name":"Mulheres do PSOL debatem campanhas de enfrentamento ao governo Bolsonaro, contra a viol\u00eancia e de justi\u00e7a para Marielle","isPartOf":{"@id":"https:\/\/psol50.org.br\/#website"},"primaryImageOfPage":{"@id":"https:\/\/psol50.org.br\/mulheres-do-psol-debatem-campanhas-de-enfrentamento-ao-governo-bolsonaro-contra-a-violencia-e-de-justica-para-marielle\/#primaryimage"},"image":{"@id":"https:\/\/psol50.org.br\/mulheres-do-psol-debatem-campanhas-de-enfrentamento-ao-governo-bolsonaro-contra-a-violencia-e-de-justica-para-marielle\/#primaryimage"},"thumbnailUrl":"https:\/\/psol50.org.br\/inc\/uploads\/2019\/12\/photo_2019-12-02-11.51.00.jpeg","datePublished":"2019-12-02T14:52:04+00:00","description":"Essas campanhas ser\u00e3o desenvolvidas em calend\u00e1rios importantes j\u00e1 no primeiro trimestre de 2020, como Carnaval, 8 de mar\u00e7o e o 14 de mar\u00e7o.","breadcrumb":{"@id":"https:\/\/psol50.org.br\/mulheres-do-psol-debatem-campanhas-de-enfrentamento-ao-governo-bolsonaro-contra-a-violencia-e-de-justica-para-marielle\/#breadcrumb"},"inLanguage":"pt-BR","potentialAction":[{"@type":"ReadAction","target":["https:\/\/psol50.org.br\/mulheres-do-psol-debatem-campanhas-de-enfrentamento-ao-governo-bolsonaro-contra-a-violencia-e-de-justica-para-marielle\/"]}]},{"@type":"ImageObject","inLanguage":"pt-BR","@id":"https:\/\/psol50.org.br\/mulheres-do-psol-debatem-campanhas-de-enfrentamento-ao-governo-bolsonaro-contra-a-violencia-e-de-justica-para-marielle\/#primaryimage","url":"https:\/\/psol50.org.br\/inc\/uploads\/2019\/12\/photo_2019-12-02-11.51.00.jpeg","contentUrl":"https:\/\/psol50.org.br\/inc\/uploads\/2019\/12\/photo_2019-12-02-11.51.00.jpeg","width":1280,"height":828,"caption":"Foto: Reprodu\u00e7\u00e3o"},{"@type":"BreadcrumbList","@id":"https:\/\/psol50.org.br\/mulheres-do-psol-debatem-campanhas-de-enfrentamento-ao-governo-bolsonaro-contra-a-violencia-e-de-justica-para-marielle\/#breadcrumb","itemListElement":[{"@type":"ListItem","position":1,"name":"In\u00edcio","item":"https:\/\/psol50.org.br\/"},{"@type":"ListItem","position":2,"name":"Mulheres do PSOL debatem campanhas de enfrentamento ao governo Bolsonaro, contra a viol\u00eancia e de justi\u00e7a para Marielle"}]},{"@type":"WebSite","@id":"https:\/\/psol50.org.br\/#website","url":"https:\/\/psol50.org.br\/","name":"PSOL 50","description":"Site oficial do Partido Socialismo e Liberdade","publisher":{"@id":"https:\/\/psol50.org.br\/#organization"},"alternateName":"PSOL50","potentialAction":[{"@type":"SearchAction","target":{"@type":"EntryPoint","urlTemplate":"https:\/\/psol50.org.br\/?s={search_term_string}"},"query-input":{"@type":"PropertyValueSpecification","valueRequired":true,"valueName":"search_term_string"}}],"inLanguage":"pt-BR"},{"@type":"Organization","@id":"https:\/\/psol50.org.br\/#organization","name":"PSOL 50","alternateName":"PSOL 50","url":"https:\/\/psol50.org.br\/","logo":{"@type":"ImageObject","inLanguage":"pt-BR","@id":"https:\/\/psol50.org.br\/#\/schema\/logo\/image\/","url":"https:\/\/psol50.org.br\/inc\/uploads\/2018\/07\/capa.png","contentUrl":"https:\/\/psol50.org.br\/inc\/uploads\/2018\/07\/capa.png","width":1350,"height":900,"caption":"PSOL 50"},"image":{"@id":"https:\/\/psol50.org.br\/#\/schema\/logo\/image\/"},"sameAs":["https:\/\/www.facebook.com\/psol50","https:\/\/x.com\/psol50","https:\/\/www.instagram.com\/psol50\/","https:\/\/www.youtube.com\/channel\/UC7SnJS5o1os7a6CaiNabzcg"]},{"@type":"Person","@id":"https:\/\/psol50.org.br\/#\/schema\/person\/475dfa57d0b815993c714c2e96491fcd","name":"Comunica\u00e7\u00e3o PSOL","image":{"@type":"ImageObject","inLanguage":"pt-BR","@id":"https:\/\/psol50.org.br\/#\/schema\/person\/image\/","url":"https:\/\/secure.gravatar.com\/avatar\/b34fc4f4e468a4e51785917065a3db57b841f5c95dba6ad8c73aaf8f66f8f9bf?s=96&d=mm&r=g","contentUrl":"https:\/\/secure.gravatar.com\/avatar\/b34fc4f4e468a4e51785917065a3db57b841f5c95dba6ad8c73aaf8f66f8f9bf?s=96&d=mm&r=g","caption":"Comunica\u00e7\u00e3o PSOL"}}]}},"_links":{"self":[{"href":"https:\/\/psol50.org.br\/rest\/wp\/v2\/posts\/27108","targetHints":{"allow":["GET"]}}],"collection":[{"href":"https:\/\/psol50.org.br\/rest\/wp\/v2\/posts"}],"about":[{"href":"https:\/\/psol50.org.br\/rest\/wp\/v2\/types\/post"}],"author":[{"embeddable":true,"href":"https:\/\/psol50.org.br\/rest\/wp\/v2\/users\/2"}],"replies":[{"embeddable":true,"href":"https:\/\/psol50.org.br\/rest\/wp\/v2\/comments?post=27108"}],"version-history":[{"count":0,"href":"https:\/\/psol50.org.br\/rest\/wp\/v2\/posts\/27108\/revisions"}],"wp:featuredmedia":[{"embeddable":true,"href":"https:\/\/psol50.org.br\/rest\/wp\/v2\/media\/27109"}],"wp:attachment":[{"href":"https:\/\/psol50.org.br\/rest\/wp\/v2\/media?parent=27108"}],"wp:term":[{"taxonomy":"category","embeddable":true,"href":"https:\/\/psol50.org.br\/rest\/wp\/v2\/categories?post=27108"},{"taxonomy":"post_tag","embeddable":true,"href":"https:\/\/psol50.org.br\/rest\/wp\/v2\/tags?post=27108"}],"curies":[{"name":"wp","href":"https:\/\/api.w.org\/{rel}","templated":true}]}}