{"id":27119,"date":"2019-12-03T12:23:02","date_gmt":"2019-12-03T15:23:02","guid":{"rendered":"http:\/\/psol50.org.br\/?p=27119"},"modified":"2019-12-03T12:23:02","modified_gmt":"2019-12-03T15:23:02","slug":"procuradoria-apoia-pedido-do-psol-para-barrar-nomeacao-de-novo-presidente-da-fundacao-palmares","status":"publish","type":"post","link":"https:\/\/psol50.org.br\/procuradoria-apoia-pedido-do-psol-para-barrar-nomeacao-de-novo-presidente-da-fundacao-palmares\/","title":{"rendered":"Procuradoria apoia pedido do PSOL para barrar nomea\u00e7\u00e3o de novo presidente da Funda\u00e7\u00e3o Palmares"},"content":{"rendered":"<p>A\u00a0Procuradoria Federal dos Direitos do Cidad\u00e3o emitiu um parecer que endossa a solicita\u00e7\u00e3o do PSOL para barrar a nomea\u00e7\u00e3o do novo presidente da Funda\u00e7\u00e3o Cultural Palmares,\u00a0Sergio Nascimento de Camargo. A a\u00e7\u00e3o tamb\u00e9m pede a responsabiliza\u00e7\u00e3o, por improbidade administrativa, do ministro-chefe da Casa Civil substituto, Fernando Wandscheer de Moura Alves, respons\u00e1vel pela nomea\u00e7\u00e3o.<\/p>\n<p>A nota foi assinada pela procuradora\u00a0D\u00e9borah Duprat\u00a0e foi encaminhado \u00e0 Procuradoria da Rep\u00fablica no Distrito Federal.<\/p>\n<p>Na nota, a procuradora pede que o \u00f3rg\u00e3o \u2018avalie provid\u00eancia judiciais tendentes \u00e0 declara\u00e7\u00e3o de nulidade\u2019 da nomea\u00e7\u00e3o de Camargo. Nas redes sociais, o novo presidente da Funda\u00e7\u00e3o Palmares declarou que a escravid\u00e3o foi \u2018ben\u00e9fica para os descendentes\u2019, defendeu a extin\u00e7\u00e3o do feriado da Consci\u00eancia Negra e e atacou personalidades como a ex-vereadora do PSOL Marielle Franco e a atriz Ta\u00eds Ara\u00fajo.<\/p>\n<p>A nomea\u00e7\u00e3o integra pacote de mudan\u00e7as promovidas pelo novo secret\u00e1rio especial da Cultura, Roberto Alvim.\u00a0O presidente Jair Bolsonaro afirmou ter dado carta branca ao secret\u00e1rio e disse que a cultura tem de estar \u2018de acordo com a maioria da popula\u00e7\u00e3o\u2019.<\/p>\n<p>A representa\u00e7\u00e3o do PSOL contra Camargo aponta que a sua indica\u00e7\u00e3o \u00e9 \u2018absolutamente antijur\u00eddica e contr\u00e1ria ao interesse p\u00fablico\u2019, visto que o novo presidente tem trajet\u00f3ria \u2018radicalmente contr\u00e1ria aos interesses que a Funda\u00e7\u00e3o Palmares busca defender\u2019.<\/p>\n<p>\u201cTal incompatibilidade torna evidente que a referida nomea\u00e7\u00e3o tem como objetivo frustrar, n\u00e3o apenas a persecu\u00e7\u00e3o dos objetivos legalmente atribu\u00eddos \u00e0 Funda\u00e7\u00e3o, como o cumprimento do dever de enfrentamento do racismo institucional e estrutural e de promo\u00e7\u00e3o da igualdade racial expressamente abrigados na Constitui\u00e7\u00e3o\u201d, afirma a representa\u00e7\u00e3o.<\/p>\n","protected":false},"excerpt":{"rendered":"<p>A\u00a0Procuradoria Federal dos Direitos do Cidad\u00e3o emitiu um parecer que endossa a solicita\u00e7\u00e3o do PSOL para barrar a nomea\u00e7\u00e3o do novo presidente da Funda\u00e7\u00e3o Cultural Palmares,\u00a0Sergio Nascimento de Camargo. A a\u00e7\u00e3o tamb\u00e9m pede a responsabiliza\u00e7\u00e3o, por improbidade administrativa, do ministro-chefe da Casa Civil substituto, Fernando Wandscheer de Moura Alves, respons\u00e1vel pela nomea\u00e7\u00e3o. A nota foi [&hellip;]<\/p>\n","protected":false},"author":2,"featured_media":27121,"comment_status":"closed","ping_status":"open","sticky":false,"template":"","format":"standard","meta":{"_acf_changed":false,"footnotes":""},"categories":[6],"tags":[358,359,1238,22],"class_list":{"0":"post-27119","1":"post","2":"type-post","3":"status-publish","4":"format-standard","5":"has-post-thumbnail","7":"category-noticias","8":"tag-fundacao","9":"tag-palmares","10":"tag-procuradoria","11":"tag-psol"},"acf":[],"yoast_head":"<!-- This site is optimized with the Yoast SEO plugin v26.5 - https:\/\/yoast.com\/wordpress\/plugins\/seo\/ -->\n<title>Procuradoria apoia pedido do PSOL para barrar nomea\u00e7\u00e3o de novo presidente da Funda\u00e7\u00e3o Palmares<\/title>\n<meta name=\"description\" content=\"A nota foi assinada pela procuradora\u00a0D\u00e9borah Duprat\u00a0e foi encaminhado \u00e0 Procuradoria da Rep\u00fablica no Distrito Federal.\" \/>\n<meta name=\"robots\" content=\"index, follow, max-snippet:-1, max-image-preview:large, max-video-preview:-1\" \/>\n<link rel=\"canonical\" href=\"https:\/\/psol50.org.br\/procuradoria-apoia-pedido-do-psol-para-barrar-nomeacao-de-novo-presidente-da-fundacao-palmares\/\" \/>\n<meta property=\"og:locale\" content=\"pt_BR\" \/>\n<meta property=\"og:type\" content=\"article\" \/>\n<meta property=\"og:title\" content=\"Procuradoria apoia pedido do PSOL para barrar nomea\u00e7\u00e3o de novo presidente da Funda\u00e7\u00e3o Palmares\" \/>\n<meta property=\"og:description\" content=\"A nota foi assinada pela procuradora\u00a0D\u00e9borah Duprat\u00a0e foi encaminhado \u00e0 Procuradoria da Rep\u00fablica no Distrito Federal.\" \/>\n<meta property=\"og:url\" content=\"https:\/\/psol50.org.br\/procuradoria-apoia-pedido-do-psol-para-barrar-nomeacao-de-novo-presidente-da-fundacao-palmares\/\" \/>\n<meta property=\"og:site_name\" content=\"PSOL 50\" \/>\n<meta property=\"article:publisher\" content=\"https:\/\/www.facebook.com\/psol50\" \/>\n<meta property=\"article:published_time\" content=\"2019-12-03T15:23:02+00:00\" \/>\n<meta property=\"og:image\" content=\"https:\/\/psol50.org.br\/inc\/uploads\/2018\/07\/capa.png\" \/>\n\t<meta property=\"og:image:width\" content=\"1350\" \/>\n\t<meta property=\"og:image:height\" content=\"900\" \/>\n\t<meta property=\"og:image:type\" content=\"image\/png\" \/>\n<meta name=\"author\" content=\"Comunica\u00e7\u00e3o PSOL\" \/>\n<meta name=\"twitter:card\" content=\"summary_large_image\" \/>\n<meta name=\"twitter:title\" content=\"Procuradoria apoia pedido do PSOL para barrar nomea\u00e7\u00e3o de novo presidente da Funda\u00e7\u00e3o Palmares\" \/>\n<meta name=\"twitter:description\" content=\"A nota foi assinada pela procuradora\u00a0D\u00e9borah Duprat\u00a0e foi encaminhado \u00e0 Procuradoria da Rep\u00fablica no Distrito Federal.\" \/>\n<meta name=\"twitter:creator\" content=\"@psol50\" \/>\n<meta name=\"twitter:site\" content=\"@psol50\" \/>\n<meta name=\"twitter:label1\" content=\"Escrito por\" \/>\n\t<meta name=\"twitter:data1\" content=\"Comunica\u00e7\u00e3o PSOL\" \/>\n\t<meta name=\"twitter:label2\" content=\"Est. tempo de leitura\" \/>\n\t<meta name=\"twitter:data2\" content=\"1 minuto\" \/>\n<script type=\"application\/ld+json\" class=\"yoast-schema-graph\">{\"@context\":\"https:\/\/schema.org\",\"@graph\":[{\"@type\":\"Article\",\"@id\":\"https:\/\/psol50.org.br\/procuradoria-apoia-pedido-do-psol-para-barrar-nomeacao-de-novo-presidente-da-fundacao-palmares\/#article\",\"isPartOf\":{\"@id\":\"https:\/\/psol50.org.br\/procuradoria-apoia-pedido-do-psol-para-barrar-nomeacao-de-novo-presidente-da-fundacao-palmares\/\"},\"author\":{\"name\":\"Comunica\u00e7\u00e3o PSOL\",\"@id\":\"https:\/\/psol50.org.br\/#\/schema\/person\/475dfa57d0b815993c714c2e96491fcd\"},\"headline\":\"Procuradoria apoia pedido do PSOL para barrar nomea\u00e7\u00e3o de novo presidente da Funda\u00e7\u00e3o Palmares\",\"datePublished\":\"2019-12-03T15:23:02+00:00\",\"mainEntityOfPage\":{\"@id\":\"https:\/\/psol50.org.br\/procuradoria-apoia-pedido-do-psol-para-barrar-nomeacao-de-novo-presidente-da-fundacao-palmares\/\"},\"wordCount\":313,\"publisher\":{\"@id\":\"https:\/\/psol50.org.br\/#organization\"},\"image\":{\"@id\":\"https:\/\/psol50.org.br\/procuradoria-apoia-pedido-do-psol-para-barrar-nomeacao-de-novo-presidente-da-fundacao-palmares\/#primaryimage\"},\"thumbnailUrl\":\"\",\"keywords\":[\"funda\u00e7\u00e3o\",\"palmares\",\"procuradoria\",\"PSOL\"],\"articleSection\":[\"Not\u00edcias\"],\"inLanguage\":\"pt-BR\"},{\"@type\":\"WebPage\",\"@id\":\"https:\/\/psol50.org.br\/procuradoria-apoia-pedido-do-psol-para-barrar-nomeacao-de-novo-presidente-da-fundacao-palmares\/\",\"url\":\"https:\/\/psol50.org.br\/procuradoria-apoia-pedido-do-psol-para-barrar-nomeacao-de-novo-presidente-da-fundacao-palmares\/\",\"name\":\"Procuradoria apoia pedido do PSOL para barrar nomea\u00e7\u00e3o de novo presidente da Funda\u00e7\u00e3o Palmares\",\"isPartOf\":{\"@id\":\"https:\/\/psol50.org.br\/#website\"},\"primaryImageOfPage\":{\"@id\":\"https:\/\/psol50.org.br\/procuradoria-apoia-pedido-do-psol-para-barrar-nomeacao-de-novo-presidente-da-fundacao-palmares\/#primaryimage\"},\"image\":{\"@id\":\"https:\/\/psol50.org.br\/procuradoria-apoia-pedido-do-psol-para-barrar-nomeacao-de-novo-presidente-da-fundacao-palmares\/#primaryimage\"},\"thumbnailUrl\":\"\",\"datePublished\":\"2019-12-03T15:23:02+00:00\",\"description\":\"A nota foi assinada pela procuradora\u00a0D\u00e9borah Duprat\u00a0e foi encaminhado \u00e0 Procuradoria da Rep\u00fablica no Distrito Federal.\",\"breadcrumb\":{\"@id\":\"https:\/\/psol50.org.br\/procuradoria-apoia-pedido-do-psol-para-barrar-nomeacao-de-novo-presidente-da-fundacao-palmares\/#breadcrumb\"},\"inLanguage\":\"pt-BR\",\"potentialAction\":[{\"@type\":\"ReadAction\",\"target\":[\"https:\/\/psol50.org.br\/procuradoria-apoia-pedido-do-psol-para-barrar-nomeacao-de-novo-presidente-da-fundacao-palmares\/\"]}]},{\"@type\":\"ImageObject\",\"inLanguage\":\"pt-BR\",\"@id\":\"https:\/\/psol50.org.br\/procuradoria-apoia-pedido-do-psol-para-barrar-nomeacao-de-novo-presidente-da-fundacao-palmares\/#primaryimage\",\"url\":\"\",\"contentUrl\":\"\"},{\"@type\":\"BreadcrumbList\",\"@id\":\"https:\/\/psol50.org.br\/procuradoria-apoia-pedido-do-psol-para-barrar-nomeacao-de-novo-presidente-da-fundacao-palmares\/#breadcrumb\",\"itemListElement\":[{\"@type\":\"ListItem\",\"position\":1,\"name\":\"In\u00edcio\",\"item\":\"https:\/\/psol50.org.br\/\"},{\"@type\":\"ListItem\",\"position\":2,\"name\":\"Procuradoria apoia pedido do PSOL para barrar nomea\u00e7\u00e3o de novo presidente da Funda\u00e7\u00e3o Palmares\"}]},{\"@type\":\"WebSite\",\"@id\":\"https:\/\/psol50.org.br\/#website\",\"url\":\"https:\/\/psol50.org.br\/\",\"name\":\"PSOL 50\",\"description\":\"Site oficial do Partido Socialismo e Liberdade\",\"publisher\":{\"@id\":\"https:\/\/psol50.org.br\/#organization\"},\"alternateName\":\"PSOL50\",\"potentialAction\":[{\"@type\":\"SearchAction\",\"target\":{\"@type\":\"EntryPoint\",\"urlTemplate\":\"https:\/\/psol50.org.br\/?s={search_term_string}\"},\"query-input\":{\"@type\":\"PropertyValueSpecification\",\"valueRequired\":true,\"valueName\":\"search_term_string\"}}],\"inLanguage\":\"pt-BR\"},{\"@type\":\"Organization\",\"@id\":\"https:\/\/psol50.org.br\/#organization\",\"name\":\"PSOL 50\",\"alternateName\":\"PSOL 50\",\"url\":\"https:\/\/psol50.org.br\/\",\"logo\":{\"@type\":\"ImageObject\",\"inLanguage\":\"pt-BR\",\"@id\":\"https:\/\/psol50.org.br\/#\/schema\/logo\/image\/\",\"url\":\"https:\/\/psol50.org.br\/inc\/uploads\/2018\/07\/capa.png\",\"contentUrl\":\"https:\/\/psol50.org.br\/inc\/uploads\/2018\/07\/capa.png\",\"width\":1350,\"height\":900,\"caption\":\"PSOL 50\"},\"image\":{\"@id\":\"https:\/\/psol50.org.br\/#\/schema\/logo\/image\/\"},\"sameAs\":[\"https:\/\/www.facebook.com\/psol50\",\"https:\/\/x.com\/psol50\",\"https:\/\/www.instagram.com\/psol50\/\",\"https:\/\/www.youtube.com\/channel\/UC7SnJS5o1os7a6CaiNabzcg\"]},{\"@type\":\"Person\",\"@id\":\"https:\/\/psol50.org.br\/#\/schema\/person\/475dfa57d0b815993c714c2e96491fcd\",\"name\":\"Comunica\u00e7\u00e3o PSOL\",\"image\":{\"@type\":\"ImageObject\",\"inLanguage\":\"pt-BR\",\"@id\":\"https:\/\/psol50.org.br\/#\/schema\/person\/image\/\",\"url\":\"https:\/\/secure.gravatar.com\/avatar\/b34fc4f4e468a4e51785917065a3db57b841f5c95dba6ad8c73aaf8f66f8f9bf?s=96&d=mm&r=g\",\"contentUrl\":\"https:\/\/secure.gravatar.com\/avatar\/b34fc4f4e468a4e51785917065a3db57b841f5c95dba6ad8c73aaf8f66f8f9bf?s=96&d=mm&r=g\",\"caption\":\"Comunica\u00e7\u00e3o PSOL\"}}]}<\/script>\n<!-- \/ Yoast SEO plugin. -->","yoast_head_json":{"title":"Procuradoria apoia pedido do PSOL para barrar nomea\u00e7\u00e3o de novo presidente da Funda\u00e7\u00e3o Palmares","description":"A nota foi assinada pela procuradora\u00a0D\u00e9borah Duprat\u00a0e foi encaminhado \u00e0 Procuradoria da Rep\u00fablica no Distrito Federal.","robots":{"index":"index","follow":"follow","max-snippet":"max-snippet:-1","max-image-preview":"max-image-preview:large","max-video-preview":"max-video-preview:-1"},"canonical":"https:\/\/psol50.org.br\/procuradoria-apoia-pedido-do-psol-para-barrar-nomeacao-de-novo-presidente-da-fundacao-palmares\/","og_locale":"pt_BR","og_type":"article","og_title":"Procuradoria apoia pedido do PSOL para barrar nomea\u00e7\u00e3o de novo presidente da Funda\u00e7\u00e3o Palmares","og_description":"A nota foi assinada pela procuradora\u00a0D\u00e9borah Duprat\u00a0e foi encaminhado \u00e0 Procuradoria da Rep\u00fablica no Distrito Federal.","og_url":"https:\/\/psol50.org.br\/procuradoria-apoia-pedido-do-psol-para-barrar-nomeacao-de-novo-presidente-da-fundacao-palmares\/","og_site_name":"PSOL 50","article_publisher":"https:\/\/www.facebook.com\/psol50","article_published_time":"2019-12-03T15:23:02+00:00","og_image":[{"width":1350,"height":900,"url":"https:\/\/psol50.org.br\/inc\/uploads\/2018\/07\/capa.png","type":"image\/png"}],"author":"Comunica\u00e7\u00e3o PSOL","twitter_card":"summary_large_image","twitter_title":"Procuradoria apoia pedido do PSOL para barrar nomea\u00e7\u00e3o de novo presidente da Funda\u00e7\u00e3o Palmares","twitter_description":"A nota foi assinada pela procuradora\u00a0D\u00e9borah Duprat\u00a0e foi encaminhado \u00e0 Procuradoria da Rep\u00fablica no Distrito Federal.","twitter_creator":"@psol50","twitter_site":"@psol50","twitter_misc":{"Escrito por":"Comunica\u00e7\u00e3o PSOL","Est. tempo de leitura":"1 minuto"},"schema":{"@context":"https:\/\/schema.org","@graph":[{"@type":"Article","@id":"https:\/\/psol50.org.br\/procuradoria-apoia-pedido-do-psol-para-barrar-nomeacao-de-novo-presidente-da-fundacao-palmares\/#article","isPartOf":{"@id":"https:\/\/psol50.org.br\/procuradoria-apoia-pedido-do-psol-para-barrar-nomeacao-de-novo-presidente-da-fundacao-palmares\/"},"author":{"name":"Comunica\u00e7\u00e3o PSOL","@id":"https:\/\/psol50.org.br\/#\/schema\/person\/475dfa57d0b815993c714c2e96491fcd"},"headline":"Procuradoria apoia pedido do PSOL para barrar nomea\u00e7\u00e3o de novo presidente da Funda\u00e7\u00e3o Palmares","datePublished":"2019-12-03T15:23:02+00:00","mainEntityOfPage":{"@id":"https:\/\/psol50.org.br\/procuradoria-apoia-pedido-do-psol-para-barrar-nomeacao-de-novo-presidente-da-fundacao-palmares\/"},"wordCount":313,"publisher":{"@id":"https:\/\/psol50.org.br\/#organization"},"image":{"@id":"https:\/\/psol50.org.br\/procuradoria-apoia-pedido-do-psol-para-barrar-nomeacao-de-novo-presidente-da-fundacao-palmares\/#primaryimage"},"thumbnailUrl":"","keywords":["funda\u00e7\u00e3o","palmares","procuradoria","PSOL"],"articleSection":["Not\u00edcias"],"inLanguage":"pt-BR"},{"@type":"WebPage","@id":"https:\/\/psol50.org.br\/procuradoria-apoia-pedido-do-psol-para-barrar-nomeacao-de-novo-presidente-da-fundacao-palmares\/","url":"https:\/\/psol50.org.br\/procuradoria-apoia-pedido-do-psol-para-barrar-nomeacao-de-novo-presidente-da-fundacao-palmares\/","name":"Procuradoria apoia pedido do PSOL para barrar nomea\u00e7\u00e3o de novo presidente da Funda\u00e7\u00e3o Palmares","isPartOf":{"@id":"https:\/\/psol50.org.br\/#website"},"primaryImageOfPage":{"@id":"https:\/\/psol50.org.br\/procuradoria-apoia-pedido-do-psol-para-barrar-nomeacao-de-novo-presidente-da-fundacao-palmares\/#primaryimage"},"image":{"@id":"https:\/\/psol50.org.br\/procuradoria-apoia-pedido-do-psol-para-barrar-nomeacao-de-novo-presidente-da-fundacao-palmares\/#primaryimage"},"thumbnailUrl":"","datePublished":"2019-12-03T15:23:02+00:00","description":"A nota foi assinada pela procuradora\u00a0D\u00e9borah Duprat\u00a0e foi encaminhado \u00e0 Procuradoria da Rep\u00fablica no Distrito Federal.","breadcrumb":{"@id":"https:\/\/psol50.org.br\/procuradoria-apoia-pedido-do-psol-para-barrar-nomeacao-de-novo-presidente-da-fundacao-palmares\/#breadcrumb"},"inLanguage":"pt-BR","potentialAction":[{"@type":"ReadAction","target":["https:\/\/psol50.org.br\/procuradoria-apoia-pedido-do-psol-para-barrar-nomeacao-de-novo-presidente-da-fundacao-palmares\/"]}]},{"@type":"ImageObject","inLanguage":"pt-BR","@id":"https:\/\/psol50.org.br\/procuradoria-apoia-pedido-do-psol-para-barrar-nomeacao-de-novo-presidente-da-fundacao-palmares\/#primaryimage","url":"","contentUrl":""},{"@type":"BreadcrumbList","@id":"https:\/\/psol50.org.br\/procuradoria-apoia-pedido-do-psol-para-barrar-nomeacao-de-novo-presidente-da-fundacao-palmares\/#breadcrumb","itemListElement":[{"@type":"ListItem","position":1,"name":"In\u00edcio","item":"https:\/\/psol50.org.br\/"},{"@type":"ListItem","position":2,"name":"Procuradoria apoia pedido do PSOL para barrar nomea\u00e7\u00e3o de novo presidente da Funda\u00e7\u00e3o Palmares"}]},{"@type":"WebSite","@id":"https:\/\/psol50.org.br\/#website","url":"https:\/\/psol50.org.br\/","name":"PSOL 50","description":"Site oficial do Partido Socialismo e Liberdade","publisher":{"@id":"https:\/\/psol50.org.br\/#organization"},"alternateName":"PSOL50","potentialAction":[{"@type":"SearchAction","target":{"@type":"EntryPoint","urlTemplate":"https:\/\/psol50.org.br\/?s={search_term_string}"},"query-input":{"@type":"PropertyValueSpecification","valueRequired":true,"valueName":"search_term_string"}}],"inLanguage":"pt-BR"},{"@type":"Organization","@id":"https:\/\/psol50.org.br\/#organization","name":"PSOL 50","alternateName":"PSOL 50","url":"https:\/\/psol50.org.br\/","logo":{"@type":"ImageObject","inLanguage":"pt-BR","@id":"https:\/\/psol50.org.br\/#\/schema\/logo\/image\/","url":"https:\/\/psol50.org.br\/inc\/uploads\/2018\/07\/capa.png","contentUrl":"https:\/\/psol50.org.br\/inc\/uploads\/2018\/07\/capa.png","width":1350,"height":900,"caption":"PSOL 50"},"image":{"@id":"https:\/\/psol50.org.br\/#\/schema\/logo\/image\/"},"sameAs":["https:\/\/www.facebook.com\/psol50","https:\/\/x.com\/psol50","https:\/\/www.instagram.com\/psol50\/","https:\/\/www.youtube.com\/channel\/UC7SnJS5o1os7a6CaiNabzcg"]},{"@type":"Person","@id":"https:\/\/psol50.org.br\/#\/schema\/person\/475dfa57d0b815993c714c2e96491fcd","name":"Comunica\u00e7\u00e3o PSOL","image":{"@type":"ImageObject","inLanguage":"pt-BR","@id":"https:\/\/psol50.org.br\/#\/schema\/person\/image\/","url":"https:\/\/secure.gravatar.com\/avatar\/b34fc4f4e468a4e51785917065a3db57b841f5c95dba6ad8c73aaf8f66f8f9bf?s=96&d=mm&r=g","contentUrl":"https:\/\/secure.gravatar.com\/avatar\/b34fc4f4e468a4e51785917065a3db57b841f5c95dba6ad8c73aaf8f66f8f9bf?s=96&d=mm&r=g","caption":"Comunica\u00e7\u00e3o PSOL"}}]}},"_links":{"self":[{"href":"https:\/\/psol50.org.br\/rest\/wp\/v2\/posts\/27119","targetHints":{"allow":["GET"]}}],"collection":[{"href":"https:\/\/psol50.org.br\/rest\/wp\/v2\/posts"}],"about":[{"href":"https:\/\/psol50.org.br\/rest\/wp\/v2\/types\/post"}],"author":[{"embeddable":true,"href":"https:\/\/psol50.org.br\/rest\/wp\/v2\/users\/2"}],"replies":[{"embeddable":true,"href":"https:\/\/psol50.org.br\/rest\/wp\/v2\/comments?post=27119"}],"version-history":[{"count":0,"href":"https:\/\/psol50.org.br\/rest\/wp\/v2\/posts\/27119\/revisions"}],"wp:featuredmedia":[{"embeddable":true,"href":"https:\/\/psol50.org.br\/rest\/"}],"wp:attachment":[{"href":"https:\/\/psol50.org.br\/rest\/wp\/v2\/media?parent=27119"}],"wp:term":[{"taxonomy":"category","embeddable":true,"href":"https:\/\/psol50.org.br\/rest\/wp\/v2\/categories?post=27119"},{"taxonomy":"post_tag","embeddable":true,"href":"https:\/\/psol50.org.br\/rest\/wp\/v2\/tags?post=27119"}],"curies":[{"name":"wp","href":"https:\/\/api.w.org\/{rel}","templated":true}]}}