{"id":27131,"date":"2019-12-04T15:22:47","date_gmt":"2019-12-04T18:22:47","guid":{"rendered":"http:\/\/psol50.org.br\/?p=27131"},"modified":"2019-12-04T15:22:47","modified_gmt":"2019-12-04T18:22:47","slug":"bancada-do-psol-na-alesp-faz-audiencia-publica-sobre-massacre-de-paraisopolis-nesta-quinta-5","status":"publish","type":"post","link":"https:\/\/psol50.org.br\/bancada-do-psol-na-alesp-faz-audiencia-publica-sobre-massacre-de-paraisopolis-nesta-quinta-5\/","title":{"rendered":"Bancada do PSOL na Alesp faz audi\u00eancia p\u00fablica sobre massacre de Parais\u00f3polis nesta quinta (5)"},"content":{"rendered":"<p>Um audi\u00eancia p\u00fablica sobre o massacre que aconteceu no \u00faltimo final de semana em Parais\u00f3polis est\u00e1 convocada para esta quinta-feira (5), a partir das 19h, no plen\u00e1rio da Assembleia Legislativa de S\u00e3o Paulo. A convoca\u00e7\u00e3o \u00e9 feita pela mandata-quilombo de Erica Malunguinho, deputada do PSOL e primeira mulher trans da hist\u00f3ria a ter um mandato na Alesp.<\/p>\n<p>Somam na convoca\u00e7\u00e3o deste momento de den\u00fancia do racismo estrutural e da criminaliza\u00e7\u00e3o da favela as deputadas Isa Penna, M\u00f4nica Seixas (representante da Bancada Ativista), Carlos Giannazi, do PSOL, al\u00e9m de Leci Brand\u00e3o (PCdoB), Marina Helou (Rede) e bancada do PT na Alesp.<\/p>\n<p><img loading=\"lazy\" decoding=\"async\" class=\"size-full wp-image-27134 aligncenter\" src=\"http:\/\/psol50.org.br\/inc\/uploads\/2019\/12\/EK8_JUcWwAAI7iF-1.jpeg\" alt=\"\" width=\"800\" height=\"800\" srcset=\"https:\/\/psol50.org.br\/inc\/uploads\/2019\/12\/EK8_JUcWwAAI7iF-1.jpeg 800w, https:\/\/psol50.org.br\/inc\/uploads\/2019\/12\/EK8_JUcWwAAI7iF-1-300x300.jpeg 300w, https:\/\/psol50.org.br\/inc\/uploads\/2019\/12\/EK8_JUcWwAAI7iF-1-150x150.jpeg 150w, https:\/\/psol50.org.br\/inc\/uploads\/2019\/12\/EK8_JUcWwAAI7iF-1-768x768.jpeg 768w, https:\/\/psol50.org.br\/inc\/uploads\/2019\/12\/EK8_JUcWwAAI7iF-1-696x696.jpeg 696w\" sizes=\"auto, (max-width: 800px) 100vw, 800px\" \/><\/p>\n<p>Na madrugada do dia 1\u00ba de dezembro, uma a\u00e7\u00e3o desastrosa da pol\u00edtica de seguran\u00e7a p\u00fablica de Jo\u00e3o Doria, governador de S\u00e3o Paulo, que culminou na morte de nove jovens, com idade entre 14 e 23 anos, em um baile funk na favela de Parais\u00f3polis, zona sul da capital de S\u00e3o Paulo.<\/p>\n<p>&#8220;O car\u00e1ter racista e anti-perif\u00e9rico da pol\u00edtica de seguran\u00e7a p\u00fablica do estado de S\u00e3o Paulo \u00e9 flagrante, haja visto o n\u00famero excessivo de opera\u00e7\u00f5es policiais que resultaram em morte e viol\u00eancia nas periferias&#8221;, afirma a convocat\u00f3ria da audi\u00eancia p\u00fablica.<\/p>\n<h6>Servi\u00e7o<\/h6>\n<p><a href=\"https:\/\/www.facebook.com\/events\/2305420489744071\/\">Audi\u00eancia P\u00fablica sobre o massacre de Parais\u00f3polis: racismo e criminaliza\u00e7\u00e3o da favela<\/a><br \/>\n05 de dezembro (quinta) \u00e0s 19h<br \/>\nAssembleia Legislativa de S\u00e3o Paulo (Alesp) &#8211; Audit\u00f3rio Franco Montoro<br \/>\nAv. Pedro \u00c1lvares Cabral, 201<\/p>\n","protected":false},"excerpt":{"rendered":"<p>Um audi\u00eancia p\u00fablica sobre o massacre que aconteceu no \u00faltimo final de semana em Parais\u00f3polis est\u00e1 convocada para esta quinta-feira (5), a partir das 19h, no plen\u00e1rio da Assembleia Legislativa de S\u00e3o Paulo. A convoca\u00e7\u00e3o \u00e9 feita pela mandata-quilombo de Erica Malunguinho, deputada do PSOL e primeira mulher trans da hist\u00f3ria a ter um mandato [&hellip;]<\/p>\n","protected":false},"author":2,"featured_media":27114,"comment_status":"closed","ping_status":"open","sticky":false,"template":"","format":"standard","meta":{"_acf_changed":false,"footnotes":""},"categories":[6],"tags":[141,113,2130,22,538],"class_list":{"0":"post-27131","1":"post","2":"type-post","3":"status-publish","4":"format-standard","5":"has-post-thumbnail","7":"category-noticias","8":"tag-alesp","9":"tag-doria","10":"tag-paraisopolis","11":"tag-psol","12":"tag-seguranca-publica"},"acf":[],"yoast_head":"<!-- This site is optimized with the Yoast SEO plugin v26.5 - https:\/\/yoast.com\/wordpress\/plugins\/seo\/ -->\n<title>Bancada do PSOL na Alesp faz audi\u00eancia p\u00fablica sobre massacre de Parais\u00f3polis nesta quinta (5)<\/title>\n<meta name=\"description\" content=\"Uma a\u00e7\u00e3o desastrosa da pol\u00edtica de seguran\u00e7a p\u00fablica de Jo\u00e3o Doria, governador de S\u00e3o Paulo, culminou na morte de nove jovens.\" \/>\n<meta name=\"robots\" content=\"index, follow, max-snippet:-1, max-image-preview:large, max-video-preview:-1\" \/>\n<link rel=\"canonical\" href=\"https:\/\/psol50.org.br\/bancada-do-psol-na-alesp-faz-audiencia-publica-sobre-massacre-de-paraisopolis-nesta-quinta-5\/\" \/>\n<meta property=\"og:locale\" content=\"pt_BR\" \/>\n<meta property=\"og:type\" content=\"article\" \/>\n<meta property=\"og:title\" content=\"Bancada do PSOL na Alesp faz audi\u00eancia p\u00fablica sobre massacre de Parais\u00f3polis nesta quinta (5)\" \/>\n<meta property=\"og:description\" content=\"Uma a\u00e7\u00e3o desastrosa da pol\u00edtica de seguran\u00e7a p\u00fablica de Jo\u00e3o Doria, governador de S\u00e3o Paulo, culminou na morte de nove jovens.\" \/>\n<meta property=\"og:url\" content=\"https:\/\/psol50.org.br\/bancada-do-psol-na-alesp-faz-audiencia-publica-sobre-massacre-de-paraisopolis-nesta-quinta-5\/\" \/>\n<meta property=\"og:site_name\" content=\"PSOL 50\" \/>\n<meta property=\"article:publisher\" content=\"https:\/\/www.facebook.com\/psol50\" \/>\n<meta property=\"article:published_time\" content=\"2019-12-04T18:22:47+00:00\" \/>\n<meta property=\"og:image\" content=\"https:\/\/psol50.org.br\/inc\/uploads\/2019\/12\/20191202181240_963c4def-5a2b-43df-b60c-80c6638c6d8b.jpeg\" \/>\n\t<meta property=\"og:image:width\" content=\"1250\" \/>\n\t<meta property=\"og:image:height\" content=\"600\" \/>\n\t<meta property=\"og:image:type\" content=\"image\/jpeg\" \/>\n<meta name=\"author\" content=\"Comunica\u00e7\u00e3o PSOL\" \/>\n<meta name=\"twitter:card\" content=\"summary_large_image\" \/>\n<meta name=\"twitter:title\" content=\"Bancada do PSOL na Alesp faz audi\u00eancia p\u00fablica sobre massacre de Parais\u00f3polis nesta quinta (5)\" \/>\n<meta name=\"twitter:description\" content=\"Uma a\u00e7\u00e3o desastrosa da pol\u00edtica de seguran\u00e7a p\u00fablica de Jo\u00e3o Doria, governador de S\u00e3o Paulo, culminou na morte de nove jovens.\" \/>\n<meta name=\"twitter:image\" content=\"https:\/\/psol50.org.br\/inc\/uploads\/2019\/12\/20191202181240_963c4def-5a2b-43df-b60c-80c6638c6d8b.jpeg\" \/>\n<meta name=\"twitter:creator\" content=\"@psol50\" \/>\n<meta name=\"twitter:site\" content=\"@psol50\" \/>\n<meta name=\"twitter:label1\" content=\"Escrito por\" \/>\n\t<meta name=\"twitter:data1\" content=\"Comunica\u00e7\u00e3o PSOL\" \/>\n\t<meta name=\"twitter:label2\" content=\"Est. tempo de leitura\" \/>\n\t<meta name=\"twitter:data2\" content=\"1 minuto\" \/>\n<script type=\"application\/ld+json\" class=\"yoast-schema-graph\">{\"@context\":\"https:\/\/schema.org\",\"@graph\":[{\"@type\":\"Article\",\"@id\":\"https:\/\/psol50.org.br\/bancada-do-psol-na-alesp-faz-audiencia-publica-sobre-massacre-de-paraisopolis-nesta-quinta-5\/#article\",\"isPartOf\":{\"@id\":\"https:\/\/psol50.org.br\/bancada-do-psol-na-alesp-faz-audiencia-publica-sobre-massacre-de-paraisopolis-nesta-quinta-5\/\"},\"author\":{\"name\":\"Comunica\u00e7\u00e3o PSOL\",\"@id\":\"https:\/\/psol50.org.br\/#\/schema\/person\/475dfa57d0b815993c714c2e96491fcd\"},\"headline\":\"Bancada do PSOL na Alesp faz audi\u00eancia p\u00fablica sobre massacre de Parais\u00f3polis nesta quinta (5)\",\"datePublished\":\"2019-12-04T18:22:47+00:00\",\"mainEntityOfPage\":{\"@id\":\"https:\/\/psol50.org.br\/bancada-do-psol-na-alesp-faz-audiencia-publica-sobre-massacre-de-paraisopolis-nesta-quinta-5\/\"},\"wordCount\":273,\"publisher\":{\"@id\":\"https:\/\/psol50.org.br\/#organization\"},\"image\":{\"@id\":\"https:\/\/psol50.org.br\/bancada-do-psol-na-alesp-faz-audiencia-publica-sobre-massacre-de-paraisopolis-nesta-quinta-5\/#primaryimage\"},\"thumbnailUrl\":\"https:\/\/psol50.org.br\/inc\/uploads\/2019\/12\/20191202181240_963c4def-5a2b-43df-b60c-80c6638c6d8b.jpeg\",\"keywords\":[\"alesp\",\"doria\",\"parais\u00f3polis\",\"PSOL\",\"Seguran\u00e7a P\u00fablica\"],\"articleSection\":[\"Not\u00edcias\"],\"inLanguage\":\"pt-BR\"},{\"@type\":\"WebPage\",\"@id\":\"https:\/\/psol50.org.br\/bancada-do-psol-na-alesp-faz-audiencia-publica-sobre-massacre-de-paraisopolis-nesta-quinta-5\/\",\"url\":\"https:\/\/psol50.org.br\/bancada-do-psol-na-alesp-faz-audiencia-publica-sobre-massacre-de-paraisopolis-nesta-quinta-5\/\",\"name\":\"Bancada do PSOL na Alesp faz audi\u00eancia p\u00fablica sobre massacre de Parais\u00f3polis nesta quinta (5)\",\"isPartOf\":{\"@id\":\"https:\/\/psol50.org.br\/#website\"},\"primaryImageOfPage\":{\"@id\":\"https:\/\/psol50.org.br\/bancada-do-psol-na-alesp-faz-audiencia-publica-sobre-massacre-de-paraisopolis-nesta-quinta-5\/#primaryimage\"},\"image\":{\"@id\":\"https:\/\/psol50.org.br\/bancada-do-psol-na-alesp-faz-audiencia-publica-sobre-massacre-de-paraisopolis-nesta-quinta-5\/#primaryimage\"},\"thumbnailUrl\":\"https:\/\/psol50.org.br\/inc\/uploads\/2019\/12\/20191202181240_963c4def-5a2b-43df-b60c-80c6638c6d8b.jpeg\",\"datePublished\":\"2019-12-04T18:22:47+00:00\",\"description\":\"Uma a\u00e7\u00e3o desastrosa da pol\u00edtica de seguran\u00e7a p\u00fablica de Jo\u00e3o Doria, governador de S\u00e3o Paulo, culminou na morte de nove jovens.\",\"breadcrumb\":{\"@id\":\"https:\/\/psol50.org.br\/bancada-do-psol-na-alesp-faz-audiencia-publica-sobre-massacre-de-paraisopolis-nesta-quinta-5\/#breadcrumb\"},\"inLanguage\":\"pt-BR\",\"potentialAction\":[{\"@type\":\"ReadAction\",\"target\":[\"https:\/\/psol50.org.br\/bancada-do-psol-na-alesp-faz-audiencia-publica-sobre-massacre-de-paraisopolis-nesta-quinta-5\/\"]}]},{\"@type\":\"ImageObject\",\"inLanguage\":\"pt-BR\",\"@id\":\"https:\/\/psol50.org.br\/bancada-do-psol-na-alesp-faz-audiencia-publica-sobre-massacre-de-paraisopolis-nesta-quinta-5\/#primaryimage\",\"url\":\"https:\/\/psol50.org.br\/inc\/uploads\/2019\/12\/20191202181240_963c4def-5a2b-43df-b60c-80c6638c6d8b.jpeg\",\"contentUrl\":\"https:\/\/psol50.org.br\/inc\/uploads\/2019\/12\/20191202181240_963c4def-5a2b-43df-b60c-80c6638c6d8b.jpeg\",\"width\":1250,\"height\":600,\"caption\":\"Foto: Daniel Arroyo\/Ponte Jornalismo\"},{\"@type\":\"BreadcrumbList\",\"@id\":\"https:\/\/psol50.org.br\/bancada-do-psol-na-alesp-faz-audiencia-publica-sobre-massacre-de-paraisopolis-nesta-quinta-5\/#breadcrumb\",\"itemListElement\":[{\"@type\":\"ListItem\",\"position\":1,\"name\":\"In\u00edcio\",\"item\":\"https:\/\/psol50.org.br\/\"},{\"@type\":\"ListItem\",\"position\":2,\"name\":\"Bancada do PSOL na Alesp faz audi\u00eancia p\u00fablica sobre massacre de Parais\u00f3polis nesta quinta (5)\"}]},{\"@type\":\"WebSite\",\"@id\":\"https:\/\/psol50.org.br\/#website\",\"url\":\"https:\/\/psol50.org.br\/\",\"name\":\"PSOL 50\",\"description\":\"Site oficial do Partido Socialismo e Liberdade\",\"publisher\":{\"@id\":\"https:\/\/psol50.org.br\/#organization\"},\"alternateName\":\"PSOL50\",\"potentialAction\":[{\"@type\":\"SearchAction\",\"target\":{\"@type\":\"EntryPoint\",\"urlTemplate\":\"https:\/\/psol50.org.br\/?s={search_term_string}\"},\"query-input\":{\"@type\":\"PropertyValueSpecification\",\"valueRequired\":true,\"valueName\":\"search_term_string\"}}],\"inLanguage\":\"pt-BR\"},{\"@type\":\"Organization\",\"@id\":\"https:\/\/psol50.org.br\/#organization\",\"name\":\"PSOL 50\",\"alternateName\":\"PSOL 50\",\"url\":\"https:\/\/psol50.org.br\/\",\"logo\":{\"@type\":\"ImageObject\",\"inLanguage\":\"pt-BR\",\"@id\":\"https:\/\/psol50.org.br\/#\/schema\/logo\/image\/\",\"url\":\"https:\/\/psol50.org.br\/inc\/uploads\/2018\/07\/capa.png\",\"contentUrl\":\"https:\/\/psol50.org.br\/inc\/uploads\/2018\/07\/capa.png\",\"width\":1350,\"height\":900,\"caption\":\"PSOL 50\"},\"image\":{\"@id\":\"https:\/\/psol50.org.br\/#\/schema\/logo\/image\/\"},\"sameAs\":[\"https:\/\/www.facebook.com\/psol50\",\"https:\/\/x.com\/psol50\",\"https:\/\/www.instagram.com\/psol50\/\",\"https:\/\/www.youtube.com\/channel\/UC7SnJS5o1os7a6CaiNabzcg\"]},{\"@type\":\"Person\",\"@id\":\"https:\/\/psol50.org.br\/#\/schema\/person\/475dfa57d0b815993c714c2e96491fcd\",\"name\":\"Comunica\u00e7\u00e3o PSOL\",\"image\":{\"@type\":\"ImageObject\",\"inLanguage\":\"pt-BR\",\"@id\":\"https:\/\/psol50.org.br\/#\/schema\/person\/image\/\",\"url\":\"https:\/\/secure.gravatar.com\/avatar\/b34fc4f4e468a4e51785917065a3db57b841f5c95dba6ad8c73aaf8f66f8f9bf?s=96&d=mm&r=g\",\"contentUrl\":\"https:\/\/secure.gravatar.com\/avatar\/b34fc4f4e468a4e51785917065a3db57b841f5c95dba6ad8c73aaf8f66f8f9bf?s=96&d=mm&r=g\",\"caption\":\"Comunica\u00e7\u00e3o PSOL\"}}]}<\/script>\n<!-- \/ Yoast SEO plugin. -->","yoast_head_json":{"title":"Bancada do PSOL na Alesp faz audi\u00eancia p\u00fablica sobre massacre de Parais\u00f3polis nesta quinta (5)","description":"Uma a\u00e7\u00e3o desastrosa da pol\u00edtica de seguran\u00e7a p\u00fablica de Jo\u00e3o Doria, governador de S\u00e3o Paulo, culminou na morte de nove jovens.","robots":{"index":"index","follow":"follow","max-snippet":"max-snippet:-1","max-image-preview":"max-image-preview:large","max-video-preview":"max-video-preview:-1"},"canonical":"https:\/\/psol50.org.br\/bancada-do-psol-na-alesp-faz-audiencia-publica-sobre-massacre-de-paraisopolis-nesta-quinta-5\/","og_locale":"pt_BR","og_type":"article","og_title":"Bancada do PSOL na Alesp faz audi\u00eancia p\u00fablica sobre massacre de Parais\u00f3polis nesta quinta (5)","og_description":"Uma a\u00e7\u00e3o desastrosa da pol\u00edtica de seguran\u00e7a p\u00fablica de Jo\u00e3o Doria, governador de S\u00e3o Paulo, culminou na morte de nove jovens.","og_url":"https:\/\/psol50.org.br\/bancada-do-psol-na-alesp-faz-audiencia-publica-sobre-massacre-de-paraisopolis-nesta-quinta-5\/","og_site_name":"PSOL 50","article_publisher":"https:\/\/www.facebook.com\/psol50","article_published_time":"2019-12-04T18:22:47+00:00","og_image":[{"width":1250,"height":600,"url":"https:\/\/psol50.org.br\/inc\/uploads\/2019\/12\/20191202181240_963c4def-5a2b-43df-b60c-80c6638c6d8b.jpeg","type":"image\/jpeg"}],"author":"Comunica\u00e7\u00e3o PSOL","twitter_card":"summary_large_image","twitter_title":"Bancada do PSOL na Alesp faz audi\u00eancia p\u00fablica sobre massacre de Parais\u00f3polis nesta quinta (5)","twitter_description":"Uma a\u00e7\u00e3o desastrosa da pol\u00edtica de seguran\u00e7a p\u00fablica de Jo\u00e3o Doria, governador de S\u00e3o Paulo, culminou na morte de nove jovens.","twitter_image":"https:\/\/psol50.org.br\/inc\/uploads\/2019\/12\/20191202181240_963c4def-5a2b-43df-b60c-80c6638c6d8b.jpeg","twitter_creator":"@psol50","twitter_site":"@psol50","twitter_misc":{"Escrito por":"Comunica\u00e7\u00e3o PSOL","Est. tempo de leitura":"1 minuto"},"schema":{"@context":"https:\/\/schema.org","@graph":[{"@type":"Article","@id":"https:\/\/psol50.org.br\/bancada-do-psol-na-alesp-faz-audiencia-publica-sobre-massacre-de-paraisopolis-nesta-quinta-5\/#article","isPartOf":{"@id":"https:\/\/psol50.org.br\/bancada-do-psol-na-alesp-faz-audiencia-publica-sobre-massacre-de-paraisopolis-nesta-quinta-5\/"},"author":{"name":"Comunica\u00e7\u00e3o PSOL","@id":"https:\/\/psol50.org.br\/#\/schema\/person\/475dfa57d0b815993c714c2e96491fcd"},"headline":"Bancada do PSOL na Alesp faz audi\u00eancia p\u00fablica sobre massacre de Parais\u00f3polis nesta quinta (5)","datePublished":"2019-12-04T18:22:47+00:00","mainEntityOfPage":{"@id":"https:\/\/psol50.org.br\/bancada-do-psol-na-alesp-faz-audiencia-publica-sobre-massacre-de-paraisopolis-nesta-quinta-5\/"},"wordCount":273,"publisher":{"@id":"https:\/\/psol50.org.br\/#organization"},"image":{"@id":"https:\/\/psol50.org.br\/bancada-do-psol-na-alesp-faz-audiencia-publica-sobre-massacre-de-paraisopolis-nesta-quinta-5\/#primaryimage"},"thumbnailUrl":"https:\/\/psol50.org.br\/inc\/uploads\/2019\/12\/20191202181240_963c4def-5a2b-43df-b60c-80c6638c6d8b.jpeg","keywords":["alesp","doria","parais\u00f3polis","PSOL","Seguran\u00e7a P\u00fablica"],"articleSection":["Not\u00edcias"],"inLanguage":"pt-BR"},{"@type":"WebPage","@id":"https:\/\/psol50.org.br\/bancada-do-psol-na-alesp-faz-audiencia-publica-sobre-massacre-de-paraisopolis-nesta-quinta-5\/","url":"https:\/\/psol50.org.br\/bancada-do-psol-na-alesp-faz-audiencia-publica-sobre-massacre-de-paraisopolis-nesta-quinta-5\/","name":"Bancada do PSOL na Alesp faz audi\u00eancia p\u00fablica sobre massacre de Parais\u00f3polis nesta quinta (5)","isPartOf":{"@id":"https:\/\/psol50.org.br\/#website"},"primaryImageOfPage":{"@id":"https:\/\/psol50.org.br\/bancada-do-psol-na-alesp-faz-audiencia-publica-sobre-massacre-de-paraisopolis-nesta-quinta-5\/#primaryimage"},"image":{"@id":"https:\/\/psol50.org.br\/bancada-do-psol-na-alesp-faz-audiencia-publica-sobre-massacre-de-paraisopolis-nesta-quinta-5\/#primaryimage"},"thumbnailUrl":"https:\/\/psol50.org.br\/inc\/uploads\/2019\/12\/20191202181240_963c4def-5a2b-43df-b60c-80c6638c6d8b.jpeg","datePublished":"2019-12-04T18:22:47+00:00","description":"Uma a\u00e7\u00e3o desastrosa da pol\u00edtica de seguran\u00e7a p\u00fablica de Jo\u00e3o Doria, governador de S\u00e3o Paulo, culminou na morte de nove jovens.","breadcrumb":{"@id":"https:\/\/psol50.org.br\/bancada-do-psol-na-alesp-faz-audiencia-publica-sobre-massacre-de-paraisopolis-nesta-quinta-5\/#breadcrumb"},"inLanguage":"pt-BR","potentialAction":[{"@type":"ReadAction","target":["https:\/\/psol50.org.br\/bancada-do-psol-na-alesp-faz-audiencia-publica-sobre-massacre-de-paraisopolis-nesta-quinta-5\/"]}]},{"@type":"ImageObject","inLanguage":"pt-BR","@id":"https:\/\/psol50.org.br\/bancada-do-psol-na-alesp-faz-audiencia-publica-sobre-massacre-de-paraisopolis-nesta-quinta-5\/#primaryimage","url":"https:\/\/psol50.org.br\/inc\/uploads\/2019\/12\/20191202181240_963c4def-5a2b-43df-b60c-80c6638c6d8b.jpeg","contentUrl":"https:\/\/psol50.org.br\/inc\/uploads\/2019\/12\/20191202181240_963c4def-5a2b-43df-b60c-80c6638c6d8b.jpeg","width":1250,"height":600,"caption":"Foto: Daniel Arroyo\/Ponte Jornalismo"},{"@type":"BreadcrumbList","@id":"https:\/\/psol50.org.br\/bancada-do-psol-na-alesp-faz-audiencia-publica-sobre-massacre-de-paraisopolis-nesta-quinta-5\/#breadcrumb","itemListElement":[{"@type":"ListItem","position":1,"name":"In\u00edcio","item":"https:\/\/psol50.org.br\/"},{"@type":"ListItem","position":2,"name":"Bancada do PSOL na Alesp faz audi\u00eancia p\u00fablica sobre massacre de Parais\u00f3polis nesta quinta (5)"}]},{"@type":"WebSite","@id":"https:\/\/psol50.org.br\/#website","url":"https:\/\/psol50.org.br\/","name":"PSOL 50","description":"Site oficial do Partido Socialismo e Liberdade","publisher":{"@id":"https:\/\/psol50.org.br\/#organization"},"alternateName":"PSOL50","potentialAction":[{"@type":"SearchAction","target":{"@type":"EntryPoint","urlTemplate":"https:\/\/psol50.org.br\/?s={search_term_string}"},"query-input":{"@type":"PropertyValueSpecification","valueRequired":true,"valueName":"search_term_string"}}],"inLanguage":"pt-BR"},{"@type":"Organization","@id":"https:\/\/psol50.org.br\/#organization","name":"PSOL 50","alternateName":"PSOL 50","url":"https:\/\/psol50.org.br\/","logo":{"@type":"ImageObject","inLanguage":"pt-BR","@id":"https:\/\/psol50.org.br\/#\/schema\/logo\/image\/","url":"https:\/\/psol50.org.br\/inc\/uploads\/2018\/07\/capa.png","contentUrl":"https:\/\/psol50.org.br\/inc\/uploads\/2018\/07\/capa.png","width":1350,"height":900,"caption":"PSOL 50"},"image":{"@id":"https:\/\/psol50.org.br\/#\/schema\/logo\/image\/"},"sameAs":["https:\/\/www.facebook.com\/psol50","https:\/\/x.com\/psol50","https:\/\/www.instagram.com\/psol50\/","https:\/\/www.youtube.com\/channel\/UC7SnJS5o1os7a6CaiNabzcg"]},{"@type":"Person","@id":"https:\/\/psol50.org.br\/#\/schema\/person\/475dfa57d0b815993c714c2e96491fcd","name":"Comunica\u00e7\u00e3o PSOL","image":{"@type":"ImageObject","inLanguage":"pt-BR","@id":"https:\/\/psol50.org.br\/#\/schema\/person\/image\/","url":"https:\/\/secure.gravatar.com\/avatar\/b34fc4f4e468a4e51785917065a3db57b841f5c95dba6ad8c73aaf8f66f8f9bf?s=96&d=mm&r=g","contentUrl":"https:\/\/secure.gravatar.com\/avatar\/b34fc4f4e468a4e51785917065a3db57b841f5c95dba6ad8c73aaf8f66f8f9bf?s=96&d=mm&r=g","caption":"Comunica\u00e7\u00e3o PSOL"}}]}},"_links":{"self":[{"href":"https:\/\/psol50.org.br\/rest\/wp\/v2\/posts\/27131","targetHints":{"allow":["GET"]}}],"collection":[{"href":"https:\/\/psol50.org.br\/rest\/wp\/v2\/posts"}],"about":[{"href":"https:\/\/psol50.org.br\/rest\/wp\/v2\/types\/post"}],"author":[{"embeddable":true,"href":"https:\/\/psol50.org.br\/rest\/wp\/v2\/users\/2"}],"replies":[{"embeddable":true,"href":"https:\/\/psol50.org.br\/rest\/wp\/v2\/comments?post=27131"}],"version-history":[{"count":0,"href":"https:\/\/psol50.org.br\/rest\/wp\/v2\/posts\/27131\/revisions"}],"wp:featuredmedia":[{"embeddable":true,"href":"https:\/\/psol50.org.br\/rest\/wp\/v2\/media\/27114"}],"wp:attachment":[{"href":"https:\/\/psol50.org.br\/rest\/wp\/v2\/media?parent=27131"}],"wp:term":[{"taxonomy":"category","embeddable":true,"href":"https:\/\/psol50.org.br\/rest\/wp\/v2\/categories?post=27131"},{"taxonomy":"post_tag","embeddable":true,"href":"https:\/\/psol50.org.br\/rest\/wp\/v2\/tags?post=27131"}],"curies":[{"name":"wp","href":"https:\/\/api.w.org\/{rel}","templated":true}]}}