{"id":2714,"date":"2014-04-24T00:00:00","date_gmt":"2014-04-29T09:12:09","guid":{"rendered":"http:\/\/psol50.org.br\/arquivo\/2014\/04\/24\/ivan-valente-critica-indicacao-do-novo-diretor-da-ans-por-ligacao-com-planos-de-saude\/"},"modified":"2014-04-24T00:00:00","modified_gmt":"2014-04-29T09:12:09","slug":"ivan-valente-critica-indicacao-do-novo-diretor-da-ans-por-ligacao-com-planos-de-saude","status":"publish","type":"post","link":"https:\/\/psol50.org.br\/ivan-valente-critica-indicacao-do-novo-diretor-da-ans-por-ligacao-com-planos-de-saude\/","title":{"rendered":"Ivan Valente critica indica\u00e7\u00e3o do novo diretor da ANS por liga\u00e7\u00e3o com planos de sa\u00fade"},"content":{"rendered":"<p>\n\t<span style=\"font-size:12px;\"><span style=\"font-family:arial,helvetica,sans-serif;\">A Comiss\u00e3o de Defesa do Consumidor aprovou, na manh\u00e3 desta quarta-feira 23, requerimento do deputado Ivan Valente para realiza\u00e7\u00e3o de audi\u00eancia p\u00fablica com Jos\u00e9 Carlos Abrah\u00e3o, indicado pela Presid\u00eancia da Rep\u00fablica para exercer o cargo de diretor da Ag\u00eancia Nacional de Sa\u00fade (ANS). O deputado \u00e9 contra a indica\u00e7\u00e3o de Abrah\u00e3o.<\/p>\n<p>\tJos\u00e9 Carlos Abrah\u00e3o \u00e9 presidente licenciado da Confedera\u00e7\u00e3o Nacional de Sa\u00fade, Hospitais, Estabelecimentos e Servi\u00e7os (CNS) e presidente da Federa\u00e7\u00e3o dos Hospitais e Estabelecimentos de Servi\u00e7os de Sa\u00fade do Rio \u2013 entidades que congregam prestadores de servi\u00e7os de sa\u00fade privados (lucrativos ou filantr\u00f3picos) e operadoras de planos de sa\u00fade. \u201cA ANS \u00e9 a ag\u00eancia reguladora do setor de planos de sa\u00fade no Brasil e deve atuar na defesa dos milh\u00f5es de brasileiros usu\u00e1rios dos planos; n\u00e3o pode ter em seus quadros, principalmente de dire\u00e7\u00e3o, profissionais que tenham rela\u00e7\u00e3o com o mercado de planos privados de sa\u00fade\u201d, argumenta Ivan Valente.<\/p>\n<p>\tO deputado lembrou da indica\u00e7\u00e3o de Elano Figueiredo, no ano passado, para a mesma fun\u00e7\u00e3o. Figueiredo \u2013 que chegou a assumir o cargo e depois renunciou \u2013 omitiu de seu curr\u00edculo que havia trabalhado para a Hapvida e Unimed. \u201cAgora, sobre Abrah\u00e3o, tamb\u00e9m h\u00e1 omiss\u00e3o de dados e informa\u00e7\u00f5es. A quest\u00e3o \u00e9 igualmente grave\u201d. Para Ivan Valente, Abrah\u00e3o deve dar explica\u00e7\u00f5es \u00e0 C\u00e2mara, antes de ser submetido \u00e0 sabatina no Senado e evitar constrangimentos \u00e0quela Casa, como o que aconteceu \u00e0 \u00e9poca de Elano Figueiredo.<\/p>\n<p>\tAl\u00e9m disso, reportagem do jornal <em>O Globo<\/em> afirma que Abrah\u00e3o \u00e9 contra o ressarcimento pelos planos de sa\u00fade ao Sistema \u00danico de Sa\u00fade (SUS). \u201cA CNS, que preside, \u00e9 autora de uma A\u00e7\u00e3o Direta de Inconstitucionalidade (Adin) no Supremo Tribunal Federal (STF) contra o artigo da Lei dos Planos de Sa\u00fade que prev\u00ea o ressarcimento ao SUS caso o benefici\u00e1rio do plano seja atendido pelo sistema p\u00fablico\u201d. Ainda de acordo com a reportagem: \u201cO curr\u00edculo de Abra\u00e3o enviado ao governo, que embasou a indica\u00e7\u00e3o, tem 38 p\u00e1ginas e listou dezoito artigos publicados em jornais e revistas entre 2003 a 2012. Em texto publicado, em julho de 2010, na Folha de S.Paulo, intitulado &#8216;Estado tem obriga\u00e7\u00e3o de prover sa\u00fade&#8217;, ele defende a a\u00e7\u00e3o da CNS no STF. Mas este, onde se posiciona contr\u00e1rio ao ressarcimento, n\u00e3o consta na rela\u00e7\u00e3o\u201d.<\/p>\n<p>\tEstima-se que o SUS realize 12 milh\u00f5es de interna\u00e7\u00f5es por ano. Desse total, cerca de 200 mil casos referem-se a pessoas que t\u00eam planos privados e somente o custo com esses benefici\u00e1rios chega a R$ 1 bilh\u00e3o. Entretanto, entre 2001 a 2013, a ANS obteve o ressarcimento de apenas R$ 447 milh\u00f5es.<\/p>\n<p>\tCerca de 50 milh\u00f5es de pessoas no Brasil pagam planos de sa\u00fade privados \u2013 planos que s\u00e3o denunciados por diversas irregularidades na presta\u00e7\u00e3o de servi\u00e7os, desde a recusa \u00e0 realiza\u00e7\u00e3o de exames, demora no atendimento e falta de m\u00e9dicos. No ano passado, o deputado Ivan Valente prop\u00f4s a cria\u00e7\u00e3o da Comiss\u00e3o Parlamentar de Inqu\u00e9rito (CPI) dos Planos de Sa\u00fade.<\/span><\/span><\/p>\n<p><\/p>\n","protected":false},"excerpt":{"rendered":"<p>Indicado do governo federal \u00e9 presidente de entidade das operadoras dos planos. Deputado prop\u00f4s debate sobre o assunto<\/p>\n","protected":false},"author":2,"featured_media":0,"comment_status":"open","ping_status":"open","sticky":false,"template":"","format":"standard","meta":{"_acf_changed":false,"footnotes":""},"categories":[10,4766,6],"tags":[],"class_list":{"0":"post-2714","1":"post","2":"type-post","3":"status-publish","4":"format-standard","6":"category-acao-parlamentares","7":"category-arquivo","8":"category-noticias"},"acf":[],"yoast_head":"<!-- This site is optimized with the Yoast SEO plugin v26.5 - https:\/\/yoast.com\/wordpress\/plugins\/seo\/ -->\n<title>Ivan Valente critica indica\u00e7\u00e3o do novo diretor da ANS por liga\u00e7\u00e3o com planos de sa\u00fade - PSOL 50<\/title>\n<meta name=\"robots\" content=\"index, follow, max-snippet:-1, max-image-preview:large, max-video-preview:-1\" \/>\n<link rel=\"canonical\" href=\"https:\/\/psol50.org.br\/ivan-valente-critica-indicacao-do-novo-diretor-da-ans-por-ligacao-com-planos-de-saude\/\" \/>\n<meta property=\"og:locale\" content=\"pt_BR\" \/>\n<meta property=\"og:type\" content=\"article\" \/>\n<meta property=\"og:title\" content=\"Ivan Valente critica indica\u00e7\u00e3o do novo diretor da ANS por liga\u00e7\u00e3o com planos de sa\u00fade - PSOL 50\" \/>\n<meta property=\"og:description\" content=\"Indicado do governo federal \u00e9 presidente de entidade das operadoras dos planos. Deputado prop\u00f4s debate sobre o assunto\" \/>\n<meta property=\"og:url\" content=\"https:\/\/psol50.org.br\/ivan-valente-critica-indicacao-do-novo-diretor-da-ans-por-ligacao-com-planos-de-saude\/\" \/>\n<meta property=\"og:site_name\" content=\"PSOL 50\" \/>\n<meta property=\"article:publisher\" content=\"https:\/\/www.facebook.com\/psol50\" \/>\n<meta property=\"article:published_time\" content=\"2014-04-29T09:12:09+00:00\" \/>\n<meta property=\"og:image\" content=\"https:\/\/psol50.org.br\/inc\/uploads\/2018\/07\/capa.png\" \/>\n\t<meta property=\"og:image:width\" content=\"1350\" \/>\n\t<meta property=\"og:image:height\" content=\"900\" \/>\n\t<meta property=\"og:image:type\" content=\"image\/png\" \/>\n<meta name=\"author\" content=\"Comunica\u00e7\u00e3o PSOL\" \/>\n<meta name=\"twitter:card\" content=\"summary_large_image\" \/>\n<meta name=\"twitter:creator\" content=\"@psol50\" \/>\n<meta name=\"twitter:site\" content=\"@psol50\" \/>\n<meta name=\"twitter:label1\" content=\"Escrito por\" \/>\n\t<meta name=\"twitter:data1\" content=\"Comunica\u00e7\u00e3o PSOL\" \/>\n\t<meta name=\"twitter:label2\" content=\"Est. tempo de leitura\" \/>\n\t<meta name=\"twitter:data2\" content=\"3 minutos\" \/>\n<script type=\"application\/ld+json\" class=\"yoast-schema-graph\">{\"@context\":\"https:\/\/schema.org\",\"@graph\":[{\"@type\":\"Article\",\"@id\":\"https:\/\/psol50.org.br\/ivan-valente-critica-indicacao-do-novo-diretor-da-ans-por-ligacao-com-planos-de-saude\/#article\",\"isPartOf\":{\"@id\":\"https:\/\/psol50.org.br\/ivan-valente-critica-indicacao-do-novo-diretor-da-ans-por-ligacao-com-planos-de-saude\/\"},\"author\":{\"name\":\"Comunica\u00e7\u00e3o PSOL\",\"@id\":\"https:\/\/psol50.org.br\/#\/schema\/person\/475dfa57d0b815993c714c2e96491fcd\"},\"headline\":\"Ivan Valente critica indica\u00e7\u00e3o do novo diretor da ANS por liga\u00e7\u00e3o com planos de sa\u00fade\",\"datePublished\":\"2014-04-29T09:12:09+00:00\",\"mainEntityOfPage\":{\"@id\":\"https:\/\/psol50.org.br\/ivan-valente-critica-indicacao-do-novo-diretor-da-ans-por-ligacao-com-planos-de-saude\/\"},\"wordCount\":554,\"commentCount\":0,\"publisher\":{\"@id\":\"https:\/\/psol50.org.br\/#organization\"},\"articleSection\":[\"A\u00e7\u00e3o Parlamentar\",\"Arquivo\",\"Not\u00edcias\"],\"inLanguage\":\"pt-BR\",\"potentialAction\":[{\"@type\":\"CommentAction\",\"name\":\"Comment\",\"target\":[\"https:\/\/psol50.org.br\/ivan-valente-critica-indicacao-do-novo-diretor-da-ans-por-ligacao-com-planos-de-saude\/#respond\"]}]},{\"@type\":\"WebPage\",\"@id\":\"https:\/\/psol50.org.br\/ivan-valente-critica-indicacao-do-novo-diretor-da-ans-por-ligacao-com-planos-de-saude\/\",\"url\":\"https:\/\/psol50.org.br\/ivan-valente-critica-indicacao-do-novo-diretor-da-ans-por-ligacao-com-planos-de-saude\/\",\"name\":\"Ivan Valente critica indica\u00e7\u00e3o do novo diretor da ANS por liga\u00e7\u00e3o com planos de sa\u00fade - PSOL 50\",\"isPartOf\":{\"@id\":\"https:\/\/psol50.org.br\/#website\"},\"datePublished\":\"2014-04-29T09:12:09+00:00\",\"breadcrumb\":{\"@id\":\"https:\/\/psol50.org.br\/ivan-valente-critica-indicacao-do-novo-diretor-da-ans-por-ligacao-com-planos-de-saude\/#breadcrumb\"},\"inLanguage\":\"pt-BR\",\"potentialAction\":[{\"@type\":\"ReadAction\",\"target\":[\"https:\/\/psol50.org.br\/ivan-valente-critica-indicacao-do-novo-diretor-da-ans-por-ligacao-com-planos-de-saude\/\"]}]},{\"@type\":\"BreadcrumbList\",\"@id\":\"https:\/\/psol50.org.br\/ivan-valente-critica-indicacao-do-novo-diretor-da-ans-por-ligacao-com-planos-de-saude\/#breadcrumb\",\"itemListElement\":[{\"@type\":\"ListItem\",\"position\":1,\"name\":\"In\u00edcio\",\"item\":\"https:\/\/psol50.org.br\/\"},{\"@type\":\"ListItem\",\"position\":2,\"name\":\"Ivan Valente critica indica\u00e7\u00e3o do novo diretor da ANS por liga\u00e7\u00e3o com planos de sa\u00fade\"}]},{\"@type\":\"WebSite\",\"@id\":\"https:\/\/psol50.org.br\/#website\",\"url\":\"https:\/\/psol50.org.br\/\",\"name\":\"PSOL 50\",\"description\":\"Site oficial do Partido Socialismo e Liberdade\",\"publisher\":{\"@id\":\"https:\/\/psol50.org.br\/#organization\"},\"alternateName\":\"PSOL50\",\"potentialAction\":[{\"@type\":\"SearchAction\",\"target\":{\"@type\":\"EntryPoint\",\"urlTemplate\":\"https:\/\/psol50.org.br\/?s={search_term_string}\"},\"query-input\":{\"@type\":\"PropertyValueSpecification\",\"valueRequired\":true,\"valueName\":\"search_term_string\"}}],\"inLanguage\":\"pt-BR\"},{\"@type\":\"Organization\",\"@id\":\"https:\/\/psol50.org.br\/#organization\",\"name\":\"PSOL 50\",\"alternateName\":\"PSOL 50\",\"url\":\"https:\/\/psol50.org.br\/\",\"logo\":{\"@type\":\"ImageObject\",\"inLanguage\":\"pt-BR\",\"@id\":\"https:\/\/psol50.org.br\/#\/schema\/logo\/image\/\",\"url\":\"https:\/\/psol50.org.br\/inc\/uploads\/2018\/07\/capa.png\",\"contentUrl\":\"https:\/\/psol50.org.br\/inc\/uploads\/2018\/07\/capa.png\",\"width\":1350,\"height\":900,\"caption\":\"PSOL 50\"},\"image\":{\"@id\":\"https:\/\/psol50.org.br\/#\/schema\/logo\/image\/\"},\"sameAs\":[\"https:\/\/www.facebook.com\/psol50\",\"https:\/\/x.com\/psol50\",\"https:\/\/www.instagram.com\/psol50\/\",\"https:\/\/www.youtube.com\/channel\/UC7SnJS5o1os7a6CaiNabzcg\"]},{\"@type\":\"Person\",\"@id\":\"https:\/\/psol50.org.br\/#\/schema\/person\/475dfa57d0b815993c714c2e96491fcd\",\"name\":\"Comunica\u00e7\u00e3o PSOL\",\"image\":{\"@type\":\"ImageObject\",\"inLanguage\":\"pt-BR\",\"@id\":\"https:\/\/psol50.org.br\/#\/schema\/person\/image\/\",\"url\":\"https:\/\/secure.gravatar.com\/avatar\/b34fc4f4e468a4e51785917065a3db57b841f5c95dba6ad8c73aaf8f66f8f9bf?s=96&d=mm&r=g\",\"contentUrl\":\"https:\/\/secure.gravatar.com\/avatar\/b34fc4f4e468a4e51785917065a3db57b841f5c95dba6ad8c73aaf8f66f8f9bf?s=96&d=mm&r=g\",\"caption\":\"Comunica\u00e7\u00e3o PSOL\"}}]}<\/script>\n<!-- \/ Yoast SEO plugin. -->","yoast_head_json":{"title":"Ivan Valente critica indica\u00e7\u00e3o do novo diretor da ANS por liga\u00e7\u00e3o com planos de sa\u00fade - PSOL 50","robots":{"index":"index","follow":"follow","max-snippet":"max-snippet:-1","max-image-preview":"max-image-preview:large","max-video-preview":"max-video-preview:-1"},"canonical":"https:\/\/psol50.org.br\/ivan-valente-critica-indicacao-do-novo-diretor-da-ans-por-ligacao-com-planos-de-saude\/","og_locale":"pt_BR","og_type":"article","og_title":"Ivan Valente critica indica\u00e7\u00e3o do novo diretor da ANS por liga\u00e7\u00e3o com planos de sa\u00fade - PSOL 50","og_description":"Indicado do governo federal \u00e9 presidente de entidade das operadoras dos planos. Deputado prop\u00f4s debate sobre o assunto","og_url":"https:\/\/psol50.org.br\/ivan-valente-critica-indicacao-do-novo-diretor-da-ans-por-ligacao-com-planos-de-saude\/","og_site_name":"PSOL 50","article_publisher":"https:\/\/www.facebook.com\/psol50","article_published_time":"2014-04-29T09:12:09+00:00","og_image":[{"width":1350,"height":900,"url":"https:\/\/psol50.org.br\/inc\/uploads\/2018\/07\/capa.png","type":"image\/png"}],"author":"Comunica\u00e7\u00e3o PSOL","twitter_card":"summary_large_image","twitter_creator":"@psol50","twitter_site":"@psol50","twitter_misc":{"Escrito por":"Comunica\u00e7\u00e3o PSOL","Est. tempo de leitura":"3 minutos"},"schema":{"@context":"https:\/\/schema.org","@graph":[{"@type":"Article","@id":"https:\/\/psol50.org.br\/ivan-valente-critica-indicacao-do-novo-diretor-da-ans-por-ligacao-com-planos-de-saude\/#article","isPartOf":{"@id":"https:\/\/psol50.org.br\/ivan-valente-critica-indicacao-do-novo-diretor-da-ans-por-ligacao-com-planos-de-saude\/"},"author":{"name":"Comunica\u00e7\u00e3o PSOL","@id":"https:\/\/psol50.org.br\/#\/schema\/person\/475dfa57d0b815993c714c2e96491fcd"},"headline":"Ivan Valente critica indica\u00e7\u00e3o do novo diretor da ANS por liga\u00e7\u00e3o com planos de sa\u00fade","datePublished":"2014-04-29T09:12:09+00:00","mainEntityOfPage":{"@id":"https:\/\/psol50.org.br\/ivan-valente-critica-indicacao-do-novo-diretor-da-ans-por-ligacao-com-planos-de-saude\/"},"wordCount":554,"commentCount":0,"publisher":{"@id":"https:\/\/psol50.org.br\/#organization"},"articleSection":["A\u00e7\u00e3o Parlamentar","Arquivo","Not\u00edcias"],"inLanguage":"pt-BR","potentialAction":[{"@type":"CommentAction","name":"Comment","target":["https:\/\/psol50.org.br\/ivan-valente-critica-indicacao-do-novo-diretor-da-ans-por-ligacao-com-planos-de-saude\/#respond"]}]},{"@type":"WebPage","@id":"https:\/\/psol50.org.br\/ivan-valente-critica-indicacao-do-novo-diretor-da-ans-por-ligacao-com-planos-de-saude\/","url":"https:\/\/psol50.org.br\/ivan-valente-critica-indicacao-do-novo-diretor-da-ans-por-ligacao-com-planos-de-saude\/","name":"Ivan Valente critica indica\u00e7\u00e3o do novo diretor da ANS por liga\u00e7\u00e3o com planos de sa\u00fade - PSOL 50","isPartOf":{"@id":"https:\/\/psol50.org.br\/#website"},"datePublished":"2014-04-29T09:12:09+00:00","breadcrumb":{"@id":"https:\/\/psol50.org.br\/ivan-valente-critica-indicacao-do-novo-diretor-da-ans-por-ligacao-com-planos-de-saude\/#breadcrumb"},"inLanguage":"pt-BR","potentialAction":[{"@type":"ReadAction","target":["https:\/\/psol50.org.br\/ivan-valente-critica-indicacao-do-novo-diretor-da-ans-por-ligacao-com-planos-de-saude\/"]}]},{"@type":"BreadcrumbList","@id":"https:\/\/psol50.org.br\/ivan-valente-critica-indicacao-do-novo-diretor-da-ans-por-ligacao-com-planos-de-saude\/#breadcrumb","itemListElement":[{"@type":"ListItem","position":1,"name":"In\u00edcio","item":"https:\/\/psol50.org.br\/"},{"@type":"ListItem","position":2,"name":"Ivan Valente critica indica\u00e7\u00e3o do novo diretor da ANS por liga\u00e7\u00e3o com planos de sa\u00fade"}]},{"@type":"WebSite","@id":"https:\/\/psol50.org.br\/#website","url":"https:\/\/psol50.org.br\/","name":"PSOL 50","description":"Site oficial do Partido Socialismo e Liberdade","publisher":{"@id":"https:\/\/psol50.org.br\/#organization"},"alternateName":"PSOL50","potentialAction":[{"@type":"SearchAction","target":{"@type":"EntryPoint","urlTemplate":"https:\/\/psol50.org.br\/?s={search_term_string}"},"query-input":{"@type":"PropertyValueSpecification","valueRequired":true,"valueName":"search_term_string"}}],"inLanguage":"pt-BR"},{"@type":"Organization","@id":"https:\/\/psol50.org.br\/#organization","name":"PSOL 50","alternateName":"PSOL 50","url":"https:\/\/psol50.org.br\/","logo":{"@type":"ImageObject","inLanguage":"pt-BR","@id":"https:\/\/psol50.org.br\/#\/schema\/logo\/image\/","url":"https:\/\/psol50.org.br\/inc\/uploads\/2018\/07\/capa.png","contentUrl":"https:\/\/psol50.org.br\/inc\/uploads\/2018\/07\/capa.png","width":1350,"height":900,"caption":"PSOL 50"},"image":{"@id":"https:\/\/psol50.org.br\/#\/schema\/logo\/image\/"},"sameAs":["https:\/\/www.facebook.com\/psol50","https:\/\/x.com\/psol50","https:\/\/www.instagram.com\/psol50\/","https:\/\/www.youtube.com\/channel\/UC7SnJS5o1os7a6CaiNabzcg"]},{"@type":"Person","@id":"https:\/\/psol50.org.br\/#\/schema\/person\/475dfa57d0b815993c714c2e96491fcd","name":"Comunica\u00e7\u00e3o PSOL","image":{"@type":"ImageObject","inLanguage":"pt-BR","@id":"https:\/\/psol50.org.br\/#\/schema\/person\/image\/","url":"https:\/\/secure.gravatar.com\/avatar\/b34fc4f4e468a4e51785917065a3db57b841f5c95dba6ad8c73aaf8f66f8f9bf?s=96&d=mm&r=g","contentUrl":"https:\/\/secure.gravatar.com\/avatar\/b34fc4f4e468a4e51785917065a3db57b841f5c95dba6ad8c73aaf8f66f8f9bf?s=96&d=mm&r=g","caption":"Comunica\u00e7\u00e3o PSOL"}}]}},"_links":{"self":[{"href":"https:\/\/psol50.org.br\/rest\/wp\/v2\/posts\/2714","targetHints":{"allow":["GET"]}}],"collection":[{"href":"https:\/\/psol50.org.br\/rest\/wp\/v2\/posts"}],"about":[{"href":"https:\/\/psol50.org.br\/rest\/wp\/v2\/types\/post"}],"author":[{"embeddable":true,"href":"https:\/\/psol50.org.br\/rest\/wp\/v2\/users\/2"}],"replies":[{"embeddable":true,"href":"https:\/\/psol50.org.br\/rest\/wp\/v2\/comments?post=2714"}],"version-history":[{"count":0,"href":"https:\/\/psol50.org.br\/rest\/wp\/v2\/posts\/2714\/revisions"}],"wp:attachment":[{"href":"https:\/\/psol50.org.br\/rest\/wp\/v2\/media?parent=2714"}],"wp:term":[{"taxonomy":"category","embeddable":true,"href":"https:\/\/psol50.org.br\/rest\/wp\/v2\/categories?post=2714"},{"taxonomy":"post_tag","embeddable":true,"href":"https:\/\/psol50.org.br\/rest\/wp\/v2\/tags?post=2714"}],"curies":[{"name":"wp","href":"https:\/\/api.w.org\/{rel}","templated":true}]}}