{"id":27146,"date":"2019-12-10T14:25:17","date_gmt":"2019-12-10T17:25:17","guid":{"rendered":"http:\/\/psol50.org.br\/?p=27146"},"modified":"2019-12-10T14:25:17","modified_gmt":"2019-12-10T17:25:17","slug":"psol-e-partidos-da-oposicao-denunciam-bolsonaro-na-onu-por-censura","status":"publish","type":"post","link":"https:\/\/psol50.org.br\/psol-e-partidos-da-oposicao-denunciam-bolsonaro-na-onu-por-censura\/","title":{"rendered":"PSOL e partidos da oposi\u00e7\u00e3o denunciam Bolsonaro na ONU por censura"},"content":{"rendered":"<p>Os deputados e deputadas do PSOL na C\u00e2mara, junto com parlamentares do PT, PDT e PCdoB, <a href=\"http:\/\/psol50.org.br\/inc\/uploads\/2019\/12\/Urgent-Appeal-Censorship-Cutlrure-and-Arts-.pdf\">denunciaram o governo de Jair Bolsonaro \u00e0 ONU por censura no Brasil<\/a>. Em recurso urgente protocolado junto \u00e0 organiza\u00e7\u00e3o, foram listados muitos atos e nomea\u00e7\u00f5es do governo federal neste seu primeiro ano que \u201cevidenciam o car\u00e1ter program\u00e1tico, intencional e articulado de a\u00e7\u00f5es de cerceamento \u00e0 liberdade de express\u00e3o\u201d no pa\u00eds.<\/p>\n<p>A data escolhida para protocolar a denuncia foi a v\u00e9spera do Dia Internacional dos Direitos Humanos, celebrado nesta ter\u00e7a-feira (10). A representa\u00e7\u00e3o tamb\u00e9m \u00e9 assinada pela vereadora de Belo Horizonte e participante da Comiss\u00e3o de Cultura da C\u00e2mara de BH, Cida Falabella.<\/p>\n<p>A pe\u00e7a remonta v\u00e1rios dos casos de censura a informa\u00e7\u00f5es e dados oficiais que aconteceram no governo Bolsonaro. Relembre alguns deles:<\/p>\n<ul>\n<li><a href=\"http:\/\/psol50.org.br\/psol-aciona-pgr-para-barrar-nomeacao-de-presidente-da-fundacao-palmares-que-nega-racismo\/\">A pol\u00eamica nomea\u00e7\u00e3o de S\u00e9rgio Camargo como presidente da Funda\u00e7\u00e3o Cultural Palmares<\/a>, institui\u00e7\u00e3o respons\u00e1vel pela valoriza\u00e7\u00e3o da cultura negra no Brasil. Camargo j\u00e1 havia declarado publicamente que n\u00e3o h\u00e1 racismo no Brasil e que a escravid\u00e3o teria sido ben\u00e9fica para os afrodescendentes, al\u00e9m de diversas ofensas a personalidades como Ta\u00eds Ara\u00fajo, Gilberto Gil, Mano Brown, entre outras.<\/li>\n<li>O recrudescimento da censura na Secretaria Especial de Cultura ap\u00f3s a <a href=\"http:\/\/psol50.org.br\/psol-pede-anulacao-de-mudanca-na-secretaria-da-cultura-e-nomeacao-de-roberto-alvim\/\">nomea\u00e7\u00e3o de Roberto Alvim<\/a>. A representa\u00e7\u00e3o enviada \u00e0 ONU diz que Alvim \u201cn\u00e3o s\u00f3 intensificou sua persegui\u00e7\u00e3o ideol\u00f3gica a artistas e agentes culturais de espectro pol\u00edtico diverso do seu, como instalou um regime de controle ideol\u00f3gico nas institui\u00e7\u00f5es ligadas \u00e0 pasta\u201d.<\/li>\n<li>Diversas declara\u00e7\u00f5es do pr\u00f3prio presidente Jair Bolsonaro defendendo que atividades culturais financiadas pelo governo devem convergir com a \u201ctradi\u00e7\u00e3o judaico-crist\u00e3\u201d do Brasil, em uma evidente afronta ao Estado laico brasileiro.<\/li>\n<\/ul>\n","protected":false},"excerpt":{"rendered":"<p>Os deputados e deputadas do PSOL na C\u00e2mara, junto com parlamentares do PT, PDT e PCdoB, denunciaram o governo de Jair Bolsonaro \u00e0 ONU por censura no Brasil. Em recurso urgente protocolado junto \u00e0 organiza\u00e7\u00e3o, foram listados muitos atos e nomea\u00e7\u00f5es do governo federal neste seu primeiro ano que \u201cevidenciam o car\u00e1ter program\u00e1tico, intencional e [&hellip;]<\/p>\n","protected":false},"author":2,"featured_media":26217,"comment_status":"closed","ping_status":"open","sticky":false,"template":"","format":"standard","meta":{"_acf_changed":false,"footnotes":""},"categories":[6],"tags":[56,234,232,22],"class_list":{"0":"post-27146","1":"post","2":"type-post","3":"status-publish","4":"format-standard","5":"has-post-thumbnail","7":"category-noticias","8":"tag-bolsonaro","9":"tag-censura","10":"tag-onu","11":"tag-psol"},"acf":[],"yoast_head":"<!-- This site is optimized with the Yoast SEO plugin v26.5 - https:\/\/yoast.com\/wordpress\/plugins\/seo\/ -->\n<title>PSOL e partidos da oposi\u00e7\u00e3o denunciam Bolsonaro na ONU por censura<\/title>\n<meta name=\"description\" content=\"Muitas a\u00e7\u00f5es do governo evidenciam o car\u00e1ter program\u00e1tico, intencional e articulado de a\u00e7\u00f5es de cerceamento \u00e0 liberdade de express\u00e3o.\" \/>\n<meta name=\"robots\" content=\"index, follow, max-snippet:-1, max-image-preview:large, max-video-preview:-1\" \/>\n<link rel=\"canonical\" href=\"https:\/\/psol50.org.br\/psol-e-partidos-da-oposicao-denunciam-bolsonaro-na-onu-por-censura\/\" \/>\n<meta property=\"og:locale\" content=\"pt_BR\" \/>\n<meta property=\"og:type\" content=\"article\" \/>\n<meta property=\"og:title\" content=\"PSOL e partidos da oposi\u00e7\u00e3o denunciam Bolsonaro na ONU por censura\" \/>\n<meta property=\"og:description\" content=\"Muitas a\u00e7\u00f5es do governo evidenciam o car\u00e1ter program\u00e1tico, intencional e articulado de a\u00e7\u00f5es de cerceamento \u00e0 liberdade de express\u00e3o.\" \/>\n<meta property=\"og:url\" content=\"https:\/\/psol50.org.br\/psol-e-partidos-da-oposicao-denunciam-bolsonaro-na-onu-por-censura\/\" \/>\n<meta property=\"og:site_name\" content=\"PSOL 50\" \/>\n<meta property=\"article:publisher\" content=\"https:\/\/www.facebook.com\/psol50\" \/>\n<meta property=\"article:published_time\" content=\"2019-12-10T17:25:17+00:00\" \/>\n<meta property=\"og:image\" content=\"https:\/\/psol50.org.br\/inc\/uploads\/2019\/08\/Bolsonaro-Marcos-CorreaPR.jpg\" \/>\n\t<meta property=\"og:image:width\" content=\"1168\" \/>\n\t<meta property=\"og:image:height\" content=\"699\" \/>\n\t<meta property=\"og:image:type\" content=\"image\/jpeg\" \/>\n<meta name=\"author\" content=\"Comunica\u00e7\u00e3o PSOL\" \/>\n<meta name=\"twitter:card\" content=\"summary_large_image\" \/>\n<meta name=\"twitter:title\" content=\"PSOL e partidos da oposi\u00e7\u00e3o denunciam Bolsonaro na ONU por censura\" \/>\n<meta name=\"twitter:description\" content=\"Muitas a\u00e7\u00f5es do governo evidenciam o car\u00e1ter program\u00e1tico, intencional e articulado de a\u00e7\u00f5es de cerceamento \u00e0 liberdade de express\u00e3o.\" \/>\n<meta name=\"twitter:image\" content=\"https:\/\/psol50.org.br\/inc\/uploads\/2019\/08\/Bolsonaro-Marcos-CorreaPR.jpg\" \/>\n<meta name=\"twitter:creator\" content=\"@psol50\" \/>\n<meta name=\"twitter:site\" content=\"@psol50\" \/>\n<meta name=\"twitter:label1\" content=\"Escrito por\" \/>\n\t<meta name=\"twitter:data1\" content=\"Comunica\u00e7\u00e3o PSOL\" \/>\n\t<meta name=\"twitter:label2\" content=\"Est. tempo de leitura\" \/>\n\t<meta name=\"twitter:data2\" content=\"2 minutos\" \/>\n<script type=\"application\/ld+json\" class=\"yoast-schema-graph\">{\"@context\":\"https:\/\/schema.org\",\"@graph\":[{\"@type\":\"Article\",\"@id\":\"https:\/\/psol50.org.br\/psol-e-partidos-da-oposicao-denunciam-bolsonaro-na-onu-por-censura\/#article\",\"isPartOf\":{\"@id\":\"https:\/\/psol50.org.br\/psol-e-partidos-da-oposicao-denunciam-bolsonaro-na-onu-por-censura\/\"},\"author\":{\"name\":\"Comunica\u00e7\u00e3o PSOL\",\"@id\":\"https:\/\/psol50.org.br\/#\/schema\/person\/475dfa57d0b815993c714c2e96491fcd\"},\"headline\":\"PSOL e partidos da oposi\u00e7\u00e3o denunciam Bolsonaro na ONU por censura\",\"datePublished\":\"2019-12-10T17:25:17+00:00\",\"mainEntityOfPage\":{\"@id\":\"https:\/\/psol50.org.br\/psol-e-partidos-da-oposicao-denunciam-bolsonaro-na-onu-por-censura\/\"},\"wordCount\":315,\"publisher\":{\"@id\":\"https:\/\/psol50.org.br\/#organization\"},\"image\":{\"@id\":\"https:\/\/psol50.org.br\/psol-e-partidos-da-oposicao-denunciam-bolsonaro-na-onu-por-censura\/#primaryimage\"},\"thumbnailUrl\":\"https:\/\/psol50.org.br\/inc\/uploads\/2019\/08\/Bolsonaro-Marcos-CorreaPR.jpg\",\"keywords\":[\"Bolsonaro\",\"censura\",\"ONU\",\"PSOL\"],\"articleSection\":[\"Not\u00edcias\"],\"inLanguage\":\"pt-BR\"},{\"@type\":\"WebPage\",\"@id\":\"https:\/\/psol50.org.br\/psol-e-partidos-da-oposicao-denunciam-bolsonaro-na-onu-por-censura\/\",\"url\":\"https:\/\/psol50.org.br\/psol-e-partidos-da-oposicao-denunciam-bolsonaro-na-onu-por-censura\/\",\"name\":\"PSOL e partidos da oposi\u00e7\u00e3o denunciam Bolsonaro na ONU por censura\",\"isPartOf\":{\"@id\":\"https:\/\/psol50.org.br\/#website\"},\"primaryImageOfPage\":{\"@id\":\"https:\/\/psol50.org.br\/psol-e-partidos-da-oposicao-denunciam-bolsonaro-na-onu-por-censura\/#primaryimage\"},\"image\":{\"@id\":\"https:\/\/psol50.org.br\/psol-e-partidos-da-oposicao-denunciam-bolsonaro-na-onu-por-censura\/#primaryimage\"},\"thumbnailUrl\":\"https:\/\/psol50.org.br\/inc\/uploads\/2019\/08\/Bolsonaro-Marcos-CorreaPR.jpg\",\"datePublished\":\"2019-12-10T17:25:17+00:00\",\"description\":\"Muitas a\u00e7\u00f5es do governo evidenciam o car\u00e1ter program\u00e1tico, intencional e articulado de a\u00e7\u00f5es de cerceamento \u00e0 liberdade de express\u00e3o.\",\"breadcrumb\":{\"@id\":\"https:\/\/psol50.org.br\/psol-e-partidos-da-oposicao-denunciam-bolsonaro-na-onu-por-censura\/#breadcrumb\"},\"inLanguage\":\"pt-BR\",\"potentialAction\":[{\"@type\":\"ReadAction\",\"target\":[\"https:\/\/psol50.org.br\/psol-e-partidos-da-oposicao-denunciam-bolsonaro-na-onu-por-censura\/\"]}]},{\"@type\":\"ImageObject\",\"inLanguage\":\"pt-BR\",\"@id\":\"https:\/\/psol50.org.br\/psol-e-partidos-da-oposicao-denunciam-bolsonaro-na-onu-por-censura\/#primaryimage\",\"url\":\"https:\/\/psol50.org.br\/inc\/uploads\/2019\/08\/Bolsonaro-Marcos-CorreaPR.jpg\",\"contentUrl\":\"https:\/\/psol50.org.br\/inc\/uploads\/2019\/08\/Bolsonaro-Marcos-CorreaPR.jpg\",\"width\":1168,\"height\":699,\"caption\":\"Foto: Marcos Corr\u00eaa\/PR\"},{\"@type\":\"BreadcrumbList\",\"@id\":\"https:\/\/psol50.org.br\/psol-e-partidos-da-oposicao-denunciam-bolsonaro-na-onu-por-censura\/#breadcrumb\",\"itemListElement\":[{\"@type\":\"ListItem\",\"position\":1,\"name\":\"In\u00edcio\",\"item\":\"https:\/\/psol50.org.br\/\"},{\"@type\":\"ListItem\",\"position\":2,\"name\":\"PSOL e partidos da oposi\u00e7\u00e3o denunciam Bolsonaro na ONU por censura\"}]},{\"@type\":\"WebSite\",\"@id\":\"https:\/\/psol50.org.br\/#website\",\"url\":\"https:\/\/psol50.org.br\/\",\"name\":\"PSOL 50\",\"description\":\"Site oficial do Partido Socialismo e Liberdade\",\"publisher\":{\"@id\":\"https:\/\/psol50.org.br\/#organization\"},\"alternateName\":\"PSOL50\",\"potentialAction\":[{\"@type\":\"SearchAction\",\"target\":{\"@type\":\"EntryPoint\",\"urlTemplate\":\"https:\/\/psol50.org.br\/?s={search_term_string}\"},\"query-input\":{\"@type\":\"PropertyValueSpecification\",\"valueRequired\":true,\"valueName\":\"search_term_string\"}}],\"inLanguage\":\"pt-BR\"},{\"@type\":\"Organization\",\"@id\":\"https:\/\/psol50.org.br\/#organization\",\"name\":\"PSOL 50\",\"alternateName\":\"PSOL 50\",\"url\":\"https:\/\/psol50.org.br\/\",\"logo\":{\"@type\":\"ImageObject\",\"inLanguage\":\"pt-BR\",\"@id\":\"https:\/\/psol50.org.br\/#\/schema\/logo\/image\/\",\"url\":\"https:\/\/psol50.org.br\/inc\/uploads\/2018\/07\/capa.png\",\"contentUrl\":\"https:\/\/psol50.org.br\/inc\/uploads\/2018\/07\/capa.png\",\"width\":1350,\"height\":900,\"caption\":\"PSOL 50\"},\"image\":{\"@id\":\"https:\/\/psol50.org.br\/#\/schema\/logo\/image\/\"},\"sameAs\":[\"https:\/\/www.facebook.com\/psol50\",\"https:\/\/x.com\/psol50\",\"https:\/\/www.instagram.com\/psol50\/\",\"https:\/\/www.youtube.com\/channel\/UC7SnJS5o1os7a6CaiNabzcg\"]},{\"@type\":\"Person\",\"@id\":\"https:\/\/psol50.org.br\/#\/schema\/person\/475dfa57d0b815993c714c2e96491fcd\",\"name\":\"Comunica\u00e7\u00e3o PSOL\",\"image\":{\"@type\":\"ImageObject\",\"inLanguage\":\"pt-BR\",\"@id\":\"https:\/\/psol50.org.br\/#\/schema\/person\/image\/\",\"url\":\"https:\/\/secure.gravatar.com\/avatar\/b34fc4f4e468a4e51785917065a3db57b841f5c95dba6ad8c73aaf8f66f8f9bf?s=96&d=mm&r=g\",\"contentUrl\":\"https:\/\/secure.gravatar.com\/avatar\/b34fc4f4e468a4e51785917065a3db57b841f5c95dba6ad8c73aaf8f66f8f9bf?s=96&d=mm&r=g\",\"caption\":\"Comunica\u00e7\u00e3o PSOL\"}}]}<\/script>\n<!-- \/ Yoast SEO plugin. -->","yoast_head_json":{"title":"PSOL e partidos da oposi\u00e7\u00e3o denunciam Bolsonaro na ONU por censura","description":"Muitas a\u00e7\u00f5es do governo evidenciam o car\u00e1ter program\u00e1tico, intencional e articulado de a\u00e7\u00f5es de cerceamento \u00e0 liberdade de express\u00e3o.","robots":{"index":"index","follow":"follow","max-snippet":"max-snippet:-1","max-image-preview":"max-image-preview:large","max-video-preview":"max-video-preview:-1"},"canonical":"https:\/\/psol50.org.br\/psol-e-partidos-da-oposicao-denunciam-bolsonaro-na-onu-por-censura\/","og_locale":"pt_BR","og_type":"article","og_title":"PSOL e partidos da oposi\u00e7\u00e3o denunciam Bolsonaro na ONU por censura","og_description":"Muitas a\u00e7\u00f5es do governo evidenciam o car\u00e1ter program\u00e1tico, intencional e articulado de a\u00e7\u00f5es de cerceamento \u00e0 liberdade de express\u00e3o.","og_url":"https:\/\/psol50.org.br\/psol-e-partidos-da-oposicao-denunciam-bolsonaro-na-onu-por-censura\/","og_site_name":"PSOL 50","article_publisher":"https:\/\/www.facebook.com\/psol50","article_published_time":"2019-12-10T17:25:17+00:00","og_image":[{"width":1168,"height":699,"url":"https:\/\/psol50.org.br\/inc\/uploads\/2019\/08\/Bolsonaro-Marcos-CorreaPR.jpg","type":"image\/jpeg"}],"author":"Comunica\u00e7\u00e3o PSOL","twitter_card":"summary_large_image","twitter_title":"PSOL e partidos da oposi\u00e7\u00e3o denunciam Bolsonaro na ONU por censura","twitter_description":"Muitas a\u00e7\u00f5es do governo evidenciam o car\u00e1ter program\u00e1tico, intencional e articulado de a\u00e7\u00f5es de cerceamento \u00e0 liberdade de express\u00e3o.","twitter_image":"https:\/\/psol50.org.br\/inc\/uploads\/2019\/08\/Bolsonaro-Marcos-CorreaPR.jpg","twitter_creator":"@psol50","twitter_site":"@psol50","twitter_misc":{"Escrito por":"Comunica\u00e7\u00e3o PSOL","Est. tempo de leitura":"2 minutos"},"schema":{"@context":"https:\/\/schema.org","@graph":[{"@type":"Article","@id":"https:\/\/psol50.org.br\/psol-e-partidos-da-oposicao-denunciam-bolsonaro-na-onu-por-censura\/#article","isPartOf":{"@id":"https:\/\/psol50.org.br\/psol-e-partidos-da-oposicao-denunciam-bolsonaro-na-onu-por-censura\/"},"author":{"name":"Comunica\u00e7\u00e3o PSOL","@id":"https:\/\/psol50.org.br\/#\/schema\/person\/475dfa57d0b815993c714c2e96491fcd"},"headline":"PSOL e partidos da oposi\u00e7\u00e3o denunciam Bolsonaro na ONU por censura","datePublished":"2019-12-10T17:25:17+00:00","mainEntityOfPage":{"@id":"https:\/\/psol50.org.br\/psol-e-partidos-da-oposicao-denunciam-bolsonaro-na-onu-por-censura\/"},"wordCount":315,"publisher":{"@id":"https:\/\/psol50.org.br\/#organization"},"image":{"@id":"https:\/\/psol50.org.br\/psol-e-partidos-da-oposicao-denunciam-bolsonaro-na-onu-por-censura\/#primaryimage"},"thumbnailUrl":"https:\/\/psol50.org.br\/inc\/uploads\/2019\/08\/Bolsonaro-Marcos-CorreaPR.jpg","keywords":["Bolsonaro","censura","ONU","PSOL"],"articleSection":["Not\u00edcias"],"inLanguage":"pt-BR"},{"@type":"WebPage","@id":"https:\/\/psol50.org.br\/psol-e-partidos-da-oposicao-denunciam-bolsonaro-na-onu-por-censura\/","url":"https:\/\/psol50.org.br\/psol-e-partidos-da-oposicao-denunciam-bolsonaro-na-onu-por-censura\/","name":"PSOL e partidos da oposi\u00e7\u00e3o denunciam Bolsonaro na ONU por censura","isPartOf":{"@id":"https:\/\/psol50.org.br\/#website"},"primaryImageOfPage":{"@id":"https:\/\/psol50.org.br\/psol-e-partidos-da-oposicao-denunciam-bolsonaro-na-onu-por-censura\/#primaryimage"},"image":{"@id":"https:\/\/psol50.org.br\/psol-e-partidos-da-oposicao-denunciam-bolsonaro-na-onu-por-censura\/#primaryimage"},"thumbnailUrl":"https:\/\/psol50.org.br\/inc\/uploads\/2019\/08\/Bolsonaro-Marcos-CorreaPR.jpg","datePublished":"2019-12-10T17:25:17+00:00","description":"Muitas a\u00e7\u00f5es do governo evidenciam o car\u00e1ter program\u00e1tico, intencional e articulado de a\u00e7\u00f5es de cerceamento \u00e0 liberdade de express\u00e3o.","breadcrumb":{"@id":"https:\/\/psol50.org.br\/psol-e-partidos-da-oposicao-denunciam-bolsonaro-na-onu-por-censura\/#breadcrumb"},"inLanguage":"pt-BR","potentialAction":[{"@type":"ReadAction","target":["https:\/\/psol50.org.br\/psol-e-partidos-da-oposicao-denunciam-bolsonaro-na-onu-por-censura\/"]}]},{"@type":"ImageObject","inLanguage":"pt-BR","@id":"https:\/\/psol50.org.br\/psol-e-partidos-da-oposicao-denunciam-bolsonaro-na-onu-por-censura\/#primaryimage","url":"https:\/\/psol50.org.br\/inc\/uploads\/2019\/08\/Bolsonaro-Marcos-CorreaPR.jpg","contentUrl":"https:\/\/psol50.org.br\/inc\/uploads\/2019\/08\/Bolsonaro-Marcos-CorreaPR.jpg","width":1168,"height":699,"caption":"Foto: Marcos Corr\u00eaa\/PR"},{"@type":"BreadcrumbList","@id":"https:\/\/psol50.org.br\/psol-e-partidos-da-oposicao-denunciam-bolsonaro-na-onu-por-censura\/#breadcrumb","itemListElement":[{"@type":"ListItem","position":1,"name":"In\u00edcio","item":"https:\/\/psol50.org.br\/"},{"@type":"ListItem","position":2,"name":"PSOL e partidos da oposi\u00e7\u00e3o denunciam Bolsonaro na ONU por censura"}]},{"@type":"WebSite","@id":"https:\/\/psol50.org.br\/#website","url":"https:\/\/psol50.org.br\/","name":"PSOL 50","description":"Site oficial do Partido Socialismo e Liberdade","publisher":{"@id":"https:\/\/psol50.org.br\/#organization"},"alternateName":"PSOL50","potentialAction":[{"@type":"SearchAction","target":{"@type":"EntryPoint","urlTemplate":"https:\/\/psol50.org.br\/?s={search_term_string}"},"query-input":{"@type":"PropertyValueSpecification","valueRequired":true,"valueName":"search_term_string"}}],"inLanguage":"pt-BR"},{"@type":"Organization","@id":"https:\/\/psol50.org.br\/#organization","name":"PSOL 50","alternateName":"PSOL 50","url":"https:\/\/psol50.org.br\/","logo":{"@type":"ImageObject","inLanguage":"pt-BR","@id":"https:\/\/psol50.org.br\/#\/schema\/logo\/image\/","url":"https:\/\/psol50.org.br\/inc\/uploads\/2018\/07\/capa.png","contentUrl":"https:\/\/psol50.org.br\/inc\/uploads\/2018\/07\/capa.png","width":1350,"height":900,"caption":"PSOL 50"},"image":{"@id":"https:\/\/psol50.org.br\/#\/schema\/logo\/image\/"},"sameAs":["https:\/\/www.facebook.com\/psol50","https:\/\/x.com\/psol50","https:\/\/www.instagram.com\/psol50\/","https:\/\/www.youtube.com\/channel\/UC7SnJS5o1os7a6CaiNabzcg"]},{"@type":"Person","@id":"https:\/\/psol50.org.br\/#\/schema\/person\/475dfa57d0b815993c714c2e96491fcd","name":"Comunica\u00e7\u00e3o PSOL","image":{"@type":"ImageObject","inLanguage":"pt-BR","@id":"https:\/\/psol50.org.br\/#\/schema\/person\/image\/","url":"https:\/\/secure.gravatar.com\/avatar\/b34fc4f4e468a4e51785917065a3db57b841f5c95dba6ad8c73aaf8f66f8f9bf?s=96&d=mm&r=g","contentUrl":"https:\/\/secure.gravatar.com\/avatar\/b34fc4f4e468a4e51785917065a3db57b841f5c95dba6ad8c73aaf8f66f8f9bf?s=96&d=mm&r=g","caption":"Comunica\u00e7\u00e3o PSOL"}}]}},"_links":{"self":[{"href":"https:\/\/psol50.org.br\/rest\/wp\/v2\/posts\/27146","targetHints":{"allow":["GET"]}}],"collection":[{"href":"https:\/\/psol50.org.br\/rest\/wp\/v2\/posts"}],"about":[{"href":"https:\/\/psol50.org.br\/rest\/wp\/v2\/types\/post"}],"author":[{"embeddable":true,"href":"https:\/\/psol50.org.br\/rest\/wp\/v2\/users\/2"}],"replies":[{"embeddable":true,"href":"https:\/\/psol50.org.br\/rest\/wp\/v2\/comments?post=27146"}],"version-history":[{"count":0,"href":"https:\/\/psol50.org.br\/rest\/wp\/v2\/posts\/27146\/revisions"}],"wp:featuredmedia":[{"embeddable":true,"href":"https:\/\/psol50.org.br\/rest\/wp\/v2\/media\/26217"}],"wp:attachment":[{"href":"https:\/\/psol50.org.br\/rest\/wp\/v2\/media?parent=27146"}],"wp:term":[{"taxonomy":"category","embeddable":true,"href":"https:\/\/psol50.org.br\/rest\/wp\/v2\/categories?post=27146"},{"taxonomy":"post_tag","embeddable":true,"href":"https:\/\/psol50.org.br\/rest\/wp\/v2\/tags?post=27146"}],"curies":[{"name":"wp","href":"https:\/\/api.w.org\/{rel}","templated":true}]}}