{"id":27151,"date":"2019-12-12T14:51:40","date_gmt":"2019-12-12T17:51:40","guid":{"rendered":"http:\/\/psol50.org.br\/?p=27151"},"modified":"2019-12-12T14:51:40","modified_gmt":"2019-12-12T17:51:40","slug":"psol-lanca-professor-elson-prefeitura-florianopolis","status":"publish","type":"post","link":"https:\/\/psol50.org.br\/psol-lanca-professor-elson-prefeitura-florianopolis\/","title":{"rendered":"PSOL lan\u00e7a Professor Elson como pr\u00e9-candidato \u00e0 Prefeitura de Florian\u00f3polis (SC)"},"content":{"rendered":"<p>O PSOL definiu nesta quarta-feira (11) a pr\u00e9-candidatura do professor Elson Pereira \u00e0 Prefeitura de Florian\u00f3polis, capital de Santa Catarina. A decis\u00e3o ocorreu durante uma plen\u00e1ria do partido, na sede do Sindicato dos Servidores Municipais de Florian\u00f3polis (Sintrasem). O nome de Professor Elson foi aprovado por unanimidade.<\/p>\n<p>Em seu discurso, Elson defendeu outro projeto de cidade para Florian\u00f3polis. Criticou o que chamou de &#8220;cidade-mercado&#8221;, voltada apenas aos interesses econ\u00f4micos, e defendeu em seu lugar a &#8220;cidade de direitos&#8221;, onde o papel da prefeitura \u00e9 assegurar as necessidades b\u00e1sicas das pessoas.<\/p>\n<p><img loading=\"lazy\" decoding=\"async\" class=\"alignleft size-medium wp-image-27153\" src=\"http:\/\/psol50.org.br\/inc\/uploads\/2019\/12\/photo_2019-12-12-14.48.12-300x200.jpeg\" alt=\"\" width=\"300\" height=\"200\" srcset=\"https:\/\/psol50.org.br\/inc\/uploads\/2019\/12\/photo_2019-12-12-14.48.12-300x200.jpeg 300w, https:\/\/psol50.org.br\/inc\/uploads\/2019\/12\/photo_2019-12-12-14.48.12-1024x683.jpeg 1024w, https:\/\/psol50.org.br\/inc\/uploads\/2019\/12\/photo_2019-12-12-14.48.12-768x512.jpeg 768w, https:\/\/psol50.org.br\/inc\/uploads\/2019\/12\/photo_2019-12-12-14.48.12-150x100.jpeg 150w, https:\/\/psol50.org.br\/inc\/uploads\/2019\/12\/photo_2019-12-12-14.48.12-696x464.jpeg 696w, https:\/\/psol50.org.br\/inc\/uploads\/2019\/12\/photo_2019-12-12-14.48.12-1068x713.jpeg 1068w, https:\/\/psol50.org.br\/inc\/uploads\/2019\/12\/photo_2019-12-12-14.48.12.jpeg 1280w\" sizes=\"auto, (max-width: 300px) 100vw, 300px\" \/><\/p>\n<p>&#8220;Nenhum deles prop\u00f5e uma mudan\u00e7a na l\u00f3gica da cidade-mercado. N\u00e3o podemos implantar o socialismo a partir de uma cidade, teremos que governar nos marcos do capitalismo. Mas h\u00e1 muito o que avan\u00e7ar para efetivar a cidade de direitos&#8221;, defendeu Elson.<\/p>\n<p>O pr\u00e9-candidato do PSOL tamb\u00e9m criticou os potenciais advers\u00e1rios nas elei\u00e7\u00f5es do ano que vem. &#8220;Todos eles representam diferentes grada\u00e7\u00f5es de um mesmo projeto, que n\u00e3o tem a menor preocupa\u00e7\u00e3o em mudar o status quo&#8221;, avaliou.<\/p>\n<figure id=\"attachment_27154\" aria-describedby=\"caption-attachment-27154\" style=\"width: 300px\" class=\"wp-caption alignright\"><img loading=\"lazy\" decoding=\"async\" class=\"wp-image-27154 size-medium\" src=\"http:\/\/psol50.org.br\/inc\/uploads\/2019\/12\/photo_2019-12-12-14.49.40-300x200.jpeg\" alt=\"\" width=\"300\" height=\"200\" srcset=\"https:\/\/psol50.org.br\/inc\/uploads\/2019\/12\/photo_2019-12-12-14.49.40-300x200.jpeg 300w, https:\/\/psol50.org.br\/inc\/uploads\/2019\/12\/photo_2019-12-12-14.49.40-1024x683.jpeg 1024w, https:\/\/psol50.org.br\/inc\/uploads\/2019\/12\/photo_2019-12-12-14.49.40-768x512.jpeg 768w, https:\/\/psol50.org.br\/inc\/uploads\/2019\/12\/photo_2019-12-12-14.49.40-150x100.jpeg 150w, https:\/\/psol50.org.br\/inc\/uploads\/2019\/12\/photo_2019-12-12-14.49.40-696x464.jpeg 696w, https:\/\/psol50.org.br\/inc\/uploads\/2019\/12\/photo_2019-12-12-14.49.40-1068x713.jpeg 1068w, https:\/\/psol50.org.br\/inc\/uploads\/2019\/12\/photo_2019-12-12-14.49.40.jpeg 1280w\" sizes=\"auto, (max-width: 300px) 100vw, 300px\" \/><figcaption id=\"caption-attachment-27154\" class=\"wp-caption-text\">Professor Elson (esq.), pr\u00e9-candidato \u00e0 Prefeitura de Florian\u00f3polis, e Leonel Camas\u00e3o (dir.), presidente do PSOL Florian\u00f3polis.<\/figcaption><\/figure>\n<p>O presidente do PSOL em Florian\u00f3polis, Leonel Camas\u00e3o, abriu o encontro defendendo a unidade das for\u00e7as progressistas na capital. &#8220;No Estado que mais votou em Jair Bolsonaro no 1\u00ba turno, temos a oportunidade hist\u00f3rica de eleger um prefeito do PSOL e mandar uma baita mensagem: de que h\u00e1 resist\u00eancia e descontentamento com esse governo&#8221;, afirmou.<\/p>\n<p>Tamb\u00e9m estiveram no encontro as presidentas do PT, Schirlei Azevedo, do PCdoB, Anderlize Abreu, da Unidade Popular, Julia Andrade, o ex-deputado Sargento Soares e a representante da Rede Sustentabilidade, Luisa Bresolin, al\u00e9m dos vereadores Afr\u00e2nio Boppr\u00e9 (PSOL), Marquito (PSOL) e Lino Peres (PT).<\/p>\n","protected":false},"excerpt":{"rendered":"<p>O PSOL definiu nesta quarta-feira (11) a pr\u00e9-candidatura do professor Elson Pereira \u00e0 Prefeitura de Florian\u00f3polis, capital de Santa Catarina. A decis\u00e3o ocorreu durante uma plen\u00e1ria do partido, na sede do Sindicato dos Servidores Municipais de Florian\u00f3polis (Sintrasem). O nome de Professor Elson foi aprovado por unanimidade. Em seu discurso, Elson defendeu outro projeto de [&hellip;]<\/p>\n","protected":false},"author":2,"featured_media":27152,"comment_status":"closed","ping_status":"open","sticky":false,"template":"","format":"standard","meta":{"_acf_changed":false,"footnotes":""},"categories":[6],"tags":[204,790,922,345,1255,22,55],"class_list":{"0":"post-27151","1":"post","2":"type-post","3":"status-publish","4":"format-standard","5":"has-post-thumbnail","7":"category-noticias","8":"tag-204","9":"tag-esquerda","10":"tag-florianopolis","11":"tag-prefeitura","12":"tag-professor-elson","13":"tag-psol","14":"tag-santa-catarina"},"acf":[],"yoast_head":"<!-- This site is optimized with the Yoast SEO plugin v26.5 - https:\/\/yoast.com\/wordpress\/plugins\/seo\/ -->\n<title>PSOL lan\u00e7a Professor Elson como pr\u00e9-candidato \u00e0 Prefeitura de Florian\u00f3polis (SC)<\/title>\n<meta name=\"description\" content=\"Decis\u00e3o foi un\u00e2nime e ato contou com presen\u00e7a de representantes de PT, PCdoB, Rede e Unidade Popular.\" \/>\n<meta name=\"robots\" content=\"index, follow, max-snippet:-1, max-image-preview:large, max-video-preview:-1\" \/>\n<link rel=\"canonical\" href=\"https:\/\/psol50.org.br\/psol-lanca-professor-elson-prefeitura-florianopolis\/\" \/>\n<meta property=\"og:locale\" content=\"pt_BR\" \/>\n<meta property=\"og:type\" content=\"article\" \/>\n<meta property=\"og:title\" content=\"PSOL lan\u00e7a Professor Elson como pr\u00e9-candidato \u00e0 Prefeitura de Florian\u00f3polis (SC)\" \/>\n<meta property=\"og:description\" content=\"Decis\u00e3o foi un\u00e2nime e ato contou com presen\u00e7a de representantes de PT, PCdoB, Rede e Unidade Popular.\" \/>\n<meta property=\"og:url\" content=\"https:\/\/psol50.org.br\/psol-lanca-professor-elson-prefeitura-florianopolis\/\" \/>\n<meta property=\"og:site_name\" content=\"PSOL 50\" \/>\n<meta property=\"article:publisher\" content=\"https:\/\/www.facebook.com\/psol50\" \/>\n<meta property=\"article:published_time\" content=\"2019-12-12T17:51:40+00:00\" \/>\n<meta property=\"og:image\" content=\"https:\/\/psol50.org.br\/inc\/uploads\/2019\/12\/photo_2019-12-12-14.46.57.jpeg\" \/>\n\t<meta property=\"og:image:width\" content=\"1280\" \/>\n\t<meta property=\"og:image:height\" content=\"854\" \/>\n\t<meta property=\"og:image:type\" content=\"image\/jpeg\" \/>\n<meta name=\"author\" content=\"Comunica\u00e7\u00e3o PSOL\" \/>\n<meta name=\"twitter:card\" content=\"summary_large_image\" \/>\n<meta name=\"twitter:title\" content=\"PSOL lan\u00e7a Professor Elson como pr\u00e9-candidato \u00e0 Prefeitura de Florian\u00f3polis (SC)\" \/>\n<meta name=\"twitter:description\" content=\"Decis\u00e3o foi un\u00e2nime e ato contou com presen\u00e7a de representantes de PT, PCdoB, Rede e Unidade Popular.\" \/>\n<meta name=\"twitter:image\" content=\"https:\/\/psol50.org.br\/inc\/uploads\/2019\/12\/photo_2019-12-12-14.46.57.jpeg\" \/>\n<meta name=\"twitter:creator\" content=\"@psol50\" \/>\n<meta name=\"twitter:site\" content=\"@psol50\" \/>\n<meta name=\"twitter:label1\" content=\"Escrito por\" \/>\n\t<meta name=\"twitter:data1\" content=\"Comunica\u00e7\u00e3o PSOL\" \/>\n\t<meta name=\"twitter:label2\" content=\"Est. tempo de leitura\" \/>\n\t<meta name=\"twitter:data2\" content=\"2 minutos\" \/>\n<script type=\"application\/ld+json\" class=\"yoast-schema-graph\">{\"@context\":\"https:\/\/schema.org\",\"@graph\":[{\"@type\":\"Article\",\"@id\":\"https:\/\/psol50.org.br\/psol-lanca-professor-elson-prefeitura-florianopolis\/#article\",\"isPartOf\":{\"@id\":\"https:\/\/psol50.org.br\/psol-lanca-professor-elson-prefeitura-florianopolis\/\"},\"author\":{\"name\":\"Comunica\u00e7\u00e3o PSOL\",\"@id\":\"https:\/\/psol50.org.br\/#\/schema\/person\/475dfa57d0b815993c714c2e96491fcd\"},\"headline\":\"PSOL lan\u00e7a Professor Elson como pr\u00e9-candidato \u00e0 Prefeitura de Florian\u00f3polis (SC)\",\"datePublished\":\"2019-12-12T17:51:40+00:00\",\"mainEntityOfPage\":{\"@id\":\"https:\/\/psol50.org.br\/psol-lanca-professor-elson-prefeitura-florianopolis\/\"},\"wordCount\":327,\"publisher\":{\"@id\":\"https:\/\/psol50.org.br\/#organization\"},\"image\":{\"@id\":\"https:\/\/psol50.org.br\/psol-lanca-professor-elson-prefeitura-florianopolis\/#primaryimage\"},\"thumbnailUrl\":\"https:\/\/psol50.org.br\/inc\/uploads\/2019\/12\/photo_2019-12-12-14.46.57.jpeg\",\"keywords\":[\"2020\",\"esquerda\",\"Florian\u00f3polis\",\"prefeitura\",\"professor elson\",\"PSOL\",\"Santa Catarina\"],\"articleSection\":[\"Not\u00edcias\"],\"inLanguage\":\"pt-BR\"},{\"@type\":\"WebPage\",\"@id\":\"https:\/\/psol50.org.br\/psol-lanca-professor-elson-prefeitura-florianopolis\/\",\"url\":\"https:\/\/psol50.org.br\/psol-lanca-professor-elson-prefeitura-florianopolis\/\",\"name\":\"PSOL lan\u00e7a Professor Elson como pr\u00e9-candidato \u00e0 Prefeitura de Florian\u00f3polis (SC)\",\"isPartOf\":{\"@id\":\"https:\/\/psol50.org.br\/#website\"},\"primaryImageOfPage\":{\"@id\":\"https:\/\/psol50.org.br\/psol-lanca-professor-elson-prefeitura-florianopolis\/#primaryimage\"},\"image\":{\"@id\":\"https:\/\/psol50.org.br\/psol-lanca-professor-elson-prefeitura-florianopolis\/#primaryimage\"},\"thumbnailUrl\":\"https:\/\/psol50.org.br\/inc\/uploads\/2019\/12\/photo_2019-12-12-14.46.57.jpeg\",\"datePublished\":\"2019-12-12T17:51:40+00:00\",\"description\":\"Decis\u00e3o foi un\u00e2nime e ato contou com presen\u00e7a de representantes de PT, PCdoB, Rede e Unidade Popular.\",\"breadcrumb\":{\"@id\":\"https:\/\/psol50.org.br\/psol-lanca-professor-elson-prefeitura-florianopolis\/#breadcrumb\"},\"inLanguage\":\"pt-BR\",\"potentialAction\":[{\"@type\":\"ReadAction\",\"target\":[\"https:\/\/psol50.org.br\/psol-lanca-professor-elson-prefeitura-florianopolis\/\"]}]},{\"@type\":\"ImageObject\",\"inLanguage\":\"pt-BR\",\"@id\":\"https:\/\/psol50.org.br\/psol-lanca-professor-elson-prefeitura-florianopolis\/#primaryimage\",\"url\":\"https:\/\/psol50.org.br\/inc\/uploads\/2019\/12\/photo_2019-12-12-14.46.57.jpeg\",\"contentUrl\":\"https:\/\/psol50.org.br\/inc\/uploads\/2019\/12\/photo_2019-12-12-14.46.57.jpeg\",\"width\":1280,\"height\":854},{\"@type\":\"BreadcrumbList\",\"@id\":\"https:\/\/psol50.org.br\/psol-lanca-professor-elson-prefeitura-florianopolis\/#breadcrumb\",\"itemListElement\":[{\"@type\":\"ListItem\",\"position\":1,\"name\":\"In\u00edcio\",\"item\":\"https:\/\/psol50.org.br\/\"},{\"@type\":\"ListItem\",\"position\":2,\"name\":\"PSOL lan\u00e7a Professor Elson como pr\u00e9-candidato \u00e0 Prefeitura de Florian\u00f3polis (SC)\"}]},{\"@type\":\"WebSite\",\"@id\":\"https:\/\/psol50.org.br\/#website\",\"url\":\"https:\/\/psol50.org.br\/\",\"name\":\"PSOL 50\",\"description\":\"Site oficial do Partido Socialismo e Liberdade\",\"publisher\":{\"@id\":\"https:\/\/psol50.org.br\/#organization\"},\"alternateName\":\"PSOL50\",\"potentialAction\":[{\"@type\":\"SearchAction\",\"target\":{\"@type\":\"EntryPoint\",\"urlTemplate\":\"https:\/\/psol50.org.br\/?s={search_term_string}\"},\"query-input\":{\"@type\":\"PropertyValueSpecification\",\"valueRequired\":true,\"valueName\":\"search_term_string\"}}],\"inLanguage\":\"pt-BR\"},{\"@type\":\"Organization\",\"@id\":\"https:\/\/psol50.org.br\/#organization\",\"name\":\"PSOL 50\",\"alternateName\":\"PSOL 50\",\"url\":\"https:\/\/psol50.org.br\/\",\"logo\":{\"@type\":\"ImageObject\",\"inLanguage\":\"pt-BR\",\"@id\":\"https:\/\/psol50.org.br\/#\/schema\/logo\/image\/\",\"url\":\"https:\/\/psol50.org.br\/inc\/uploads\/2018\/07\/capa.png\",\"contentUrl\":\"https:\/\/psol50.org.br\/inc\/uploads\/2018\/07\/capa.png\",\"width\":1350,\"height\":900,\"caption\":\"PSOL 50\"},\"image\":{\"@id\":\"https:\/\/psol50.org.br\/#\/schema\/logo\/image\/\"},\"sameAs\":[\"https:\/\/www.facebook.com\/psol50\",\"https:\/\/x.com\/psol50\",\"https:\/\/www.instagram.com\/psol50\/\",\"https:\/\/www.youtube.com\/channel\/UC7SnJS5o1os7a6CaiNabzcg\"]},{\"@type\":\"Person\",\"@id\":\"https:\/\/psol50.org.br\/#\/schema\/person\/475dfa57d0b815993c714c2e96491fcd\",\"name\":\"Comunica\u00e7\u00e3o PSOL\",\"image\":{\"@type\":\"ImageObject\",\"inLanguage\":\"pt-BR\",\"@id\":\"https:\/\/psol50.org.br\/#\/schema\/person\/image\/\",\"url\":\"https:\/\/secure.gravatar.com\/avatar\/b34fc4f4e468a4e51785917065a3db57b841f5c95dba6ad8c73aaf8f66f8f9bf?s=96&d=mm&r=g\",\"contentUrl\":\"https:\/\/secure.gravatar.com\/avatar\/b34fc4f4e468a4e51785917065a3db57b841f5c95dba6ad8c73aaf8f66f8f9bf?s=96&d=mm&r=g\",\"caption\":\"Comunica\u00e7\u00e3o PSOL\"}}]}<\/script>\n<!-- \/ Yoast SEO plugin. -->","yoast_head_json":{"title":"PSOL lan\u00e7a Professor Elson como pr\u00e9-candidato \u00e0 Prefeitura de Florian\u00f3polis (SC)","description":"Decis\u00e3o foi un\u00e2nime e ato contou com presen\u00e7a de representantes de PT, PCdoB, Rede e Unidade Popular.","robots":{"index":"index","follow":"follow","max-snippet":"max-snippet:-1","max-image-preview":"max-image-preview:large","max-video-preview":"max-video-preview:-1"},"canonical":"https:\/\/psol50.org.br\/psol-lanca-professor-elson-prefeitura-florianopolis\/","og_locale":"pt_BR","og_type":"article","og_title":"PSOL lan\u00e7a Professor Elson como pr\u00e9-candidato \u00e0 Prefeitura de Florian\u00f3polis (SC)","og_description":"Decis\u00e3o foi un\u00e2nime e ato contou com presen\u00e7a de representantes de PT, PCdoB, Rede e Unidade Popular.","og_url":"https:\/\/psol50.org.br\/psol-lanca-professor-elson-prefeitura-florianopolis\/","og_site_name":"PSOL 50","article_publisher":"https:\/\/www.facebook.com\/psol50","article_published_time":"2019-12-12T17:51:40+00:00","og_image":[{"width":1280,"height":854,"url":"https:\/\/psol50.org.br\/inc\/uploads\/2019\/12\/photo_2019-12-12-14.46.57.jpeg","type":"image\/jpeg"}],"author":"Comunica\u00e7\u00e3o PSOL","twitter_card":"summary_large_image","twitter_title":"PSOL lan\u00e7a Professor Elson como pr\u00e9-candidato \u00e0 Prefeitura de Florian\u00f3polis (SC)","twitter_description":"Decis\u00e3o foi un\u00e2nime e ato contou com presen\u00e7a de representantes de PT, PCdoB, Rede e Unidade Popular.","twitter_image":"https:\/\/psol50.org.br\/inc\/uploads\/2019\/12\/photo_2019-12-12-14.46.57.jpeg","twitter_creator":"@psol50","twitter_site":"@psol50","twitter_misc":{"Escrito por":"Comunica\u00e7\u00e3o PSOL","Est. tempo de leitura":"2 minutos"},"schema":{"@context":"https:\/\/schema.org","@graph":[{"@type":"Article","@id":"https:\/\/psol50.org.br\/psol-lanca-professor-elson-prefeitura-florianopolis\/#article","isPartOf":{"@id":"https:\/\/psol50.org.br\/psol-lanca-professor-elson-prefeitura-florianopolis\/"},"author":{"name":"Comunica\u00e7\u00e3o PSOL","@id":"https:\/\/psol50.org.br\/#\/schema\/person\/475dfa57d0b815993c714c2e96491fcd"},"headline":"PSOL lan\u00e7a Professor Elson como pr\u00e9-candidato \u00e0 Prefeitura de Florian\u00f3polis (SC)","datePublished":"2019-12-12T17:51:40+00:00","mainEntityOfPage":{"@id":"https:\/\/psol50.org.br\/psol-lanca-professor-elson-prefeitura-florianopolis\/"},"wordCount":327,"publisher":{"@id":"https:\/\/psol50.org.br\/#organization"},"image":{"@id":"https:\/\/psol50.org.br\/psol-lanca-professor-elson-prefeitura-florianopolis\/#primaryimage"},"thumbnailUrl":"https:\/\/psol50.org.br\/inc\/uploads\/2019\/12\/photo_2019-12-12-14.46.57.jpeg","keywords":["2020","esquerda","Florian\u00f3polis","prefeitura","professor elson","PSOL","Santa Catarina"],"articleSection":["Not\u00edcias"],"inLanguage":"pt-BR"},{"@type":"WebPage","@id":"https:\/\/psol50.org.br\/psol-lanca-professor-elson-prefeitura-florianopolis\/","url":"https:\/\/psol50.org.br\/psol-lanca-professor-elson-prefeitura-florianopolis\/","name":"PSOL lan\u00e7a Professor Elson como pr\u00e9-candidato \u00e0 Prefeitura de Florian\u00f3polis (SC)","isPartOf":{"@id":"https:\/\/psol50.org.br\/#website"},"primaryImageOfPage":{"@id":"https:\/\/psol50.org.br\/psol-lanca-professor-elson-prefeitura-florianopolis\/#primaryimage"},"image":{"@id":"https:\/\/psol50.org.br\/psol-lanca-professor-elson-prefeitura-florianopolis\/#primaryimage"},"thumbnailUrl":"https:\/\/psol50.org.br\/inc\/uploads\/2019\/12\/photo_2019-12-12-14.46.57.jpeg","datePublished":"2019-12-12T17:51:40+00:00","description":"Decis\u00e3o foi un\u00e2nime e ato contou com presen\u00e7a de representantes de PT, PCdoB, Rede e Unidade Popular.","breadcrumb":{"@id":"https:\/\/psol50.org.br\/psol-lanca-professor-elson-prefeitura-florianopolis\/#breadcrumb"},"inLanguage":"pt-BR","potentialAction":[{"@type":"ReadAction","target":["https:\/\/psol50.org.br\/psol-lanca-professor-elson-prefeitura-florianopolis\/"]}]},{"@type":"ImageObject","inLanguage":"pt-BR","@id":"https:\/\/psol50.org.br\/psol-lanca-professor-elson-prefeitura-florianopolis\/#primaryimage","url":"https:\/\/psol50.org.br\/inc\/uploads\/2019\/12\/photo_2019-12-12-14.46.57.jpeg","contentUrl":"https:\/\/psol50.org.br\/inc\/uploads\/2019\/12\/photo_2019-12-12-14.46.57.jpeg","width":1280,"height":854},{"@type":"BreadcrumbList","@id":"https:\/\/psol50.org.br\/psol-lanca-professor-elson-prefeitura-florianopolis\/#breadcrumb","itemListElement":[{"@type":"ListItem","position":1,"name":"In\u00edcio","item":"https:\/\/psol50.org.br\/"},{"@type":"ListItem","position":2,"name":"PSOL lan\u00e7a Professor Elson como pr\u00e9-candidato \u00e0 Prefeitura de Florian\u00f3polis (SC)"}]},{"@type":"WebSite","@id":"https:\/\/psol50.org.br\/#website","url":"https:\/\/psol50.org.br\/","name":"PSOL 50","description":"Site oficial do Partido Socialismo e Liberdade","publisher":{"@id":"https:\/\/psol50.org.br\/#organization"},"alternateName":"PSOL50","potentialAction":[{"@type":"SearchAction","target":{"@type":"EntryPoint","urlTemplate":"https:\/\/psol50.org.br\/?s={search_term_string}"},"query-input":{"@type":"PropertyValueSpecification","valueRequired":true,"valueName":"search_term_string"}}],"inLanguage":"pt-BR"},{"@type":"Organization","@id":"https:\/\/psol50.org.br\/#organization","name":"PSOL 50","alternateName":"PSOL 50","url":"https:\/\/psol50.org.br\/","logo":{"@type":"ImageObject","inLanguage":"pt-BR","@id":"https:\/\/psol50.org.br\/#\/schema\/logo\/image\/","url":"https:\/\/psol50.org.br\/inc\/uploads\/2018\/07\/capa.png","contentUrl":"https:\/\/psol50.org.br\/inc\/uploads\/2018\/07\/capa.png","width":1350,"height":900,"caption":"PSOL 50"},"image":{"@id":"https:\/\/psol50.org.br\/#\/schema\/logo\/image\/"},"sameAs":["https:\/\/www.facebook.com\/psol50","https:\/\/x.com\/psol50","https:\/\/www.instagram.com\/psol50\/","https:\/\/www.youtube.com\/channel\/UC7SnJS5o1os7a6CaiNabzcg"]},{"@type":"Person","@id":"https:\/\/psol50.org.br\/#\/schema\/person\/475dfa57d0b815993c714c2e96491fcd","name":"Comunica\u00e7\u00e3o PSOL","image":{"@type":"ImageObject","inLanguage":"pt-BR","@id":"https:\/\/psol50.org.br\/#\/schema\/person\/image\/","url":"https:\/\/secure.gravatar.com\/avatar\/b34fc4f4e468a4e51785917065a3db57b841f5c95dba6ad8c73aaf8f66f8f9bf?s=96&d=mm&r=g","contentUrl":"https:\/\/secure.gravatar.com\/avatar\/b34fc4f4e468a4e51785917065a3db57b841f5c95dba6ad8c73aaf8f66f8f9bf?s=96&d=mm&r=g","caption":"Comunica\u00e7\u00e3o PSOL"}}]}},"_links":{"self":[{"href":"https:\/\/psol50.org.br\/rest\/wp\/v2\/posts\/27151","targetHints":{"allow":["GET"]}}],"collection":[{"href":"https:\/\/psol50.org.br\/rest\/wp\/v2\/posts"}],"about":[{"href":"https:\/\/psol50.org.br\/rest\/wp\/v2\/types\/post"}],"author":[{"embeddable":true,"href":"https:\/\/psol50.org.br\/rest\/wp\/v2\/users\/2"}],"replies":[{"embeddable":true,"href":"https:\/\/psol50.org.br\/rest\/wp\/v2\/comments?post=27151"}],"version-history":[{"count":0,"href":"https:\/\/psol50.org.br\/rest\/wp\/v2\/posts\/27151\/revisions"}],"wp:featuredmedia":[{"embeddable":true,"href":"https:\/\/psol50.org.br\/rest\/wp\/v2\/media\/27152"}],"wp:attachment":[{"href":"https:\/\/psol50.org.br\/rest\/wp\/v2\/media?parent=27151"}],"wp:term":[{"taxonomy":"category","embeddable":true,"href":"https:\/\/psol50.org.br\/rest\/wp\/v2\/categories?post=27151"},{"taxonomy":"post_tag","embeddable":true,"href":"https:\/\/psol50.org.br\/rest\/wp\/v2\/tags?post=27151"}],"curies":[{"name":"wp","href":"https:\/\/api.w.org\/{rel}","templated":true}]}}