{"id":27173,"date":"2019-12-16T18:46:54","date_gmt":"2019-12-16T21:46:54","guid":{"rendered":"http:\/\/psol50.org.br\/?p=27173"},"modified":"2019-12-16T18:46:54","modified_gmt":"2019-12-16T21:46:54","slug":"campanha-contra-a-violencia-politica-de-genero-e-lancada-na-camara","status":"publish","type":"post","link":"https:\/\/psol50.org.br\/campanha-contra-a-violencia-politica-de-genero-e-lancada-na-camara\/","title":{"rendered":"Campanha contra a viol\u00eancia pol\u00edtica de g\u00eanero \u00e9 lan\u00e7ada na C\u00e2mara"},"content":{"rendered":"<p>A C\u00e2mara dos Deputados, atrav\u00e9s da Secretaria da Mulher e da Lideran\u00e7a da Minoria da Casa, lan\u00e7ou nesta quarta-feira (11) uma campanha contra a viol\u00eancia pol\u00edtica de g\u00eanero, denunciando a tentativa de silenciamento de deputadas mulheres quando al\u00e7am suas vozes.<\/p>\n<p>\u201cOfensas, ame\u00e7as, fakenews e agress\u00f5es s\u00e3o uma rotina na vida das mulheres que ocupam espa\u00e7os de poder\u201d, \u00e9 o que diz o v\u00eddeo lan\u00e7ado nesta quarta. Na grava\u00e7\u00e3o, frases ditas habitualmente por mulheres no Congresso ao tentar garantir seu direito de fala s\u00e3o destacadas: \u201cdeixa eu concluir minha fala\u201d, \u201ceu fui eleita assim como o senhor\u201d, entre outras.<\/p>\n<p>https:\/\/www.facebook.com\/camaradeputados\/videos\/1027501717584156\/?v=1027501717584156<\/p>\n<p>Esse tipo de viol\u00eancia repete situa\u00e7\u00f5es vividas historicamente por mulheres como a desqualifica\u00e7\u00e3o moral, deprecia\u00e7\u00e3o, uso de estere\u00f3tipos, piadas e a falta de igualdade de oportunidades.<\/p>\n<p>A C\u00e2mara tem hoje 76 deputadas federais, o que representa apenas 15% das cadeiras, em um pa\u00eds onde 51% do eleitorado \u00e9 composto por mulheres. Segundo a Uni\u00e3o Interparlamentar &#8211; organiza\u00e7\u00e3o internacional dos parlamentos -, essa percentagem torna o Brasil uma das piores na\u00e7\u00f5es em termos de representatividade pol\u00edtica feminina &#8211; 10 pontos percentuais a menos que a m\u00e9dia global.<\/p>\n<p><em>Com informa\u00e7\u00f5es de F\u00f3rum e C\u00e2mara dos Deputados<\/em><\/p>\n","protected":false},"excerpt":{"rendered":"<p>A C\u00e2mara dos Deputados, atrav\u00e9s da Secretaria da Mulher e da Lideran\u00e7a da Minoria da Casa, lan\u00e7ou nesta quarta-feira (11) uma campanha contra a viol\u00eancia pol\u00edtica de g\u00eanero, denunciando a tentativa de silenciamento de deputadas mulheres quando al\u00e7am suas vozes. \u201cOfensas, ame\u00e7as, fakenews e agress\u00f5es s\u00e3o uma rotina na vida das mulheres que ocupam espa\u00e7os [&hellip;]<\/p>\n","protected":false},"author":2,"featured_media":27174,"comment_status":"closed","ping_status":"open","sticky":false,"template":"","format":"standard","meta":{"_acf_changed":false,"footnotes":""},"categories":[6],"tags":[163,4,1208],"class_list":{"0":"post-27173","1":"post","2":"type-post","3":"status-publish","4":"format-standard","5":"has-post-thumbnail","7":"category-noticias","8":"tag-camara","9":"tag-mulheres","10":"tag-politica"},"acf":[],"yoast_head":"<!-- This site is optimized with the Yoast SEO plugin v26.5 - https:\/\/yoast.com\/wordpress\/plugins\/seo\/ -->\n<title>Campanha contra a viol\u00eancia pol\u00edtica de g\u00eanero \u00e9 lan\u00e7ada na C\u00e2mara - PSOL 50<\/title>\n<meta name=\"description\" content=\"A C\u00e2mara tem hoje 76 deputadas federais, o que representa apenas 15% das cadeiras, em um pa\u00eds onde 51% do eleitorado \u00e9 composto por mulheres\" \/>\n<meta name=\"robots\" content=\"index, follow, max-snippet:-1, max-image-preview:large, max-video-preview:-1\" \/>\n<link rel=\"canonical\" href=\"https:\/\/psol50.org.br\/campanha-contra-a-violencia-politica-de-genero-e-lancada-na-camara\/\" \/>\n<meta property=\"og:locale\" content=\"pt_BR\" \/>\n<meta property=\"og:type\" content=\"article\" \/>\n<meta property=\"og:title\" content=\"Campanha contra a viol\u00eancia pol\u00edtica de g\u00eanero \u00e9 lan\u00e7ada na C\u00e2mara\" \/>\n<meta property=\"og:description\" content=\"A C\u00e2mara tem hoje 76 deputadas federais, o que representa apenas 15% das cadeiras, em um pa\u00eds onde 51% do eleitorado \u00e9 composto por mulheres\" \/>\n<meta property=\"og:url\" content=\"https:\/\/psol50.org.br\/campanha-contra-a-violencia-politica-de-genero-e-lancada-na-camara\/\" \/>\n<meta property=\"og:site_name\" content=\"PSOL 50\" \/>\n<meta property=\"article:publisher\" content=\"https:\/\/www.facebook.com\/psol50\" \/>\n<meta property=\"article:published_time\" content=\"2019-12-16T21:46:54+00:00\" \/>\n<meta property=\"og:image\" content=\"https:\/\/psol50.org.br\/inc\/uploads\/2019\/12\/photo_2019-12-16-18.43.14.jpeg\" \/>\n\t<meta property=\"og:image:width\" content=\"1200\" \/>\n\t<meta property=\"og:image:height\" content=\"800\" \/>\n\t<meta property=\"og:image:type\" content=\"image\/jpeg\" \/>\n<meta name=\"author\" content=\"Comunica\u00e7\u00e3o PSOL\" \/>\n<meta name=\"twitter:card\" content=\"summary_large_image\" \/>\n<meta name=\"twitter:title\" content=\"Campanha contra a viol\u00eancia pol\u00edtica de g\u00eanero \u00e9 lan\u00e7ada na C\u00e2mara\" \/>\n<meta name=\"twitter:description\" content=\"A C\u00e2mara tem hoje 76 deputadas federais, o que representa apenas 15% das cadeiras, em um pa\u00eds onde 51% do eleitorado \u00e9 composto por mulheres\" \/>\n<meta name=\"twitter:image\" content=\"https:\/\/psol50.org.br\/inc\/uploads\/2019\/12\/photo_2019-12-16-18.43.14.jpeg\" \/>\n<meta name=\"twitter:creator\" content=\"@psol50\" \/>\n<meta name=\"twitter:site\" content=\"@psol50\" \/>\n<meta name=\"twitter:label1\" content=\"Escrito por\" \/>\n\t<meta name=\"twitter:data1\" content=\"Comunica\u00e7\u00e3o PSOL\" \/>\n\t<meta name=\"twitter:label2\" content=\"Est. tempo de leitura\" \/>\n\t<meta name=\"twitter:data2\" content=\"1 minuto\" \/>\n<script type=\"application\/ld+json\" class=\"yoast-schema-graph\">{\"@context\":\"https:\/\/schema.org\",\"@graph\":[{\"@type\":\"Article\",\"@id\":\"https:\/\/psol50.org.br\/campanha-contra-a-violencia-politica-de-genero-e-lancada-na-camara\/#article\",\"isPartOf\":{\"@id\":\"https:\/\/psol50.org.br\/campanha-contra-a-violencia-politica-de-genero-e-lancada-na-camara\/\"},\"author\":{\"name\":\"Comunica\u00e7\u00e3o PSOL\",\"@id\":\"https:\/\/psol50.org.br\/#\/schema\/person\/475dfa57d0b815993c714c2e96491fcd\"},\"headline\":\"Campanha contra a viol\u00eancia pol\u00edtica de g\u00eanero \u00e9 lan\u00e7ada na C\u00e2mara\",\"datePublished\":\"2019-12-16T21:46:54+00:00\",\"mainEntityOfPage\":{\"@id\":\"https:\/\/psol50.org.br\/campanha-contra-a-violencia-politica-de-genero-e-lancada-na-camara\/\"},\"wordCount\":238,\"publisher\":{\"@id\":\"https:\/\/psol50.org.br\/#organization\"},\"image\":{\"@id\":\"https:\/\/psol50.org.br\/campanha-contra-a-violencia-politica-de-genero-e-lancada-na-camara\/#primaryimage\"},\"thumbnailUrl\":\"https:\/\/psol50.org.br\/inc\/uploads\/2019\/12\/photo_2019-12-16-18.43.14.jpeg\",\"keywords\":[\"c\u00e2mara\",\"mulheres\",\"pol\u00edtica\"],\"articleSection\":[\"Not\u00edcias\"],\"inLanguage\":\"pt-BR\"},{\"@type\":\"WebPage\",\"@id\":\"https:\/\/psol50.org.br\/campanha-contra-a-violencia-politica-de-genero-e-lancada-na-camara\/\",\"url\":\"https:\/\/psol50.org.br\/campanha-contra-a-violencia-politica-de-genero-e-lancada-na-camara\/\",\"name\":\"Campanha contra a viol\u00eancia pol\u00edtica de g\u00eanero \u00e9 lan\u00e7ada na C\u00e2mara - PSOL 50\",\"isPartOf\":{\"@id\":\"https:\/\/psol50.org.br\/#website\"},\"primaryImageOfPage\":{\"@id\":\"https:\/\/psol50.org.br\/campanha-contra-a-violencia-politica-de-genero-e-lancada-na-camara\/#primaryimage\"},\"image\":{\"@id\":\"https:\/\/psol50.org.br\/campanha-contra-a-violencia-politica-de-genero-e-lancada-na-camara\/#primaryimage\"},\"thumbnailUrl\":\"https:\/\/psol50.org.br\/inc\/uploads\/2019\/12\/photo_2019-12-16-18.43.14.jpeg\",\"datePublished\":\"2019-12-16T21:46:54+00:00\",\"description\":\"A C\u00e2mara tem hoje 76 deputadas federais, o que representa apenas 15% das cadeiras, em um pa\u00eds onde 51% do eleitorado \u00e9 composto por mulheres\",\"breadcrumb\":{\"@id\":\"https:\/\/psol50.org.br\/campanha-contra-a-violencia-politica-de-genero-e-lancada-na-camara\/#breadcrumb\"},\"inLanguage\":\"pt-BR\",\"potentialAction\":[{\"@type\":\"ReadAction\",\"target\":[\"https:\/\/psol50.org.br\/campanha-contra-a-violencia-politica-de-genero-e-lancada-na-camara\/\"]}]},{\"@type\":\"ImageObject\",\"inLanguage\":\"pt-BR\",\"@id\":\"https:\/\/psol50.org.br\/campanha-contra-a-violencia-politica-de-genero-e-lancada-na-camara\/#primaryimage\",\"url\":\"https:\/\/psol50.org.br\/inc\/uploads\/2019\/12\/photo_2019-12-16-18.43.14.jpeg\",\"contentUrl\":\"https:\/\/psol50.org.br\/inc\/uploads\/2019\/12\/photo_2019-12-16-18.43.14.jpeg\",\"width\":1200,\"height\":800},{\"@type\":\"BreadcrumbList\",\"@id\":\"https:\/\/psol50.org.br\/campanha-contra-a-violencia-politica-de-genero-e-lancada-na-camara\/#breadcrumb\",\"itemListElement\":[{\"@type\":\"ListItem\",\"position\":1,\"name\":\"In\u00edcio\",\"item\":\"https:\/\/psol50.org.br\/\"},{\"@type\":\"ListItem\",\"position\":2,\"name\":\"Campanha contra a viol\u00eancia pol\u00edtica de g\u00eanero \u00e9 lan\u00e7ada na C\u00e2mara\"}]},{\"@type\":\"WebSite\",\"@id\":\"https:\/\/psol50.org.br\/#website\",\"url\":\"https:\/\/psol50.org.br\/\",\"name\":\"PSOL 50\",\"description\":\"Site oficial do Partido Socialismo e Liberdade\",\"publisher\":{\"@id\":\"https:\/\/psol50.org.br\/#organization\"},\"alternateName\":\"PSOL50\",\"potentialAction\":[{\"@type\":\"SearchAction\",\"target\":{\"@type\":\"EntryPoint\",\"urlTemplate\":\"https:\/\/psol50.org.br\/?s={search_term_string}\"},\"query-input\":{\"@type\":\"PropertyValueSpecification\",\"valueRequired\":true,\"valueName\":\"search_term_string\"}}],\"inLanguage\":\"pt-BR\"},{\"@type\":\"Organization\",\"@id\":\"https:\/\/psol50.org.br\/#organization\",\"name\":\"PSOL 50\",\"alternateName\":\"PSOL 50\",\"url\":\"https:\/\/psol50.org.br\/\",\"logo\":{\"@type\":\"ImageObject\",\"inLanguage\":\"pt-BR\",\"@id\":\"https:\/\/psol50.org.br\/#\/schema\/logo\/image\/\",\"url\":\"https:\/\/psol50.org.br\/inc\/uploads\/2018\/07\/capa.png\",\"contentUrl\":\"https:\/\/psol50.org.br\/inc\/uploads\/2018\/07\/capa.png\",\"width\":1350,\"height\":900,\"caption\":\"PSOL 50\"},\"image\":{\"@id\":\"https:\/\/psol50.org.br\/#\/schema\/logo\/image\/\"},\"sameAs\":[\"https:\/\/www.facebook.com\/psol50\",\"https:\/\/x.com\/psol50\",\"https:\/\/www.instagram.com\/psol50\/\",\"https:\/\/www.youtube.com\/channel\/UC7SnJS5o1os7a6CaiNabzcg\"]},{\"@type\":\"Person\",\"@id\":\"https:\/\/psol50.org.br\/#\/schema\/person\/475dfa57d0b815993c714c2e96491fcd\",\"name\":\"Comunica\u00e7\u00e3o PSOL\",\"image\":{\"@type\":\"ImageObject\",\"inLanguage\":\"pt-BR\",\"@id\":\"https:\/\/psol50.org.br\/#\/schema\/person\/image\/\",\"url\":\"https:\/\/secure.gravatar.com\/avatar\/b34fc4f4e468a4e51785917065a3db57b841f5c95dba6ad8c73aaf8f66f8f9bf?s=96&d=mm&r=g\",\"contentUrl\":\"https:\/\/secure.gravatar.com\/avatar\/b34fc4f4e468a4e51785917065a3db57b841f5c95dba6ad8c73aaf8f66f8f9bf?s=96&d=mm&r=g\",\"caption\":\"Comunica\u00e7\u00e3o PSOL\"}}]}<\/script>\n<!-- \/ Yoast SEO plugin. -->","yoast_head_json":{"title":"Campanha contra a viol\u00eancia pol\u00edtica de g\u00eanero \u00e9 lan\u00e7ada na C\u00e2mara - PSOL 50","description":"A C\u00e2mara tem hoje 76 deputadas federais, o que representa apenas 15% das cadeiras, em um pa\u00eds onde 51% do eleitorado \u00e9 composto por mulheres","robots":{"index":"index","follow":"follow","max-snippet":"max-snippet:-1","max-image-preview":"max-image-preview:large","max-video-preview":"max-video-preview:-1"},"canonical":"https:\/\/psol50.org.br\/campanha-contra-a-violencia-politica-de-genero-e-lancada-na-camara\/","og_locale":"pt_BR","og_type":"article","og_title":"Campanha contra a viol\u00eancia pol\u00edtica de g\u00eanero \u00e9 lan\u00e7ada na C\u00e2mara","og_description":"A C\u00e2mara tem hoje 76 deputadas federais, o que representa apenas 15% das cadeiras, em um pa\u00eds onde 51% do eleitorado \u00e9 composto por mulheres","og_url":"https:\/\/psol50.org.br\/campanha-contra-a-violencia-politica-de-genero-e-lancada-na-camara\/","og_site_name":"PSOL 50","article_publisher":"https:\/\/www.facebook.com\/psol50","article_published_time":"2019-12-16T21:46:54+00:00","og_image":[{"width":1200,"height":800,"url":"https:\/\/psol50.org.br\/inc\/uploads\/2019\/12\/photo_2019-12-16-18.43.14.jpeg","type":"image\/jpeg"}],"author":"Comunica\u00e7\u00e3o PSOL","twitter_card":"summary_large_image","twitter_title":"Campanha contra a viol\u00eancia pol\u00edtica de g\u00eanero \u00e9 lan\u00e7ada na C\u00e2mara","twitter_description":"A C\u00e2mara tem hoje 76 deputadas federais, o que representa apenas 15% das cadeiras, em um pa\u00eds onde 51% do eleitorado \u00e9 composto por mulheres","twitter_image":"https:\/\/psol50.org.br\/inc\/uploads\/2019\/12\/photo_2019-12-16-18.43.14.jpeg","twitter_creator":"@psol50","twitter_site":"@psol50","twitter_misc":{"Escrito por":"Comunica\u00e7\u00e3o PSOL","Est. tempo de leitura":"1 minuto"},"schema":{"@context":"https:\/\/schema.org","@graph":[{"@type":"Article","@id":"https:\/\/psol50.org.br\/campanha-contra-a-violencia-politica-de-genero-e-lancada-na-camara\/#article","isPartOf":{"@id":"https:\/\/psol50.org.br\/campanha-contra-a-violencia-politica-de-genero-e-lancada-na-camara\/"},"author":{"name":"Comunica\u00e7\u00e3o PSOL","@id":"https:\/\/psol50.org.br\/#\/schema\/person\/475dfa57d0b815993c714c2e96491fcd"},"headline":"Campanha contra a viol\u00eancia pol\u00edtica de g\u00eanero \u00e9 lan\u00e7ada na C\u00e2mara","datePublished":"2019-12-16T21:46:54+00:00","mainEntityOfPage":{"@id":"https:\/\/psol50.org.br\/campanha-contra-a-violencia-politica-de-genero-e-lancada-na-camara\/"},"wordCount":238,"publisher":{"@id":"https:\/\/psol50.org.br\/#organization"},"image":{"@id":"https:\/\/psol50.org.br\/campanha-contra-a-violencia-politica-de-genero-e-lancada-na-camara\/#primaryimage"},"thumbnailUrl":"https:\/\/psol50.org.br\/inc\/uploads\/2019\/12\/photo_2019-12-16-18.43.14.jpeg","keywords":["c\u00e2mara","mulheres","pol\u00edtica"],"articleSection":["Not\u00edcias"],"inLanguage":"pt-BR"},{"@type":"WebPage","@id":"https:\/\/psol50.org.br\/campanha-contra-a-violencia-politica-de-genero-e-lancada-na-camara\/","url":"https:\/\/psol50.org.br\/campanha-contra-a-violencia-politica-de-genero-e-lancada-na-camara\/","name":"Campanha contra a viol\u00eancia pol\u00edtica de g\u00eanero \u00e9 lan\u00e7ada na C\u00e2mara - PSOL 50","isPartOf":{"@id":"https:\/\/psol50.org.br\/#website"},"primaryImageOfPage":{"@id":"https:\/\/psol50.org.br\/campanha-contra-a-violencia-politica-de-genero-e-lancada-na-camara\/#primaryimage"},"image":{"@id":"https:\/\/psol50.org.br\/campanha-contra-a-violencia-politica-de-genero-e-lancada-na-camara\/#primaryimage"},"thumbnailUrl":"https:\/\/psol50.org.br\/inc\/uploads\/2019\/12\/photo_2019-12-16-18.43.14.jpeg","datePublished":"2019-12-16T21:46:54+00:00","description":"A C\u00e2mara tem hoje 76 deputadas federais, o que representa apenas 15% das cadeiras, em um pa\u00eds onde 51% do eleitorado \u00e9 composto por mulheres","breadcrumb":{"@id":"https:\/\/psol50.org.br\/campanha-contra-a-violencia-politica-de-genero-e-lancada-na-camara\/#breadcrumb"},"inLanguage":"pt-BR","potentialAction":[{"@type":"ReadAction","target":["https:\/\/psol50.org.br\/campanha-contra-a-violencia-politica-de-genero-e-lancada-na-camara\/"]}]},{"@type":"ImageObject","inLanguage":"pt-BR","@id":"https:\/\/psol50.org.br\/campanha-contra-a-violencia-politica-de-genero-e-lancada-na-camara\/#primaryimage","url":"https:\/\/psol50.org.br\/inc\/uploads\/2019\/12\/photo_2019-12-16-18.43.14.jpeg","contentUrl":"https:\/\/psol50.org.br\/inc\/uploads\/2019\/12\/photo_2019-12-16-18.43.14.jpeg","width":1200,"height":800},{"@type":"BreadcrumbList","@id":"https:\/\/psol50.org.br\/campanha-contra-a-violencia-politica-de-genero-e-lancada-na-camara\/#breadcrumb","itemListElement":[{"@type":"ListItem","position":1,"name":"In\u00edcio","item":"https:\/\/psol50.org.br\/"},{"@type":"ListItem","position":2,"name":"Campanha contra a viol\u00eancia pol\u00edtica de g\u00eanero \u00e9 lan\u00e7ada na C\u00e2mara"}]},{"@type":"WebSite","@id":"https:\/\/psol50.org.br\/#website","url":"https:\/\/psol50.org.br\/","name":"PSOL 50","description":"Site oficial do Partido Socialismo e Liberdade","publisher":{"@id":"https:\/\/psol50.org.br\/#organization"},"alternateName":"PSOL50","potentialAction":[{"@type":"SearchAction","target":{"@type":"EntryPoint","urlTemplate":"https:\/\/psol50.org.br\/?s={search_term_string}"},"query-input":{"@type":"PropertyValueSpecification","valueRequired":true,"valueName":"search_term_string"}}],"inLanguage":"pt-BR"},{"@type":"Organization","@id":"https:\/\/psol50.org.br\/#organization","name":"PSOL 50","alternateName":"PSOL 50","url":"https:\/\/psol50.org.br\/","logo":{"@type":"ImageObject","inLanguage":"pt-BR","@id":"https:\/\/psol50.org.br\/#\/schema\/logo\/image\/","url":"https:\/\/psol50.org.br\/inc\/uploads\/2018\/07\/capa.png","contentUrl":"https:\/\/psol50.org.br\/inc\/uploads\/2018\/07\/capa.png","width":1350,"height":900,"caption":"PSOL 50"},"image":{"@id":"https:\/\/psol50.org.br\/#\/schema\/logo\/image\/"},"sameAs":["https:\/\/www.facebook.com\/psol50","https:\/\/x.com\/psol50","https:\/\/www.instagram.com\/psol50\/","https:\/\/www.youtube.com\/channel\/UC7SnJS5o1os7a6CaiNabzcg"]},{"@type":"Person","@id":"https:\/\/psol50.org.br\/#\/schema\/person\/475dfa57d0b815993c714c2e96491fcd","name":"Comunica\u00e7\u00e3o PSOL","image":{"@type":"ImageObject","inLanguage":"pt-BR","@id":"https:\/\/psol50.org.br\/#\/schema\/person\/image\/","url":"https:\/\/secure.gravatar.com\/avatar\/b34fc4f4e468a4e51785917065a3db57b841f5c95dba6ad8c73aaf8f66f8f9bf?s=96&d=mm&r=g","contentUrl":"https:\/\/secure.gravatar.com\/avatar\/b34fc4f4e468a4e51785917065a3db57b841f5c95dba6ad8c73aaf8f66f8f9bf?s=96&d=mm&r=g","caption":"Comunica\u00e7\u00e3o PSOL"}}]}},"_links":{"self":[{"href":"https:\/\/psol50.org.br\/rest\/wp\/v2\/posts\/27173","targetHints":{"allow":["GET"]}}],"collection":[{"href":"https:\/\/psol50.org.br\/rest\/wp\/v2\/posts"}],"about":[{"href":"https:\/\/psol50.org.br\/rest\/wp\/v2\/types\/post"}],"author":[{"embeddable":true,"href":"https:\/\/psol50.org.br\/rest\/wp\/v2\/users\/2"}],"replies":[{"embeddable":true,"href":"https:\/\/psol50.org.br\/rest\/wp\/v2\/comments?post=27173"}],"version-history":[{"count":0,"href":"https:\/\/psol50.org.br\/rest\/wp\/v2\/posts\/27173\/revisions"}],"wp:featuredmedia":[{"embeddable":true,"href":"https:\/\/psol50.org.br\/rest\/wp\/v2\/media\/27174"}],"wp:attachment":[{"href":"https:\/\/psol50.org.br\/rest\/wp\/v2\/media?parent=27173"}],"wp:term":[{"taxonomy":"category","embeddable":true,"href":"https:\/\/psol50.org.br\/rest\/wp\/v2\/categories?post=27173"},{"taxonomy":"post_tag","embeddable":true,"href":"https:\/\/psol50.org.br\/rest\/wp\/v2\/tags?post=27173"}],"curies":[{"name":"wp","href":"https:\/\/api.w.org\/{rel}","templated":true}]}}