{"id":27179,"date":"2019-12-17T17:00:40","date_gmt":"2019-12-17T20:00:40","guid":{"rendered":"http:\/\/psol50.org.br\/?p=27179"},"modified":"2019-12-17T17:00:40","modified_gmt":"2019-12-17T20:00:40","slug":"camara-aprova-mocao-de-aplauso-a-paulo-freire-proposta-pelo-psol","status":"publish","type":"post","link":"https:\/\/psol50.org.br\/camara-aprova-mocao-de-aplauso-a-paulo-freire-proposta-pelo-psol\/","title":{"rendered":"C\u00e2mara aprova mo\u00e7\u00e3o de aplauso a Paulo Freire proposta pelo PSOL"},"content":{"rendered":"<p>O plen\u00e1rio da C\u00e2mara dos Deputados aprovou nesta ter\u00e7a-feira (17) uma Mo\u00e7\u00e3o de Aplauso ao professor Paulo Freire, patrono da educa\u00e7\u00e3o brasileira. A iniciativa foi da bancada do PSOL, atrav\u00e9s de seu l\u00edder Ivan Valente, com o apoio de l\u00edderes partid\u00e1rios de v\u00e1rias matizes ideol\u00f3gicas.<\/p>\n<p class=\"p1\">O educador Paulo Freire \u00e9 o brasileiro mais homenageado da hist\u00f3ria. Recebeu 29 t\u00edtulos de Doutor Honoris Causa de universidades norte-americanas e europeias, al\u00e9m de pr\u00eamios como o King Baudouin International Development, em 1980, e o Educa\u00e7\u00e3o para a Paz, da UNESCO, em 1986.<\/p>\n<p class=\"p1\">&#8220;\u00c9 f\u00e1cil compreender por que Paulo Freire \u00e9 estudado, amado e admirado mundo afora, passados mais de 20 anos de seu desaparecimento f\u00edsico: sua pr\u00e1tica educadora fundada na troca, no di\u00e1logo, acolhedora de todas as singularidades, \u00e9 um ant\u00eddoto contra paix\u00f5es totalit\u00e1rias&#8221;, afirma trecho da mo\u00e7\u00e3o aprovada pelo parlamento brasileiro.<\/p>\n","protected":false},"excerpt":{"rendered":"<p>O plen\u00e1rio da C\u00e2mara dos Deputados aprovou nesta ter\u00e7a-feira (17) uma Mo\u00e7\u00e3o de Aplauso ao professor Paulo Freire, patrono da educa\u00e7\u00e3o brasileira. A iniciativa foi da bancada do PSOL, atrav\u00e9s de seu l\u00edder Ivan Valente, com o apoio de l\u00edderes partid\u00e1rios de v\u00e1rias matizes ideol\u00f3gicas. O educador Paulo Freire \u00e9 o brasileiro mais homenageado da [&hellip;]<\/p>\n","protected":false},"author":2,"featured_media":27180,"comment_status":"closed","ping_status":"open","sticky":false,"template":"","format":"standard","meta":{"_acf_changed":false,"footnotes":""},"categories":[10,6,14],"tags":[2141,163,2049,2142,22],"class_list":{"0":"post-27179","1":"post","2":"type-post","3":"status-publish","4":"format-standard","5":"has-post-thumbnail","7":"category-acao-parlamentares","8":"category-noticias","9":"category-partido","10":"tag-aplauso","11":"tag-camara","12":"tag-mocao","13":"tag-paulo-freire","14":"tag-psol"},"acf":[],"yoast_head":"<!-- This site is optimized with the Yoast SEO plugin v26.5 - https:\/\/yoast.com\/wordpress\/plugins\/seo\/ -->\n<title>C\u00e2mara aprova mo\u00e7\u00e3o de aplauso a Paulo Freire proposta pelo PSOL<\/title>\n<meta name=\"description\" content=\"&quot;Sua pr\u00e1tica educadora \u00e9 um ant\u00eddoto contra paix\u00f5es totalit\u00e1rias&quot;, diz trecho da mo\u00e7\u00e3o aprovada no parlamento brasileiro.\" \/>\n<meta name=\"robots\" content=\"index, follow, max-snippet:-1, max-image-preview:large, max-video-preview:-1\" \/>\n<link rel=\"canonical\" href=\"https:\/\/psol50.org.br\/camara-aprova-mocao-de-aplauso-a-paulo-freire-proposta-pelo-psol\/\" \/>\n<meta property=\"og:locale\" content=\"pt_BR\" \/>\n<meta property=\"og:type\" content=\"article\" \/>\n<meta property=\"og:title\" content=\"C\u00e2mara aprova mo\u00e7\u00e3o de aplauso a Paulo Freire proposta pelo PSOL\" \/>\n<meta property=\"og:description\" content=\"&quot;Sua pr\u00e1tica educadora \u00e9 um ant\u00eddoto contra paix\u00f5es totalit\u00e1rias&quot;, diz trecho da mo\u00e7\u00e3o aprovada no parlamento brasileiro.\" \/>\n<meta property=\"og:url\" content=\"https:\/\/psol50.org.br\/camara-aprova-mocao-de-aplauso-a-paulo-freire-proposta-pelo-psol\/\" \/>\n<meta property=\"og:site_name\" content=\"PSOL 50\" \/>\n<meta property=\"article:publisher\" content=\"https:\/\/www.facebook.com\/psol50\" \/>\n<meta property=\"article:published_time\" content=\"2019-12-17T20:00:40+00:00\" \/>\n<meta property=\"og:image\" content=\"https:\/\/psol50.org.br\/inc\/uploads\/2019\/12\/paulo_freire-2.jpg\" \/>\n\t<meta property=\"og:image:width\" content=\"1001\" \/>\n\t<meta property=\"og:image:height\" content=\"606\" \/>\n\t<meta property=\"og:image:type\" content=\"image\/jpeg\" \/>\n<meta name=\"author\" content=\"Comunica\u00e7\u00e3o PSOL\" \/>\n<meta name=\"twitter:card\" content=\"summary_large_image\" \/>\n<meta name=\"twitter:title\" content=\"C\u00e2mara aprova mo\u00e7\u00e3o de aplauso a Paulo Freire proposta pelo PSOL\" \/>\n<meta name=\"twitter:description\" content=\"&quot;Sua pr\u00e1tica educadora \u00e9 um ant\u00eddoto contra paix\u00f5es totalit\u00e1rias&quot;, diz trecho da mo\u00e7\u00e3o aprovada no parlamento brasileiro.\" \/>\n<meta name=\"twitter:image\" content=\"https:\/\/psol50.org.br\/inc\/uploads\/2019\/12\/paulo_freire-2.jpg\" \/>\n<meta name=\"twitter:creator\" content=\"@psol50\" \/>\n<meta name=\"twitter:site\" content=\"@psol50\" \/>\n<meta name=\"twitter:label1\" content=\"Escrito por\" \/>\n\t<meta name=\"twitter:data1\" content=\"Comunica\u00e7\u00e3o PSOL\" \/>\n\t<meta name=\"twitter:label2\" content=\"Est. tempo de leitura\" \/>\n\t<meta name=\"twitter:data2\" content=\"1 minuto\" \/>\n<script type=\"application\/ld+json\" class=\"yoast-schema-graph\">{\"@context\":\"https:\/\/schema.org\",\"@graph\":[{\"@type\":\"Article\",\"@id\":\"https:\/\/psol50.org.br\/camara-aprova-mocao-de-aplauso-a-paulo-freire-proposta-pelo-psol\/#article\",\"isPartOf\":{\"@id\":\"https:\/\/psol50.org.br\/camara-aprova-mocao-de-aplauso-a-paulo-freire-proposta-pelo-psol\/\"},\"author\":{\"name\":\"Comunica\u00e7\u00e3o PSOL\",\"@id\":\"https:\/\/psol50.org.br\/#\/schema\/person\/475dfa57d0b815993c714c2e96491fcd\"},\"headline\":\"C\u00e2mara aprova mo\u00e7\u00e3o de aplauso a Paulo Freire proposta pelo PSOL\",\"datePublished\":\"2019-12-17T20:00:40+00:00\",\"mainEntityOfPage\":{\"@id\":\"https:\/\/psol50.org.br\/camara-aprova-mocao-de-aplauso-a-paulo-freire-proposta-pelo-psol\/\"},\"wordCount\":167,\"publisher\":{\"@id\":\"https:\/\/psol50.org.br\/#organization\"},\"image\":{\"@id\":\"https:\/\/psol50.org.br\/camara-aprova-mocao-de-aplauso-a-paulo-freire-proposta-pelo-psol\/#primaryimage\"},\"thumbnailUrl\":\"https:\/\/psol50.org.br\/inc\/uploads\/2019\/12\/paulo_freire-2.jpg\",\"keywords\":[\"aplauso\",\"c\u00e2mara\",\"mo\u00e7\u00e3o\",\"Paulo Freire\",\"PSOL\"],\"articleSection\":[\"A\u00e7\u00e3o Parlamentar\",\"Not\u00edcias\",\"Partido\"],\"inLanguage\":\"pt-BR\"},{\"@type\":\"WebPage\",\"@id\":\"https:\/\/psol50.org.br\/camara-aprova-mocao-de-aplauso-a-paulo-freire-proposta-pelo-psol\/\",\"url\":\"https:\/\/psol50.org.br\/camara-aprova-mocao-de-aplauso-a-paulo-freire-proposta-pelo-psol\/\",\"name\":\"C\u00e2mara aprova mo\u00e7\u00e3o de aplauso a Paulo Freire proposta pelo PSOL\",\"isPartOf\":{\"@id\":\"https:\/\/psol50.org.br\/#website\"},\"primaryImageOfPage\":{\"@id\":\"https:\/\/psol50.org.br\/camara-aprova-mocao-de-aplauso-a-paulo-freire-proposta-pelo-psol\/#primaryimage\"},\"image\":{\"@id\":\"https:\/\/psol50.org.br\/camara-aprova-mocao-de-aplauso-a-paulo-freire-proposta-pelo-psol\/#primaryimage\"},\"thumbnailUrl\":\"https:\/\/psol50.org.br\/inc\/uploads\/2019\/12\/paulo_freire-2.jpg\",\"datePublished\":\"2019-12-17T20:00:40+00:00\",\"description\":\"\\\"Sua pr\u00e1tica educadora \u00e9 um ant\u00eddoto contra paix\u00f5es totalit\u00e1rias\\\", diz trecho da mo\u00e7\u00e3o aprovada no parlamento brasileiro.\",\"breadcrumb\":{\"@id\":\"https:\/\/psol50.org.br\/camara-aprova-mocao-de-aplauso-a-paulo-freire-proposta-pelo-psol\/#breadcrumb\"},\"inLanguage\":\"pt-BR\",\"potentialAction\":[{\"@type\":\"ReadAction\",\"target\":[\"https:\/\/psol50.org.br\/camara-aprova-mocao-de-aplauso-a-paulo-freire-proposta-pelo-psol\/\"]}]},{\"@type\":\"ImageObject\",\"inLanguage\":\"pt-BR\",\"@id\":\"https:\/\/psol50.org.br\/camara-aprova-mocao-de-aplauso-a-paulo-freire-proposta-pelo-psol\/#primaryimage\",\"url\":\"https:\/\/psol50.org.br\/inc\/uploads\/2019\/12\/paulo_freire-2.jpg\",\"contentUrl\":\"https:\/\/psol50.org.br\/inc\/uploads\/2019\/12\/paulo_freire-2.jpg\",\"width\":1001,\"height\":606},{\"@type\":\"BreadcrumbList\",\"@id\":\"https:\/\/psol50.org.br\/camara-aprova-mocao-de-aplauso-a-paulo-freire-proposta-pelo-psol\/#breadcrumb\",\"itemListElement\":[{\"@type\":\"ListItem\",\"position\":1,\"name\":\"In\u00edcio\",\"item\":\"https:\/\/psol50.org.br\/\"},{\"@type\":\"ListItem\",\"position\":2,\"name\":\"C\u00e2mara aprova mo\u00e7\u00e3o de aplauso a Paulo Freire proposta pelo PSOL\"}]},{\"@type\":\"WebSite\",\"@id\":\"https:\/\/psol50.org.br\/#website\",\"url\":\"https:\/\/psol50.org.br\/\",\"name\":\"PSOL 50\",\"description\":\"Site oficial do Partido Socialismo e Liberdade\",\"publisher\":{\"@id\":\"https:\/\/psol50.org.br\/#organization\"},\"alternateName\":\"PSOL50\",\"potentialAction\":[{\"@type\":\"SearchAction\",\"target\":{\"@type\":\"EntryPoint\",\"urlTemplate\":\"https:\/\/psol50.org.br\/?s={search_term_string}\"},\"query-input\":{\"@type\":\"PropertyValueSpecification\",\"valueRequired\":true,\"valueName\":\"search_term_string\"}}],\"inLanguage\":\"pt-BR\"},{\"@type\":\"Organization\",\"@id\":\"https:\/\/psol50.org.br\/#organization\",\"name\":\"PSOL 50\",\"alternateName\":\"PSOL 50\",\"url\":\"https:\/\/psol50.org.br\/\",\"logo\":{\"@type\":\"ImageObject\",\"inLanguage\":\"pt-BR\",\"@id\":\"https:\/\/psol50.org.br\/#\/schema\/logo\/image\/\",\"url\":\"https:\/\/psol50.org.br\/inc\/uploads\/2018\/07\/capa.png\",\"contentUrl\":\"https:\/\/psol50.org.br\/inc\/uploads\/2018\/07\/capa.png\",\"width\":1350,\"height\":900,\"caption\":\"PSOL 50\"},\"image\":{\"@id\":\"https:\/\/psol50.org.br\/#\/schema\/logo\/image\/\"},\"sameAs\":[\"https:\/\/www.facebook.com\/psol50\",\"https:\/\/x.com\/psol50\",\"https:\/\/www.instagram.com\/psol50\/\",\"https:\/\/www.youtube.com\/channel\/UC7SnJS5o1os7a6CaiNabzcg\"]},{\"@type\":\"Person\",\"@id\":\"https:\/\/psol50.org.br\/#\/schema\/person\/475dfa57d0b815993c714c2e96491fcd\",\"name\":\"Comunica\u00e7\u00e3o PSOL\",\"image\":{\"@type\":\"ImageObject\",\"inLanguage\":\"pt-BR\",\"@id\":\"https:\/\/psol50.org.br\/#\/schema\/person\/image\/\",\"url\":\"https:\/\/secure.gravatar.com\/avatar\/b34fc4f4e468a4e51785917065a3db57b841f5c95dba6ad8c73aaf8f66f8f9bf?s=96&d=mm&r=g\",\"contentUrl\":\"https:\/\/secure.gravatar.com\/avatar\/b34fc4f4e468a4e51785917065a3db57b841f5c95dba6ad8c73aaf8f66f8f9bf?s=96&d=mm&r=g\",\"caption\":\"Comunica\u00e7\u00e3o PSOL\"}}]}<\/script>\n<!-- \/ Yoast SEO plugin. -->","yoast_head_json":{"title":"C\u00e2mara aprova mo\u00e7\u00e3o de aplauso a Paulo Freire proposta pelo PSOL","description":"\"Sua pr\u00e1tica educadora \u00e9 um ant\u00eddoto contra paix\u00f5es totalit\u00e1rias\", diz trecho da mo\u00e7\u00e3o aprovada no parlamento brasileiro.","robots":{"index":"index","follow":"follow","max-snippet":"max-snippet:-1","max-image-preview":"max-image-preview:large","max-video-preview":"max-video-preview:-1"},"canonical":"https:\/\/psol50.org.br\/camara-aprova-mocao-de-aplauso-a-paulo-freire-proposta-pelo-psol\/","og_locale":"pt_BR","og_type":"article","og_title":"C\u00e2mara aprova mo\u00e7\u00e3o de aplauso a Paulo Freire proposta pelo PSOL","og_description":"\"Sua pr\u00e1tica educadora \u00e9 um ant\u00eddoto contra paix\u00f5es totalit\u00e1rias\", diz trecho da mo\u00e7\u00e3o aprovada no parlamento brasileiro.","og_url":"https:\/\/psol50.org.br\/camara-aprova-mocao-de-aplauso-a-paulo-freire-proposta-pelo-psol\/","og_site_name":"PSOL 50","article_publisher":"https:\/\/www.facebook.com\/psol50","article_published_time":"2019-12-17T20:00:40+00:00","og_image":[{"width":1001,"height":606,"url":"https:\/\/psol50.org.br\/inc\/uploads\/2019\/12\/paulo_freire-2.jpg","type":"image\/jpeg"}],"author":"Comunica\u00e7\u00e3o PSOL","twitter_card":"summary_large_image","twitter_title":"C\u00e2mara aprova mo\u00e7\u00e3o de aplauso a Paulo Freire proposta pelo PSOL","twitter_description":"\"Sua pr\u00e1tica educadora \u00e9 um ant\u00eddoto contra paix\u00f5es totalit\u00e1rias\", diz trecho da mo\u00e7\u00e3o aprovada no parlamento brasileiro.","twitter_image":"https:\/\/psol50.org.br\/inc\/uploads\/2019\/12\/paulo_freire-2.jpg","twitter_creator":"@psol50","twitter_site":"@psol50","twitter_misc":{"Escrito por":"Comunica\u00e7\u00e3o PSOL","Est. tempo de leitura":"1 minuto"},"schema":{"@context":"https:\/\/schema.org","@graph":[{"@type":"Article","@id":"https:\/\/psol50.org.br\/camara-aprova-mocao-de-aplauso-a-paulo-freire-proposta-pelo-psol\/#article","isPartOf":{"@id":"https:\/\/psol50.org.br\/camara-aprova-mocao-de-aplauso-a-paulo-freire-proposta-pelo-psol\/"},"author":{"name":"Comunica\u00e7\u00e3o PSOL","@id":"https:\/\/psol50.org.br\/#\/schema\/person\/475dfa57d0b815993c714c2e96491fcd"},"headline":"C\u00e2mara aprova mo\u00e7\u00e3o de aplauso a Paulo Freire proposta pelo PSOL","datePublished":"2019-12-17T20:00:40+00:00","mainEntityOfPage":{"@id":"https:\/\/psol50.org.br\/camara-aprova-mocao-de-aplauso-a-paulo-freire-proposta-pelo-psol\/"},"wordCount":167,"publisher":{"@id":"https:\/\/psol50.org.br\/#organization"},"image":{"@id":"https:\/\/psol50.org.br\/camara-aprova-mocao-de-aplauso-a-paulo-freire-proposta-pelo-psol\/#primaryimage"},"thumbnailUrl":"https:\/\/psol50.org.br\/inc\/uploads\/2019\/12\/paulo_freire-2.jpg","keywords":["aplauso","c\u00e2mara","mo\u00e7\u00e3o","Paulo Freire","PSOL"],"articleSection":["A\u00e7\u00e3o Parlamentar","Not\u00edcias","Partido"],"inLanguage":"pt-BR"},{"@type":"WebPage","@id":"https:\/\/psol50.org.br\/camara-aprova-mocao-de-aplauso-a-paulo-freire-proposta-pelo-psol\/","url":"https:\/\/psol50.org.br\/camara-aprova-mocao-de-aplauso-a-paulo-freire-proposta-pelo-psol\/","name":"C\u00e2mara aprova mo\u00e7\u00e3o de aplauso a Paulo Freire proposta pelo PSOL","isPartOf":{"@id":"https:\/\/psol50.org.br\/#website"},"primaryImageOfPage":{"@id":"https:\/\/psol50.org.br\/camara-aprova-mocao-de-aplauso-a-paulo-freire-proposta-pelo-psol\/#primaryimage"},"image":{"@id":"https:\/\/psol50.org.br\/camara-aprova-mocao-de-aplauso-a-paulo-freire-proposta-pelo-psol\/#primaryimage"},"thumbnailUrl":"https:\/\/psol50.org.br\/inc\/uploads\/2019\/12\/paulo_freire-2.jpg","datePublished":"2019-12-17T20:00:40+00:00","description":"\"Sua pr\u00e1tica educadora \u00e9 um ant\u00eddoto contra paix\u00f5es totalit\u00e1rias\", diz trecho da mo\u00e7\u00e3o aprovada no parlamento brasileiro.","breadcrumb":{"@id":"https:\/\/psol50.org.br\/camara-aprova-mocao-de-aplauso-a-paulo-freire-proposta-pelo-psol\/#breadcrumb"},"inLanguage":"pt-BR","potentialAction":[{"@type":"ReadAction","target":["https:\/\/psol50.org.br\/camara-aprova-mocao-de-aplauso-a-paulo-freire-proposta-pelo-psol\/"]}]},{"@type":"ImageObject","inLanguage":"pt-BR","@id":"https:\/\/psol50.org.br\/camara-aprova-mocao-de-aplauso-a-paulo-freire-proposta-pelo-psol\/#primaryimage","url":"https:\/\/psol50.org.br\/inc\/uploads\/2019\/12\/paulo_freire-2.jpg","contentUrl":"https:\/\/psol50.org.br\/inc\/uploads\/2019\/12\/paulo_freire-2.jpg","width":1001,"height":606},{"@type":"BreadcrumbList","@id":"https:\/\/psol50.org.br\/camara-aprova-mocao-de-aplauso-a-paulo-freire-proposta-pelo-psol\/#breadcrumb","itemListElement":[{"@type":"ListItem","position":1,"name":"In\u00edcio","item":"https:\/\/psol50.org.br\/"},{"@type":"ListItem","position":2,"name":"C\u00e2mara aprova mo\u00e7\u00e3o de aplauso a Paulo Freire proposta pelo PSOL"}]},{"@type":"WebSite","@id":"https:\/\/psol50.org.br\/#website","url":"https:\/\/psol50.org.br\/","name":"PSOL 50","description":"Site oficial do Partido Socialismo e Liberdade","publisher":{"@id":"https:\/\/psol50.org.br\/#organization"},"alternateName":"PSOL50","potentialAction":[{"@type":"SearchAction","target":{"@type":"EntryPoint","urlTemplate":"https:\/\/psol50.org.br\/?s={search_term_string}"},"query-input":{"@type":"PropertyValueSpecification","valueRequired":true,"valueName":"search_term_string"}}],"inLanguage":"pt-BR"},{"@type":"Organization","@id":"https:\/\/psol50.org.br\/#organization","name":"PSOL 50","alternateName":"PSOL 50","url":"https:\/\/psol50.org.br\/","logo":{"@type":"ImageObject","inLanguage":"pt-BR","@id":"https:\/\/psol50.org.br\/#\/schema\/logo\/image\/","url":"https:\/\/psol50.org.br\/inc\/uploads\/2018\/07\/capa.png","contentUrl":"https:\/\/psol50.org.br\/inc\/uploads\/2018\/07\/capa.png","width":1350,"height":900,"caption":"PSOL 50"},"image":{"@id":"https:\/\/psol50.org.br\/#\/schema\/logo\/image\/"},"sameAs":["https:\/\/www.facebook.com\/psol50","https:\/\/x.com\/psol50","https:\/\/www.instagram.com\/psol50\/","https:\/\/www.youtube.com\/channel\/UC7SnJS5o1os7a6CaiNabzcg"]},{"@type":"Person","@id":"https:\/\/psol50.org.br\/#\/schema\/person\/475dfa57d0b815993c714c2e96491fcd","name":"Comunica\u00e7\u00e3o PSOL","image":{"@type":"ImageObject","inLanguage":"pt-BR","@id":"https:\/\/psol50.org.br\/#\/schema\/person\/image\/","url":"https:\/\/secure.gravatar.com\/avatar\/b34fc4f4e468a4e51785917065a3db57b841f5c95dba6ad8c73aaf8f66f8f9bf?s=96&d=mm&r=g","contentUrl":"https:\/\/secure.gravatar.com\/avatar\/b34fc4f4e468a4e51785917065a3db57b841f5c95dba6ad8c73aaf8f66f8f9bf?s=96&d=mm&r=g","caption":"Comunica\u00e7\u00e3o PSOL"}}]}},"_links":{"self":[{"href":"https:\/\/psol50.org.br\/rest\/wp\/v2\/posts\/27179","targetHints":{"allow":["GET"]}}],"collection":[{"href":"https:\/\/psol50.org.br\/rest\/wp\/v2\/posts"}],"about":[{"href":"https:\/\/psol50.org.br\/rest\/wp\/v2\/types\/post"}],"author":[{"embeddable":true,"href":"https:\/\/psol50.org.br\/rest\/wp\/v2\/users\/2"}],"replies":[{"embeddable":true,"href":"https:\/\/psol50.org.br\/rest\/wp\/v2\/comments?post=27179"}],"version-history":[{"count":0,"href":"https:\/\/psol50.org.br\/rest\/wp\/v2\/posts\/27179\/revisions"}],"wp:featuredmedia":[{"embeddable":true,"href":"https:\/\/psol50.org.br\/rest\/wp\/v2\/media\/27180"}],"wp:attachment":[{"href":"https:\/\/psol50.org.br\/rest\/wp\/v2\/media?parent=27179"}],"wp:term":[{"taxonomy":"category","embeddable":true,"href":"https:\/\/psol50.org.br\/rest\/wp\/v2\/categories?post=27179"},{"taxonomy":"post_tag","embeddable":true,"href":"https:\/\/psol50.org.br\/rest\/wp\/v2\/tags?post=27179"}],"curies":[{"name":"wp","href":"https:\/\/api.w.org\/{rel}","templated":true}]}}