{"id":27184,"date":"2019-12-19T17:17:20","date_gmt":"2019-12-19T20:17:20","guid":{"rendered":"http:\/\/psol50.org.br\/?p=27184"},"modified":"2019-12-19T17:17:20","modified_gmt":"2019-12-19T20:17:20","slug":"psol-repudia-assassinato-francisco-sales-maranhao","status":"publish","type":"post","link":"https:\/\/psol50.org.br\/psol-repudia-assassinato-francisco-sales-maranhao\/","title":{"rendered":"PSOL repudia brutal assassinato do ambientalista Francisco Sales no Maranh\u00e3o"},"content":{"rendered":"<p class=\"p1\">O Partido Socialismo e Liberdade (PSOL) manifesta solidariedade aos familiares, amigos e companheiros de Francisco Sales Costa de Sousa conhecido como Sales, ativista social e militante politico pelo PSOL e atualmente pelo PCdoB, brutalmente assassinado por volta das 10h desta quarta feira (18).<\/p>\n<p class=\"p1\">Sales foi assassinado dentro de sua resid\u00eancia, no povoado Centro do Tot\u00f4, munic\u00edpio de Z\u00e9 Doca (MA), a 312 quil\u00f4metros da capital S\u00e3o Lu\u00eds. O ambientalista foi atingido por dois tiros por tr\u00e1s das costas e na cabe\u00e7a. Crime perverso que demonstra ter sido um crime pol\u00edtico encomendado por conta da sua atua\u00e7\u00e3o pol\u00edtica e<span class=\"Apple-converted-space\">\u00a0 <\/span>defensora da classe trabalhadora. Segundo informa\u00e7\u00f5es, n\u00e3o roubaram nenhum pertence, nem mesmo a sua moto que estava com a chave na igni\u00e7\u00e3o.<\/p>\n<p class=\"p1\">Francisco Sales foi candidato a deputado federal nas elei\u00e7\u00f5es de 2018 pelo Partido Socialismo e Liberdade (PSOL), com um discurso simples e convicto de que a base que sustenta este pa\u00eds \u00e9 a classe trabalhadora e mais especificamente os agricultores rurais.<\/p>\n<p class=\"p1\">Desde sempre, defendeu sua classe e se posicionava a favor do direito de cada agricultor a um peda\u00e7o de terra para seu autossustento e pela preserva\u00e7\u00e3o da natureza. Declarava abertamente sua posi\u00e7\u00e3o pol\u00edtica e fazia constantemente den\u00fancias sobre a atua\u00e7\u00e3o das administra\u00e7\u00f5es da regi\u00e3o.<\/p>\n<p class=\"p1\">Manifestamos nosso mais veemente rep\u00fadio \u00e0 viol\u00eancia que, infelizmente, vemos crescer assustadoramente em nosso pa\u00eds contra os militantes pelos direitos humanos, de movimentos sociais e ind\u00edgenas.<\/p>\n<p class=\"p1\">N\u00f3s, do Partido Socialismo e Liberdade &#8211; PSOL, exigimos do governador do Maranh\u00e3o, Fl\u00e1vio Dino, e de sua Secretaria de Seguran\u00e7a uma investiga\u00e7\u00e3o s\u00e9ria e urgente, capaz de esclarecer o crime e de punir, com todo rigor da lei, os assassinos e mandantes, no caso de ter sido um crime encomendado.<\/p>\n<p class=\"p1\">Que o \u00f3dio disseminado pelo Presidente Bolsonaro e demais pol\u00edticos de direita seja vencido pela Justi\u00e7a e pela organiza\u00e7\u00e3o do povo que luta pela vida e pelo amor.<\/p>\n<p class=\"p1\"><em>Sales, seu sangue ser\u00e1 uma semente!<\/em><\/p>\n<p class=\"p1\"><em><strong>S\u00e3o Lu\u00eds-MA, 19 de dezembro de 2019<\/strong><\/em><br \/>\n<em><strong>Diret\u00f3rio Estadual do PSOL\/MA<\/strong><\/em><\/p>\n","protected":false},"excerpt":{"rendered":"<p>O Partido Socialismo e Liberdade (PSOL) manifesta solidariedade aos familiares, amigos e companheiros de Francisco Sales Costa de Sousa conhecido como Sales, ativista social e militante politico pelo PSOL e atualmente pelo PCdoB, brutalmente assassinado por volta das 10h desta quarta feira (18). Sales foi assassinado dentro de sua resid\u00eancia, no povoado Centro do Tot\u00f4, [&hellip;]<\/p>\n","protected":false},"author":2,"featured_media":24774,"comment_status":"closed","ping_status":"open","sticky":false,"template":"","format":"standard","meta":{"_acf_changed":false,"footnotes":""},"categories":[20,6],"tags":[2146,131,2147,456,22,2148],"class_list":{"0":"post-27184","1":"post","2":"type-post","3":"status-publish","4":"format-standard","5":"has-post-thumbnail","7":"category-notas","8":"category-noticias","9":"tag-ambientalista","10":"tag-assassinato","11":"tag-crime-politico","12":"tag-maranhao","13":"tag-psol","14":"tag-sales"},"acf":[],"yoast_head":"<!-- This site is optimized with the Yoast SEO plugin v26.5 - https:\/\/yoast.com\/wordpress\/plugins\/seo\/ -->\n<title>PSOL repudia brutal assassinato do ambientalista Francisco Sales no Maranh\u00e3o<\/title>\n<meta name=\"description\" content=\"O PSOL manifesta solidariedade aos familiares, amigos e companheiros de Francisco Sales Costa de Sousa, morto em Z\u00e9 Doca, no Maranh\u00e3o, a 312 quil\u00f4metros de S\u00e3o Lu\u00eds.\" \/>\n<meta name=\"robots\" content=\"index, follow, max-snippet:-1, max-image-preview:large, max-video-preview:-1\" \/>\n<link rel=\"canonical\" href=\"https:\/\/psol50.org.br\/psol-repudia-assassinato-francisco-sales-maranhao\/\" \/>\n<meta property=\"og:locale\" content=\"pt_BR\" \/>\n<meta property=\"og:type\" content=\"article\" \/>\n<meta property=\"og:title\" content=\"PSOL repudia brutal assassinato do ambientalista Francisco Sales no Maranh\u00e3o\" \/>\n<meta property=\"og:description\" content=\"O PSOL manifesta solidariedade aos familiares, amigos e companheiros de Francisco Sales Costa de Sousa, morto em Z\u00e9 Doca, no Maranh\u00e3o, a 312 quil\u00f4metros de S\u00e3o Lu\u00eds.\" \/>\n<meta property=\"og:url\" content=\"https:\/\/psol50.org.br\/psol-repudia-assassinato-francisco-sales-maranhao\/\" \/>\n<meta property=\"og:site_name\" content=\"PSOL 50\" \/>\n<meta property=\"article:publisher\" content=\"https:\/\/www.facebook.com\/psol50\" \/>\n<meta property=\"article:published_time\" content=\"2019-12-19T20:17:20+00:00\" \/>\n<meta property=\"og:image\" content=\"https:\/\/psol50.org.br\/inc\/uploads\/2019\/04\/capa-546x365-2.png\" \/>\n\t<meta property=\"og:image:width\" content=\"546\" \/>\n\t<meta property=\"og:image:height\" content=\"365\" \/>\n\t<meta property=\"og:image:type\" content=\"image\/png\" \/>\n<meta name=\"author\" content=\"Comunica\u00e7\u00e3o PSOL\" \/>\n<meta name=\"twitter:card\" content=\"summary_large_image\" \/>\n<meta name=\"twitter:title\" content=\"PSOL repudia brutal assassinato do ambientalista Francisco Sales no Maranh\u00e3o\" \/>\n<meta name=\"twitter:description\" content=\"O PSOL manifesta solidariedade aos familiares, amigos e companheiros de Francisco Sales Costa de Sousa, morto em Z\u00e9 Doca, no Maranh\u00e3o, a 312 quil\u00f4metros de S\u00e3o Lu\u00eds.\" \/>\n<meta name=\"twitter:image\" content=\"https:\/\/psol50.org.br\/inc\/uploads\/2019\/04\/capa-546x365-2.png\" \/>\n<meta name=\"twitter:creator\" content=\"@psol50\" \/>\n<meta name=\"twitter:site\" content=\"@psol50\" \/>\n<meta name=\"twitter:label1\" content=\"Escrito por\" \/>\n\t<meta name=\"twitter:data1\" content=\"Comunica\u00e7\u00e3o PSOL\" \/>\n\t<meta name=\"twitter:label2\" content=\"Est. tempo de leitura\" \/>\n\t<meta name=\"twitter:data2\" content=\"2 minutos\" \/>\n<script type=\"application\/ld+json\" class=\"yoast-schema-graph\">{\"@context\":\"https:\/\/schema.org\",\"@graph\":[{\"@type\":\"Article\",\"@id\":\"https:\/\/psol50.org.br\/psol-repudia-assassinato-francisco-sales-maranhao\/#article\",\"isPartOf\":{\"@id\":\"https:\/\/psol50.org.br\/psol-repudia-assassinato-francisco-sales-maranhao\/\"},\"author\":{\"name\":\"Comunica\u00e7\u00e3o PSOL\",\"@id\":\"https:\/\/psol50.org.br\/#\/schema\/person\/475dfa57d0b815993c714c2e96491fcd\"},\"headline\":\"PSOL repudia brutal assassinato do ambientalista Francisco Sales no Maranh\u00e3o\",\"datePublished\":\"2019-12-19T20:17:20+00:00\",\"mainEntityOfPage\":{\"@id\":\"https:\/\/psol50.org.br\/psol-repudia-assassinato-francisco-sales-maranhao\/\"},\"wordCount\":371,\"publisher\":{\"@id\":\"https:\/\/psol50.org.br\/#organization\"},\"image\":{\"@id\":\"https:\/\/psol50.org.br\/psol-repudia-assassinato-francisco-sales-maranhao\/#primaryimage\"},\"thumbnailUrl\":\"https:\/\/psol50.org.br\/inc\/uploads\/2019\/04\/capa-546x365-2.png\",\"keywords\":[\"ambientalista\",\"assassinato\",\"crime pol\u00edtico\",\"Maranh\u00e3o\",\"PSOL\",\"sales\"],\"articleSection\":[\"Notas\",\"Not\u00edcias\"],\"inLanguage\":\"pt-BR\"},{\"@type\":\"WebPage\",\"@id\":\"https:\/\/psol50.org.br\/psol-repudia-assassinato-francisco-sales-maranhao\/\",\"url\":\"https:\/\/psol50.org.br\/psol-repudia-assassinato-francisco-sales-maranhao\/\",\"name\":\"PSOL repudia brutal assassinato do ambientalista Francisco Sales no Maranh\u00e3o\",\"isPartOf\":{\"@id\":\"https:\/\/psol50.org.br\/#website\"},\"primaryImageOfPage\":{\"@id\":\"https:\/\/psol50.org.br\/psol-repudia-assassinato-francisco-sales-maranhao\/#primaryimage\"},\"image\":{\"@id\":\"https:\/\/psol50.org.br\/psol-repudia-assassinato-francisco-sales-maranhao\/#primaryimage\"},\"thumbnailUrl\":\"https:\/\/psol50.org.br\/inc\/uploads\/2019\/04\/capa-546x365-2.png\",\"datePublished\":\"2019-12-19T20:17:20+00:00\",\"description\":\"O PSOL manifesta solidariedade aos familiares, amigos e companheiros de Francisco Sales Costa de Sousa, morto em Z\u00e9 Doca, no Maranh\u00e3o, a 312 quil\u00f4metros de S\u00e3o Lu\u00eds.\",\"breadcrumb\":{\"@id\":\"https:\/\/psol50.org.br\/psol-repudia-assassinato-francisco-sales-maranhao\/#breadcrumb\"},\"inLanguage\":\"pt-BR\",\"potentialAction\":[{\"@type\":\"ReadAction\",\"target\":[\"https:\/\/psol50.org.br\/psol-repudia-assassinato-francisco-sales-maranhao\/\"]}]},{\"@type\":\"ImageObject\",\"inLanguage\":\"pt-BR\",\"@id\":\"https:\/\/psol50.org.br\/psol-repudia-assassinato-francisco-sales-maranhao\/#primaryimage\",\"url\":\"https:\/\/psol50.org.br\/inc\/uploads\/2019\/04\/capa-546x365-2.png\",\"contentUrl\":\"https:\/\/psol50.org.br\/inc\/uploads\/2019\/04\/capa-546x365-2.png\",\"width\":546,\"height\":365},{\"@type\":\"BreadcrumbList\",\"@id\":\"https:\/\/psol50.org.br\/psol-repudia-assassinato-francisco-sales-maranhao\/#breadcrumb\",\"itemListElement\":[{\"@type\":\"ListItem\",\"position\":1,\"name\":\"In\u00edcio\",\"item\":\"https:\/\/psol50.org.br\/\"},{\"@type\":\"ListItem\",\"position\":2,\"name\":\"PSOL repudia brutal assassinato do ambientalista Francisco Sales no Maranh\u00e3o\"}]},{\"@type\":\"WebSite\",\"@id\":\"https:\/\/psol50.org.br\/#website\",\"url\":\"https:\/\/psol50.org.br\/\",\"name\":\"PSOL 50\",\"description\":\"Site oficial do Partido Socialismo e Liberdade\",\"publisher\":{\"@id\":\"https:\/\/psol50.org.br\/#organization\"},\"alternateName\":\"PSOL50\",\"potentialAction\":[{\"@type\":\"SearchAction\",\"target\":{\"@type\":\"EntryPoint\",\"urlTemplate\":\"https:\/\/psol50.org.br\/?s={search_term_string}\"},\"query-input\":{\"@type\":\"PropertyValueSpecification\",\"valueRequired\":true,\"valueName\":\"search_term_string\"}}],\"inLanguage\":\"pt-BR\"},{\"@type\":\"Organization\",\"@id\":\"https:\/\/psol50.org.br\/#organization\",\"name\":\"PSOL 50\",\"alternateName\":\"PSOL 50\",\"url\":\"https:\/\/psol50.org.br\/\",\"logo\":{\"@type\":\"ImageObject\",\"inLanguage\":\"pt-BR\",\"@id\":\"https:\/\/psol50.org.br\/#\/schema\/logo\/image\/\",\"url\":\"https:\/\/psol50.org.br\/inc\/uploads\/2018\/07\/capa.png\",\"contentUrl\":\"https:\/\/psol50.org.br\/inc\/uploads\/2018\/07\/capa.png\",\"width\":1350,\"height\":900,\"caption\":\"PSOL 50\"},\"image\":{\"@id\":\"https:\/\/psol50.org.br\/#\/schema\/logo\/image\/\"},\"sameAs\":[\"https:\/\/www.facebook.com\/psol50\",\"https:\/\/x.com\/psol50\",\"https:\/\/www.instagram.com\/psol50\/\",\"https:\/\/www.youtube.com\/channel\/UC7SnJS5o1os7a6CaiNabzcg\"]},{\"@type\":\"Person\",\"@id\":\"https:\/\/psol50.org.br\/#\/schema\/person\/475dfa57d0b815993c714c2e96491fcd\",\"name\":\"Comunica\u00e7\u00e3o PSOL\",\"image\":{\"@type\":\"ImageObject\",\"inLanguage\":\"pt-BR\",\"@id\":\"https:\/\/psol50.org.br\/#\/schema\/person\/image\/\",\"url\":\"https:\/\/secure.gravatar.com\/avatar\/b34fc4f4e468a4e51785917065a3db57b841f5c95dba6ad8c73aaf8f66f8f9bf?s=96&d=mm&r=g\",\"contentUrl\":\"https:\/\/secure.gravatar.com\/avatar\/b34fc4f4e468a4e51785917065a3db57b841f5c95dba6ad8c73aaf8f66f8f9bf?s=96&d=mm&r=g\",\"caption\":\"Comunica\u00e7\u00e3o PSOL\"}}]}<\/script>\n<!-- \/ Yoast SEO plugin. -->","yoast_head_json":{"title":"PSOL repudia brutal assassinato do ambientalista Francisco Sales no Maranh\u00e3o","description":"O PSOL manifesta solidariedade aos familiares, amigos e companheiros de Francisco Sales Costa de Sousa, morto em Z\u00e9 Doca, no Maranh\u00e3o, a 312 quil\u00f4metros de S\u00e3o Lu\u00eds.","robots":{"index":"index","follow":"follow","max-snippet":"max-snippet:-1","max-image-preview":"max-image-preview:large","max-video-preview":"max-video-preview:-1"},"canonical":"https:\/\/psol50.org.br\/psol-repudia-assassinato-francisco-sales-maranhao\/","og_locale":"pt_BR","og_type":"article","og_title":"PSOL repudia brutal assassinato do ambientalista Francisco Sales no Maranh\u00e3o","og_description":"O PSOL manifesta solidariedade aos familiares, amigos e companheiros de Francisco Sales Costa de Sousa, morto em Z\u00e9 Doca, no Maranh\u00e3o, a 312 quil\u00f4metros de S\u00e3o Lu\u00eds.","og_url":"https:\/\/psol50.org.br\/psol-repudia-assassinato-francisco-sales-maranhao\/","og_site_name":"PSOL 50","article_publisher":"https:\/\/www.facebook.com\/psol50","article_published_time":"2019-12-19T20:17:20+00:00","og_image":[{"width":546,"height":365,"url":"https:\/\/psol50.org.br\/inc\/uploads\/2019\/04\/capa-546x365-2.png","type":"image\/png"}],"author":"Comunica\u00e7\u00e3o PSOL","twitter_card":"summary_large_image","twitter_title":"PSOL repudia brutal assassinato do ambientalista Francisco Sales no Maranh\u00e3o","twitter_description":"O PSOL manifesta solidariedade aos familiares, amigos e companheiros de Francisco Sales Costa de Sousa, morto em Z\u00e9 Doca, no Maranh\u00e3o, a 312 quil\u00f4metros de S\u00e3o Lu\u00eds.","twitter_image":"https:\/\/psol50.org.br\/inc\/uploads\/2019\/04\/capa-546x365-2.png","twitter_creator":"@psol50","twitter_site":"@psol50","twitter_misc":{"Escrito por":"Comunica\u00e7\u00e3o PSOL","Est. tempo de leitura":"2 minutos"},"schema":{"@context":"https:\/\/schema.org","@graph":[{"@type":"Article","@id":"https:\/\/psol50.org.br\/psol-repudia-assassinato-francisco-sales-maranhao\/#article","isPartOf":{"@id":"https:\/\/psol50.org.br\/psol-repudia-assassinato-francisco-sales-maranhao\/"},"author":{"name":"Comunica\u00e7\u00e3o PSOL","@id":"https:\/\/psol50.org.br\/#\/schema\/person\/475dfa57d0b815993c714c2e96491fcd"},"headline":"PSOL repudia brutal assassinato do ambientalista Francisco Sales no Maranh\u00e3o","datePublished":"2019-12-19T20:17:20+00:00","mainEntityOfPage":{"@id":"https:\/\/psol50.org.br\/psol-repudia-assassinato-francisco-sales-maranhao\/"},"wordCount":371,"publisher":{"@id":"https:\/\/psol50.org.br\/#organization"},"image":{"@id":"https:\/\/psol50.org.br\/psol-repudia-assassinato-francisco-sales-maranhao\/#primaryimage"},"thumbnailUrl":"https:\/\/psol50.org.br\/inc\/uploads\/2019\/04\/capa-546x365-2.png","keywords":["ambientalista","assassinato","crime pol\u00edtico","Maranh\u00e3o","PSOL","sales"],"articleSection":["Notas","Not\u00edcias"],"inLanguage":"pt-BR"},{"@type":"WebPage","@id":"https:\/\/psol50.org.br\/psol-repudia-assassinato-francisco-sales-maranhao\/","url":"https:\/\/psol50.org.br\/psol-repudia-assassinato-francisco-sales-maranhao\/","name":"PSOL repudia brutal assassinato do ambientalista Francisco Sales no Maranh\u00e3o","isPartOf":{"@id":"https:\/\/psol50.org.br\/#website"},"primaryImageOfPage":{"@id":"https:\/\/psol50.org.br\/psol-repudia-assassinato-francisco-sales-maranhao\/#primaryimage"},"image":{"@id":"https:\/\/psol50.org.br\/psol-repudia-assassinato-francisco-sales-maranhao\/#primaryimage"},"thumbnailUrl":"https:\/\/psol50.org.br\/inc\/uploads\/2019\/04\/capa-546x365-2.png","datePublished":"2019-12-19T20:17:20+00:00","description":"O PSOL manifesta solidariedade aos familiares, amigos e companheiros de Francisco Sales Costa de Sousa, morto em Z\u00e9 Doca, no Maranh\u00e3o, a 312 quil\u00f4metros de S\u00e3o Lu\u00eds.","breadcrumb":{"@id":"https:\/\/psol50.org.br\/psol-repudia-assassinato-francisco-sales-maranhao\/#breadcrumb"},"inLanguage":"pt-BR","potentialAction":[{"@type":"ReadAction","target":["https:\/\/psol50.org.br\/psol-repudia-assassinato-francisco-sales-maranhao\/"]}]},{"@type":"ImageObject","inLanguage":"pt-BR","@id":"https:\/\/psol50.org.br\/psol-repudia-assassinato-francisco-sales-maranhao\/#primaryimage","url":"https:\/\/psol50.org.br\/inc\/uploads\/2019\/04\/capa-546x365-2.png","contentUrl":"https:\/\/psol50.org.br\/inc\/uploads\/2019\/04\/capa-546x365-2.png","width":546,"height":365},{"@type":"BreadcrumbList","@id":"https:\/\/psol50.org.br\/psol-repudia-assassinato-francisco-sales-maranhao\/#breadcrumb","itemListElement":[{"@type":"ListItem","position":1,"name":"In\u00edcio","item":"https:\/\/psol50.org.br\/"},{"@type":"ListItem","position":2,"name":"PSOL repudia brutal assassinato do ambientalista Francisco Sales no Maranh\u00e3o"}]},{"@type":"WebSite","@id":"https:\/\/psol50.org.br\/#website","url":"https:\/\/psol50.org.br\/","name":"PSOL 50","description":"Site oficial do Partido Socialismo e Liberdade","publisher":{"@id":"https:\/\/psol50.org.br\/#organization"},"alternateName":"PSOL50","potentialAction":[{"@type":"SearchAction","target":{"@type":"EntryPoint","urlTemplate":"https:\/\/psol50.org.br\/?s={search_term_string}"},"query-input":{"@type":"PropertyValueSpecification","valueRequired":true,"valueName":"search_term_string"}}],"inLanguage":"pt-BR"},{"@type":"Organization","@id":"https:\/\/psol50.org.br\/#organization","name":"PSOL 50","alternateName":"PSOL 50","url":"https:\/\/psol50.org.br\/","logo":{"@type":"ImageObject","inLanguage":"pt-BR","@id":"https:\/\/psol50.org.br\/#\/schema\/logo\/image\/","url":"https:\/\/psol50.org.br\/inc\/uploads\/2018\/07\/capa.png","contentUrl":"https:\/\/psol50.org.br\/inc\/uploads\/2018\/07\/capa.png","width":1350,"height":900,"caption":"PSOL 50"},"image":{"@id":"https:\/\/psol50.org.br\/#\/schema\/logo\/image\/"},"sameAs":["https:\/\/www.facebook.com\/psol50","https:\/\/x.com\/psol50","https:\/\/www.instagram.com\/psol50\/","https:\/\/www.youtube.com\/channel\/UC7SnJS5o1os7a6CaiNabzcg"]},{"@type":"Person","@id":"https:\/\/psol50.org.br\/#\/schema\/person\/475dfa57d0b815993c714c2e96491fcd","name":"Comunica\u00e7\u00e3o PSOL","image":{"@type":"ImageObject","inLanguage":"pt-BR","@id":"https:\/\/psol50.org.br\/#\/schema\/person\/image\/","url":"https:\/\/secure.gravatar.com\/avatar\/b34fc4f4e468a4e51785917065a3db57b841f5c95dba6ad8c73aaf8f66f8f9bf?s=96&d=mm&r=g","contentUrl":"https:\/\/secure.gravatar.com\/avatar\/b34fc4f4e468a4e51785917065a3db57b841f5c95dba6ad8c73aaf8f66f8f9bf?s=96&d=mm&r=g","caption":"Comunica\u00e7\u00e3o PSOL"}}]}},"_links":{"self":[{"href":"https:\/\/psol50.org.br\/rest\/wp\/v2\/posts\/27184","targetHints":{"allow":["GET"]}}],"collection":[{"href":"https:\/\/psol50.org.br\/rest\/wp\/v2\/posts"}],"about":[{"href":"https:\/\/psol50.org.br\/rest\/wp\/v2\/types\/post"}],"author":[{"embeddable":true,"href":"https:\/\/psol50.org.br\/rest\/wp\/v2\/users\/2"}],"replies":[{"embeddable":true,"href":"https:\/\/psol50.org.br\/rest\/wp\/v2\/comments?post=27184"}],"version-history":[{"count":0,"href":"https:\/\/psol50.org.br\/rest\/wp\/v2\/posts\/27184\/revisions"}],"wp:featuredmedia":[{"embeddable":true,"href":"https:\/\/psol50.org.br\/rest\/wp\/v2\/media\/24774"}],"wp:attachment":[{"href":"https:\/\/psol50.org.br\/rest\/wp\/v2\/media?parent=27184"}],"wp:term":[{"taxonomy":"category","embeddable":true,"href":"https:\/\/psol50.org.br\/rest\/wp\/v2\/categories?post=27184"},{"taxonomy":"post_tag","embeddable":true,"href":"https:\/\/psol50.org.br\/rest\/wp\/v2\/tags?post=27184"}],"curies":[{"name":"wp","href":"https:\/\/api.w.org\/{rel}","templated":true}]}}