{"id":27188,"date":"2019-12-20T11:31:20","date_gmt":"2019-12-20T14:31:20","guid":{"rendered":"http:\/\/psol50.org.br\/?p=27188"},"modified":"2019-12-20T11:31:20","modified_gmt":"2019-12-20T14:31:20","slug":"taliria-petrone-eu-escolhi-ser-mae-e-sigo-defendendo-a-legalizacao-do-aborto","status":"publish","type":"post","link":"https:\/\/psol50.org.br\/taliria-petrone-eu-escolhi-ser-mae-e-sigo-defendendo-a-legalizacao-do-aborto\/","title":{"rendered":"Tal\u00edria Petrone: &#8220;Eu escolhi ser m\u00e3e e sigo defendendo a legaliza\u00e7\u00e3o do aborto&#8221;"},"content":{"rendered":"<p class=\"p1\">Hora de falar s\u00e9rio e fazer o debate. Eu ESCOLHI ser m\u00e3e e sigo defendendo a legaliza\u00e7\u00e3o do aborto. A MINHA escolha n\u00e3o \u00e9 a escolha de todas as mulheres. Do mesmo modo, o direito ao aborto seguro n\u00e3o obriga mulheres a interromperem a gravidez. E por que legalizar?<\/p>\n<p class=\"p1\">Defender a legaliza\u00e7\u00e3o n\u00e3o \u00e9 defender o aborto. A f\u00e9 e valores individuais devem ser preservados pra quem for contra, mas n\u00e3o podem motivar leis num Estado Laico e que deve servir ao bem comum. Evid\u00eancias, ci\u00eancia e estat\u00edstica devem motivar legisla\u00e7\u00f5es.<\/p>\n<p class=\"p1\">O aborto ilegal \u00e9 uma das principais causas de mortes maternas, em sua maioria de mulheres negras e pobres. As ricas (parte delas religiosas, ali\u00e1s) t\u00eam acesso ao aborto seguro porque podem pagar. Isso \u00e9 quest\u00e3o de sa\u00fade p\u00fablica, n\u00e3o de pol\u00edcia. \u00c9 papel do Estado garantir a vida das mulheres.<\/p>\n<p class=\"p1\">A ilegalidade do aborto n\u00e3o impede que ele ocorra. S\u00e3o quase 1 milh\u00e3o por ano aqui. Mulheres abortam por desespero, medo, falta de condi\u00e7\u00f5es. S\u00e3o tantos os motivos e nunca \u00e9 algo confort\u00e1vel. Com tanto abandono paterno, a culpa \u00e9 da mulher por que mesmo? Eu hein&#8230;<\/p>\n<p class=\"p1\">N\u00e3o \u00e9 verdade que se legalizar, o aborto ser\u00e1 usado como m\u00e9todo contraceptivo. Pa\u00edses onde o aborto \u00e9 legal mostram o oposto. Esse argumento \u00e9 absurdo e antievid\u00eancia! Legaliza\u00e7\u00e3o aumenta informa\u00e7\u00e3o, o acolhimento e o debate sobre gesta\u00e7\u00e3o indesejada.<\/p>\n<p class=\"p1\">Os mesmos que mentem sobre o significado da legaliza\u00e7\u00e3o do aborto, dialogando com a desinforma\u00e7\u00e3o e fundamentalismo, s\u00e3o contra a preven\u00e7\u00e3o \u00e0 gesta\u00e7\u00e3o indesejada. N\u00e3o querem falar sobre educa\u00e7\u00e3o sexual nas escolas, interditam debate t\u00e3o importante!<\/p>\n<p class=\"p1\">Defender que o aborto \u00e9 quest\u00e3o de sa\u00fade p\u00fablica e que interfere no corpo da mulher \u00e9 defender a vida! Educa\u00e7\u00e3o sexual pra prevenir, contraceptivos pra n\u00e3o engravidar, aborto legal, p\u00fablico e seguro pra n\u00e3o morrer!<\/p>\n<p><em><strong>Tal\u00edria Petrone<\/strong><\/em><br \/>\n<em><strong>Deputada Federal do PSOL-RJ<\/strong><\/em><\/p>\n","protected":false},"excerpt":{"rendered":"<p>Hora de falar s\u00e9rio e fazer o debate. Eu ESCOLHI ser m\u00e3e e sigo defendendo a legaliza\u00e7\u00e3o do aborto. A MINHA escolha n\u00e3o \u00e9 a escolha de todas as mulheres. Do mesmo modo, o direito ao aborto seguro n\u00e3o obriga mulheres a interromperem a gravidez. E por que legalizar? Defender a legaliza\u00e7\u00e3o n\u00e3o \u00e9 defender [&hellip;]<\/p>\n","protected":false},"author":2,"featured_media":27189,"comment_status":"closed","ping_status":"open","sticky":false,"template":"","format":"standard","meta":{"_acf_changed":false,"footnotes":""},"categories":[6],"tags":[824,31,22,9],"class_list":{"0":"post-27188","1":"post","2":"type-post","3":"status-publish","4":"format-standard","5":"has-post-thumbnail","7":"category-noticias","8":"tag-aborto","9":"tag-maternidade","10":"tag-psol","11":"tag-taliria"},"acf":[],"yoast_head":"<!-- This site is optimized with the Yoast SEO plugin v26.5 - https:\/\/yoast.com\/wordpress\/plugins\/seo\/ -->\n<title>Tal\u00edria Petrone: &quot;Eu escolhi ser m\u00e3e e sigo defendendo a legaliza\u00e7\u00e3o do aborto&quot; - PSOL 50<\/title>\n<meta name=\"description\" content=\"Deputado bolsonarista questionou Tal\u00edria Petrone sobre maternidade. Leia o testemunho da deputada do PSOL.\" \/>\n<meta name=\"robots\" content=\"index, follow, max-snippet:-1, max-image-preview:large, max-video-preview:-1\" \/>\n<link rel=\"canonical\" href=\"https:\/\/psol50.org.br\/taliria-petrone-eu-escolhi-ser-mae-e-sigo-defendendo-a-legalizacao-do-aborto\/\" \/>\n<meta property=\"og:locale\" content=\"pt_BR\" \/>\n<meta property=\"og:type\" content=\"article\" \/>\n<meta property=\"og:title\" content=\"Tal\u00edria: &quot;Eu escolhi ser m\u00e3e e sigo defendendo a legaliza\u00e7\u00e3o do aborto&quot;\" \/>\n<meta property=\"og:description\" content=\"Deputado bolsonarista questionou Tal\u00edria Petrone sobre maternidade. Leia o testemunho da deputada do PSOL.\" \/>\n<meta property=\"og:url\" content=\"https:\/\/psol50.org.br\/taliria-petrone-eu-escolhi-ser-mae-e-sigo-defendendo-a-legalizacao-do-aborto\/\" \/>\n<meta property=\"og:site_name\" content=\"PSOL 50\" \/>\n<meta property=\"article:publisher\" content=\"https:\/\/www.facebook.com\/psol50\" \/>\n<meta property=\"article:published_time\" content=\"2019-12-20T14:31:20+00:00\" \/>\n<meta property=\"og:image\" content=\"https:\/\/psol50.org.br\/inc\/uploads\/2019\/12\/taliriapetrone.jpg\" \/>\n\t<meta property=\"og:image:width\" content=\"1260\" \/>\n\t<meta property=\"og:image:height\" content=\"662\" \/>\n\t<meta property=\"og:image:type\" content=\"image\/jpeg\" \/>\n<meta name=\"author\" content=\"Comunica\u00e7\u00e3o PSOL\" \/>\n<meta name=\"twitter:card\" content=\"summary_large_image\" \/>\n<meta name=\"twitter:title\" content=\"Tal\u00edria: &quot;Eu escolhi ser m\u00e3e e sigo defendendo a legaliza\u00e7\u00e3o do aborto&quot;\" \/>\n<meta name=\"twitter:description\" content=\"Deputado bolsonarista questionou Tal\u00edria Petrone sobre maternidade. Leia o testemunho da deputada do PSOL.\" \/>\n<meta name=\"twitter:image\" content=\"https:\/\/psol50.org.br\/inc\/uploads\/2019\/12\/taliriapetrone.jpg\" \/>\n<meta name=\"twitter:creator\" content=\"@psol50\" \/>\n<meta name=\"twitter:site\" content=\"@psol50\" \/>\n<meta name=\"twitter:label1\" content=\"Escrito por\" \/>\n\t<meta name=\"twitter:data1\" content=\"Comunica\u00e7\u00e3o PSOL\" \/>\n\t<meta name=\"twitter:label2\" content=\"Est. tempo de leitura\" \/>\n\t<meta name=\"twitter:data2\" content=\"2 minutos\" \/>\n<script type=\"application\/ld+json\" class=\"yoast-schema-graph\">{\"@context\":\"https:\/\/schema.org\",\"@graph\":[{\"@type\":\"Article\",\"@id\":\"https:\/\/psol50.org.br\/taliria-petrone-eu-escolhi-ser-mae-e-sigo-defendendo-a-legalizacao-do-aborto\/#article\",\"isPartOf\":{\"@id\":\"https:\/\/psol50.org.br\/taliria-petrone-eu-escolhi-ser-mae-e-sigo-defendendo-a-legalizacao-do-aborto\/\"},\"author\":{\"name\":\"Comunica\u00e7\u00e3o PSOL\",\"@id\":\"https:\/\/psol50.org.br\/#\/schema\/person\/475dfa57d0b815993c714c2e96491fcd\"},\"headline\":\"Tal\u00edria Petrone: &#8220;Eu escolhi ser m\u00e3e e sigo defendendo a legaliza\u00e7\u00e3o do aborto&#8221;\",\"datePublished\":\"2019-12-20T14:31:20+00:00\",\"mainEntityOfPage\":{\"@id\":\"https:\/\/psol50.org.br\/taliria-petrone-eu-escolhi-ser-mae-e-sigo-defendendo-a-legalizacao-do-aborto\/\"},\"wordCount\":356,\"publisher\":{\"@id\":\"https:\/\/psol50.org.br\/#organization\"},\"image\":{\"@id\":\"https:\/\/psol50.org.br\/taliria-petrone-eu-escolhi-ser-mae-e-sigo-defendendo-a-legalizacao-do-aborto\/#primaryimage\"},\"thumbnailUrl\":\"https:\/\/psol50.org.br\/inc\/uploads\/2019\/12\/taliriapetrone.jpg\",\"keywords\":[\"aborto\",\"maternidade\",\"PSOL\",\"tal\u00edria\"],\"articleSection\":[\"Not\u00edcias\"],\"inLanguage\":\"pt-BR\"},{\"@type\":\"WebPage\",\"@id\":\"https:\/\/psol50.org.br\/taliria-petrone-eu-escolhi-ser-mae-e-sigo-defendendo-a-legalizacao-do-aborto\/\",\"url\":\"https:\/\/psol50.org.br\/taliria-petrone-eu-escolhi-ser-mae-e-sigo-defendendo-a-legalizacao-do-aborto\/\",\"name\":\"Tal\u00edria Petrone: \\\"Eu escolhi ser m\u00e3e e sigo defendendo a legaliza\u00e7\u00e3o do aborto\\\" - PSOL 50\",\"isPartOf\":{\"@id\":\"https:\/\/psol50.org.br\/#website\"},\"primaryImageOfPage\":{\"@id\":\"https:\/\/psol50.org.br\/taliria-petrone-eu-escolhi-ser-mae-e-sigo-defendendo-a-legalizacao-do-aborto\/#primaryimage\"},\"image\":{\"@id\":\"https:\/\/psol50.org.br\/taliria-petrone-eu-escolhi-ser-mae-e-sigo-defendendo-a-legalizacao-do-aborto\/#primaryimage\"},\"thumbnailUrl\":\"https:\/\/psol50.org.br\/inc\/uploads\/2019\/12\/taliriapetrone.jpg\",\"datePublished\":\"2019-12-20T14:31:20+00:00\",\"description\":\"Deputado bolsonarista questionou Tal\u00edria Petrone sobre maternidade. Leia o testemunho da deputada do PSOL.\",\"breadcrumb\":{\"@id\":\"https:\/\/psol50.org.br\/taliria-petrone-eu-escolhi-ser-mae-e-sigo-defendendo-a-legalizacao-do-aborto\/#breadcrumb\"},\"inLanguage\":\"pt-BR\",\"potentialAction\":[{\"@type\":\"ReadAction\",\"target\":[\"https:\/\/psol50.org.br\/taliria-petrone-eu-escolhi-ser-mae-e-sigo-defendendo-a-legalizacao-do-aborto\/\"]}]},{\"@type\":\"ImageObject\",\"inLanguage\":\"pt-BR\",\"@id\":\"https:\/\/psol50.org.br\/taliria-petrone-eu-escolhi-ser-mae-e-sigo-defendendo-a-legalizacao-do-aborto\/#primaryimage\",\"url\":\"https:\/\/psol50.org.br\/inc\/uploads\/2019\/12\/taliriapetrone.jpg\",\"contentUrl\":\"https:\/\/psol50.org.br\/inc\/uploads\/2019\/12\/taliriapetrone.jpg\",\"width\":1260,\"height\":662,\"caption\":\"Foto: C\u00e2mara Federal\"},{\"@type\":\"BreadcrumbList\",\"@id\":\"https:\/\/psol50.org.br\/taliria-petrone-eu-escolhi-ser-mae-e-sigo-defendendo-a-legalizacao-do-aborto\/#breadcrumb\",\"itemListElement\":[{\"@type\":\"ListItem\",\"position\":1,\"name\":\"In\u00edcio\",\"item\":\"https:\/\/psol50.org.br\/\"},{\"@type\":\"ListItem\",\"position\":2,\"name\":\"Tal\u00edria Petrone: &#8220;Eu escolhi ser m\u00e3e e sigo defendendo a legaliza\u00e7\u00e3o do aborto&#8221;\"}]},{\"@type\":\"WebSite\",\"@id\":\"https:\/\/psol50.org.br\/#website\",\"url\":\"https:\/\/psol50.org.br\/\",\"name\":\"PSOL 50\",\"description\":\"Site oficial do Partido Socialismo e Liberdade\",\"publisher\":{\"@id\":\"https:\/\/psol50.org.br\/#organization\"},\"alternateName\":\"PSOL50\",\"potentialAction\":[{\"@type\":\"SearchAction\",\"target\":{\"@type\":\"EntryPoint\",\"urlTemplate\":\"https:\/\/psol50.org.br\/?s={search_term_string}\"},\"query-input\":{\"@type\":\"PropertyValueSpecification\",\"valueRequired\":true,\"valueName\":\"search_term_string\"}}],\"inLanguage\":\"pt-BR\"},{\"@type\":\"Organization\",\"@id\":\"https:\/\/psol50.org.br\/#organization\",\"name\":\"PSOL 50\",\"alternateName\":\"PSOL 50\",\"url\":\"https:\/\/psol50.org.br\/\",\"logo\":{\"@type\":\"ImageObject\",\"inLanguage\":\"pt-BR\",\"@id\":\"https:\/\/psol50.org.br\/#\/schema\/logo\/image\/\",\"url\":\"https:\/\/psol50.org.br\/inc\/uploads\/2018\/07\/capa.png\",\"contentUrl\":\"https:\/\/psol50.org.br\/inc\/uploads\/2018\/07\/capa.png\",\"width\":1350,\"height\":900,\"caption\":\"PSOL 50\"},\"image\":{\"@id\":\"https:\/\/psol50.org.br\/#\/schema\/logo\/image\/\"},\"sameAs\":[\"https:\/\/www.facebook.com\/psol50\",\"https:\/\/x.com\/psol50\",\"https:\/\/www.instagram.com\/psol50\/\",\"https:\/\/www.youtube.com\/channel\/UC7SnJS5o1os7a6CaiNabzcg\"]},{\"@type\":\"Person\",\"@id\":\"https:\/\/psol50.org.br\/#\/schema\/person\/475dfa57d0b815993c714c2e96491fcd\",\"name\":\"Comunica\u00e7\u00e3o PSOL\",\"image\":{\"@type\":\"ImageObject\",\"inLanguage\":\"pt-BR\",\"@id\":\"https:\/\/psol50.org.br\/#\/schema\/person\/image\/\",\"url\":\"https:\/\/secure.gravatar.com\/avatar\/b34fc4f4e468a4e51785917065a3db57b841f5c95dba6ad8c73aaf8f66f8f9bf?s=96&d=mm&r=g\",\"contentUrl\":\"https:\/\/secure.gravatar.com\/avatar\/b34fc4f4e468a4e51785917065a3db57b841f5c95dba6ad8c73aaf8f66f8f9bf?s=96&d=mm&r=g\",\"caption\":\"Comunica\u00e7\u00e3o PSOL\"}}]}<\/script>\n<!-- \/ Yoast SEO plugin. -->","yoast_head_json":{"title":"Tal\u00edria Petrone: \"Eu escolhi ser m\u00e3e e sigo defendendo a legaliza\u00e7\u00e3o do aborto\" - PSOL 50","description":"Deputado bolsonarista questionou Tal\u00edria Petrone sobre maternidade. Leia o testemunho da deputada do PSOL.","robots":{"index":"index","follow":"follow","max-snippet":"max-snippet:-1","max-image-preview":"max-image-preview:large","max-video-preview":"max-video-preview:-1"},"canonical":"https:\/\/psol50.org.br\/taliria-petrone-eu-escolhi-ser-mae-e-sigo-defendendo-a-legalizacao-do-aborto\/","og_locale":"pt_BR","og_type":"article","og_title":"Tal\u00edria: \"Eu escolhi ser m\u00e3e e sigo defendendo a legaliza\u00e7\u00e3o do aborto\"","og_description":"Deputado bolsonarista questionou Tal\u00edria Petrone sobre maternidade. Leia o testemunho da deputada do PSOL.","og_url":"https:\/\/psol50.org.br\/taliria-petrone-eu-escolhi-ser-mae-e-sigo-defendendo-a-legalizacao-do-aborto\/","og_site_name":"PSOL 50","article_publisher":"https:\/\/www.facebook.com\/psol50","article_published_time":"2019-12-20T14:31:20+00:00","og_image":[{"width":1260,"height":662,"url":"https:\/\/psol50.org.br\/inc\/uploads\/2019\/12\/taliriapetrone.jpg","type":"image\/jpeg"}],"author":"Comunica\u00e7\u00e3o PSOL","twitter_card":"summary_large_image","twitter_title":"Tal\u00edria: \"Eu escolhi ser m\u00e3e e sigo defendendo a legaliza\u00e7\u00e3o do aborto\"","twitter_description":"Deputado bolsonarista questionou Tal\u00edria Petrone sobre maternidade. Leia o testemunho da deputada do PSOL.","twitter_image":"https:\/\/psol50.org.br\/inc\/uploads\/2019\/12\/taliriapetrone.jpg","twitter_creator":"@psol50","twitter_site":"@psol50","twitter_misc":{"Escrito por":"Comunica\u00e7\u00e3o PSOL","Est. tempo de leitura":"2 minutos"},"schema":{"@context":"https:\/\/schema.org","@graph":[{"@type":"Article","@id":"https:\/\/psol50.org.br\/taliria-petrone-eu-escolhi-ser-mae-e-sigo-defendendo-a-legalizacao-do-aborto\/#article","isPartOf":{"@id":"https:\/\/psol50.org.br\/taliria-petrone-eu-escolhi-ser-mae-e-sigo-defendendo-a-legalizacao-do-aborto\/"},"author":{"name":"Comunica\u00e7\u00e3o PSOL","@id":"https:\/\/psol50.org.br\/#\/schema\/person\/475dfa57d0b815993c714c2e96491fcd"},"headline":"Tal\u00edria Petrone: &#8220;Eu escolhi ser m\u00e3e e sigo defendendo a legaliza\u00e7\u00e3o do aborto&#8221;","datePublished":"2019-12-20T14:31:20+00:00","mainEntityOfPage":{"@id":"https:\/\/psol50.org.br\/taliria-petrone-eu-escolhi-ser-mae-e-sigo-defendendo-a-legalizacao-do-aborto\/"},"wordCount":356,"publisher":{"@id":"https:\/\/psol50.org.br\/#organization"},"image":{"@id":"https:\/\/psol50.org.br\/taliria-petrone-eu-escolhi-ser-mae-e-sigo-defendendo-a-legalizacao-do-aborto\/#primaryimage"},"thumbnailUrl":"https:\/\/psol50.org.br\/inc\/uploads\/2019\/12\/taliriapetrone.jpg","keywords":["aborto","maternidade","PSOL","tal\u00edria"],"articleSection":["Not\u00edcias"],"inLanguage":"pt-BR"},{"@type":"WebPage","@id":"https:\/\/psol50.org.br\/taliria-petrone-eu-escolhi-ser-mae-e-sigo-defendendo-a-legalizacao-do-aborto\/","url":"https:\/\/psol50.org.br\/taliria-petrone-eu-escolhi-ser-mae-e-sigo-defendendo-a-legalizacao-do-aborto\/","name":"Tal\u00edria Petrone: \"Eu escolhi ser m\u00e3e e sigo defendendo a legaliza\u00e7\u00e3o do aborto\" - PSOL 50","isPartOf":{"@id":"https:\/\/psol50.org.br\/#website"},"primaryImageOfPage":{"@id":"https:\/\/psol50.org.br\/taliria-petrone-eu-escolhi-ser-mae-e-sigo-defendendo-a-legalizacao-do-aborto\/#primaryimage"},"image":{"@id":"https:\/\/psol50.org.br\/taliria-petrone-eu-escolhi-ser-mae-e-sigo-defendendo-a-legalizacao-do-aborto\/#primaryimage"},"thumbnailUrl":"https:\/\/psol50.org.br\/inc\/uploads\/2019\/12\/taliriapetrone.jpg","datePublished":"2019-12-20T14:31:20+00:00","description":"Deputado bolsonarista questionou Tal\u00edria Petrone sobre maternidade. Leia o testemunho da deputada do PSOL.","breadcrumb":{"@id":"https:\/\/psol50.org.br\/taliria-petrone-eu-escolhi-ser-mae-e-sigo-defendendo-a-legalizacao-do-aborto\/#breadcrumb"},"inLanguage":"pt-BR","potentialAction":[{"@type":"ReadAction","target":["https:\/\/psol50.org.br\/taliria-petrone-eu-escolhi-ser-mae-e-sigo-defendendo-a-legalizacao-do-aborto\/"]}]},{"@type":"ImageObject","inLanguage":"pt-BR","@id":"https:\/\/psol50.org.br\/taliria-petrone-eu-escolhi-ser-mae-e-sigo-defendendo-a-legalizacao-do-aborto\/#primaryimage","url":"https:\/\/psol50.org.br\/inc\/uploads\/2019\/12\/taliriapetrone.jpg","contentUrl":"https:\/\/psol50.org.br\/inc\/uploads\/2019\/12\/taliriapetrone.jpg","width":1260,"height":662,"caption":"Foto: C\u00e2mara Federal"},{"@type":"BreadcrumbList","@id":"https:\/\/psol50.org.br\/taliria-petrone-eu-escolhi-ser-mae-e-sigo-defendendo-a-legalizacao-do-aborto\/#breadcrumb","itemListElement":[{"@type":"ListItem","position":1,"name":"In\u00edcio","item":"https:\/\/psol50.org.br\/"},{"@type":"ListItem","position":2,"name":"Tal\u00edria Petrone: &#8220;Eu escolhi ser m\u00e3e e sigo defendendo a legaliza\u00e7\u00e3o do aborto&#8221;"}]},{"@type":"WebSite","@id":"https:\/\/psol50.org.br\/#website","url":"https:\/\/psol50.org.br\/","name":"PSOL 50","description":"Site oficial do Partido Socialismo e Liberdade","publisher":{"@id":"https:\/\/psol50.org.br\/#organization"},"alternateName":"PSOL50","potentialAction":[{"@type":"SearchAction","target":{"@type":"EntryPoint","urlTemplate":"https:\/\/psol50.org.br\/?s={search_term_string}"},"query-input":{"@type":"PropertyValueSpecification","valueRequired":true,"valueName":"search_term_string"}}],"inLanguage":"pt-BR"},{"@type":"Organization","@id":"https:\/\/psol50.org.br\/#organization","name":"PSOL 50","alternateName":"PSOL 50","url":"https:\/\/psol50.org.br\/","logo":{"@type":"ImageObject","inLanguage":"pt-BR","@id":"https:\/\/psol50.org.br\/#\/schema\/logo\/image\/","url":"https:\/\/psol50.org.br\/inc\/uploads\/2018\/07\/capa.png","contentUrl":"https:\/\/psol50.org.br\/inc\/uploads\/2018\/07\/capa.png","width":1350,"height":900,"caption":"PSOL 50"},"image":{"@id":"https:\/\/psol50.org.br\/#\/schema\/logo\/image\/"},"sameAs":["https:\/\/www.facebook.com\/psol50","https:\/\/x.com\/psol50","https:\/\/www.instagram.com\/psol50\/","https:\/\/www.youtube.com\/channel\/UC7SnJS5o1os7a6CaiNabzcg"]},{"@type":"Person","@id":"https:\/\/psol50.org.br\/#\/schema\/person\/475dfa57d0b815993c714c2e96491fcd","name":"Comunica\u00e7\u00e3o PSOL","image":{"@type":"ImageObject","inLanguage":"pt-BR","@id":"https:\/\/psol50.org.br\/#\/schema\/person\/image\/","url":"https:\/\/secure.gravatar.com\/avatar\/b34fc4f4e468a4e51785917065a3db57b841f5c95dba6ad8c73aaf8f66f8f9bf?s=96&d=mm&r=g","contentUrl":"https:\/\/secure.gravatar.com\/avatar\/b34fc4f4e468a4e51785917065a3db57b841f5c95dba6ad8c73aaf8f66f8f9bf?s=96&d=mm&r=g","caption":"Comunica\u00e7\u00e3o PSOL"}}]}},"_links":{"self":[{"href":"https:\/\/psol50.org.br\/rest\/wp\/v2\/posts\/27188","targetHints":{"allow":["GET"]}}],"collection":[{"href":"https:\/\/psol50.org.br\/rest\/wp\/v2\/posts"}],"about":[{"href":"https:\/\/psol50.org.br\/rest\/wp\/v2\/types\/post"}],"author":[{"embeddable":true,"href":"https:\/\/psol50.org.br\/rest\/wp\/v2\/users\/2"}],"replies":[{"embeddable":true,"href":"https:\/\/psol50.org.br\/rest\/wp\/v2\/comments?post=27188"}],"version-history":[{"count":0,"href":"https:\/\/psol50.org.br\/rest\/wp\/v2\/posts\/27188\/revisions"}],"wp:featuredmedia":[{"embeddable":true,"href":"https:\/\/psol50.org.br\/rest\/wp\/v2\/media\/27189"}],"wp:attachment":[{"href":"https:\/\/psol50.org.br\/rest\/wp\/v2\/media?parent=27188"}],"wp:term":[{"taxonomy":"category","embeddable":true,"href":"https:\/\/psol50.org.br\/rest\/wp\/v2\/categories?post=27188"},{"taxonomy":"post_tag","embeddable":true,"href":"https:\/\/psol50.org.br\/rest\/wp\/v2\/tags?post=27188"}],"curies":[{"name":"wp","href":"https:\/\/api.w.org\/{rel}","templated":true}]}}