{"id":27195,"date":"2019-12-20T17:15:36","date_gmt":"2019-12-20T20:15:36","guid":{"rendered":"http:\/\/psol50.org.br\/?p=27195"},"modified":"2019-12-20T17:15:36","modified_gmt":"2019-12-20T20:15:36","slug":"policia-federal-indicia-agressores-de-edmilson-rodrigues-deputado-do-psol","status":"publish","type":"post","link":"https:\/\/psol50.org.br\/policia-federal-indicia-agressores-de-edmilson-rodrigues-deputado-do-psol\/","title":{"rendered":"Pol\u00edcia Federal indicia agressores de Edmilson Rodrigues, deputado do PSOL"},"content":{"rendered":"<p><em>Originalmente publicado <a href=\"https:\/\/www.edmilsonpsol.com.br\/policia-federal-indicia-agressores-de-edmilson\/\" target=\"_blank\" rel=\"noopener noreferrer\">no site do deputado Edmilson Rodrigues.<\/a><\/em><\/p>\n<p>A Pol\u00edcia Federal do Par\u00e1 indiciou as duas pessoas envolvidas na agress\u00e3o a Edmilson Rodrigues, no dia 1\u00ba de julho deste ano. O fato ocorreu em um supermercado de Bel\u00e9m do Par\u00e1 quando um dos indiciados, sem motivo objetivo, agrediu verbalmente Edmilson, ofendendo-o e amea\u00e7ando-o com gritos de: \u201cos vermelhos t\u00eam que morrer\u201d.<\/p>\n<p>A PF ouviu diversas testemunhas no inqu\u00e9rito. Dos envolvidos, o primeiro a depor foi um homem de 22 anos, de nome Dorival, morador de Bel\u00e9m, que aparece de camisa vermelha nas imagens. O outro envolvido a depor foi Rog\u00e9rio dos Santos F. Gon\u00e7alves, 56 anos, morador de Piracicaba (SP), o mais exaltado, e que precisou ser contido para que n\u00e3o agredisse fisicamente o deputado. Rog\u00e9rio, que aparece de camisa verde-claro nas imagens, fugiu do local quando o deputado acionou a Pol\u00edcia do Par\u00e1.<\/p>\n<p>O delegado da Pol\u00edcia Federal relatou o caso ao procurador e decidiu indiciar os dois envolvidos pelo crime de inj\u00faria \u2013 artigo 140 do c\u00f3digo penal: Injuriar algu\u00e9m, ofendendo-lhe a dignidade ou o decoro \u2013 cuja pena pode variar de 1 a 6 meses de deten\u00e7\u00e3o ou multa.<\/p>\n<p>\u201cLamento o ocorrido e o constrangimento causado aos que estavam no supermercado e tamb\u00e9m agrade\u00e7o aos que se solidarizaram em todo o pa\u00eds. Naquela noite de uma segunda-feira, ap\u00f3s um dia de trabalho incluindo tr\u00eas audi\u00eancias, e horas antes de viajar para mais uma semana de trabalho em Bras\u00edlia, tudo o que eu queria era estar junto \u00e0 minha fam\u00edlia. Quem me conhece sabe que sou um parlamentar aberto ao di\u00e1logo, participo de diversas atividades na cidade, sem nunca ter sofrido uma agress\u00e3o deste tipo. Agrade\u00e7o e parabenizo o delegado da Pol\u00edcia Federal pela conclus\u00e3o do inqu\u00e9rito, com o indiciamento dos agressores. Jamais aceitarei agress\u00f5es e vilip\u00eandios \u00e0 minha dignidade ou a de qualquer pessoa, porque ser\u00e1 a luta pela paz e pela justi\u00e7a que estar\u00e1 sendo agredida\u201d, afirmou o deputado.<\/p>\n","protected":false},"excerpt":{"rendered":"<p>Originalmente publicado no site do deputado Edmilson Rodrigues. A Pol\u00edcia Federal do Par\u00e1 indiciou as duas pessoas envolvidas na agress\u00e3o a Edmilson Rodrigues, no dia 1\u00ba de julho deste ano. O fato ocorreu em um supermercado de Bel\u00e9m do Par\u00e1 quando um dos indiciados, sem motivo objetivo, agrediu verbalmente Edmilson, ofendendo-o e amea\u00e7ando-o com gritos [&hellip;]<\/p>\n","protected":false},"author":2,"featured_media":27196,"comment_status":"closed","ping_status":"open","sticky":false,"template":"","format":"standard","meta":{"_acf_changed":false,"footnotes":""},"categories":[6],"tags":[1937,973,50,457],"class_list":{"0":"post-27195","1":"post","2":"type-post","3":"status-publish","4":"format-standard","5":"has-post-thumbnail","7":"category-noticias","8":"tag-agressao","9":"tag-edmilson-rodrigues","10":"tag-para","11":"tag-policia-federal"},"acf":[],"yoast_head":"<!-- This site is optimized with the Yoast SEO plugin v26.5 - https:\/\/yoast.com\/wordpress\/plugins\/seo\/ -->\n<title>Pol\u00edcia Federal indicia agressores de Edmilson Rodrigues, deputado do PSOL<\/title>\n<meta name=\"description\" content=\"O fato ocorreu em um supermercado de Bel\u00e9m do Par\u00e1. As agress\u00f5es aconteceram aos berros de \u201cos vermelhos t\u00eam que morrer\u201d.\" \/>\n<meta name=\"robots\" content=\"index, follow, max-snippet:-1, max-image-preview:large, max-video-preview:-1\" \/>\n<link rel=\"canonical\" href=\"https:\/\/psol50.org.br\/policia-federal-indicia-agressores-de-edmilson-rodrigues-deputado-do-psol\/\" \/>\n<meta property=\"og:locale\" content=\"pt_BR\" \/>\n<meta property=\"og:type\" content=\"article\" \/>\n<meta property=\"og:title\" content=\"Pol\u00edcia Federal indicia agressores de Edmilson Rodrigues, deputado do PSOL\" \/>\n<meta property=\"og:description\" content=\"O fato ocorreu em um supermercado de Bel\u00e9m do Par\u00e1. As agress\u00f5es aconteceram aos berros de \u201cos vermelhos t\u00eam que morrer\u201d.\" \/>\n<meta property=\"og:url\" content=\"https:\/\/psol50.org.br\/policia-federal-indicia-agressores-de-edmilson-rodrigues-deputado-do-psol\/\" \/>\n<meta property=\"og:site_name\" content=\"PSOL 50\" \/>\n<meta property=\"article:publisher\" content=\"https:\/\/www.facebook.com\/psol50\" \/>\n<meta property=\"article:published_time\" content=\"2019-12-20T20:15:36+00:00\" \/>\n<meta property=\"og:image\" content=\"https:\/\/psol50.org.br\/inc\/uploads\/2019\/12\/6c4591ae-7b98-4216-8e29-43ee53b3de35-1024x653-1.jpg\" \/>\n\t<meta property=\"og:image:width\" content=\"1024\" \/>\n\t<meta property=\"og:image:height\" content=\"653\" \/>\n\t<meta property=\"og:image:type\" content=\"image\/jpeg\" \/>\n<meta name=\"author\" content=\"Comunica\u00e7\u00e3o PSOL\" \/>\n<meta name=\"twitter:card\" content=\"summary_large_image\" \/>\n<meta name=\"twitter:title\" content=\"Pol\u00edcia Federal indicia agressores de Edmilson Rodrigues, deputado do PSOL\" \/>\n<meta name=\"twitter:description\" content=\"O fato ocorreu em um supermercado de Bel\u00e9m do Par\u00e1. As agress\u00f5es aconteceram aos berros de \u201cos vermelhos t\u00eam que morrer\u201d.\" \/>\n<meta name=\"twitter:image\" content=\"https:\/\/psol50.org.br\/inc\/uploads\/2019\/12\/6c4591ae-7b98-4216-8e29-43ee53b3de35-1024x653-1.jpg\" \/>\n<meta name=\"twitter:creator\" content=\"@psol50\" \/>\n<meta name=\"twitter:site\" content=\"@psol50\" \/>\n<meta name=\"twitter:label1\" content=\"Escrito por\" \/>\n\t<meta name=\"twitter:data1\" content=\"Comunica\u00e7\u00e3o PSOL\" \/>\n\t<meta name=\"twitter:label2\" content=\"Est. tempo de leitura\" \/>\n\t<meta name=\"twitter:data2\" content=\"2 minutos\" \/>\n<script type=\"application\/ld+json\" class=\"yoast-schema-graph\">{\"@context\":\"https:\/\/schema.org\",\"@graph\":[{\"@type\":\"Article\",\"@id\":\"https:\/\/psol50.org.br\/policia-federal-indicia-agressores-de-edmilson-rodrigues-deputado-do-psol\/#article\",\"isPartOf\":{\"@id\":\"https:\/\/psol50.org.br\/policia-federal-indicia-agressores-de-edmilson-rodrigues-deputado-do-psol\/\"},\"author\":{\"name\":\"Comunica\u00e7\u00e3o PSOL\",\"@id\":\"https:\/\/psol50.org.br\/#\/schema\/person\/475dfa57d0b815993c714c2e96491fcd\"},\"headline\":\"Pol\u00edcia Federal indicia agressores de Edmilson Rodrigues, deputado do PSOL\",\"datePublished\":\"2019-12-20T20:15:36+00:00\",\"mainEntityOfPage\":{\"@id\":\"https:\/\/psol50.org.br\/policia-federal-indicia-agressores-de-edmilson-rodrigues-deputado-do-psol\/\"},\"wordCount\":358,\"publisher\":{\"@id\":\"https:\/\/psol50.org.br\/#organization\"},\"image\":{\"@id\":\"https:\/\/psol50.org.br\/policia-federal-indicia-agressores-de-edmilson-rodrigues-deputado-do-psol\/#primaryimage\"},\"thumbnailUrl\":\"https:\/\/psol50.org.br\/inc\/uploads\/2019\/12\/6c4591ae-7b98-4216-8e29-43ee53b3de35-1024x653-1.jpg\",\"keywords\":[\"agress\u00e3o\",\"Edmilson Rodrigues\",\"Par\u00e1\",\"Pol\u00edcia Federal\"],\"articleSection\":[\"Not\u00edcias\"],\"inLanguage\":\"pt-BR\"},{\"@type\":\"WebPage\",\"@id\":\"https:\/\/psol50.org.br\/policia-federal-indicia-agressores-de-edmilson-rodrigues-deputado-do-psol\/\",\"url\":\"https:\/\/psol50.org.br\/policia-federal-indicia-agressores-de-edmilson-rodrigues-deputado-do-psol\/\",\"name\":\"Pol\u00edcia Federal indicia agressores de Edmilson Rodrigues, deputado do PSOL\",\"isPartOf\":{\"@id\":\"https:\/\/psol50.org.br\/#website\"},\"primaryImageOfPage\":{\"@id\":\"https:\/\/psol50.org.br\/policia-federal-indicia-agressores-de-edmilson-rodrigues-deputado-do-psol\/#primaryimage\"},\"image\":{\"@id\":\"https:\/\/psol50.org.br\/policia-federal-indicia-agressores-de-edmilson-rodrigues-deputado-do-psol\/#primaryimage\"},\"thumbnailUrl\":\"https:\/\/psol50.org.br\/inc\/uploads\/2019\/12\/6c4591ae-7b98-4216-8e29-43ee53b3de35-1024x653-1.jpg\",\"datePublished\":\"2019-12-20T20:15:36+00:00\",\"description\":\"O fato ocorreu em um supermercado de Bel\u00e9m do Par\u00e1. As agress\u00f5es aconteceram aos berros de \u201cos vermelhos t\u00eam que morrer\u201d.\",\"breadcrumb\":{\"@id\":\"https:\/\/psol50.org.br\/policia-federal-indicia-agressores-de-edmilson-rodrigues-deputado-do-psol\/#breadcrumb\"},\"inLanguage\":\"pt-BR\",\"potentialAction\":[{\"@type\":\"ReadAction\",\"target\":[\"https:\/\/psol50.org.br\/policia-federal-indicia-agressores-de-edmilson-rodrigues-deputado-do-psol\/\"]}]},{\"@type\":\"ImageObject\",\"inLanguage\":\"pt-BR\",\"@id\":\"https:\/\/psol50.org.br\/policia-federal-indicia-agressores-de-edmilson-rodrigues-deputado-do-psol\/#primaryimage\",\"url\":\"https:\/\/psol50.org.br\/inc\/uploads\/2019\/12\/6c4591ae-7b98-4216-8e29-43ee53b3de35-1024x653-1.jpg\",\"contentUrl\":\"https:\/\/psol50.org.br\/inc\/uploads\/2019\/12\/6c4591ae-7b98-4216-8e29-43ee53b3de35-1024x653-1.jpg\",\"width\":1024,\"height\":653},{\"@type\":\"BreadcrumbList\",\"@id\":\"https:\/\/psol50.org.br\/policia-federal-indicia-agressores-de-edmilson-rodrigues-deputado-do-psol\/#breadcrumb\",\"itemListElement\":[{\"@type\":\"ListItem\",\"position\":1,\"name\":\"In\u00edcio\",\"item\":\"https:\/\/psol50.org.br\/\"},{\"@type\":\"ListItem\",\"position\":2,\"name\":\"Pol\u00edcia Federal indicia agressores de Edmilson Rodrigues, deputado do PSOL\"}]},{\"@type\":\"WebSite\",\"@id\":\"https:\/\/psol50.org.br\/#website\",\"url\":\"https:\/\/psol50.org.br\/\",\"name\":\"PSOL 50\",\"description\":\"Site oficial do Partido Socialismo e Liberdade\",\"publisher\":{\"@id\":\"https:\/\/psol50.org.br\/#organization\"},\"alternateName\":\"PSOL50\",\"potentialAction\":[{\"@type\":\"SearchAction\",\"target\":{\"@type\":\"EntryPoint\",\"urlTemplate\":\"https:\/\/psol50.org.br\/?s={search_term_string}\"},\"query-input\":{\"@type\":\"PropertyValueSpecification\",\"valueRequired\":true,\"valueName\":\"search_term_string\"}}],\"inLanguage\":\"pt-BR\"},{\"@type\":\"Organization\",\"@id\":\"https:\/\/psol50.org.br\/#organization\",\"name\":\"PSOL 50\",\"alternateName\":\"PSOL 50\",\"url\":\"https:\/\/psol50.org.br\/\",\"logo\":{\"@type\":\"ImageObject\",\"inLanguage\":\"pt-BR\",\"@id\":\"https:\/\/psol50.org.br\/#\/schema\/logo\/image\/\",\"url\":\"https:\/\/psol50.org.br\/inc\/uploads\/2018\/07\/capa.png\",\"contentUrl\":\"https:\/\/psol50.org.br\/inc\/uploads\/2018\/07\/capa.png\",\"width\":1350,\"height\":900,\"caption\":\"PSOL 50\"},\"image\":{\"@id\":\"https:\/\/psol50.org.br\/#\/schema\/logo\/image\/\"},\"sameAs\":[\"https:\/\/www.facebook.com\/psol50\",\"https:\/\/x.com\/psol50\",\"https:\/\/www.instagram.com\/psol50\/\",\"https:\/\/www.youtube.com\/channel\/UC7SnJS5o1os7a6CaiNabzcg\"]},{\"@type\":\"Person\",\"@id\":\"https:\/\/psol50.org.br\/#\/schema\/person\/475dfa57d0b815993c714c2e96491fcd\",\"name\":\"Comunica\u00e7\u00e3o PSOL\",\"image\":{\"@type\":\"ImageObject\",\"inLanguage\":\"pt-BR\",\"@id\":\"https:\/\/psol50.org.br\/#\/schema\/person\/image\/\",\"url\":\"https:\/\/secure.gravatar.com\/avatar\/b34fc4f4e468a4e51785917065a3db57b841f5c95dba6ad8c73aaf8f66f8f9bf?s=96&d=mm&r=g\",\"contentUrl\":\"https:\/\/secure.gravatar.com\/avatar\/b34fc4f4e468a4e51785917065a3db57b841f5c95dba6ad8c73aaf8f66f8f9bf?s=96&d=mm&r=g\",\"caption\":\"Comunica\u00e7\u00e3o PSOL\"}}]}<\/script>\n<!-- \/ Yoast SEO plugin. -->","yoast_head_json":{"title":"Pol\u00edcia Federal indicia agressores de Edmilson Rodrigues, deputado do PSOL","description":"O fato ocorreu em um supermercado de Bel\u00e9m do Par\u00e1. As agress\u00f5es aconteceram aos berros de \u201cos vermelhos t\u00eam que morrer\u201d.","robots":{"index":"index","follow":"follow","max-snippet":"max-snippet:-1","max-image-preview":"max-image-preview:large","max-video-preview":"max-video-preview:-1"},"canonical":"https:\/\/psol50.org.br\/policia-federal-indicia-agressores-de-edmilson-rodrigues-deputado-do-psol\/","og_locale":"pt_BR","og_type":"article","og_title":"Pol\u00edcia Federal indicia agressores de Edmilson Rodrigues, deputado do PSOL","og_description":"O fato ocorreu em um supermercado de Bel\u00e9m do Par\u00e1. As agress\u00f5es aconteceram aos berros de \u201cos vermelhos t\u00eam que morrer\u201d.","og_url":"https:\/\/psol50.org.br\/policia-federal-indicia-agressores-de-edmilson-rodrigues-deputado-do-psol\/","og_site_name":"PSOL 50","article_publisher":"https:\/\/www.facebook.com\/psol50","article_published_time":"2019-12-20T20:15:36+00:00","og_image":[{"width":1024,"height":653,"url":"https:\/\/psol50.org.br\/inc\/uploads\/2019\/12\/6c4591ae-7b98-4216-8e29-43ee53b3de35-1024x653-1.jpg","type":"image\/jpeg"}],"author":"Comunica\u00e7\u00e3o PSOL","twitter_card":"summary_large_image","twitter_title":"Pol\u00edcia Federal indicia agressores de Edmilson Rodrigues, deputado do PSOL","twitter_description":"O fato ocorreu em um supermercado de Bel\u00e9m do Par\u00e1. As agress\u00f5es aconteceram aos berros de \u201cos vermelhos t\u00eam que morrer\u201d.","twitter_image":"https:\/\/psol50.org.br\/inc\/uploads\/2019\/12\/6c4591ae-7b98-4216-8e29-43ee53b3de35-1024x653-1.jpg","twitter_creator":"@psol50","twitter_site":"@psol50","twitter_misc":{"Escrito por":"Comunica\u00e7\u00e3o PSOL","Est. tempo de leitura":"2 minutos"},"schema":{"@context":"https:\/\/schema.org","@graph":[{"@type":"Article","@id":"https:\/\/psol50.org.br\/policia-federal-indicia-agressores-de-edmilson-rodrigues-deputado-do-psol\/#article","isPartOf":{"@id":"https:\/\/psol50.org.br\/policia-federal-indicia-agressores-de-edmilson-rodrigues-deputado-do-psol\/"},"author":{"name":"Comunica\u00e7\u00e3o PSOL","@id":"https:\/\/psol50.org.br\/#\/schema\/person\/475dfa57d0b815993c714c2e96491fcd"},"headline":"Pol\u00edcia Federal indicia agressores de Edmilson Rodrigues, deputado do PSOL","datePublished":"2019-12-20T20:15:36+00:00","mainEntityOfPage":{"@id":"https:\/\/psol50.org.br\/policia-federal-indicia-agressores-de-edmilson-rodrigues-deputado-do-psol\/"},"wordCount":358,"publisher":{"@id":"https:\/\/psol50.org.br\/#organization"},"image":{"@id":"https:\/\/psol50.org.br\/policia-federal-indicia-agressores-de-edmilson-rodrigues-deputado-do-psol\/#primaryimage"},"thumbnailUrl":"https:\/\/psol50.org.br\/inc\/uploads\/2019\/12\/6c4591ae-7b98-4216-8e29-43ee53b3de35-1024x653-1.jpg","keywords":["agress\u00e3o","Edmilson Rodrigues","Par\u00e1","Pol\u00edcia Federal"],"articleSection":["Not\u00edcias"],"inLanguage":"pt-BR"},{"@type":"WebPage","@id":"https:\/\/psol50.org.br\/policia-federal-indicia-agressores-de-edmilson-rodrigues-deputado-do-psol\/","url":"https:\/\/psol50.org.br\/policia-federal-indicia-agressores-de-edmilson-rodrigues-deputado-do-psol\/","name":"Pol\u00edcia Federal indicia agressores de Edmilson Rodrigues, deputado do PSOL","isPartOf":{"@id":"https:\/\/psol50.org.br\/#website"},"primaryImageOfPage":{"@id":"https:\/\/psol50.org.br\/policia-federal-indicia-agressores-de-edmilson-rodrigues-deputado-do-psol\/#primaryimage"},"image":{"@id":"https:\/\/psol50.org.br\/policia-federal-indicia-agressores-de-edmilson-rodrigues-deputado-do-psol\/#primaryimage"},"thumbnailUrl":"https:\/\/psol50.org.br\/inc\/uploads\/2019\/12\/6c4591ae-7b98-4216-8e29-43ee53b3de35-1024x653-1.jpg","datePublished":"2019-12-20T20:15:36+00:00","description":"O fato ocorreu em um supermercado de Bel\u00e9m do Par\u00e1. As agress\u00f5es aconteceram aos berros de \u201cos vermelhos t\u00eam que morrer\u201d.","breadcrumb":{"@id":"https:\/\/psol50.org.br\/policia-federal-indicia-agressores-de-edmilson-rodrigues-deputado-do-psol\/#breadcrumb"},"inLanguage":"pt-BR","potentialAction":[{"@type":"ReadAction","target":["https:\/\/psol50.org.br\/policia-federal-indicia-agressores-de-edmilson-rodrigues-deputado-do-psol\/"]}]},{"@type":"ImageObject","inLanguage":"pt-BR","@id":"https:\/\/psol50.org.br\/policia-federal-indicia-agressores-de-edmilson-rodrigues-deputado-do-psol\/#primaryimage","url":"https:\/\/psol50.org.br\/inc\/uploads\/2019\/12\/6c4591ae-7b98-4216-8e29-43ee53b3de35-1024x653-1.jpg","contentUrl":"https:\/\/psol50.org.br\/inc\/uploads\/2019\/12\/6c4591ae-7b98-4216-8e29-43ee53b3de35-1024x653-1.jpg","width":1024,"height":653},{"@type":"BreadcrumbList","@id":"https:\/\/psol50.org.br\/policia-federal-indicia-agressores-de-edmilson-rodrigues-deputado-do-psol\/#breadcrumb","itemListElement":[{"@type":"ListItem","position":1,"name":"In\u00edcio","item":"https:\/\/psol50.org.br\/"},{"@type":"ListItem","position":2,"name":"Pol\u00edcia Federal indicia agressores de Edmilson Rodrigues, deputado do PSOL"}]},{"@type":"WebSite","@id":"https:\/\/psol50.org.br\/#website","url":"https:\/\/psol50.org.br\/","name":"PSOL 50","description":"Site oficial do Partido Socialismo e Liberdade","publisher":{"@id":"https:\/\/psol50.org.br\/#organization"},"alternateName":"PSOL50","potentialAction":[{"@type":"SearchAction","target":{"@type":"EntryPoint","urlTemplate":"https:\/\/psol50.org.br\/?s={search_term_string}"},"query-input":{"@type":"PropertyValueSpecification","valueRequired":true,"valueName":"search_term_string"}}],"inLanguage":"pt-BR"},{"@type":"Organization","@id":"https:\/\/psol50.org.br\/#organization","name":"PSOL 50","alternateName":"PSOL 50","url":"https:\/\/psol50.org.br\/","logo":{"@type":"ImageObject","inLanguage":"pt-BR","@id":"https:\/\/psol50.org.br\/#\/schema\/logo\/image\/","url":"https:\/\/psol50.org.br\/inc\/uploads\/2018\/07\/capa.png","contentUrl":"https:\/\/psol50.org.br\/inc\/uploads\/2018\/07\/capa.png","width":1350,"height":900,"caption":"PSOL 50"},"image":{"@id":"https:\/\/psol50.org.br\/#\/schema\/logo\/image\/"},"sameAs":["https:\/\/www.facebook.com\/psol50","https:\/\/x.com\/psol50","https:\/\/www.instagram.com\/psol50\/","https:\/\/www.youtube.com\/channel\/UC7SnJS5o1os7a6CaiNabzcg"]},{"@type":"Person","@id":"https:\/\/psol50.org.br\/#\/schema\/person\/475dfa57d0b815993c714c2e96491fcd","name":"Comunica\u00e7\u00e3o PSOL","image":{"@type":"ImageObject","inLanguage":"pt-BR","@id":"https:\/\/psol50.org.br\/#\/schema\/person\/image\/","url":"https:\/\/secure.gravatar.com\/avatar\/b34fc4f4e468a4e51785917065a3db57b841f5c95dba6ad8c73aaf8f66f8f9bf?s=96&d=mm&r=g","contentUrl":"https:\/\/secure.gravatar.com\/avatar\/b34fc4f4e468a4e51785917065a3db57b841f5c95dba6ad8c73aaf8f66f8f9bf?s=96&d=mm&r=g","caption":"Comunica\u00e7\u00e3o PSOL"}}]}},"_links":{"self":[{"href":"https:\/\/psol50.org.br\/rest\/wp\/v2\/posts\/27195","targetHints":{"allow":["GET"]}}],"collection":[{"href":"https:\/\/psol50.org.br\/rest\/wp\/v2\/posts"}],"about":[{"href":"https:\/\/psol50.org.br\/rest\/wp\/v2\/types\/post"}],"author":[{"embeddable":true,"href":"https:\/\/psol50.org.br\/rest\/wp\/v2\/users\/2"}],"replies":[{"embeddable":true,"href":"https:\/\/psol50.org.br\/rest\/wp\/v2\/comments?post=27195"}],"version-history":[{"count":0,"href":"https:\/\/psol50.org.br\/rest\/wp\/v2\/posts\/27195\/revisions"}],"wp:featuredmedia":[{"embeddable":true,"href":"https:\/\/psol50.org.br\/rest\/wp\/v2\/media\/27196"}],"wp:attachment":[{"href":"https:\/\/psol50.org.br\/rest\/wp\/v2\/media?parent=27195"}],"wp:term":[{"taxonomy":"category","embeddable":true,"href":"https:\/\/psol50.org.br\/rest\/wp\/v2\/categories?post=27195"},{"taxonomy":"post_tag","embeddable":true,"href":"https:\/\/psol50.org.br\/rest\/wp\/v2\/tags?post=27195"}],"curies":[{"name":"wp","href":"https:\/\/api.w.org\/{rel}","templated":true}]}}