{"id":27199,"date":"2019-12-23T18:06:36","date_gmt":"2019-12-23T21:06:36","guid":{"rendered":"http:\/\/psol50.org.br\/?p=27199"},"modified":"2019-12-23T18:06:36","modified_gmt":"2019-12-23T21:06:36","slug":"fabio-felix-entra-com-representacao-contra-bolsonaro-por-lgbtfobia","status":"publish","type":"post","link":"https:\/\/psol50.org.br\/fabio-felix-entra-com-representacao-contra-bolsonaro-por-lgbtfobia\/","title":{"rendered":"F\u00e1bio F\u00e9lix entra com representa\u00e7\u00e3o contra Bolsonaro por LGBTfobia"},"content":{"rendered":"<p><em>Originalmente publicado em <a href=\"https:\/\/fabiofelix.com.br\/representacao-lgbtifobia-bolsonaro\/\" target=\"_blank\" rel=\"noopener noreferrer\">F\u00e1bio F\u00e9lix.<\/a><\/em><\/p>\n<p>O deputado distrital F\u00e1bio Felix protocolou hoje, 23, uma representa\u00e7\u00e3o contra o presidente Jair Bolsonaro por pr\u00e1tica de racismo com recorte LGBTf\u00f3bico. A medida encontra respaldo na recente decis\u00e3o do Supremo Tribunal Federal, que equipara a LGBTFobia ao crime de racismo no Brasil. Durante coletiva de imprensa realizada no Pal\u00e1cio da Alvorada na \u00faltima sexta-feira, 20, o presidente da Rep\u00fablica foi questionado acerca do tratamento dado ao filho, o senador Fl\u00e1vio Bolsonaro, em caso de \u201cdeslize\u201d por parte do parlamentar. Em resposta, Jair Bolsonaro disse ao jornalista: &#8220;Voc\u00ea tem uma cara de homossexual terr\u00edvel. Nem por isso eu te acuso de ser homossexual. Se bem que n\u00e3o \u00e9 crime ser homossexual.<em>&#8220;<\/em><\/p>\n<p>O fato descrito na representa\u00e7\u00e3o protocolada hoje na PGR foi registrado em v\u00eddeo, viralizou na internet e foi noticiado por v\u00e1rios ve\u00edculos de imprensa. A pergunta do jornalista foi realizada em meio \u00e0s repercuss\u00f5es do caso investigado pelo Minist\u00e9rio P\u00fablico do Rio de Janeiro e que colocam o senador Fl\u00e1vio Bolsonaro como suspeito da pr\u00e1tica de rachadinha. No documento encaminhado \u00e0 PGR, o comportamento do presidente da Rep\u00fablica \u00e9 classificada como &#8220;discriminat\u00f3ria, pois busca induzir a segrega\u00e7\u00e3o de uma minoria sexual simplesmente pela sua apar\u00eancia, modo de se comportar, de se portar e de se relacionar com outra pessoa, afetiva ou sexualmente.&#8221;<\/p>\n<p><em>Para ler a representa\u00e7\u00e3o na \u00edntegra, <a href=\"http:\/\/psol50.org.br\/inc\/uploads\/2019\/12\/REPRESENTA\u00c7\u00c3O-JB.docx\" target=\"_blank\" rel=\"noopener noreferrer\">clique aqui.<\/a><\/em><\/p>\n<p>Para F\u00e1bio Felix, a frase\u00a0evidencia o pensamento discriminat\u00f3rio quando desabona a homossexualidade, taxando-a como uma\u00a0condi\u00e7\u00e3o\u00a0que leva a pessoa a ostentar um caractere fenot\u00edpico distinto dos demais e de f\u00e1cil reconhecimento. Ou seja, uma pessoa seria facilmente identificada como homossexual simplesmente pela sua apar\u00eancia.<\/p>\n<p>O cargo de presidente da Rep\u00fablica importa foro por prerrogativa de fun\u00e7\u00e3o, sendo necess\u00e1ria a representa\u00e7\u00e3o pelo Procurador Geral da Rep\u00fablica perante o Supremo Tribunal Federal para que o presidente Jair Bolsonaro seja responsabilizado. O crime de Racismo LGBTf\u00f3bico \u00e9 imprescrit\u00edvel, podendo ser processado o autor a qualquer tempo.<\/p>\n","protected":false},"excerpt":{"rendered":"<p>Originalmente publicado em F\u00e1bio F\u00e9lix. O deputado distrital F\u00e1bio Felix protocolou hoje, 23, uma representa\u00e7\u00e3o contra o presidente Jair Bolsonaro por pr\u00e1tica de racismo com recorte LGBTf\u00f3bico. A medida encontra respaldo na recente decis\u00e3o do Supremo Tribunal Federal, que equipara a LGBTFobia ao crime de racismo no Brasil. Durante coletiva de imprensa realizada no Pal\u00e1cio [&hellip;]<\/p>\n","protected":false},"author":2,"featured_media":27202,"comment_status":"closed","ping_status":"open","sticky":false,"template":"","format":"standard","meta":{"_acf_changed":false,"footnotes":""},"categories":[6],"tags":[56,104,244,153,135,283],"class_list":{"0":"post-27199","1":"post","2":"type-post","3":"status-publish","4":"format-standard","5":"has-post-thumbnail","7":"category-noticias","8":"tag-bolsonaro","9":"tag-fabio-felix","10":"tag-jair-bolsonaro","11":"tag-lgbt","12":"tag-lgbtfobia","13":"tag-presidente"},"acf":[],"yoast_head":"<!-- This site is optimized with the Yoast SEO plugin v26.5 - https:\/\/yoast.com\/wordpress\/plugins\/seo\/ -->\n<title>F\u00e1bio F\u00e9lix entra com representa\u00e7\u00e3o contra Bolsonaro por LGBTfobia<\/title>\n<meta name=\"robots\" content=\"index, follow, max-snippet:-1, max-image-preview:large, max-video-preview:-1\" \/>\n<link rel=\"canonical\" href=\"https:\/\/psol50.org.br\/fabio-felix-entra-com-representacao-contra-bolsonaro-por-lgbtfobia\/\" \/>\n<meta property=\"og:locale\" content=\"pt_BR\" \/>\n<meta property=\"og:type\" content=\"article\" \/>\n<meta property=\"og:title\" content=\"F\u00e1bio F\u00e9lix entra com representa\u00e7\u00e3o contra Bolsonaro por LGBTfobia\" \/>\n<meta property=\"og:description\" content=\"Para o deputado F\u00e1bio F\u00e9lix, Bolsonaro, Presidente, Jair Bolsonaro, LGBT, LGBTfobia\" \/>\n<meta property=\"og:url\" content=\"https:\/\/psol50.org.br\/fabio-felix-entra-com-representacao-contra-bolsonaro-por-lgbtfobia\/\" \/>\n<meta property=\"og:site_name\" content=\"PSOL 50\" \/>\n<meta property=\"article:publisher\" content=\"https:\/\/www.facebook.com\/psol50\" \/>\n<meta property=\"article:published_time\" content=\"2019-12-23T21:06:36+00:00\" \/>\n<meta property=\"og:image\" content=\"https:\/\/psol50.org.br\/inc\/uploads\/2019\/12\/79820236_2587617774667516_1542599764204322816_n-e1577134825763.jpg\" \/>\n\t<meta property=\"og:image:width\" content=\"848\" \/>\n\t<meta property=\"og:image:height\" content=\"544\" \/>\n\t<meta property=\"og:image:type\" content=\"image\/jpeg\" \/>\n<meta name=\"author\" content=\"Comunica\u00e7\u00e3o PSOL\" \/>\n<meta name=\"twitter:card\" content=\"summary_large_image\" \/>\n<meta name=\"twitter:title\" content=\"F\u00e1bio F\u00e9lix entra com representa\u00e7\u00e3o contra Bolsonaro por LGBTfobia\" \/>\n<meta name=\"twitter:description\" content=\"Para o deputado F\u00e1bio F\u00e9lix, Bolsonaro, Presidente, Jair Bolsonaro, LGBT, LGBTfobia\" \/>\n<meta name=\"twitter:image\" content=\"https:\/\/psol50.org.br\/inc\/uploads\/2019\/12\/79820236_2587617774667516_1542599764204322816_n-e1577134825763.jpg\" \/>\n<meta name=\"twitter:creator\" content=\"@psol50\" \/>\n<meta name=\"twitter:site\" content=\"@psol50\" \/>\n<meta name=\"twitter:label1\" content=\"Escrito por\" \/>\n\t<meta name=\"twitter:data1\" content=\"Comunica\u00e7\u00e3o PSOL\" \/>\n\t<meta name=\"twitter:label2\" content=\"Est. tempo de leitura\" \/>\n\t<meta name=\"twitter:data2\" content=\"2 minutos\" \/>\n<script type=\"application\/ld+json\" class=\"yoast-schema-graph\">{\"@context\":\"https:\/\/schema.org\",\"@graph\":[{\"@type\":\"Article\",\"@id\":\"https:\/\/psol50.org.br\/fabio-felix-entra-com-representacao-contra-bolsonaro-por-lgbtfobia\/#article\",\"isPartOf\":{\"@id\":\"https:\/\/psol50.org.br\/fabio-felix-entra-com-representacao-contra-bolsonaro-por-lgbtfobia\/\"},\"author\":{\"name\":\"Comunica\u00e7\u00e3o PSOL\",\"@id\":\"https:\/\/psol50.org.br\/#\/schema\/person\/475dfa57d0b815993c714c2e96491fcd\"},\"headline\":\"F\u00e1bio F\u00e9lix entra com representa\u00e7\u00e3o contra Bolsonaro por LGBTfobia\",\"datePublished\":\"2019-12-23T21:06:36+00:00\",\"mainEntityOfPage\":{\"@id\":\"https:\/\/psol50.org.br\/fabio-felix-entra-com-representacao-contra-bolsonaro-por-lgbtfobia\/\"},\"wordCount\":366,\"publisher\":{\"@id\":\"https:\/\/psol50.org.br\/#organization\"},\"image\":{\"@id\":\"https:\/\/psol50.org.br\/fabio-felix-entra-com-representacao-contra-bolsonaro-por-lgbtfobia\/#primaryimage\"},\"thumbnailUrl\":\"https:\/\/psol50.org.br\/inc\/uploads\/2019\/12\/79820236_2587617774667516_1542599764204322816_n-e1577134825763.jpg\",\"keywords\":[\"Bolsonaro\",\"F\u00e1bio F\u00e9lix\",\"Jair Bolsonaro\",\"LGBT\",\"LGBTfobia\",\"presidente\"],\"articleSection\":[\"Not\u00edcias\"],\"inLanguage\":\"pt-BR\"},{\"@type\":\"WebPage\",\"@id\":\"https:\/\/psol50.org.br\/fabio-felix-entra-com-representacao-contra-bolsonaro-por-lgbtfobia\/\",\"url\":\"https:\/\/psol50.org.br\/fabio-felix-entra-com-representacao-contra-bolsonaro-por-lgbtfobia\/\",\"name\":\"F\u00e1bio F\u00e9lix entra com representa\u00e7\u00e3o contra Bolsonaro por LGBTfobia\",\"isPartOf\":{\"@id\":\"https:\/\/psol50.org.br\/#website\"},\"primaryImageOfPage\":{\"@id\":\"https:\/\/psol50.org.br\/fabio-felix-entra-com-representacao-contra-bolsonaro-por-lgbtfobia\/#primaryimage\"},\"image\":{\"@id\":\"https:\/\/psol50.org.br\/fabio-felix-entra-com-representacao-contra-bolsonaro-por-lgbtfobia\/#primaryimage\"},\"thumbnailUrl\":\"https:\/\/psol50.org.br\/inc\/uploads\/2019\/12\/79820236_2587617774667516_1542599764204322816_n-e1577134825763.jpg\",\"datePublished\":\"2019-12-23T21:06:36+00:00\",\"breadcrumb\":{\"@id\":\"https:\/\/psol50.org.br\/fabio-felix-entra-com-representacao-contra-bolsonaro-por-lgbtfobia\/#breadcrumb\"},\"inLanguage\":\"pt-BR\",\"potentialAction\":[{\"@type\":\"ReadAction\",\"target\":[\"https:\/\/psol50.org.br\/fabio-felix-entra-com-representacao-contra-bolsonaro-por-lgbtfobia\/\"]}]},{\"@type\":\"ImageObject\",\"inLanguage\":\"pt-BR\",\"@id\":\"https:\/\/psol50.org.br\/fabio-felix-entra-com-representacao-contra-bolsonaro-por-lgbtfobia\/#primaryimage\",\"url\":\"https:\/\/psol50.org.br\/inc\/uploads\/2019\/12\/79820236_2587617774667516_1542599764204322816_n-e1577134825763.jpg\",\"contentUrl\":\"https:\/\/psol50.org.br\/inc\/uploads\/2019\/12\/79820236_2587617774667516_1542599764204322816_n-e1577134825763.jpg\",\"width\":848,\"height\":544,\"caption\":\"Cr\u00e9ditos: Alexandre A. Bastos\"},{\"@type\":\"BreadcrumbList\",\"@id\":\"https:\/\/psol50.org.br\/fabio-felix-entra-com-representacao-contra-bolsonaro-por-lgbtfobia\/#breadcrumb\",\"itemListElement\":[{\"@type\":\"ListItem\",\"position\":1,\"name\":\"In\u00edcio\",\"item\":\"https:\/\/psol50.org.br\/\"},{\"@type\":\"ListItem\",\"position\":2,\"name\":\"F\u00e1bio F\u00e9lix entra com representa\u00e7\u00e3o contra Bolsonaro por LGBTfobia\"}]},{\"@type\":\"WebSite\",\"@id\":\"https:\/\/psol50.org.br\/#website\",\"url\":\"https:\/\/psol50.org.br\/\",\"name\":\"PSOL 50\",\"description\":\"Site oficial do Partido Socialismo e Liberdade\",\"publisher\":{\"@id\":\"https:\/\/psol50.org.br\/#organization\"},\"alternateName\":\"PSOL50\",\"potentialAction\":[{\"@type\":\"SearchAction\",\"target\":{\"@type\":\"EntryPoint\",\"urlTemplate\":\"https:\/\/psol50.org.br\/?s={search_term_string}\"},\"query-input\":{\"@type\":\"PropertyValueSpecification\",\"valueRequired\":true,\"valueName\":\"search_term_string\"}}],\"inLanguage\":\"pt-BR\"},{\"@type\":\"Organization\",\"@id\":\"https:\/\/psol50.org.br\/#organization\",\"name\":\"PSOL 50\",\"alternateName\":\"PSOL 50\",\"url\":\"https:\/\/psol50.org.br\/\",\"logo\":{\"@type\":\"ImageObject\",\"inLanguage\":\"pt-BR\",\"@id\":\"https:\/\/psol50.org.br\/#\/schema\/logo\/image\/\",\"url\":\"https:\/\/psol50.org.br\/inc\/uploads\/2018\/07\/capa.png\",\"contentUrl\":\"https:\/\/psol50.org.br\/inc\/uploads\/2018\/07\/capa.png\",\"width\":1350,\"height\":900,\"caption\":\"PSOL 50\"},\"image\":{\"@id\":\"https:\/\/psol50.org.br\/#\/schema\/logo\/image\/\"},\"sameAs\":[\"https:\/\/www.facebook.com\/psol50\",\"https:\/\/x.com\/psol50\",\"https:\/\/www.instagram.com\/psol50\/\",\"https:\/\/www.youtube.com\/channel\/UC7SnJS5o1os7a6CaiNabzcg\"]},{\"@type\":\"Person\",\"@id\":\"https:\/\/psol50.org.br\/#\/schema\/person\/475dfa57d0b815993c714c2e96491fcd\",\"name\":\"Comunica\u00e7\u00e3o PSOL\",\"image\":{\"@type\":\"ImageObject\",\"inLanguage\":\"pt-BR\",\"@id\":\"https:\/\/psol50.org.br\/#\/schema\/person\/image\/\",\"url\":\"https:\/\/secure.gravatar.com\/avatar\/b34fc4f4e468a4e51785917065a3db57b841f5c95dba6ad8c73aaf8f66f8f9bf?s=96&d=mm&r=g\",\"contentUrl\":\"https:\/\/secure.gravatar.com\/avatar\/b34fc4f4e468a4e51785917065a3db57b841f5c95dba6ad8c73aaf8f66f8f9bf?s=96&d=mm&r=g\",\"caption\":\"Comunica\u00e7\u00e3o PSOL\"}}]}<\/script>\n<!-- \/ Yoast SEO plugin. -->","yoast_head_json":{"title":"F\u00e1bio F\u00e9lix entra com representa\u00e7\u00e3o contra Bolsonaro por LGBTfobia","robots":{"index":"index","follow":"follow","max-snippet":"max-snippet:-1","max-image-preview":"max-image-preview:large","max-video-preview":"max-video-preview:-1"},"canonical":"https:\/\/psol50.org.br\/fabio-felix-entra-com-representacao-contra-bolsonaro-por-lgbtfobia\/","og_locale":"pt_BR","og_type":"article","og_title":"F\u00e1bio F\u00e9lix entra com representa\u00e7\u00e3o contra Bolsonaro por LGBTfobia","og_description":"Para o deputado F\u00e1bio F\u00e9lix, Bolsonaro, Presidente, Jair Bolsonaro, LGBT, LGBTfobia","og_url":"https:\/\/psol50.org.br\/fabio-felix-entra-com-representacao-contra-bolsonaro-por-lgbtfobia\/","og_site_name":"PSOL 50","article_publisher":"https:\/\/www.facebook.com\/psol50","article_published_time":"2019-12-23T21:06:36+00:00","og_image":[{"width":848,"height":544,"url":"https:\/\/psol50.org.br\/inc\/uploads\/2019\/12\/79820236_2587617774667516_1542599764204322816_n-e1577134825763.jpg","type":"image\/jpeg"}],"author":"Comunica\u00e7\u00e3o PSOL","twitter_card":"summary_large_image","twitter_title":"F\u00e1bio F\u00e9lix entra com representa\u00e7\u00e3o contra Bolsonaro por LGBTfobia","twitter_description":"Para o deputado F\u00e1bio F\u00e9lix, Bolsonaro, Presidente, Jair Bolsonaro, LGBT, LGBTfobia","twitter_image":"https:\/\/psol50.org.br\/inc\/uploads\/2019\/12\/79820236_2587617774667516_1542599764204322816_n-e1577134825763.jpg","twitter_creator":"@psol50","twitter_site":"@psol50","twitter_misc":{"Escrito por":"Comunica\u00e7\u00e3o PSOL","Est. tempo de leitura":"2 minutos"},"schema":{"@context":"https:\/\/schema.org","@graph":[{"@type":"Article","@id":"https:\/\/psol50.org.br\/fabio-felix-entra-com-representacao-contra-bolsonaro-por-lgbtfobia\/#article","isPartOf":{"@id":"https:\/\/psol50.org.br\/fabio-felix-entra-com-representacao-contra-bolsonaro-por-lgbtfobia\/"},"author":{"name":"Comunica\u00e7\u00e3o PSOL","@id":"https:\/\/psol50.org.br\/#\/schema\/person\/475dfa57d0b815993c714c2e96491fcd"},"headline":"F\u00e1bio F\u00e9lix entra com representa\u00e7\u00e3o contra Bolsonaro por LGBTfobia","datePublished":"2019-12-23T21:06:36+00:00","mainEntityOfPage":{"@id":"https:\/\/psol50.org.br\/fabio-felix-entra-com-representacao-contra-bolsonaro-por-lgbtfobia\/"},"wordCount":366,"publisher":{"@id":"https:\/\/psol50.org.br\/#organization"},"image":{"@id":"https:\/\/psol50.org.br\/fabio-felix-entra-com-representacao-contra-bolsonaro-por-lgbtfobia\/#primaryimage"},"thumbnailUrl":"https:\/\/psol50.org.br\/inc\/uploads\/2019\/12\/79820236_2587617774667516_1542599764204322816_n-e1577134825763.jpg","keywords":["Bolsonaro","F\u00e1bio F\u00e9lix","Jair Bolsonaro","LGBT","LGBTfobia","presidente"],"articleSection":["Not\u00edcias"],"inLanguage":"pt-BR"},{"@type":"WebPage","@id":"https:\/\/psol50.org.br\/fabio-felix-entra-com-representacao-contra-bolsonaro-por-lgbtfobia\/","url":"https:\/\/psol50.org.br\/fabio-felix-entra-com-representacao-contra-bolsonaro-por-lgbtfobia\/","name":"F\u00e1bio F\u00e9lix entra com representa\u00e7\u00e3o contra Bolsonaro por LGBTfobia","isPartOf":{"@id":"https:\/\/psol50.org.br\/#website"},"primaryImageOfPage":{"@id":"https:\/\/psol50.org.br\/fabio-felix-entra-com-representacao-contra-bolsonaro-por-lgbtfobia\/#primaryimage"},"image":{"@id":"https:\/\/psol50.org.br\/fabio-felix-entra-com-representacao-contra-bolsonaro-por-lgbtfobia\/#primaryimage"},"thumbnailUrl":"https:\/\/psol50.org.br\/inc\/uploads\/2019\/12\/79820236_2587617774667516_1542599764204322816_n-e1577134825763.jpg","datePublished":"2019-12-23T21:06:36+00:00","breadcrumb":{"@id":"https:\/\/psol50.org.br\/fabio-felix-entra-com-representacao-contra-bolsonaro-por-lgbtfobia\/#breadcrumb"},"inLanguage":"pt-BR","potentialAction":[{"@type":"ReadAction","target":["https:\/\/psol50.org.br\/fabio-felix-entra-com-representacao-contra-bolsonaro-por-lgbtfobia\/"]}]},{"@type":"ImageObject","inLanguage":"pt-BR","@id":"https:\/\/psol50.org.br\/fabio-felix-entra-com-representacao-contra-bolsonaro-por-lgbtfobia\/#primaryimage","url":"https:\/\/psol50.org.br\/inc\/uploads\/2019\/12\/79820236_2587617774667516_1542599764204322816_n-e1577134825763.jpg","contentUrl":"https:\/\/psol50.org.br\/inc\/uploads\/2019\/12\/79820236_2587617774667516_1542599764204322816_n-e1577134825763.jpg","width":848,"height":544,"caption":"Cr\u00e9ditos: Alexandre A. Bastos"},{"@type":"BreadcrumbList","@id":"https:\/\/psol50.org.br\/fabio-felix-entra-com-representacao-contra-bolsonaro-por-lgbtfobia\/#breadcrumb","itemListElement":[{"@type":"ListItem","position":1,"name":"In\u00edcio","item":"https:\/\/psol50.org.br\/"},{"@type":"ListItem","position":2,"name":"F\u00e1bio F\u00e9lix entra com representa\u00e7\u00e3o contra Bolsonaro por LGBTfobia"}]},{"@type":"WebSite","@id":"https:\/\/psol50.org.br\/#website","url":"https:\/\/psol50.org.br\/","name":"PSOL 50","description":"Site oficial do Partido Socialismo e Liberdade","publisher":{"@id":"https:\/\/psol50.org.br\/#organization"},"alternateName":"PSOL50","potentialAction":[{"@type":"SearchAction","target":{"@type":"EntryPoint","urlTemplate":"https:\/\/psol50.org.br\/?s={search_term_string}"},"query-input":{"@type":"PropertyValueSpecification","valueRequired":true,"valueName":"search_term_string"}}],"inLanguage":"pt-BR"},{"@type":"Organization","@id":"https:\/\/psol50.org.br\/#organization","name":"PSOL 50","alternateName":"PSOL 50","url":"https:\/\/psol50.org.br\/","logo":{"@type":"ImageObject","inLanguage":"pt-BR","@id":"https:\/\/psol50.org.br\/#\/schema\/logo\/image\/","url":"https:\/\/psol50.org.br\/inc\/uploads\/2018\/07\/capa.png","contentUrl":"https:\/\/psol50.org.br\/inc\/uploads\/2018\/07\/capa.png","width":1350,"height":900,"caption":"PSOL 50"},"image":{"@id":"https:\/\/psol50.org.br\/#\/schema\/logo\/image\/"},"sameAs":["https:\/\/www.facebook.com\/psol50","https:\/\/x.com\/psol50","https:\/\/www.instagram.com\/psol50\/","https:\/\/www.youtube.com\/channel\/UC7SnJS5o1os7a6CaiNabzcg"]},{"@type":"Person","@id":"https:\/\/psol50.org.br\/#\/schema\/person\/475dfa57d0b815993c714c2e96491fcd","name":"Comunica\u00e7\u00e3o PSOL","image":{"@type":"ImageObject","inLanguage":"pt-BR","@id":"https:\/\/psol50.org.br\/#\/schema\/person\/image\/","url":"https:\/\/secure.gravatar.com\/avatar\/b34fc4f4e468a4e51785917065a3db57b841f5c95dba6ad8c73aaf8f66f8f9bf?s=96&d=mm&r=g","contentUrl":"https:\/\/secure.gravatar.com\/avatar\/b34fc4f4e468a4e51785917065a3db57b841f5c95dba6ad8c73aaf8f66f8f9bf?s=96&d=mm&r=g","caption":"Comunica\u00e7\u00e3o PSOL"}}]}},"_links":{"self":[{"href":"https:\/\/psol50.org.br\/rest\/wp\/v2\/posts\/27199","targetHints":{"allow":["GET"]}}],"collection":[{"href":"https:\/\/psol50.org.br\/rest\/wp\/v2\/posts"}],"about":[{"href":"https:\/\/psol50.org.br\/rest\/wp\/v2\/types\/post"}],"author":[{"embeddable":true,"href":"https:\/\/psol50.org.br\/rest\/wp\/v2\/users\/2"}],"replies":[{"embeddable":true,"href":"https:\/\/psol50.org.br\/rest\/wp\/v2\/comments?post=27199"}],"version-history":[{"count":0,"href":"https:\/\/psol50.org.br\/rest\/wp\/v2\/posts\/27199\/revisions"}],"wp:featuredmedia":[{"embeddable":true,"href":"https:\/\/psol50.org.br\/rest\/wp\/v2\/media\/27202"}],"wp:attachment":[{"href":"https:\/\/psol50.org.br\/rest\/wp\/v2\/media?parent=27199"}],"wp:term":[{"taxonomy":"category","embeddable":true,"href":"https:\/\/psol50.org.br\/rest\/wp\/v2\/categories?post=27199"},{"taxonomy":"post_tag","embeddable":true,"href":"https:\/\/psol50.org.br\/rest\/wp\/v2\/tags?post=27199"}],"curies":[{"name":"wp","href":"https:\/\/api.w.org\/{rel}","templated":true}]}}