{"id":27206,"date":"2020-01-06T15:29:43","date_gmt":"2020-01-06T18:29:43","guid":{"rendered":"http:\/\/psol50.org.br\/?p=27206"},"modified":"2020-01-06T15:29:43","modified_gmt":"2020-01-06T18:29:43","slug":"sujeitas-politicas-mulheres-negras-nos-parlamentos-brasileiros","status":"publish","type":"post","link":"https:\/\/psol50.org.br\/sujeitas-politicas-mulheres-negras-nos-parlamentos-brasileiros\/","title":{"rendered":"Sujeitas pol\u00edticas: mulheres negras nos parlamentos brasileiros"},"content":{"rendered":"<p><strong><a href=\"https:\/\/politica.estadao.com.br\/blogs\/fausto-macedo\/sujeitas-politicas-mulheres-negras-nos-parlamentos-brasileiros\/\">Originalmente publicado em Estad\u00e3o<\/a><\/strong><\/p>\n<p>Quando voc\u00ea pensa em pol\u00edtica, o que lhe vem \u00e0 mente? Provavelmente uma cena com v\u00e1rios homens brancos, de terno, ricos, se reunindo, debatendo, discutindo. Infelizmente, essa ainda \u00e9 a cara da pol\u00edtica brasileira: o pol\u00edtico.<\/p>\n<p>A pol\u00edtica re\u00fane dois aspectos que foram, historicamente, negados para as mulheres, especialmente \u00e0s negras: a esfera do p\u00fablico e a do poder. E quando as mulheres resolvem subverter essa \u201cordem\u201d, o que temos \u00e9 a viol\u00eancia.<\/p>\n<p>\u201cBurra\u201d, \u201cmenina\u201d, \u201cchata\u201d, \u201cfeia\u201d, \u201cnariz em p\u00e9\u201d, \u201cmarrenta\u201d \u2026 \u201cbruxa\u201d. S\u00e3o alguns dos termos usados para nos desqualificar nas Casas legislativas em que atuamos. Sem falar ainda dos memes, compara\u00e7\u00f5es e xingamentos mais chulos. Essa \u00e9 uma das faces da viol\u00eancia pol\u00edtica que as mulheres sofrem cotidianamente por ocuparem um cargo de poder.<\/p>\n<p>Criticam nosso cabelo, nossas roupas, nossa voz, e chegam ao c\u00famulo de comentar nossa vida \u00edntima numa constante tentativa de silenciamento e intimida\u00e7\u00e3o. Tudo o que somos (e representamos) \u00e9 uma afronta. Somos sempre questionadas direta ou indiretamente sobre \u201co que estamos fazendo ali\u201d. \u201cVolte para a senzala\u201d, eles dizem.<\/p>\n<p>Essa viol\u00eancia pol\u00edtica n\u00e3o \u00e9 gratuita, j\u00e1 que tem a inten\u00e7\u00e3o de nos impedir de estar ali, nesses espa\u00e7os t\u00e3o brancos, t\u00e3o ricos e t\u00e3o sem cara de povo. E se reagimos, somos consideradas bravas demais ou sens\u00edveis demais. Sempre demais, sempre fora do tom, porque, em verdade, o que gostariam de nos dizer \u00e9 que estamos fora do nosso lugar, daquele outro lugar reservado para n\u00f3s.<\/p>\n<p>Em um cen\u00e1rio t\u00e3o duro e abertamente desrespeitoso e violento, tentam nos fazer crer que nossas den\u00fancias s\u00e3o fruto de vitimismo, do popular \u201cmimimi\u201d. Mas n\u00e3o recuamos, nossa mem\u00f3ria \u00e9 nossa aliada. Sabemos de onde viemos e onde queremos chegar. Lembramos das mulheres que, d\u00e9cadas atr\u00e1s, conquistaram o direito ao voto. Das que batalharam por cotas de g\u00eanero nas elei\u00e7\u00f5es, que s\u00f3 se consolidaram 10 anos atr\u00e1s. E de todas que superaram e superam ainda barreiras vis\u00edveis e invis\u00edveis para se fazerem vozes ativas na institucionalidade.<\/p>\n<p>Em um ranking de 192 pa\u00edses, o Brasil ocupa a posi\u00e7\u00e3o 152 em representatividade feminina no Congresso Nacional. Precisamos mudar isso sob pena de negligenciarmos a vida das mulheres.<\/p>\n<p>N\u00e3o se pode naturalizar a brutalidade como m\u00e9todo de exclus\u00e3o da presen\u00e7a feminina nos espa\u00e7os de decis\u00e3o.<\/p>\n<p>Justamente por isso, uma an\u00e1lise da viol\u00eancia pol\u00edtica cotidiana \u00e9 fundamental, inclusive para a compreens\u00e3o mais profunda do \u201cfeminic\u00eddio pol\u00edtico\u201d que vitimou a nossa companheira Marielle Franco.<\/p>\n<p>Ter mulheres negras, que ousam amar outras mulheres, que v\u00eam da favela e da periferia para a luta contra as desigualdades sociais \u00e9 ousadia demais para um parlamento forjado no patriarcado racista, violento, classista e excludente. N\u00e3o \u00e0 toa, em vida e em morte, Marielle desafia as estruturas de poder e p\u00f5e em xeque a elite pol\u00edtica e econ\u00f4mica expressa de maneira hip\u00f3crita na heran\u00e7a da fam\u00edlia tradicional brasileira.<\/p>\n<p>Em verdade, mexer as estruturas pol\u00edticas, econ\u00f4micas e sociais \u00e9 o maior significado da nossa ocupa\u00e7\u00e3o do Parlamento. A escravid\u00e3o deixou um lastro de desumaniza\u00e7\u00e3o dos corpos negros mercantilizados, que precisa ser reparado pelo Estado brasileiro. H\u00e1 quilombolas, ind\u00edgenas, cai\u00e7aras submetidos a situa\u00e7\u00f5es humilhantes que n\u00e3o podemos aceitar. A luta pela igualdade de g\u00eanero \u00e9 urgente para a vida das mulheres, da popula\u00e7\u00e3o LGBTQI + e est\u00e1 aliada intimamente \u00e0 batalha por condi\u00e7\u00f5es de igualdade material e salarial. Esse \u00e9 o cen\u00e1rio de um dos pa\u00edses mais desiguais do mundo, no qual a renda dos mais pobres caiu em 3% e a dos mais ricos cresceu em 8%, em 2018.<\/p>\n<p>S\u00e3o essas as lutas que nos imp\u00f5em uma necessidade hist\u00f3rica de estarmos nos espa\u00e7os de poder, para subverter o poder e reintegrar a sua posse ao povo. E sermos taxadas como bruxas de \u201cnariz em p\u00e9\u201d significa que erguemos nossas vozes e cabe\u00e7as diante das desigualdades, em especial das de g\u00eanero, ra\u00e7a e classe. E incomodamos por isso. Somos sujeitas pol\u00edticas, e n\u00e3o mulheres sujeitadas \u00e0 pol\u00edtica.<\/p>\n<p><em><strong>Tal\u00edria Petrone, deputada federal pelo PSOL-RJ<br \/>\n<\/strong><strong>Renata Souza, deputada estadual pelo PSOL-RJ<\/strong><\/em><\/p>\n","protected":false},"excerpt":{"rendered":"<p>Originalmente publicado em Estad\u00e3o Quando voc\u00ea pensa em pol\u00edtica, o que lhe vem \u00e0 mente? Provavelmente uma cena com v\u00e1rios homens brancos, de terno, ricos, se reunindo, debatendo, discutindo. Infelizmente, essa ainda \u00e9 a cara da pol\u00edtica brasileira: o pol\u00edtico. A pol\u00edtica re\u00fane dois aspectos que foram, historicamente, negados para as mulheres, especialmente \u00e0s negras: [&hellip;]<\/p>\n","protected":false},"author":2,"featured_media":27207,"comment_status":"closed","ping_status":"open","sticky":false,"template":"","format":"standard","meta":{"_acf_changed":false,"footnotes":""},"categories":[3,6],"tags":[4,5,7,8,9],"class_list":{"0":"post-27206","1":"post","2":"type-post","3":"status-publish","4":"format-standard","5":"has-post-thumbnail","7":"category-artigos-e-entrevistas","8":"category-noticias","9":"tag-mulheres","10":"tag-negras","11":"tag-parlamento","12":"tag-renata-souza","13":"tag-taliria"},"acf":[],"yoast_head":"<!-- This site is optimized with the Yoast SEO plugin v26.5 - https:\/\/yoast.com\/wordpress\/plugins\/seo\/ -->\n<title>Sujeitas pol\u00edticas: mulheres negras nos parlamentos brasileiros - PSOL 50<\/title>\n<meta name=\"description\" content=\"&quot;Erguemos nossas vozes e cabe\u00e7as diante das desigualdades, em especial das de g\u00eanero, ra\u00e7a e classe. E incomodamos por isso.&quot;\" \/>\n<meta name=\"robots\" content=\"index, follow, max-snippet:-1, max-image-preview:large, max-video-preview:-1\" \/>\n<link rel=\"canonical\" href=\"https:\/\/psol50.org.br\/sujeitas-politicas-mulheres-negras-nos-parlamentos-brasileiros\/\" \/>\n<meta property=\"og:locale\" content=\"pt_BR\" \/>\n<meta property=\"og:type\" content=\"article\" \/>\n<meta property=\"og:title\" content=\"Sujeitas pol\u00edticas: mulheres negras nos parlamentos brasileiros\" \/>\n<meta property=\"og:description\" content=\"Tal\u00edria Petrone e Renata Souza mandam o recado: &quot;Erguemos nossas vozes e cabe\u00e7as diante das desigualdades, em especial das de g\u00eanero, ra\u00e7a e classe. E incomodamos por isso.&quot;\" \/>\n<meta property=\"og:url\" content=\"https:\/\/psol50.org.br\/sujeitas-politicas-mulheres-negras-nos-parlamentos-brasileiros\/\" \/>\n<meta property=\"og:site_name\" content=\"PSOL 50\" \/>\n<meta property=\"article:publisher\" content=\"https:\/\/www.facebook.com\/psol50\" \/>\n<meta property=\"article:published_time\" content=\"2020-01-06T18:29:43+00:00\" \/>\n<meta property=\"og:image\" content=\"https:\/\/psol50.org.br\/inc\/uploads\/2020\/01\/photo_2020-01-06-15.25.50.jpeg\" \/>\n\t<meta property=\"og:image:width\" content=\"710\" \/>\n\t<meta property=\"og:image:height\" content=\"473\" \/>\n\t<meta property=\"og:image:type\" content=\"image\/jpeg\" \/>\n<meta name=\"author\" content=\"Comunica\u00e7\u00e3o PSOL\" \/>\n<meta name=\"twitter:card\" content=\"summary_large_image\" \/>\n<meta name=\"twitter:title\" content=\"Sujeitas pol\u00edticas: mulheres negras nos parlamentos brasileiros\" \/>\n<meta name=\"twitter:description\" content=\"Tal\u00edria Petrone e Renata Souza mandam o recado: &quot;Erguemos nossas vozes e cabe\u00e7as diante das desigualdades, em especial das de g\u00eanero, ra\u00e7a e classe. E incomodamos por isso.&quot;\" \/>\n<meta name=\"twitter:image\" content=\"https:\/\/psol50.org.br\/inc\/uploads\/2020\/01\/photo_2020-01-06-15.25.50.jpeg\" \/>\n<meta name=\"twitter:creator\" content=\"@psol50\" \/>\n<meta name=\"twitter:site\" content=\"@psol50\" \/>\n<meta name=\"twitter:label1\" content=\"Escrito por\" \/>\n\t<meta name=\"twitter:data1\" content=\"Comunica\u00e7\u00e3o PSOL\" \/>\n\t<meta name=\"twitter:label2\" content=\"Est. tempo de leitura\" \/>\n\t<meta name=\"twitter:data2\" content=\"4 minutos\" \/>\n<script type=\"application\/ld+json\" class=\"yoast-schema-graph\">{\"@context\":\"https:\/\/schema.org\",\"@graph\":[{\"@type\":\"Article\",\"@id\":\"https:\/\/psol50.org.br\/sujeitas-politicas-mulheres-negras-nos-parlamentos-brasileiros\/#article\",\"isPartOf\":{\"@id\":\"https:\/\/psol50.org.br\/sujeitas-politicas-mulheres-negras-nos-parlamentos-brasileiros\/\"},\"author\":{\"name\":\"Comunica\u00e7\u00e3o PSOL\",\"@id\":\"https:\/\/psol50.org.br\/#\/schema\/person\/475dfa57d0b815993c714c2e96491fcd\"},\"headline\":\"Sujeitas pol\u00edticas: mulheres negras nos parlamentos brasileiros\",\"datePublished\":\"2020-01-06T18:29:43+00:00\",\"mainEntityOfPage\":{\"@id\":\"https:\/\/psol50.org.br\/sujeitas-politicas-mulheres-negras-nos-parlamentos-brasileiros\/\"},\"wordCount\":733,\"publisher\":{\"@id\":\"https:\/\/psol50.org.br\/#organization\"},\"image\":{\"@id\":\"https:\/\/psol50.org.br\/sujeitas-politicas-mulheres-negras-nos-parlamentos-brasileiros\/#primaryimage\"},\"thumbnailUrl\":\"https:\/\/psol50.org.br\/inc\/uploads\/2020\/01\/photo_2020-01-06-15.25.50.jpeg\",\"keywords\":[\"mulheres\",\"negras\",\"parlamento\",\"renata souza\",\"tal\u00edria\"],\"articleSection\":[\"Artigos\",\"Not\u00edcias\"],\"inLanguage\":\"pt-BR\"},{\"@type\":\"WebPage\",\"@id\":\"https:\/\/psol50.org.br\/sujeitas-politicas-mulheres-negras-nos-parlamentos-brasileiros\/\",\"url\":\"https:\/\/psol50.org.br\/sujeitas-politicas-mulheres-negras-nos-parlamentos-brasileiros\/\",\"name\":\"Sujeitas pol\u00edticas: mulheres negras nos parlamentos brasileiros - PSOL 50\",\"isPartOf\":{\"@id\":\"https:\/\/psol50.org.br\/#website\"},\"primaryImageOfPage\":{\"@id\":\"https:\/\/psol50.org.br\/sujeitas-politicas-mulheres-negras-nos-parlamentos-brasileiros\/#primaryimage\"},\"image\":{\"@id\":\"https:\/\/psol50.org.br\/sujeitas-politicas-mulheres-negras-nos-parlamentos-brasileiros\/#primaryimage\"},\"thumbnailUrl\":\"https:\/\/psol50.org.br\/inc\/uploads\/2020\/01\/photo_2020-01-06-15.25.50.jpeg\",\"datePublished\":\"2020-01-06T18:29:43+00:00\",\"description\":\"\\\"Erguemos nossas vozes e cabe\u00e7as diante das desigualdades, em especial das de g\u00eanero, ra\u00e7a e classe. E incomodamos por isso.\\\"\",\"breadcrumb\":{\"@id\":\"https:\/\/psol50.org.br\/sujeitas-politicas-mulheres-negras-nos-parlamentos-brasileiros\/#breadcrumb\"},\"inLanguage\":\"pt-BR\",\"potentialAction\":[{\"@type\":\"ReadAction\",\"target\":[\"https:\/\/psol50.org.br\/sujeitas-politicas-mulheres-negras-nos-parlamentos-brasileiros\/\"]}]},{\"@type\":\"ImageObject\",\"inLanguage\":\"pt-BR\",\"@id\":\"https:\/\/psol50.org.br\/sujeitas-politicas-mulheres-negras-nos-parlamentos-brasileiros\/#primaryimage\",\"url\":\"https:\/\/psol50.org.br\/inc\/uploads\/2020\/01\/photo_2020-01-06-15.25.50.jpeg\",\"contentUrl\":\"https:\/\/psol50.org.br\/inc\/uploads\/2020\/01\/photo_2020-01-06-15.25.50.jpeg\",\"width\":710,\"height\":473,\"caption\":\"Foto: Divulga\u00e7\u00e3o\"},{\"@type\":\"BreadcrumbList\",\"@id\":\"https:\/\/psol50.org.br\/sujeitas-politicas-mulheres-negras-nos-parlamentos-brasileiros\/#breadcrumb\",\"itemListElement\":[{\"@type\":\"ListItem\",\"position\":1,\"name\":\"In\u00edcio\",\"item\":\"https:\/\/psol50.org.br\/\"},{\"@type\":\"ListItem\",\"position\":2,\"name\":\"Sujeitas pol\u00edticas: mulheres negras nos parlamentos brasileiros\"}]},{\"@type\":\"WebSite\",\"@id\":\"https:\/\/psol50.org.br\/#website\",\"url\":\"https:\/\/psol50.org.br\/\",\"name\":\"PSOL 50\",\"description\":\"Site oficial do Partido Socialismo e Liberdade\",\"publisher\":{\"@id\":\"https:\/\/psol50.org.br\/#organization\"},\"alternateName\":\"PSOL50\",\"potentialAction\":[{\"@type\":\"SearchAction\",\"target\":{\"@type\":\"EntryPoint\",\"urlTemplate\":\"https:\/\/psol50.org.br\/?s={search_term_string}\"},\"query-input\":{\"@type\":\"PropertyValueSpecification\",\"valueRequired\":true,\"valueName\":\"search_term_string\"}}],\"inLanguage\":\"pt-BR\"},{\"@type\":\"Organization\",\"@id\":\"https:\/\/psol50.org.br\/#organization\",\"name\":\"PSOL 50\",\"alternateName\":\"PSOL 50\",\"url\":\"https:\/\/psol50.org.br\/\",\"logo\":{\"@type\":\"ImageObject\",\"inLanguage\":\"pt-BR\",\"@id\":\"https:\/\/psol50.org.br\/#\/schema\/logo\/image\/\",\"url\":\"https:\/\/psol50.org.br\/inc\/uploads\/2018\/07\/capa.png\",\"contentUrl\":\"https:\/\/psol50.org.br\/inc\/uploads\/2018\/07\/capa.png\",\"width\":1350,\"height\":900,\"caption\":\"PSOL 50\"},\"image\":{\"@id\":\"https:\/\/psol50.org.br\/#\/schema\/logo\/image\/\"},\"sameAs\":[\"https:\/\/www.facebook.com\/psol50\",\"https:\/\/x.com\/psol50\",\"https:\/\/www.instagram.com\/psol50\/\",\"https:\/\/www.youtube.com\/channel\/UC7SnJS5o1os7a6CaiNabzcg\"]},{\"@type\":\"Person\",\"@id\":\"https:\/\/psol50.org.br\/#\/schema\/person\/475dfa57d0b815993c714c2e96491fcd\",\"name\":\"Comunica\u00e7\u00e3o PSOL\",\"image\":{\"@type\":\"ImageObject\",\"inLanguage\":\"pt-BR\",\"@id\":\"https:\/\/psol50.org.br\/#\/schema\/person\/image\/\",\"url\":\"https:\/\/secure.gravatar.com\/avatar\/b34fc4f4e468a4e51785917065a3db57b841f5c95dba6ad8c73aaf8f66f8f9bf?s=96&d=mm&r=g\",\"contentUrl\":\"https:\/\/secure.gravatar.com\/avatar\/b34fc4f4e468a4e51785917065a3db57b841f5c95dba6ad8c73aaf8f66f8f9bf?s=96&d=mm&r=g\",\"caption\":\"Comunica\u00e7\u00e3o PSOL\"}}]}<\/script>\n<!-- \/ Yoast SEO plugin. -->","yoast_head_json":{"title":"Sujeitas pol\u00edticas: mulheres negras nos parlamentos brasileiros - PSOL 50","description":"\"Erguemos nossas vozes e cabe\u00e7as diante das desigualdades, em especial das de g\u00eanero, ra\u00e7a e classe. E incomodamos por isso.\"","robots":{"index":"index","follow":"follow","max-snippet":"max-snippet:-1","max-image-preview":"max-image-preview:large","max-video-preview":"max-video-preview:-1"},"canonical":"https:\/\/psol50.org.br\/sujeitas-politicas-mulheres-negras-nos-parlamentos-brasileiros\/","og_locale":"pt_BR","og_type":"article","og_title":"Sujeitas pol\u00edticas: mulheres negras nos parlamentos brasileiros","og_description":"Tal\u00edria Petrone e Renata Souza mandam o recado: \"Erguemos nossas vozes e cabe\u00e7as diante das desigualdades, em especial das de g\u00eanero, ra\u00e7a e classe. E incomodamos por isso.\"","og_url":"https:\/\/psol50.org.br\/sujeitas-politicas-mulheres-negras-nos-parlamentos-brasileiros\/","og_site_name":"PSOL 50","article_publisher":"https:\/\/www.facebook.com\/psol50","article_published_time":"2020-01-06T18:29:43+00:00","og_image":[{"width":710,"height":473,"url":"https:\/\/psol50.org.br\/inc\/uploads\/2020\/01\/photo_2020-01-06-15.25.50.jpeg","type":"image\/jpeg"}],"author":"Comunica\u00e7\u00e3o PSOL","twitter_card":"summary_large_image","twitter_title":"Sujeitas pol\u00edticas: mulheres negras nos parlamentos brasileiros","twitter_description":"Tal\u00edria Petrone e Renata Souza mandam o recado: \"Erguemos nossas vozes e cabe\u00e7as diante das desigualdades, em especial das de g\u00eanero, ra\u00e7a e classe. E incomodamos por isso.\"","twitter_image":"https:\/\/psol50.org.br\/inc\/uploads\/2020\/01\/photo_2020-01-06-15.25.50.jpeg","twitter_creator":"@psol50","twitter_site":"@psol50","twitter_misc":{"Escrito por":"Comunica\u00e7\u00e3o PSOL","Est. tempo de leitura":"4 minutos"},"schema":{"@context":"https:\/\/schema.org","@graph":[{"@type":"Article","@id":"https:\/\/psol50.org.br\/sujeitas-politicas-mulheres-negras-nos-parlamentos-brasileiros\/#article","isPartOf":{"@id":"https:\/\/psol50.org.br\/sujeitas-politicas-mulheres-negras-nos-parlamentos-brasileiros\/"},"author":{"name":"Comunica\u00e7\u00e3o PSOL","@id":"https:\/\/psol50.org.br\/#\/schema\/person\/475dfa57d0b815993c714c2e96491fcd"},"headline":"Sujeitas pol\u00edticas: mulheres negras nos parlamentos brasileiros","datePublished":"2020-01-06T18:29:43+00:00","mainEntityOfPage":{"@id":"https:\/\/psol50.org.br\/sujeitas-politicas-mulheres-negras-nos-parlamentos-brasileiros\/"},"wordCount":733,"publisher":{"@id":"https:\/\/psol50.org.br\/#organization"},"image":{"@id":"https:\/\/psol50.org.br\/sujeitas-politicas-mulheres-negras-nos-parlamentos-brasileiros\/#primaryimage"},"thumbnailUrl":"https:\/\/psol50.org.br\/inc\/uploads\/2020\/01\/photo_2020-01-06-15.25.50.jpeg","keywords":["mulheres","negras","parlamento","renata souza","tal\u00edria"],"articleSection":["Artigos","Not\u00edcias"],"inLanguage":"pt-BR"},{"@type":"WebPage","@id":"https:\/\/psol50.org.br\/sujeitas-politicas-mulheres-negras-nos-parlamentos-brasileiros\/","url":"https:\/\/psol50.org.br\/sujeitas-politicas-mulheres-negras-nos-parlamentos-brasileiros\/","name":"Sujeitas pol\u00edticas: mulheres negras nos parlamentos brasileiros - PSOL 50","isPartOf":{"@id":"https:\/\/psol50.org.br\/#website"},"primaryImageOfPage":{"@id":"https:\/\/psol50.org.br\/sujeitas-politicas-mulheres-negras-nos-parlamentos-brasileiros\/#primaryimage"},"image":{"@id":"https:\/\/psol50.org.br\/sujeitas-politicas-mulheres-negras-nos-parlamentos-brasileiros\/#primaryimage"},"thumbnailUrl":"https:\/\/psol50.org.br\/inc\/uploads\/2020\/01\/photo_2020-01-06-15.25.50.jpeg","datePublished":"2020-01-06T18:29:43+00:00","description":"\"Erguemos nossas vozes e cabe\u00e7as diante das desigualdades, em especial das de g\u00eanero, ra\u00e7a e classe. E incomodamos por isso.\"","breadcrumb":{"@id":"https:\/\/psol50.org.br\/sujeitas-politicas-mulheres-negras-nos-parlamentos-brasileiros\/#breadcrumb"},"inLanguage":"pt-BR","potentialAction":[{"@type":"ReadAction","target":["https:\/\/psol50.org.br\/sujeitas-politicas-mulheres-negras-nos-parlamentos-brasileiros\/"]}]},{"@type":"ImageObject","inLanguage":"pt-BR","@id":"https:\/\/psol50.org.br\/sujeitas-politicas-mulheres-negras-nos-parlamentos-brasileiros\/#primaryimage","url":"https:\/\/psol50.org.br\/inc\/uploads\/2020\/01\/photo_2020-01-06-15.25.50.jpeg","contentUrl":"https:\/\/psol50.org.br\/inc\/uploads\/2020\/01\/photo_2020-01-06-15.25.50.jpeg","width":710,"height":473,"caption":"Foto: Divulga\u00e7\u00e3o"},{"@type":"BreadcrumbList","@id":"https:\/\/psol50.org.br\/sujeitas-politicas-mulheres-negras-nos-parlamentos-brasileiros\/#breadcrumb","itemListElement":[{"@type":"ListItem","position":1,"name":"In\u00edcio","item":"https:\/\/psol50.org.br\/"},{"@type":"ListItem","position":2,"name":"Sujeitas pol\u00edticas: mulheres negras nos parlamentos brasileiros"}]},{"@type":"WebSite","@id":"https:\/\/psol50.org.br\/#website","url":"https:\/\/psol50.org.br\/","name":"PSOL 50","description":"Site oficial do Partido Socialismo e Liberdade","publisher":{"@id":"https:\/\/psol50.org.br\/#organization"},"alternateName":"PSOL50","potentialAction":[{"@type":"SearchAction","target":{"@type":"EntryPoint","urlTemplate":"https:\/\/psol50.org.br\/?s={search_term_string}"},"query-input":{"@type":"PropertyValueSpecification","valueRequired":true,"valueName":"search_term_string"}}],"inLanguage":"pt-BR"},{"@type":"Organization","@id":"https:\/\/psol50.org.br\/#organization","name":"PSOL 50","alternateName":"PSOL 50","url":"https:\/\/psol50.org.br\/","logo":{"@type":"ImageObject","inLanguage":"pt-BR","@id":"https:\/\/psol50.org.br\/#\/schema\/logo\/image\/","url":"https:\/\/psol50.org.br\/inc\/uploads\/2018\/07\/capa.png","contentUrl":"https:\/\/psol50.org.br\/inc\/uploads\/2018\/07\/capa.png","width":1350,"height":900,"caption":"PSOL 50"},"image":{"@id":"https:\/\/psol50.org.br\/#\/schema\/logo\/image\/"},"sameAs":["https:\/\/www.facebook.com\/psol50","https:\/\/x.com\/psol50","https:\/\/www.instagram.com\/psol50\/","https:\/\/www.youtube.com\/channel\/UC7SnJS5o1os7a6CaiNabzcg"]},{"@type":"Person","@id":"https:\/\/psol50.org.br\/#\/schema\/person\/475dfa57d0b815993c714c2e96491fcd","name":"Comunica\u00e7\u00e3o PSOL","image":{"@type":"ImageObject","inLanguage":"pt-BR","@id":"https:\/\/psol50.org.br\/#\/schema\/person\/image\/","url":"https:\/\/secure.gravatar.com\/avatar\/b34fc4f4e468a4e51785917065a3db57b841f5c95dba6ad8c73aaf8f66f8f9bf?s=96&d=mm&r=g","contentUrl":"https:\/\/secure.gravatar.com\/avatar\/b34fc4f4e468a4e51785917065a3db57b841f5c95dba6ad8c73aaf8f66f8f9bf?s=96&d=mm&r=g","caption":"Comunica\u00e7\u00e3o PSOL"}}]}},"_links":{"self":[{"href":"https:\/\/psol50.org.br\/rest\/wp\/v2\/posts\/27206","targetHints":{"allow":["GET"]}}],"collection":[{"href":"https:\/\/psol50.org.br\/rest\/wp\/v2\/posts"}],"about":[{"href":"https:\/\/psol50.org.br\/rest\/wp\/v2\/types\/post"}],"author":[{"embeddable":true,"href":"https:\/\/psol50.org.br\/rest\/wp\/v2\/users\/2"}],"replies":[{"embeddable":true,"href":"https:\/\/psol50.org.br\/rest\/wp\/v2\/comments?post=27206"}],"version-history":[{"count":0,"href":"https:\/\/psol50.org.br\/rest\/wp\/v2\/posts\/27206\/revisions"}],"wp:featuredmedia":[{"embeddable":true,"href":"https:\/\/psol50.org.br\/rest\/wp\/v2\/media\/27207"}],"wp:attachment":[{"href":"https:\/\/psol50.org.br\/rest\/wp\/v2\/media?parent=27206"}],"wp:term":[{"taxonomy":"category","embeddable":true,"href":"https:\/\/psol50.org.br\/rest\/wp\/v2\/categories?post=27206"},{"taxonomy":"post_tag","embeddable":true,"href":"https:\/\/psol50.org.br\/rest\/wp\/v2\/tags?post=27206"}],"curies":[{"name":"wp","href":"https:\/\/api.w.org\/{rel}","templated":true}]}}