{"id":27213,"date":"2020-01-07T09:42:26","date_gmt":"2020-01-07T12:42:26","guid":{"rendered":"http:\/\/psol50.org.br\/?p=27213"},"modified":"2020-01-07T09:42:26","modified_gmt":"2020-01-07T12:42:26","slug":"nota-do-psol-sobre-o-ataque-terrorista-de-trump-no-oriente-medio","status":"publish","type":"post","link":"https:\/\/psol50.org.br\/nota-do-psol-sobre-o-ataque-terrorista-de-trump-no-oriente-medio\/","title":{"rendered":"Nota do PSOL sobre o ataque terrorista de Trump no Oriente M\u00e9dio"},"content":{"rendered":"<p class=\"p1\">Poucos anos da hist\u00f3ria recente come\u00e7aram com tanta apreens\u00e3o internacional quanto 2020. Em pleno 3 de janeiro, uma s\u00e9rie de m\u00edsseis estadunidenses atingiu o Aeroporto Internacional de Bagd\u00e1, provocando a morte de oito pessoas que acompanhavam o comboio do General Qasem Soleimani, alto hierarca das For\u00e7as Armadas do Ir\u00e3. A demonstra\u00e7\u00e3o de for\u00e7a dos EUA causou indigna\u00e7\u00e3o em diversas partes do Oriente M\u00e9dio, como atestam as multid\u00f5es que sa\u00edram \u00e0s ruas no funeral de Soleimani ou a resolu\u00e7\u00e3o do Parlamento iraquiano que expulsa as tropas estadunidenses de seu pa\u00eds.<\/p>\n<p class=\"p1\">Embora desde o golpe de 1953 \u2013 no qual a CIA coordenou a derrubada do primeiro-ministro Mohammed Mossadegh &#8211; n\u00e3o seja mais uma novidade o ass\u00e9dio imperialista dos EUA ao Ir\u00e3, essa mais recente opera\u00e7\u00e3o terrorista do Departamento de Estado, combinada com os subsequentes tweets provocativos do presidente Donald Trump (\u201cO Iraque nunca venceu uma guerra, por\u00e9m nunca perdeu uma negocia\u00e7\u00e3o\u201d, por exemplo), corresponde a uma vil declara\u00e7\u00e3o de guerra contra a na\u00e7\u00e3o persa. Soa ris\u00edvel o argumento de \u201cataque preventivo\u201d vindo justamente de uma pot\u00eancia que oferece todo respaldo a Ar\u00e1bia Saudita do sult\u00e3o Bin Salman, c\u00e9lebre internacionalmente por mandar esquartejar um jornalista cr\u00edtico a seu regime. Concretamente, o ataque ao aeroporto de Bagd\u00e1 s\u00f3 serviu para agravar ainda mais as hostilidades na regi\u00e3o.<\/p>\n<p class=\"p1\">Num contexto de decad\u00eancia hegem\u00f4nica dos EUA no tabuleiro geopol\u00edtico da regi\u00e3o (vide os sucessivos fracassos militares de George W. Bush e Barack Obama no Afeganist\u00e3o, Iraque e S\u00edria) e a menos de 11 meses das elei\u00e7\u00f5es em que os cidad\u00e3os dos EUA avaliar\u00e3o se Trump merece ou n\u00e3o mais quatro anos de mandato, o atual ocupante da Casa Branca busca visivelmente uma \u201cguerra para chamar de sua\u201d; uma guerra que ao mesmo tempo satisfa\u00e7a a ess\u00eancia belicista do capital norte-americano e desequilibre a opini\u00e3o da parcela indecisa do eleitorado norte-americano.<\/p>\n<p class=\"p1\">Frente a este quadro geral de contornos tr\u00e1gicos, desde o Brasil, o Partido Socialismo e Liberdade &#8211; PSOL n\u00e3o apenas repudia o terrorismo de Estado empreendido por Trump, como tamb\u00e9m recha\u00e7a a subservi\u00eancia do Itamaraty aos EUA, express\u00e3o do reacionarismo racista e criminoso de Jair Bolsonaro e seu recorrente comportamento lesivo aos interesses nacionais.<\/p>\n<p class=\"p1\">O PSOL \u00e9 um partido que n\u00e3o abre m\u00e3o do princ\u00edpio de autodetermina\u00e7\u00e3o dos povos e, por isso, sa\u00fada com entusiasmo a decis\u00e3o soberana do Iraque em expulsar as tropas invasoras dos EUA, medida que precisa ser saudada e replicada em diversas localidades do planeta. Nos colocando ao lado das organiza\u00e7\u00f5es internacionais que se mobilizam contra a deflagra\u00e7\u00e3o de mais uma guerra b\u00e1rbara e in\u00fatil, enxergamos tamb\u00e9m como exemplares as a\u00e7\u00f5es massivas de rua pela paz mundial, como as realizadas em mais de 70 cidades dos EUA neste final de semana.<\/p>\n<p class=\"p1\"><strong>ABAIXO A INTERVEN\u00c7\u00c3O IMPERIALISTA NO ORIENTE M\u00c9DIO!<\/strong><br \/>\n<strong>N\u00c3O \u00c0 GUERRA ENTRE OS POVOS!<\/strong><\/p>\n<p><em><strong>Executiva Nacional do PSOL<\/strong><\/em><br \/>\n<em><strong>07 de janeiro de 2020<\/strong><\/em><\/p>\n","protected":false},"excerpt":{"rendered":"<p>Poucos anos da hist\u00f3ria recente come\u00e7aram com tanta apreens\u00e3o internacional quanto 2020. Em pleno 3 de janeiro, uma s\u00e9rie de m\u00edsseis estadunidenses atingiu o Aeroporto Internacional de Bagd\u00e1, provocando a morte de oito pessoas que acompanhavam o comboio do General Qasem Soleimani, alto hierarca das For\u00e7as Armadas do Ir\u00e3. A demonstra\u00e7\u00e3o de for\u00e7a dos EUA [&hellip;]<\/p>\n","protected":false},"author":2,"featured_media":27214,"comment_status":"closed","ping_status":"open","sticky":false,"template":"","format":"standard","meta":{"_acf_changed":false,"footnotes":""},"categories":[20,6],"tags":[16,17,18,19,21,22,23],"class_list":{"0":"post-27213","1":"post","2":"type-post","3":"status-publish","4":"format-standard","5":"has-post-thumbnail","7":"category-notas","8":"category-noticias","9":"tag-eua","10":"tag-guerra","11":"tag-ira","12":"tag-nota","13":"tag-oriente-medio","14":"tag-psol","15":"tag-trump"},"acf":[],"yoast_head":"<!-- This site is optimized with the Yoast SEO plugin v26.5 - https:\/\/yoast.com\/wordpress\/plugins\/seo\/ -->\n<title>Nota do PSOL sobre o ataque terrorista de Trump no Oriente M\u00e9dio<\/title>\n<meta name=\"description\" content=\"Abaixo a interven\u00e7\u00e3o imperialista no Oriente M\u00e9dio. N\u00e3o \u00e0 guerra entre os povos!\" \/>\n<meta name=\"robots\" content=\"index, follow, max-snippet:-1, max-image-preview:large, max-video-preview:-1\" \/>\n<link rel=\"canonical\" href=\"https:\/\/psol50.org.br\/nota-do-psol-sobre-o-ataque-terrorista-de-trump-no-oriente-medio\/\" \/>\n<meta property=\"og:locale\" content=\"pt_BR\" \/>\n<meta property=\"og:type\" content=\"article\" \/>\n<meta property=\"og:title\" content=\"Nota do PSOL sobre o ataque terrorista de Trump no Oriente M\u00e9dio\" \/>\n<meta property=\"og:description\" content=\"Abaixo a interven\u00e7\u00e3o imperialista no Oriente M\u00e9dio. N\u00e3o \u00e0 guerra entre os povos!\" \/>\n<meta property=\"og:url\" content=\"https:\/\/psol50.org.br\/nota-do-psol-sobre-o-ataque-terrorista-de-trump-no-oriente-medio\/\" \/>\n<meta property=\"og:site_name\" content=\"PSOL 50\" \/>\n<meta property=\"article:publisher\" content=\"https:\/\/www.facebook.com\/psol50\" \/>\n<meta property=\"article:published_time\" content=\"2020-01-07T12:42:26+00:00\" \/>\n<meta property=\"og:image\" content=\"https:\/\/psol50.org.br\/inc\/uploads\/2020\/01\/funeral07.jpg\" \/>\n\t<meta property=\"og:image:width\" content=\"1262\" \/>\n\t<meta property=\"og:image:height\" content=\"841\" \/>\n\t<meta property=\"og:image:type\" content=\"image\/jpeg\" \/>\n<meta name=\"author\" content=\"Comunica\u00e7\u00e3o PSOL\" \/>\n<meta name=\"twitter:card\" content=\"summary_large_image\" \/>\n<meta name=\"twitter:title\" content=\"Nota do PSOL sobre o ataque terrorista de Trump no Oriente M\u00e9dio\" \/>\n<meta name=\"twitter:description\" content=\"Abaixo a interven\u00e7\u00e3o imperialista no Oriente M\u00e9dio. N\u00e3o \u00e0 guerra entre os povos!\" \/>\n<meta name=\"twitter:image\" content=\"https:\/\/psol50.org.br\/inc\/uploads\/2020\/01\/funeral07.jpg\" \/>\n<meta name=\"twitter:creator\" content=\"@psol50\" \/>\n<meta name=\"twitter:site\" content=\"@psol50\" \/>\n<meta name=\"twitter:label1\" content=\"Escrito por\" \/>\n\t<meta name=\"twitter:data1\" content=\"Comunica\u00e7\u00e3o PSOL\" \/>\n\t<meta name=\"twitter:label2\" content=\"Est. tempo de leitura\" \/>\n\t<meta name=\"twitter:data2\" content=\"3 minutos\" \/>\n<script type=\"application\/ld+json\" class=\"yoast-schema-graph\">{\"@context\":\"https:\/\/schema.org\",\"@graph\":[{\"@type\":\"Article\",\"@id\":\"https:\/\/psol50.org.br\/nota-do-psol-sobre-o-ataque-terrorista-de-trump-no-oriente-medio\/#article\",\"isPartOf\":{\"@id\":\"https:\/\/psol50.org.br\/nota-do-psol-sobre-o-ataque-terrorista-de-trump-no-oriente-medio\/\"},\"author\":{\"name\":\"Comunica\u00e7\u00e3o PSOL\",\"@id\":\"https:\/\/psol50.org.br\/#\/schema\/person\/475dfa57d0b815993c714c2e96491fcd\"},\"headline\":\"Nota do PSOL sobre o ataque terrorista de Trump no Oriente M\u00e9dio\",\"datePublished\":\"2020-01-07T12:42:26+00:00\",\"mainEntityOfPage\":{\"@id\":\"https:\/\/psol50.org.br\/nota-do-psol-sobre-o-ataque-terrorista-de-trump-no-oriente-medio\/\"},\"wordCount\":537,\"publisher\":{\"@id\":\"https:\/\/psol50.org.br\/#organization\"},\"image\":{\"@id\":\"https:\/\/psol50.org.br\/nota-do-psol-sobre-o-ataque-terrorista-de-trump-no-oriente-medio\/#primaryimage\"},\"thumbnailUrl\":\"https:\/\/psol50.org.br\/inc\/uploads\/2020\/01\/funeral07.jpg\",\"keywords\":[\"EUA\",\"guerra\",\"ir\u00e3\",\"nota\",\"oriente m\u00e9dio\",\"PSOL\",\"Trump\"],\"articleSection\":[\"Notas\",\"Not\u00edcias\"],\"inLanguage\":\"pt-BR\"},{\"@type\":\"WebPage\",\"@id\":\"https:\/\/psol50.org.br\/nota-do-psol-sobre-o-ataque-terrorista-de-trump-no-oriente-medio\/\",\"url\":\"https:\/\/psol50.org.br\/nota-do-psol-sobre-o-ataque-terrorista-de-trump-no-oriente-medio\/\",\"name\":\"Nota do PSOL sobre o ataque terrorista de Trump no Oriente M\u00e9dio\",\"isPartOf\":{\"@id\":\"https:\/\/psol50.org.br\/#website\"},\"primaryImageOfPage\":{\"@id\":\"https:\/\/psol50.org.br\/nota-do-psol-sobre-o-ataque-terrorista-de-trump-no-oriente-medio\/#primaryimage\"},\"image\":{\"@id\":\"https:\/\/psol50.org.br\/nota-do-psol-sobre-o-ataque-terrorista-de-trump-no-oriente-medio\/#primaryimage\"},\"thumbnailUrl\":\"https:\/\/psol50.org.br\/inc\/uploads\/2020\/01\/funeral07.jpg\",\"datePublished\":\"2020-01-07T12:42:26+00:00\",\"description\":\"Abaixo a interven\u00e7\u00e3o imperialista no Oriente M\u00e9dio. N\u00e3o \u00e0 guerra entre os povos!\",\"breadcrumb\":{\"@id\":\"https:\/\/psol50.org.br\/nota-do-psol-sobre-o-ataque-terrorista-de-trump-no-oriente-medio\/#breadcrumb\"},\"inLanguage\":\"pt-BR\",\"potentialAction\":[{\"@type\":\"ReadAction\",\"target\":[\"https:\/\/psol50.org.br\/nota-do-psol-sobre-o-ataque-terrorista-de-trump-no-oriente-medio\/\"]}]},{\"@type\":\"ImageObject\",\"inLanguage\":\"pt-BR\",\"@id\":\"https:\/\/psol50.org.br\/nota-do-psol-sobre-o-ataque-terrorista-de-trump-no-oriente-medio\/#primaryimage\",\"url\":\"https:\/\/psol50.org.br\/inc\/uploads\/2020\/01\/funeral07.jpg\",\"contentUrl\":\"https:\/\/psol50.org.br\/inc\/uploads\/2020\/01\/funeral07.jpg\",\"width\":1262,\"height\":841,\"caption\":\"Foto: Erfan Kouchari \/ Ag\u00eancia de Not\u00edcias Tasnim\"},{\"@type\":\"BreadcrumbList\",\"@id\":\"https:\/\/psol50.org.br\/nota-do-psol-sobre-o-ataque-terrorista-de-trump-no-oriente-medio\/#breadcrumb\",\"itemListElement\":[{\"@type\":\"ListItem\",\"position\":1,\"name\":\"In\u00edcio\",\"item\":\"https:\/\/psol50.org.br\/\"},{\"@type\":\"ListItem\",\"position\":2,\"name\":\"Nota do PSOL sobre o ataque terrorista de Trump no Oriente M\u00e9dio\"}]},{\"@type\":\"WebSite\",\"@id\":\"https:\/\/psol50.org.br\/#website\",\"url\":\"https:\/\/psol50.org.br\/\",\"name\":\"PSOL 50\",\"description\":\"Site oficial do Partido Socialismo e Liberdade\",\"publisher\":{\"@id\":\"https:\/\/psol50.org.br\/#organization\"},\"alternateName\":\"PSOL50\",\"potentialAction\":[{\"@type\":\"SearchAction\",\"target\":{\"@type\":\"EntryPoint\",\"urlTemplate\":\"https:\/\/psol50.org.br\/?s={search_term_string}\"},\"query-input\":{\"@type\":\"PropertyValueSpecification\",\"valueRequired\":true,\"valueName\":\"search_term_string\"}}],\"inLanguage\":\"pt-BR\"},{\"@type\":\"Organization\",\"@id\":\"https:\/\/psol50.org.br\/#organization\",\"name\":\"PSOL 50\",\"alternateName\":\"PSOL 50\",\"url\":\"https:\/\/psol50.org.br\/\",\"logo\":{\"@type\":\"ImageObject\",\"inLanguage\":\"pt-BR\",\"@id\":\"https:\/\/psol50.org.br\/#\/schema\/logo\/image\/\",\"url\":\"https:\/\/psol50.org.br\/inc\/uploads\/2018\/07\/capa.png\",\"contentUrl\":\"https:\/\/psol50.org.br\/inc\/uploads\/2018\/07\/capa.png\",\"width\":1350,\"height\":900,\"caption\":\"PSOL 50\"},\"image\":{\"@id\":\"https:\/\/psol50.org.br\/#\/schema\/logo\/image\/\"},\"sameAs\":[\"https:\/\/www.facebook.com\/psol50\",\"https:\/\/x.com\/psol50\",\"https:\/\/www.instagram.com\/psol50\/\",\"https:\/\/www.youtube.com\/channel\/UC7SnJS5o1os7a6CaiNabzcg\"]},{\"@type\":\"Person\",\"@id\":\"https:\/\/psol50.org.br\/#\/schema\/person\/475dfa57d0b815993c714c2e96491fcd\",\"name\":\"Comunica\u00e7\u00e3o PSOL\",\"image\":{\"@type\":\"ImageObject\",\"inLanguage\":\"pt-BR\",\"@id\":\"https:\/\/psol50.org.br\/#\/schema\/person\/image\/\",\"url\":\"https:\/\/secure.gravatar.com\/avatar\/b34fc4f4e468a4e51785917065a3db57b841f5c95dba6ad8c73aaf8f66f8f9bf?s=96&d=mm&r=g\",\"contentUrl\":\"https:\/\/secure.gravatar.com\/avatar\/b34fc4f4e468a4e51785917065a3db57b841f5c95dba6ad8c73aaf8f66f8f9bf?s=96&d=mm&r=g\",\"caption\":\"Comunica\u00e7\u00e3o PSOL\"}}]}<\/script>\n<!-- \/ Yoast SEO plugin. -->","yoast_head_json":{"title":"Nota do PSOL sobre o ataque terrorista de Trump no Oriente M\u00e9dio","description":"Abaixo a interven\u00e7\u00e3o imperialista no Oriente M\u00e9dio. N\u00e3o \u00e0 guerra entre os povos!","robots":{"index":"index","follow":"follow","max-snippet":"max-snippet:-1","max-image-preview":"max-image-preview:large","max-video-preview":"max-video-preview:-1"},"canonical":"https:\/\/psol50.org.br\/nota-do-psol-sobre-o-ataque-terrorista-de-trump-no-oriente-medio\/","og_locale":"pt_BR","og_type":"article","og_title":"Nota do PSOL sobre o ataque terrorista de Trump no Oriente M\u00e9dio","og_description":"Abaixo a interven\u00e7\u00e3o imperialista no Oriente M\u00e9dio. N\u00e3o \u00e0 guerra entre os povos!","og_url":"https:\/\/psol50.org.br\/nota-do-psol-sobre-o-ataque-terrorista-de-trump-no-oriente-medio\/","og_site_name":"PSOL 50","article_publisher":"https:\/\/www.facebook.com\/psol50","article_published_time":"2020-01-07T12:42:26+00:00","og_image":[{"width":1262,"height":841,"url":"https:\/\/psol50.org.br\/inc\/uploads\/2020\/01\/funeral07.jpg","type":"image\/jpeg"}],"author":"Comunica\u00e7\u00e3o PSOL","twitter_card":"summary_large_image","twitter_title":"Nota do PSOL sobre o ataque terrorista de Trump no Oriente M\u00e9dio","twitter_description":"Abaixo a interven\u00e7\u00e3o imperialista no Oriente M\u00e9dio. N\u00e3o \u00e0 guerra entre os povos!","twitter_image":"https:\/\/psol50.org.br\/inc\/uploads\/2020\/01\/funeral07.jpg","twitter_creator":"@psol50","twitter_site":"@psol50","twitter_misc":{"Escrito por":"Comunica\u00e7\u00e3o PSOL","Est. tempo de leitura":"3 minutos"},"schema":{"@context":"https:\/\/schema.org","@graph":[{"@type":"Article","@id":"https:\/\/psol50.org.br\/nota-do-psol-sobre-o-ataque-terrorista-de-trump-no-oriente-medio\/#article","isPartOf":{"@id":"https:\/\/psol50.org.br\/nota-do-psol-sobre-o-ataque-terrorista-de-trump-no-oriente-medio\/"},"author":{"name":"Comunica\u00e7\u00e3o PSOL","@id":"https:\/\/psol50.org.br\/#\/schema\/person\/475dfa57d0b815993c714c2e96491fcd"},"headline":"Nota do PSOL sobre o ataque terrorista de Trump no Oriente M\u00e9dio","datePublished":"2020-01-07T12:42:26+00:00","mainEntityOfPage":{"@id":"https:\/\/psol50.org.br\/nota-do-psol-sobre-o-ataque-terrorista-de-trump-no-oriente-medio\/"},"wordCount":537,"publisher":{"@id":"https:\/\/psol50.org.br\/#organization"},"image":{"@id":"https:\/\/psol50.org.br\/nota-do-psol-sobre-o-ataque-terrorista-de-trump-no-oriente-medio\/#primaryimage"},"thumbnailUrl":"https:\/\/psol50.org.br\/inc\/uploads\/2020\/01\/funeral07.jpg","keywords":["EUA","guerra","ir\u00e3","nota","oriente m\u00e9dio","PSOL","Trump"],"articleSection":["Notas","Not\u00edcias"],"inLanguage":"pt-BR"},{"@type":"WebPage","@id":"https:\/\/psol50.org.br\/nota-do-psol-sobre-o-ataque-terrorista-de-trump-no-oriente-medio\/","url":"https:\/\/psol50.org.br\/nota-do-psol-sobre-o-ataque-terrorista-de-trump-no-oriente-medio\/","name":"Nota do PSOL sobre o ataque terrorista de Trump no Oriente M\u00e9dio","isPartOf":{"@id":"https:\/\/psol50.org.br\/#website"},"primaryImageOfPage":{"@id":"https:\/\/psol50.org.br\/nota-do-psol-sobre-o-ataque-terrorista-de-trump-no-oriente-medio\/#primaryimage"},"image":{"@id":"https:\/\/psol50.org.br\/nota-do-psol-sobre-o-ataque-terrorista-de-trump-no-oriente-medio\/#primaryimage"},"thumbnailUrl":"https:\/\/psol50.org.br\/inc\/uploads\/2020\/01\/funeral07.jpg","datePublished":"2020-01-07T12:42:26+00:00","description":"Abaixo a interven\u00e7\u00e3o imperialista no Oriente M\u00e9dio. N\u00e3o \u00e0 guerra entre os povos!","breadcrumb":{"@id":"https:\/\/psol50.org.br\/nota-do-psol-sobre-o-ataque-terrorista-de-trump-no-oriente-medio\/#breadcrumb"},"inLanguage":"pt-BR","potentialAction":[{"@type":"ReadAction","target":["https:\/\/psol50.org.br\/nota-do-psol-sobre-o-ataque-terrorista-de-trump-no-oriente-medio\/"]}]},{"@type":"ImageObject","inLanguage":"pt-BR","@id":"https:\/\/psol50.org.br\/nota-do-psol-sobre-o-ataque-terrorista-de-trump-no-oriente-medio\/#primaryimage","url":"https:\/\/psol50.org.br\/inc\/uploads\/2020\/01\/funeral07.jpg","contentUrl":"https:\/\/psol50.org.br\/inc\/uploads\/2020\/01\/funeral07.jpg","width":1262,"height":841,"caption":"Foto: Erfan Kouchari \/ Ag\u00eancia de Not\u00edcias Tasnim"},{"@type":"BreadcrumbList","@id":"https:\/\/psol50.org.br\/nota-do-psol-sobre-o-ataque-terrorista-de-trump-no-oriente-medio\/#breadcrumb","itemListElement":[{"@type":"ListItem","position":1,"name":"In\u00edcio","item":"https:\/\/psol50.org.br\/"},{"@type":"ListItem","position":2,"name":"Nota do PSOL sobre o ataque terrorista de Trump no Oriente M\u00e9dio"}]},{"@type":"WebSite","@id":"https:\/\/psol50.org.br\/#website","url":"https:\/\/psol50.org.br\/","name":"PSOL 50","description":"Site oficial do Partido Socialismo e Liberdade","publisher":{"@id":"https:\/\/psol50.org.br\/#organization"},"alternateName":"PSOL50","potentialAction":[{"@type":"SearchAction","target":{"@type":"EntryPoint","urlTemplate":"https:\/\/psol50.org.br\/?s={search_term_string}"},"query-input":{"@type":"PropertyValueSpecification","valueRequired":true,"valueName":"search_term_string"}}],"inLanguage":"pt-BR"},{"@type":"Organization","@id":"https:\/\/psol50.org.br\/#organization","name":"PSOL 50","alternateName":"PSOL 50","url":"https:\/\/psol50.org.br\/","logo":{"@type":"ImageObject","inLanguage":"pt-BR","@id":"https:\/\/psol50.org.br\/#\/schema\/logo\/image\/","url":"https:\/\/psol50.org.br\/inc\/uploads\/2018\/07\/capa.png","contentUrl":"https:\/\/psol50.org.br\/inc\/uploads\/2018\/07\/capa.png","width":1350,"height":900,"caption":"PSOL 50"},"image":{"@id":"https:\/\/psol50.org.br\/#\/schema\/logo\/image\/"},"sameAs":["https:\/\/www.facebook.com\/psol50","https:\/\/x.com\/psol50","https:\/\/www.instagram.com\/psol50\/","https:\/\/www.youtube.com\/channel\/UC7SnJS5o1os7a6CaiNabzcg"]},{"@type":"Person","@id":"https:\/\/psol50.org.br\/#\/schema\/person\/475dfa57d0b815993c714c2e96491fcd","name":"Comunica\u00e7\u00e3o PSOL","image":{"@type":"ImageObject","inLanguage":"pt-BR","@id":"https:\/\/psol50.org.br\/#\/schema\/person\/image\/","url":"https:\/\/secure.gravatar.com\/avatar\/b34fc4f4e468a4e51785917065a3db57b841f5c95dba6ad8c73aaf8f66f8f9bf?s=96&d=mm&r=g","contentUrl":"https:\/\/secure.gravatar.com\/avatar\/b34fc4f4e468a4e51785917065a3db57b841f5c95dba6ad8c73aaf8f66f8f9bf?s=96&d=mm&r=g","caption":"Comunica\u00e7\u00e3o PSOL"}}]}},"_links":{"self":[{"href":"https:\/\/psol50.org.br\/rest\/wp\/v2\/posts\/27213","targetHints":{"allow":["GET"]}}],"collection":[{"href":"https:\/\/psol50.org.br\/rest\/wp\/v2\/posts"}],"about":[{"href":"https:\/\/psol50.org.br\/rest\/wp\/v2\/types\/post"}],"author":[{"embeddable":true,"href":"https:\/\/psol50.org.br\/rest\/wp\/v2\/users\/2"}],"replies":[{"embeddable":true,"href":"https:\/\/psol50.org.br\/rest\/wp\/v2\/comments?post=27213"}],"version-history":[{"count":0,"href":"https:\/\/psol50.org.br\/rest\/wp\/v2\/posts\/27213\/revisions"}],"wp:featuredmedia":[{"embeddable":true,"href":"https:\/\/psol50.org.br\/rest\/wp\/v2\/media\/27214"}],"wp:attachment":[{"href":"https:\/\/psol50.org.br\/rest\/wp\/v2\/media?parent=27213"}],"wp:term":[{"taxonomy":"category","embeddable":true,"href":"https:\/\/psol50.org.br\/rest\/wp\/v2\/categories?post=27213"},{"taxonomy":"post_tag","embeddable":true,"href":"https:\/\/psol50.org.br\/rest\/wp\/v2\/tags?post=27213"}],"curies":[{"name":"wp","href":"https:\/\/api.w.org\/{rel}","templated":true}]}}