{"id":2723,"date":"2014-04-29T00:00:00","date_gmt":"2014-04-30T09:57:15","guid":{"rendered":"http:\/\/psol50.org.br\/arquivo\/2014\/04\/29\/morte-de-paulo-malhaes-sera-acompanhada-por-senadores\/"},"modified":"2014-04-29T00:00:00","modified_gmt":"2014-04-30T09:57:15","slug":"morte-de-paulo-malhaes-sera-acompanhada-por-senadores","status":"publish","type":"post","link":"https:\/\/psol50.org.br\/morte-de-paulo-malhaes-sera-acompanhada-por-senadores\/","title":{"rendered":"Morte de Paulo Malh\u00e3es ser\u00e1 acompanhada por senadores"},"content":{"rendered":"<div class=\"plain\" id=\"parent-fieldname-text\" style=\"margin: 0px; padding: 0px; color: rgb(29, 29, 29); font-family: 'Lucida Sans Unicode', 'Lucida Grande', sans-serif; font-size: 15px; text-align: justify; line-height: 19.200000762939453px;\">\n<div style=\"margin-top: 0px; margin-right: 0px; margin-left: 0px; padding: 0px 0px 20px; margin-bottom: 0px !important;\">\n\t\t<span style=\"margin: 0px; padding: 0px; height: 1.5em;\">A Comiss\u00e3o de Direitos Humanos e Legisla\u00e7\u00e3o Participativa (CDH) &nbsp;do Senado realizou nesta ter\u00e7a-feira (28\/04) reuni\u00e3o de trabalho para debater a morte do coronel Paulo Malh\u00e3es, assassinado na quinta-feira passada (24). Randolfe Rodrigues (PSOL-AP) e os senadores Jo\u00e3o Capiberibe (PSB-AP) e a presidente da comiss\u00e3o, Ana Rita (PT-ES) querem se reunir com o ministro da Justi\u00e7a, Jos\u00e9 Eduardo Cardozo, e v\u00e3o ao Rio de Janeiro para acompanhar a investiga\u00e7\u00e3o do caso.<\/span><\/div>\n<div style=\"margin-top: 0px; margin-right: 0px; margin-left: 0px; padding: 0px 0px 20px; margin-bottom: 0px !important;\">\n\t\tO coronel foi morto em sua casa um m\u00eas depois de dar depoimento \u00e0 Comiss\u00e3o Estadual da Verdade do Rio de Janeiro. Na ocais\u00e3o, ele afirmou ter participado do desaparecimento dos restos mortais do deputado Rubens Paiva e contou com detalhes como os militares faziam para sumir com os corpos dos que haviam sido torturados e mortos durante a ditadura.<\/div>\n<div style=\"margin-top: 0px; margin-right: 0px; margin-left: 0px; padding: 0px 0px 20px; margin-bottom: 0px !important;\">\n\t\tSegundo o presidente da comiss\u00e3o estadual da verdade, Wadih&nbsp;<span style=\"margin: 0px; padding: 0px; text-align: center;\">Damous<\/span>, que participou da reuni\u00e3o na CDH, o coronel foi o primeiro agente que resolveu falar entre todos os que foram convocados e a confirmar que a tortura e a morte constitu\u00edram uma pol\u00edtica de estado e n\u00e3o excessos de alguns agentes. Ele esteve envolvido em v\u00e1rios epis\u00f3dios como a idealiza\u00e7\u00e3o das casas da morte, o desaparecimento dos corpos na guerrilha do Araguaia, entre outros. Para Damous, as circunst\u00e2ncias da morte de Malh\u00e3es s\u00e3o muito suspeitas e devem ser investigadas.<\/p>\n<p>\t\t<b style=\"text-align: center; margin: 0px; padding: 0px;\">Dilig\u00eancia<\/b><\/div>\n<div style=\"margin-top: 0px; margin-right: 0px; margin-left: 0px; padding: 0px 0px 20px; margin-bottom: 0px !important;\">\n\t\tAp\u00f3s a abertura da reuni\u00e3o deliberativa, a comiss\u00e3o aprovou requerimento extrapauta do senador Randolfe Rodrigues para que o colegiado fa\u00e7a uma dilig\u00eancia ao Rio de Janeiro a fim de acompanhar as investiga\u00e7\u00f5es da morte do coronel Paulo Malh\u00e3es.<\/div>\n<div style=\"margin-top: 0px; margin-right: 0px; margin-left: 0px; padding: 0px 0px 20px; margin-bottom: 0px !important;\">\n\t\tRandolfe criticou o que ele acredita ser uma tentativa da Pol\u00edcia Civil de classificar o caso como um latroc\u00ednio comum e o fato de ela ter rejeitado a atua\u00e7\u00e3o da Pol\u00edcia Federal.<\/div>\n<div style=\"margin-top: 0px; margin-right: 0px; margin-left: 0px; padding: 0px 0px 20px; margin-bottom: 0px !important;\">\n\t\t&#8220;N\u00e3o quero fazer nenhum julgamento sobre a Pol\u00edcia Civil do Rio de Janeiro, mas eu lamento a forma como est\u00e1 tratando o caso, o fato de n\u00e3o aceitar a participa\u00e7\u00e3o da Pol\u00edcia Federal, aceitar o depoimento do caseiro como encerramento do caso. N\u00e3o aceito que esse caso seja tratado dessa forma&#8221;, &nbsp;disse.<\/div>\n<div style=\"margin-top: 0px; margin-right: 0px; margin-left: 0px; padding: 0px 0px 20px; margin-bottom: 0px !important;\">\n\t\tO senador alertou que o jornal O Dia, nas edi\u00e7\u00f5es desta ter\u00e7a-feira, anuncia que o site do coronel Brilhante Ustra noticiou a morte de Malh\u00e3es 31 minutos antes de toda a imprensa. &#8220;Isso s\u00f3 refor\u00e7a a necessidade de que essa investiga\u00e7\u00e3o seja mais rigorosa&#8221;.&nbsp;<\/p>\n<p>\t\tDados da Ag\u00eancia Senado<\/p><\/div>\n<\/div>\n<p><\/p>\n","protected":false},"excerpt":{"rendered":"<p>Randolfe Rodrigues, Jo\u00e3o Capiberibe e Ana Rita querem se reunir com o ministro da Justi\u00e7a, Jos\u00e9 Eduardo Cardozo, e v\u00e3o ao Rio de Janeiro para acompanhar a investiga\u00e7\u00e3o do caso<\/p>\n","protected":false},"author":2,"featured_media":0,"comment_status":"open","ping_status":"open","sticky":false,"template":"","format":"standard","meta":{"_acf_changed":false,"footnotes":""},"categories":[4766,6],"tags":[],"class_list":{"0":"post-2723","1":"post","2":"type-post","3":"status-publish","4":"format-standard","6":"category-arquivo","7":"category-noticias"},"acf":[],"yoast_head":"<!-- This site is optimized with the Yoast SEO plugin v26.5 - https:\/\/yoast.com\/wordpress\/plugins\/seo\/ -->\n<title>Morte de Paulo Malh\u00e3es ser\u00e1 acompanhada por senadores - PSOL 50<\/title>\n<meta name=\"robots\" content=\"index, follow, max-snippet:-1, max-image-preview:large, max-video-preview:-1\" \/>\n<link rel=\"canonical\" href=\"https:\/\/psol50.org.br\/morte-de-paulo-malhaes-sera-acompanhada-por-senadores\/\" \/>\n<meta property=\"og:locale\" content=\"pt_BR\" \/>\n<meta property=\"og:type\" content=\"article\" \/>\n<meta property=\"og:title\" content=\"Morte de Paulo Malh\u00e3es ser\u00e1 acompanhada por senadores - PSOL 50\" \/>\n<meta property=\"og:description\" content=\"Randolfe Rodrigues, Jo\u00e3o Capiberibe e Ana Rita querem se reunir com o ministro da Justi\u00e7a, Jos\u00e9 Eduardo Cardozo, e v\u00e3o ao Rio de Janeiro para acompanhar a investiga\u00e7\u00e3o do caso\" \/>\n<meta property=\"og:url\" content=\"https:\/\/psol50.org.br\/morte-de-paulo-malhaes-sera-acompanhada-por-senadores\/\" \/>\n<meta property=\"og:site_name\" content=\"PSOL 50\" \/>\n<meta property=\"article:publisher\" content=\"https:\/\/www.facebook.com\/psol50\" \/>\n<meta property=\"article:published_time\" content=\"2014-04-30T09:57:15+00:00\" \/>\n<meta property=\"og:image\" content=\"https:\/\/psol50.org.br\/inc\/uploads\/2018\/07\/capa.png\" \/>\n\t<meta property=\"og:image:width\" content=\"1350\" \/>\n\t<meta property=\"og:image:height\" content=\"900\" \/>\n\t<meta property=\"og:image:type\" content=\"image\/png\" \/>\n<meta name=\"author\" content=\"Comunica\u00e7\u00e3o PSOL\" \/>\n<meta name=\"twitter:card\" content=\"summary_large_image\" \/>\n<meta name=\"twitter:creator\" content=\"@psol50\" \/>\n<meta name=\"twitter:site\" content=\"@psol50\" \/>\n<meta name=\"twitter:label1\" content=\"Escrito por\" \/>\n\t<meta name=\"twitter:data1\" content=\"Comunica\u00e7\u00e3o PSOL\" \/>\n\t<meta name=\"twitter:label2\" content=\"Est. tempo de leitura\" \/>\n\t<meta name=\"twitter:data2\" content=\"2 minutos\" \/>\n<script type=\"application\/ld+json\" class=\"yoast-schema-graph\">{\"@context\":\"https:\/\/schema.org\",\"@graph\":[{\"@type\":\"Article\",\"@id\":\"https:\/\/psol50.org.br\/morte-de-paulo-malhaes-sera-acompanhada-por-senadores\/#article\",\"isPartOf\":{\"@id\":\"https:\/\/psol50.org.br\/morte-de-paulo-malhaes-sera-acompanhada-por-senadores\/\"},\"author\":{\"name\":\"Comunica\u00e7\u00e3o PSOL\",\"@id\":\"https:\/\/psol50.org.br\/#\/schema\/person\/475dfa57d0b815993c714c2e96491fcd\"},\"headline\":\"Morte de Paulo Malh\u00e3es ser\u00e1 acompanhada por senadores\",\"datePublished\":\"2014-04-30T09:57:15+00:00\",\"mainEntityOfPage\":{\"@id\":\"https:\/\/psol50.org.br\/morte-de-paulo-malhaes-sera-acompanhada-por-senadores\/\"},\"wordCount\":448,\"commentCount\":0,\"publisher\":{\"@id\":\"https:\/\/psol50.org.br\/#organization\"},\"articleSection\":[\"Arquivo\",\"Not\u00edcias\"],\"inLanguage\":\"pt-BR\",\"potentialAction\":[{\"@type\":\"CommentAction\",\"name\":\"Comment\",\"target\":[\"https:\/\/psol50.org.br\/morte-de-paulo-malhaes-sera-acompanhada-por-senadores\/#respond\"]}]},{\"@type\":\"WebPage\",\"@id\":\"https:\/\/psol50.org.br\/morte-de-paulo-malhaes-sera-acompanhada-por-senadores\/\",\"url\":\"https:\/\/psol50.org.br\/morte-de-paulo-malhaes-sera-acompanhada-por-senadores\/\",\"name\":\"Morte de Paulo Malh\u00e3es ser\u00e1 acompanhada por senadores - PSOL 50\",\"isPartOf\":{\"@id\":\"https:\/\/psol50.org.br\/#website\"},\"datePublished\":\"2014-04-30T09:57:15+00:00\",\"breadcrumb\":{\"@id\":\"https:\/\/psol50.org.br\/morte-de-paulo-malhaes-sera-acompanhada-por-senadores\/#breadcrumb\"},\"inLanguage\":\"pt-BR\",\"potentialAction\":[{\"@type\":\"ReadAction\",\"target\":[\"https:\/\/psol50.org.br\/morte-de-paulo-malhaes-sera-acompanhada-por-senadores\/\"]}]},{\"@type\":\"BreadcrumbList\",\"@id\":\"https:\/\/psol50.org.br\/morte-de-paulo-malhaes-sera-acompanhada-por-senadores\/#breadcrumb\",\"itemListElement\":[{\"@type\":\"ListItem\",\"position\":1,\"name\":\"In\u00edcio\",\"item\":\"https:\/\/psol50.org.br\/\"},{\"@type\":\"ListItem\",\"position\":2,\"name\":\"Morte de Paulo Malh\u00e3es ser\u00e1 acompanhada por senadores\"}]},{\"@type\":\"WebSite\",\"@id\":\"https:\/\/psol50.org.br\/#website\",\"url\":\"https:\/\/psol50.org.br\/\",\"name\":\"PSOL 50\",\"description\":\"Site oficial do Partido Socialismo e Liberdade\",\"publisher\":{\"@id\":\"https:\/\/psol50.org.br\/#organization\"},\"alternateName\":\"PSOL50\",\"potentialAction\":[{\"@type\":\"SearchAction\",\"target\":{\"@type\":\"EntryPoint\",\"urlTemplate\":\"https:\/\/psol50.org.br\/?s={search_term_string}\"},\"query-input\":{\"@type\":\"PropertyValueSpecification\",\"valueRequired\":true,\"valueName\":\"search_term_string\"}}],\"inLanguage\":\"pt-BR\"},{\"@type\":\"Organization\",\"@id\":\"https:\/\/psol50.org.br\/#organization\",\"name\":\"PSOL 50\",\"alternateName\":\"PSOL 50\",\"url\":\"https:\/\/psol50.org.br\/\",\"logo\":{\"@type\":\"ImageObject\",\"inLanguage\":\"pt-BR\",\"@id\":\"https:\/\/psol50.org.br\/#\/schema\/logo\/image\/\",\"url\":\"https:\/\/psol50.org.br\/inc\/uploads\/2018\/07\/capa.png\",\"contentUrl\":\"https:\/\/psol50.org.br\/inc\/uploads\/2018\/07\/capa.png\",\"width\":1350,\"height\":900,\"caption\":\"PSOL 50\"},\"image\":{\"@id\":\"https:\/\/psol50.org.br\/#\/schema\/logo\/image\/\"},\"sameAs\":[\"https:\/\/www.facebook.com\/psol50\",\"https:\/\/x.com\/psol50\",\"https:\/\/www.instagram.com\/psol50\/\",\"https:\/\/www.youtube.com\/channel\/UC7SnJS5o1os7a6CaiNabzcg\"]},{\"@type\":\"Person\",\"@id\":\"https:\/\/psol50.org.br\/#\/schema\/person\/475dfa57d0b815993c714c2e96491fcd\",\"name\":\"Comunica\u00e7\u00e3o PSOL\",\"image\":{\"@type\":\"ImageObject\",\"inLanguage\":\"pt-BR\",\"@id\":\"https:\/\/psol50.org.br\/#\/schema\/person\/image\/\",\"url\":\"https:\/\/secure.gravatar.com\/avatar\/b34fc4f4e468a4e51785917065a3db57b841f5c95dba6ad8c73aaf8f66f8f9bf?s=96&d=mm&r=g\",\"contentUrl\":\"https:\/\/secure.gravatar.com\/avatar\/b34fc4f4e468a4e51785917065a3db57b841f5c95dba6ad8c73aaf8f66f8f9bf?s=96&d=mm&r=g\",\"caption\":\"Comunica\u00e7\u00e3o PSOL\"}}]}<\/script>\n<!-- \/ Yoast SEO plugin. -->","yoast_head_json":{"title":"Morte de Paulo Malh\u00e3es ser\u00e1 acompanhada por senadores - PSOL 50","robots":{"index":"index","follow":"follow","max-snippet":"max-snippet:-1","max-image-preview":"max-image-preview:large","max-video-preview":"max-video-preview:-1"},"canonical":"https:\/\/psol50.org.br\/morte-de-paulo-malhaes-sera-acompanhada-por-senadores\/","og_locale":"pt_BR","og_type":"article","og_title":"Morte de Paulo Malh\u00e3es ser\u00e1 acompanhada por senadores - PSOL 50","og_description":"Randolfe Rodrigues, Jo\u00e3o Capiberibe e Ana Rita querem se reunir com o ministro da Justi\u00e7a, Jos\u00e9 Eduardo Cardozo, e v\u00e3o ao Rio de Janeiro para acompanhar a investiga\u00e7\u00e3o do caso","og_url":"https:\/\/psol50.org.br\/morte-de-paulo-malhaes-sera-acompanhada-por-senadores\/","og_site_name":"PSOL 50","article_publisher":"https:\/\/www.facebook.com\/psol50","article_published_time":"2014-04-30T09:57:15+00:00","og_image":[{"width":1350,"height":900,"url":"https:\/\/psol50.org.br\/inc\/uploads\/2018\/07\/capa.png","type":"image\/png"}],"author":"Comunica\u00e7\u00e3o PSOL","twitter_card":"summary_large_image","twitter_creator":"@psol50","twitter_site":"@psol50","twitter_misc":{"Escrito por":"Comunica\u00e7\u00e3o PSOL","Est. tempo de leitura":"2 minutos"},"schema":{"@context":"https:\/\/schema.org","@graph":[{"@type":"Article","@id":"https:\/\/psol50.org.br\/morte-de-paulo-malhaes-sera-acompanhada-por-senadores\/#article","isPartOf":{"@id":"https:\/\/psol50.org.br\/morte-de-paulo-malhaes-sera-acompanhada-por-senadores\/"},"author":{"name":"Comunica\u00e7\u00e3o PSOL","@id":"https:\/\/psol50.org.br\/#\/schema\/person\/475dfa57d0b815993c714c2e96491fcd"},"headline":"Morte de Paulo Malh\u00e3es ser\u00e1 acompanhada por senadores","datePublished":"2014-04-30T09:57:15+00:00","mainEntityOfPage":{"@id":"https:\/\/psol50.org.br\/morte-de-paulo-malhaes-sera-acompanhada-por-senadores\/"},"wordCount":448,"commentCount":0,"publisher":{"@id":"https:\/\/psol50.org.br\/#organization"},"articleSection":["Arquivo","Not\u00edcias"],"inLanguage":"pt-BR","potentialAction":[{"@type":"CommentAction","name":"Comment","target":["https:\/\/psol50.org.br\/morte-de-paulo-malhaes-sera-acompanhada-por-senadores\/#respond"]}]},{"@type":"WebPage","@id":"https:\/\/psol50.org.br\/morte-de-paulo-malhaes-sera-acompanhada-por-senadores\/","url":"https:\/\/psol50.org.br\/morte-de-paulo-malhaes-sera-acompanhada-por-senadores\/","name":"Morte de Paulo Malh\u00e3es ser\u00e1 acompanhada por senadores - PSOL 50","isPartOf":{"@id":"https:\/\/psol50.org.br\/#website"},"datePublished":"2014-04-30T09:57:15+00:00","breadcrumb":{"@id":"https:\/\/psol50.org.br\/morte-de-paulo-malhaes-sera-acompanhada-por-senadores\/#breadcrumb"},"inLanguage":"pt-BR","potentialAction":[{"@type":"ReadAction","target":["https:\/\/psol50.org.br\/morte-de-paulo-malhaes-sera-acompanhada-por-senadores\/"]}]},{"@type":"BreadcrumbList","@id":"https:\/\/psol50.org.br\/morte-de-paulo-malhaes-sera-acompanhada-por-senadores\/#breadcrumb","itemListElement":[{"@type":"ListItem","position":1,"name":"In\u00edcio","item":"https:\/\/psol50.org.br\/"},{"@type":"ListItem","position":2,"name":"Morte de Paulo Malh\u00e3es ser\u00e1 acompanhada por senadores"}]},{"@type":"WebSite","@id":"https:\/\/psol50.org.br\/#website","url":"https:\/\/psol50.org.br\/","name":"PSOL 50","description":"Site oficial do Partido Socialismo e Liberdade","publisher":{"@id":"https:\/\/psol50.org.br\/#organization"},"alternateName":"PSOL50","potentialAction":[{"@type":"SearchAction","target":{"@type":"EntryPoint","urlTemplate":"https:\/\/psol50.org.br\/?s={search_term_string}"},"query-input":{"@type":"PropertyValueSpecification","valueRequired":true,"valueName":"search_term_string"}}],"inLanguage":"pt-BR"},{"@type":"Organization","@id":"https:\/\/psol50.org.br\/#organization","name":"PSOL 50","alternateName":"PSOL 50","url":"https:\/\/psol50.org.br\/","logo":{"@type":"ImageObject","inLanguage":"pt-BR","@id":"https:\/\/psol50.org.br\/#\/schema\/logo\/image\/","url":"https:\/\/psol50.org.br\/inc\/uploads\/2018\/07\/capa.png","contentUrl":"https:\/\/psol50.org.br\/inc\/uploads\/2018\/07\/capa.png","width":1350,"height":900,"caption":"PSOL 50"},"image":{"@id":"https:\/\/psol50.org.br\/#\/schema\/logo\/image\/"},"sameAs":["https:\/\/www.facebook.com\/psol50","https:\/\/x.com\/psol50","https:\/\/www.instagram.com\/psol50\/","https:\/\/www.youtube.com\/channel\/UC7SnJS5o1os7a6CaiNabzcg"]},{"@type":"Person","@id":"https:\/\/psol50.org.br\/#\/schema\/person\/475dfa57d0b815993c714c2e96491fcd","name":"Comunica\u00e7\u00e3o PSOL","image":{"@type":"ImageObject","inLanguage":"pt-BR","@id":"https:\/\/psol50.org.br\/#\/schema\/person\/image\/","url":"https:\/\/secure.gravatar.com\/avatar\/b34fc4f4e468a4e51785917065a3db57b841f5c95dba6ad8c73aaf8f66f8f9bf?s=96&d=mm&r=g","contentUrl":"https:\/\/secure.gravatar.com\/avatar\/b34fc4f4e468a4e51785917065a3db57b841f5c95dba6ad8c73aaf8f66f8f9bf?s=96&d=mm&r=g","caption":"Comunica\u00e7\u00e3o PSOL"}}]}},"_links":{"self":[{"href":"https:\/\/psol50.org.br\/rest\/wp\/v2\/posts\/2723","targetHints":{"allow":["GET"]}}],"collection":[{"href":"https:\/\/psol50.org.br\/rest\/wp\/v2\/posts"}],"about":[{"href":"https:\/\/psol50.org.br\/rest\/wp\/v2\/types\/post"}],"author":[{"embeddable":true,"href":"https:\/\/psol50.org.br\/rest\/wp\/v2\/users\/2"}],"replies":[{"embeddable":true,"href":"https:\/\/psol50.org.br\/rest\/wp\/v2\/comments?post=2723"}],"version-history":[{"count":0,"href":"https:\/\/psol50.org.br\/rest\/wp\/v2\/posts\/2723\/revisions"}],"wp:attachment":[{"href":"https:\/\/psol50.org.br\/rest\/wp\/v2\/media?parent=2723"}],"wp:term":[{"taxonomy":"category","embeddable":true,"href":"https:\/\/psol50.org.br\/rest\/wp\/v2\/categories?post=2723"},{"taxonomy":"post_tag","embeddable":true,"href":"https:\/\/psol50.org.br\/rest\/wp\/v2\/tags?post=2723"}],"curies":[{"name":"wp","href":"https:\/\/api.w.org\/{rel}","templated":true}]}}