{"id":27242,"date":"2020-01-15T10:50:37","date_gmt":"2020-01-15T13:50:37","guid":{"rendered":"http:\/\/psol50.org.br\/?p=27242"},"modified":"2020-01-15T10:50:37","modified_gmt":"2020-01-15T13:50:37","slug":"psol-aciona-justica-contra-deputado-que-defendeu-assedio-a-mulheres-no-carnaval","status":"publish","type":"post","link":"https:\/\/psol50.org.br\/psol-aciona-justica-contra-deputado-que-defendeu-assedio-a-mulheres-no-carnaval\/","title":{"rendered":"PSOL aciona Justi\u00e7a contra deputado que defendeu ass\u00e9dio a mulheres no Carnaval"},"content":{"rendered":"<p>O PSOL de Santa Catarina, atrav\u00e9s de Leonel Camas\u00e3o, seu \u00faltimo candidato a governador do estado nas elei\u00e7\u00f5es de 2018, apresentou duas den\u00fancias contra o deputado estadual Jess\u00e9 Lopes (PSL) que declarou nas redes sociais que &#8220;as mulheres t\u00eam direito a serem assediadas no Carnaval&#8221;.<\/p>\n<p>A den\u00fancia por quebra de decoro parlamentar foi apresentada \u00e0 Comiss\u00e3o de \u00c9tica e Decoro Parlamentar da Assembleia Legislativa de Santa Catarina (ALESC), enquanto outra den\u00fancia foi enviada \u00e0 Procuradoria Geral de Justi\u00e7a (MPSC) solicitando a abertura de inqu\u00e9rito para averiguar os ind\u00edcios de viola\u00e7\u00f5es penais cometidas pelo deputado.<\/p>\n<blockquote class=\"twitter-tweet\" data-width=\"550\" data-dnt=\"true\">\n<p lang=\"pt\" dir=\"ltr\">Denunciamos hoje Jess\u00e9 Lopes (<a href=\"https:\/\/twitter.com\/depjesse?ref_src=twsrc%5Etfw\">@depjesse<\/a>) por sua incita\u00e7\u00e3o ao ass\u00e9dio contra mulheres no carnaval. Representamos na Comiss\u00e3o de \u00c9tica da Alesc e tamb\u00e9m na Procuradoria Geral de Justi\u00e7a, para que ele seja investigado criminalmente. N\u00e3o podemos deixar barato! <a href=\"https:\/\/t.co\/eoqtW34Kq1\">pic.twitter.com\/eoqtW34Kq1<\/a><\/p>\n<p>&mdash; Leonel Camas\u00e3o \ud83c\udf08 #VacinaParaTodos #ForaBolsonaro (@camasao50) <a href=\"https:\/\/twitter.com\/camasao50\/status\/1217181188915453959?ref_src=twsrc%5Etfw\">January 14, 2020<\/a><\/p><\/blockquote>\n<p><script async src=\"https:\/\/platform.twitter.com\/widgets.js\" charset=\"utf-8\"><\/script><\/p>\n<p>Camas\u00e3o, ao divulgar as a\u00e7\u00f5es na Justi\u00e7a, comentou que &#8220;importunar e assediar sexualmente n\u00e3o \u00e9 e <span class=\"text_exposed_show\">nunca foi um direito dos homens, mas sim uma triste realidade com a qual as mulheres s\u00e3o obrigadas a conviver diariamente numa sociedade dominada por pr\u00e1ticas machistas e mis\u00f3ginas&#8221;.<\/span><\/p>\n<p>&#8220;A imunidade parlamentar e a liberdade de express\u00e3o n\u00e3o podem servir de subterf\u00fagio \u00e0 pr\u00e1tica de crimes contra os direitos das mulheres&#8221;, relembrou o ex-candidato do PSOL, que completou: &#8220;com criminosos, aplica-se a lei penal&#8221;.<\/p>\n","protected":false},"excerpt":{"rendered":"<p>O PSOL de Santa Catarina, atrav\u00e9s de Leonel Camas\u00e3o, seu \u00faltimo candidato a governador do estado nas elei\u00e7\u00f5es de 2018, apresentou duas den\u00fancias contra o deputado estadual Jess\u00e9 Lopes (PSL) que declarou nas redes sociais que &#8220;as mulheres t\u00eam direito a serem assediadas no Carnaval&#8221;. A den\u00fancia por quebra de decoro parlamentar foi apresentada \u00e0 [&hellip;]<\/p>\n","protected":false},"author":2,"featured_media":27247,"comment_status":"closed","ping_status":"open","sticky":false,"template":"","format":"standard","meta":{"_acf_changed":false,"footnotes":""},"categories":[6],"tags":[51,52,53,54,4,22,55],"class_list":{"0":"post-27242","1":"post","2":"type-post","3":"status-publish","4":"format-standard","5":"has-post-thumbnail","7":"category-noticias","8":"tag-assedio","9":"tag-carnaval","10":"tag-jesse-lopes","11":"tag-justica","12":"tag-mulheres","13":"tag-psol","14":"tag-santa-catarina"},"acf":[],"yoast_head":"<!-- This site is optimized with the Yoast SEO plugin v26.5 - https:\/\/yoast.com\/wordpress\/plugins\/seo\/ -->\n<title>PSOL aciona Justi\u00e7a contra deputado que defendeu ass\u00e9dio a mulheres no Carnaval<\/title>\n<meta name=\"description\" content=\"Outra medida tomada atrav\u00e9s do ex-candidato ao governo do estado Leonel Camas\u00e3o foi denunciar o parlamentar na Comiss\u00e3o de \u00c9tica da ALESC.\" \/>\n<meta name=\"robots\" content=\"index, follow, max-snippet:-1, max-image-preview:large, max-video-preview:-1\" \/>\n<link rel=\"canonical\" href=\"https:\/\/psol50.org.br\/psol-aciona-justica-contra-deputado-que-defendeu-assedio-a-mulheres-no-carnaval\/\" \/>\n<meta property=\"og:locale\" content=\"pt_BR\" \/>\n<meta property=\"og:type\" content=\"article\" \/>\n<meta property=\"og:title\" content=\"PSOL aciona Justi\u00e7a contra deputado que defendeu ass\u00e9dio a mulheres no Carnaval\" \/>\n<meta property=\"og:description\" content=\"Outra medida tomada atrav\u00e9s do ex-candidato ao governo do estado Leonel Camas\u00e3o foi denunciar o parlamentar na Comiss\u00e3o de \u00c9tica da ALESC.\" \/>\n<meta property=\"og:url\" content=\"https:\/\/psol50.org.br\/psol-aciona-justica-contra-deputado-que-defendeu-assedio-a-mulheres-no-carnaval\/\" \/>\n<meta property=\"og:site_name\" content=\"PSOL 50\" \/>\n<meta property=\"article:publisher\" content=\"https:\/\/www.facebook.com\/psol50\" \/>\n<meta property=\"article:published_time\" content=\"2020-01-15T13:50:37+00:00\" \/>\n<meta property=\"og:image\" content=\"https:\/\/psol50.org.br\/inc\/uploads\/2020\/01\/20200113120140_1a3d8e73-0731-48cc-8977-84cea74bc721.jpeg\" \/>\n\t<meta property=\"og:image:width\" content=\"1250\" \/>\n\t<meta property=\"og:image:height\" content=\"600\" \/>\n\t<meta property=\"og:image:type\" content=\"image\/jpeg\" \/>\n<meta name=\"author\" content=\"Comunica\u00e7\u00e3o PSOL\" \/>\n<meta name=\"twitter:card\" content=\"summary_large_image\" \/>\n<meta name=\"twitter:title\" content=\"PSOL aciona Justi\u00e7a contra deputado que defendeu ass\u00e9dio a mulheres no Carnaval\" \/>\n<meta name=\"twitter:description\" content=\"Outra medida tomada atrav\u00e9s do ex-candidato ao governo do estado Leonel Camas\u00e3o foi denunciar o parlamentar na Comiss\u00e3o de \u00c9tica da ALESC.\" \/>\n<meta name=\"twitter:image\" content=\"https:\/\/psol50.org.br\/inc\/uploads\/2020\/01\/20200113120140_1a3d8e73-0731-48cc-8977-84cea74bc721.jpeg\" \/>\n<meta name=\"twitter:creator\" content=\"@psol50\" \/>\n<meta name=\"twitter:site\" content=\"@psol50\" \/>\n<meta name=\"twitter:label1\" content=\"Escrito por\" \/>\n\t<meta name=\"twitter:data1\" content=\"Comunica\u00e7\u00e3o PSOL\" \/>\n\t<meta name=\"twitter:label2\" content=\"Est. tempo de leitura\" \/>\n\t<meta name=\"twitter:data2\" content=\"1 minuto\" \/>\n<script type=\"application\/ld+json\" class=\"yoast-schema-graph\">{\"@context\":\"https:\/\/schema.org\",\"@graph\":[{\"@type\":\"Article\",\"@id\":\"https:\/\/psol50.org.br\/psol-aciona-justica-contra-deputado-que-defendeu-assedio-a-mulheres-no-carnaval\/#article\",\"isPartOf\":{\"@id\":\"https:\/\/psol50.org.br\/psol-aciona-justica-contra-deputado-que-defendeu-assedio-a-mulheres-no-carnaval\/\"},\"author\":{\"name\":\"Comunica\u00e7\u00e3o PSOL\",\"@id\":\"https:\/\/psol50.org.br\/#\/schema\/person\/475dfa57d0b815993c714c2e96491fcd\"},\"headline\":\"PSOL aciona Justi\u00e7a contra deputado que defendeu ass\u00e9dio a mulheres no Carnaval\",\"datePublished\":\"2020-01-15T13:50:37+00:00\",\"mainEntityOfPage\":{\"@id\":\"https:\/\/psol50.org.br\/psol-aciona-justica-contra-deputado-que-defendeu-assedio-a-mulheres-no-carnaval\/\"},\"wordCount\":211,\"publisher\":{\"@id\":\"https:\/\/psol50.org.br\/#organization\"},\"image\":{\"@id\":\"https:\/\/psol50.org.br\/psol-aciona-justica-contra-deputado-que-defendeu-assedio-a-mulheres-no-carnaval\/#primaryimage\"},\"thumbnailUrl\":\"https:\/\/psol50.org.br\/inc\/uploads\/2020\/01\/20200113120140_1a3d8e73-0731-48cc-8977-84cea74bc721.jpeg\",\"keywords\":[\"ass\u00e9dio\",\"carnaval\",\"jess\u00e9 lopes\",\"justi\u00e7a\",\"mulheres\",\"PSOL\",\"Santa Catarina\"],\"articleSection\":[\"Not\u00edcias\"],\"inLanguage\":\"pt-BR\"},{\"@type\":\"WebPage\",\"@id\":\"https:\/\/psol50.org.br\/psol-aciona-justica-contra-deputado-que-defendeu-assedio-a-mulheres-no-carnaval\/\",\"url\":\"https:\/\/psol50.org.br\/psol-aciona-justica-contra-deputado-que-defendeu-assedio-a-mulheres-no-carnaval\/\",\"name\":\"PSOL aciona Justi\u00e7a contra deputado que defendeu ass\u00e9dio a mulheres no Carnaval\",\"isPartOf\":{\"@id\":\"https:\/\/psol50.org.br\/#website\"},\"primaryImageOfPage\":{\"@id\":\"https:\/\/psol50.org.br\/psol-aciona-justica-contra-deputado-que-defendeu-assedio-a-mulheres-no-carnaval\/#primaryimage\"},\"image\":{\"@id\":\"https:\/\/psol50.org.br\/psol-aciona-justica-contra-deputado-que-defendeu-assedio-a-mulheres-no-carnaval\/#primaryimage\"},\"thumbnailUrl\":\"https:\/\/psol50.org.br\/inc\/uploads\/2020\/01\/20200113120140_1a3d8e73-0731-48cc-8977-84cea74bc721.jpeg\",\"datePublished\":\"2020-01-15T13:50:37+00:00\",\"description\":\"Outra medida tomada atrav\u00e9s do ex-candidato ao governo do estado Leonel Camas\u00e3o foi denunciar o parlamentar na Comiss\u00e3o de \u00c9tica da ALESC.\",\"breadcrumb\":{\"@id\":\"https:\/\/psol50.org.br\/psol-aciona-justica-contra-deputado-que-defendeu-assedio-a-mulheres-no-carnaval\/#breadcrumb\"},\"inLanguage\":\"pt-BR\",\"potentialAction\":[{\"@type\":\"ReadAction\",\"target\":[\"https:\/\/psol50.org.br\/psol-aciona-justica-contra-deputado-que-defendeu-assedio-a-mulheres-no-carnaval\/\"]}]},{\"@type\":\"ImageObject\",\"inLanguage\":\"pt-BR\",\"@id\":\"https:\/\/psol50.org.br\/psol-aciona-justica-contra-deputado-que-defendeu-assedio-a-mulheres-no-carnaval\/#primaryimage\",\"url\":\"https:\/\/psol50.org.br\/inc\/uploads\/2020\/01\/20200113120140_1a3d8e73-0731-48cc-8977-84cea74bc721.jpeg\",\"contentUrl\":\"https:\/\/psol50.org.br\/inc\/uploads\/2020\/01\/20200113120140_1a3d8e73-0731-48cc-8977-84cea74bc721.jpeg\",\"width\":1250,\"height\":600},{\"@type\":\"BreadcrumbList\",\"@id\":\"https:\/\/psol50.org.br\/psol-aciona-justica-contra-deputado-que-defendeu-assedio-a-mulheres-no-carnaval\/#breadcrumb\",\"itemListElement\":[{\"@type\":\"ListItem\",\"position\":1,\"name\":\"In\u00edcio\",\"item\":\"https:\/\/psol50.org.br\/\"},{\"@type\":\"ListItem\",\"position\":2,\"name\":\"PSOL aciona Justi\u00e7a contra deputado que defendeu ass\u00e9dio a mulheres no Carnaval\"}]},{\"@type\":\"WebSite\",\"@id\":\"https:\/\/psol50.org.br\/#website\",\"url\":\"https:\/\/psol50.org.br\/\",\"name\":\"PSOL 50\",\"description\":\"Site oficial do Partido Socialismo e Liberdade\",\"publisher\":{\"@id\":\"https:\/\/psol50.org.br\/#organization\"},\"alternateName\":\"PSOL50\",\"potentialAction\":[{\"@type\":\"SearchAction\",\"target\":{\"@type\":\"EntryPoint\",\"urlTemplate\":\"https:\/\/psol50.org.br\/?s={search_term_string}\"},\"query-input\":{\"@type\":\"PropertyValueSpecification\",\"valueRequired\":true,\"valueName\":\"search_term_string\"}}],\"inLanguage\":\"pt-BR\"},{\"@type\":\"Organization\",\"@id\":\"https:\/\/psol50.org.br\/#organization\",\"name\":\"PSOL 50\",\"alternateName\":\"PSOL 50\",\"url\":\"https:\/\/psol50.org.br\/\",\"logo\":{\"@type\":\"ImageObject\",\"inLanguage\":\"pt-BR\",\"@id\":\"https:\/\/psol50.org.br\/#\/schema\/logo\/image\/\",\"url\":\"https:\/\/psol50.org.br\/inc\/uploads\/2018\/07\/capa.png\",\"contentUrl\":\"https:\/\/psol50.org.br\/inc\/uploads\/2018\/07\/capa.png\",\"width\":1350,\"height\":900,\"caption\":\"PSOL 50\"},\"image\":{\"@id\":\"https:\/\/psol50.org.br\/#\/schema\/logo\/image\/\"},\"sameAs\":[\"https:\/\/www.facebook.com\/psol50\",\"https:\/\/x.com\/psol50\",\"https:\/\/www.instagram.com\/psol50\/\",\"https:\/\/www.youtube.com\/channel\/UC7SnJS5o1os7a6CaiNabzcg\"]},{\"@type\":\"Person\",\"@id\":\"https:\/\/psol50.org.br\/#\/schema\/person\/475dfa57d0b815993c714c2e96491fcd\",\"name\":\"Comunica\u00e7\u00e3o PSOL\",\"image\":{\"@type\":\"ImageObject\",\"inLanguage\":\"pt-BR\",\"@id\":\"https:\/\/psol50.org.br\/#\/schema\/person\/image\/\",\"url\":\"https:\/\/secure.gravatar.com\/avatar\/b34fc4f4e468a4e51785917065a3db57b841f5c95dba6ad8c73aaf8f66f8f9bf?s=96&d=mm&r=g\",\"contentUrl\":\"https:\/\/secure.gravatar.com\/avatar\/b34fc4f4e468a4e51785917065a3db57b841f5c95dba6ad8c73aaf8f66f8f9bf?s=96&d=mm&r=g\",\"caption\":\"Comunica\u00e7\u00e3o PSOL\"}}]}<\/script>\n<!-- \/ Yoast SEO plugin. -->","yoast_head_json":{"title":"PSOL aciona Justi\u00e7a contra deputado que defendeu ass\u00e9dio a mulheres no Carnaval","description":"Outra medida tomada atrav\u00e9s do ex-candidato ao governo do estado Leonel Camas\u00e3o foi denunciar o parlamentar na Comiss\u00e3o de \u00c9tica da ALESC.","robots":{"index":"index","follow":"follow","max-snippet":"max-snippet:-1","max-image-preview":"max-image-preview:large","max-video-preview":"max-video-preview:-1"},"canonical":"https:\/\/psol50.org.br\/psol-aciona-justica-contra-deputado-que-defendeu-assedio-a-mulheres-no-carnaval\/","og_locale":"pt_BR","og_type":"article","og_title":"PSOL aciona Justi\u00e7a contra deputado que defendeu ass\u00e9dio a mulheres no Carnaval","og_description":"Outra medida tomada atrav\u00e9s do ex-candidato ao governo do estado Leonel Camas\u00e3o foi denunciar o parlamentar na Comiss\u00e3o de \u00c9tica da ALESC.","og_url":"https:\/\/psol50.org.br\/psol-aciona-justica-contra-deputado-que-defendeu-assedio-a-mulheres-no-carnaval\/","og_site_name":"PSOL 50","article_publisher":"https:\/\/www.facebook.com\/psol50","article_published_time":"2020-01-15T13:50:37+00:00","og_image":[{"width":1250,"height":600,"url":"https:\/\/psol50.org.br\/inc\/uploads\/2020\/01\/20200113120140_1a3d8e73-0731-48cc-8977-84cea74bc721.jpeg","type":"image\/jpeg"}],"author":"Comunica\u00e7\u00e3o PSOL","twitter_card":"summary_large_image","twitter_title":"PSOL aciona Justi\u00e7a contra deputado que defendeu ass\u00e9dio a mulheres no Carnaval","twitter_description":"Outra medida tomada atrav\u00e9s do ex-candidato ao governo do estado Leonel Camas\u00e3o foi denunciar o parlamentar na Comiss\u00e3o de \u00c9tica da ALESC.","twitter_image":"https:\/\/psol50.org.br\/inc\/uploads\/2020\/01\/20200113120140_1a3d8e73-0731-48cc-8977-84cea74bc721.jpeg","twitter_creator":"@psol50","twitter_site":"@psol50","twitter_misc":{"Escrito por":"Comunica\u00e7\u00e3o PSOL","Est. tempo de leitura":"1 minuto"},"schema":{"@context":"https:\/\/schema.org","@graph":[{"@type":"Article","@id":"https:\/\/psol50.org.br\/psol-aciona-justica-contra-deputado-que-defendeu-assedio-a-mulheres-no-carnaval\/#article","isPartOf":{"@id":"https:\/\/psol50.org.br\/psol-aciona-justica-contra-deputado-que-defendeu-assedio-a-mulheres-no-carnaval\/"},"author":{"name":"Comunica\u00e7\u00e3o PSOL","@id":"https:\/\/psol50.org.br\/#\/schema\/person\/475dfa57d0b815993c714c2e96491fcd"},"headline":"PSOL aciona Justi\u00e7a contra deputado que defendeu ass\u00e9dio a mulheres no Carnaval","datePublished":"2020-01-15T13:50:37+00:00","mainEntityOfPage":{"@id":"https:\/\/psol50.org.br\/psol-aciona-justica-contra-deputado-que-defendeu-assedio-a-mulheres-no-carnaval\/"},"wordCount":211,"publisher":{"@id":"https:\/\/psol50.org.br\/#organization"},"image":{"@id":"https:\/\/psol50.org.br\/psol-aciona-justica-contra-deputado-que-defendeu-assedio-a-mulheres-no-carnaval\/#primaryimage"},"thumbnailUrl":"https:\/\/psol50.org.br\/inc\/uploads\/2020\/01\/20200113120140_1a3d8e73-0731-48cc-8977-84cea74bc721.jpeg","keywords":["ass\u00e9dio","carnaval","jess\u00e9 lopes","justi\u00e7a","mulheres","PSOL","Santa Catarina"],"articleSection":["Not\u00edcias"],"inLanguage":"pt-BR"},{"@type":"WebPage","@id":"https:\/\/psol50.org.br\/psol-aciona-justica-contra-deputado-que-defendeu-assedio-a-mulheres-no-carnaval\/","url":"https:\/\/psol50.org.br\/psol-aciona-justica-contra-deputado-que-defendeu-assedio-a-mulheres-no-carnaval\/","name":"PSOL aciona Justi\u00e7a contra deputado que defendeu ass\u00e9dio a mulheres no Carnaval","isPartOf":{"@id":"https:\/\/psol50.org.br\/#website"},"primaryImageOfPage":{"@id":"https:\/\/psol50.org.br\/psol-aciona-justica-contra-deputado-que-defendeu-assedio-a-mulheres-no-carnaval\/#primaryimage"},"image":{"@id":"https:\/\/psol50.org.br\/psol-aciona-justica-contra-deputado-que-defendeu-assedio-a-mulheres-no-carnaval\/#primaryimage"},"thumbnailUrl":"https:\/\/psol50.org.br\/inc\/uploads\/2020\/01\/20200113120140_1a3d8e73-0731-48cc-8977-84cea74bc721.jpeg","datePublished":"2020-01-15T13:50:37+00:00","description":"Outra medida tomada atrav\u00e9s do ex-candidato ao governo do estado Leonel Camas\u00e3o foi denunciar o parlamentar na Comiss\u00e3o de \u00c9tica da ALESC.","breadcrumb":{"@id":"https:\/\/psol50.org.br\/psol-aciona-justica-contra-deputado-que-defendeu-assedio-a-mulheres-no-carnaval\/#breadcrumb"},"inLanguage":"pt-BR","potentialAction":[{"@type":"ReadAction","target":["https:\/\/psol50.org.br\/psol-aciona-justica-contra-deputado-que-defendeu-assedio-a-mulheres-no-carnaval\/"]}]},{"@type":"ImageObject","inLanguage":"pt-BR","@id":"https:\/\/psol50.org.br\/psol-aciona-justica-contra-deputado-que-defendeu-assedio-a-mulheres-no-carnaval\/#primaryimage","url":"https:\/\/psol50.org.br\/inc\/uploads\/2020\/01\/20200113120140_1a3d8e73-0731-48cc-8977-84cea74bc721.jpeg","contentUrl":"https:\/\/psol50.org.br\/inc\/uploads\/2020\/01\/20200113120140_1a3d8e73-0731-48cc-8977-84cea74bc721.jpeg","width":1250,"height":600},{"@type":"BreadcrumbList","@id":"https:\/\/psol50.org.br\/psol-aciona-justica-contra-deputado-que-defendeu-assedio-a-mulheres-no-carnaval\/#breadcrumb","itemListElement":[{"@type":"ListItem","position":1,"name":"In\u00edcio","item":"https:\/\/psol50.org.br\/"},{"@type":"ListItem","position":2,"name":"PSOL aciona Justi\u00e7a contra deputado que defendeu ass\u00e9dio a mulheres no Carnaval"}]},{"@type":"WebSite","@id":"https:\/\/psol50.org.br\/#website","url":"https:\/\/psol50.org.br\/","name":"PSOL 50","description":"Site oficial do Partido Socialismo e Liberdade","publisher":{"@id":"https:\/\/psol50.org.br\/#organization"},"alternateName":"PSOL50","potentialAction":[{"@type":"SearchAction","target":{"@type":"EntryPoint","urlTemplate":"https:\/\/psol50.org.br\/?s={search_term_string}"},"query-input":{"@type":"PropertyValueSpecification","valueRequired":true,"valueName":"search_term_string"}}],"inLanguage":"pt-BR"},{"@type":"Organization","@id":"https:\/\/psol50.org.br\/#organization","name":"PSOL 50","alternateName":"PSOL 50","url":"https:\/\/psol50.org.br\/","logo":{"@type":"ImageObject","inLanguage":"pt-BR","@id":"https:\/\/psol50.org.br\/#\/schema\/logo\/image\/","url":"https:\/\/psol50.org.br\/inc\/uploads\/2018\/07\/capa.png","contentUrl":"https:\/\/psol50.org.br\/inc\/uploads\/2018\/07\/capa.png","width":1350,"height":900,"caption":"PSOL 50"},"image":{"@id":"https:\/\/psol50.org.br\/#\/schema\/logo\/image\/"},"sameAs":["https:\/\/www.facebook.com\/psol50","https:\/\/x.com\/psol50","https:\/\/www.instagram.com\/psol50\/","https:\/\/www.youtube.com\/channel\/UC7SnJS5o1os7a6CaiNabzcg"]},{"@type":"Person","@id":"https:\/\/psol50.org.br\/#\/schema\/person\/475dfa57d0b815993c714c2e96491fcd","name":"Comunica\u00e7\u00e3o PSOL","image":{"@type":"ImageObject","inLanguage":"pt-BR","@id":"https:\/\/psol50.org.br\/#\/schema\/person\/image\/","url":"https:\/\/secure.gravatar.com\/avatar\/b34fc4f4e468a4e51785917065a3db57b841f5c95dba6ad8c73aaf8f66f8f9bf?s=96&d=mm&r=g","contentUrl":"https:\/\/secure.gravatar.com\/avatar\/b34fc4f4e468a4e51785917065a3db57b841f5c95dba6ad8c73aaf8f66f8f9bf?s=96&d=mm&r=g","caption":"Comunica\u00e7\u00e3o PSOL"}}]}},"_links":{"self":[{"href":"https:\/\/psol50.org.br\/rest\/wp\/v2\/posts\/27242","targetHints":{"allow":["GET"]}}],"collection":[{"href":"https:\/\/psol50.org.br\/rest\/wp\/v2\/posts"}],"about":[{"href":"https:\/\/psol50.org.br\/rest\/wp\/v2\/types\/post"}],"author":[{"embeddable":true,"href":"https:\/\/psol50.org.br\/rest\/wp\/v2\/users\/2"}],"replies":[{"embeddable":true,"href":"https:\/\/psol50.org.br\/rest\/wp\/v2\/comments?post=27242"}],"version-history":[{"count":0,"href":"https:\/\/psol50.org.br\/rest\/wp\/v2\/posts\/27242\/revisions"}],"wp:featuredmedia":[{"embeddable":true,"href":"https:\/\/psol50.org.br\/rest\/wp\/v2\/media\/27247"}],"wp:attachment":[{"href":"https:\/\/psol50.org.br\/rest\/wp\/v2\/media?parent=27242"}],"wp:term":[{"taxonomy":"category","embeddable":true,"href":"https:\/\/psol50.org.br\/rest\/wp\/v2\/categories?post=27242"},{"taxonomy":"post_tag","embeddable":true,"href":"https:\/\/psol50.org.br\/rest\/wp\/v2\/tags?post=27242"}],"curies":[{"name":"wp","href":"https:\/\/api.w.org\/{rel}","templated":true}]}}