{"id":27250,"date":"2020-01-16T11:52:43","date_gmt":"2020-01-16T14:52:43","guid":{"rendered":"http:\/\/psol50.org.br\/?p=27250"},"modified":"2020-01-16T11:52:43","modified_gmt":"2020-01-16T14:52:43","slug":"psol-aciona-justica-pela-demissao-imediata-de-chefe-da-secom-de-bolsonaro","status":"publish","type":"post","link":"https:\/\/psol50.org.br\/psol-aciona-justica-pela-demissao-imediata-de-chefe-da-secom-de-bolsonaro\/","title":{"rendered":"PSOL aciona Justi\u00e7a pela demiss\u00e3o imediata de chefe da Secom de Bolsonaro"},"content":{"rendered":"<p>O PSOL protocolou, nesta quinta-feira (16), uma a\u00e7\u00e3o popular na Justi\u00e7a do Distrito Federal solicitando a revoga\u00e7\u00e3o imediata da nomea\u00e7\u00e3o do chefe da Secretaria de Comunica\u00e7\u00e3o da Presid\u00eancia (Secom) Fabio Wajngarten e de seu Secret\u00e1rio Especial Adjunto, Samy Liberman.<\/p>\n<p>A a\u00e7\u00e3o \u00e9 assinada por Ivan Valente, l\u00edder da bancada do PSOL na C\u00e2mara, e Juliano Medeiros, presidente nacional do partido, e tamb\u00e9m pede a anula\u00e7\u00e3o de todos os atos assinados por Wajngarten a frente de Secom.<\/p>\n<p>Reportagem da Folha de S. Paulo mostrou que Fabio Wajngarten recebe dinheiro de emissoras e ag\u00eancias contratadas pelo governo Bolsonaro atrav\u00e9s da FW Comunica\u00e7\u00e3o e Marketing, da qual tem 95% das a\u00e7\u00f5es.<\/p>\n<p>Emissoras como Record e Band pagam pelo servi\u00e7o de &#8220;Controle da Concorr\u00eancia&#8221; \u00e0 empresa do chefe da Secom. Ao mesmo tempo, viram seus valores recebidos por propagandas governamentais &#8211; definidos pela Secom &#8211; dispararem.<\/p>\n<p>O caso \u00e9 uma evidente afronta \u00e0 Lei de Conflito de Interesses. A lei diz que integrantes da c\u00fapula do governo s\u00e3o proibidos de manter neg\u00f3cios com pessoas f\u00edsicas ou jur\u00eddicas que possam ser afetadas por suas decis\u00f5es. A pr\u00e1tica implica conflito de interesses e configura ato de improbidade administrativa.<\/p>\n<p>Em resposta \u00e0s den\u00fancias, Bolsonaro atacou a Folha de S.Paulo, que divulgou o esquema de Fabio Wajngarten e garantiu que o chefe da Secom permanece no cargo. &#8220;Se foi ilegal, a gente v\u00ea l\u00e1 na frente&#8221;, se limitou a dizer o presidente.<\/p>\n","protected":false},"excerpt":{"rendered":"<p>O PSOL protocolou, nesta quinta-feira (16), uma a\u00e7\u00e3o popular na Justi\u00e7a do Distrito Federal solicitando a revoga\u00e7\u00e3o imediata da nomea\u00e7\u00e3o do chefe da Secretaria de Comunica\u00e7\u00e3o da Presid\u00eancia (Secom) Fabio Wajngarten e de seu Secret\u00e1rio Especial Adjunto, Samy Liberman. A a\u00e7\u00e3o \u00e9 assinada por Ivan Valente, l\u00edder da bancada do PSOL na C\u00e2mara, e Juliano [&hellip;]<\/p>\n","protected":false},"author":2,"featured_media":27251,"comment_status":"closed","ping_status":"open","sticky":false,"template":"","format":"standard","meta":{"_acf_changed":false,"footnotes":""},"categories":[6],"tags":[56,57,58,59,54,22,60],"class_list":{"0":"post-27250","1":"post","2":"type-post","3":"status-publish","4":"format-standard","5":"has-post-thumbnail","7":"category-noticias","8":"tag-bolsonaro","9":"tag-conflito-de-interesses","10":"tag-corrupcao","11":"tag-fabio-wajngarten","12":"tag-justica","13":"tag-psol","14":"tag-secom"},"acf":[],"yoast_head":"<!-- This site is optimized with the Yoast SEO plugin v26.5 - https:\/\/yoast.com\/wordpress\/plugins\/seo\/ -->\n<title>PSOL aciona Justi\u00e7a pela demiss\u00e3o imediata de chefe da Secom de Bolsonaro<\/title>\n<meta name=\"description\" content=\"A a\u00e7\u00e3o \u00e9 assinada por Ivan Valente e Juliano Medeiros. Fabio Wajngarten \u00e9 acusado de beneficiar emissoras que financiam sua empresa.\" \/>\n<meta name=\"robots\" content=\"index, follow, max-snippet:-1, max-image-preview:large, max-video-preview:-1\" \/>\n<link rel=\"canonical\" href=\"https:\/\/psol50.org.br\/psol-aciona-justica-pela-demissao-imediata-de-chefe-da-secom-de-bolsonaro\/\" \/>\n<meta property=\"og:locale\" content=\"pt_BR\" \/>\n<meta property=\"og:type\" content=\"article\" \/>\n<meta property=\"og:title\" content=\"PSOL aciona Justi\u00e7a pela demiss\u00e3o imediata de chefe da Secom de Bolsonaro\" \/>\n<meta property=\"og:description\" content=\"A a\u00e7\u00e3o \u00e9 assinada por Ivan Valente e Juliano Medeiros. Fabio Wajngarten \u00e9 acusado de beneficiar emissoras que financiam sua empresa.\" \/>\n<meta property=\"og:url\" content=\"https:\/\/psol50.org.br\/psol-aciona-justica-pela-demissao-imediata-de-chefe-da-secom-de-bolsonaro\/\" \/>\n<meta property=\"og:site_name\" content=\"PSOL 50\" \/>\n<meta property=\"article:publisher\" content=\"https:\/\/www.facebook.com\/psol50\" \/>\n<meta property=\"article:published_time\" content=\"2020-01-16T14:52:43+00:00\" \/>\n<meta property=\"og:image\" content=\"https:\/\/psol50.org.br\/inc\/uploads\/2020\/01\/bolsonaro-confirma-fabio-wajngarten-no-comando-da-secom_620_.jpg\" \/>\n\t<meta property=\"og:image:width\" content=\"1000\" \/>\n\t<meta property=\"og:image:height\" content=\"720\" \/>\n\t<meta property=\"og:image:type\" content=\"image\/jpeg\" \/>\n<meta name=\"author\" content=\"Comunica\u00e7\u00e3o PSOL\" \/>\n<meta name=\"twitter:card\" content=\"summary_large_image\" \/>\n<meta name=\"twitter:title\" content=\"PSOL aciona Justi\u00e7a pela demiss\u00e3o imediata de chefe da Secom de Bolsonaro\" \/>\n<meta name=\"twitter:description\" content=\"A a\u00e7\u00e3o \u00e9 assinada por Ivan Valente e Juliano Medeiros. Fabio Wajngarten \u00e9 acusado de beneficiar emissoras que financiam sua empresa.\" \/>\n<meta name=\"twitter:image\" content=\"https:\/\/psol50.org.br\/inc\/uploads\/2020\/01\/bolsonaro-confirma-fabio-wajngarten-no-comando-da-secom_620_.jpg\" \/>\n<meta name=\"twitter:creator\" content=\"@psol50\" \/>\n<meta name=\"twitter:site\" content=\"@psol50\" \/>\n<meta name=\"twitter:label1\" content=\"Escrito por\" \/>\n\t<meta name=\"twitter:data1\" content=\"Comunica\u00e7\u00e3o PSOL\" \/>\n\t<meta name=\"twitter:label2\" content=\"Est. tempo de leitura\" \/>\n\t<meta name=\"twitter:data2\" content=\"1 minuto\" \/>\n<script type=\"application\/ld+json\" class=\"yoast-schema-graph\">{\"@context\":\"https:\/\/schema.org\",\"@graph\":[{\"@type\":\"Article\",\"@id\":\"https:\/\/psol50.org.br\/psol-aciona-justica-pela-demissao-imediata-de-chefe-da-secom-de-bolsonaro\/#article\",\"isPartOf\":{\"@id\":\"https:\/\/psol50.org.br\/psol-aciona-justica-pela-demissao-imediata-de-chefe-da-secom-de-bolsonaro\/\"},\"author\":{\"name\":\"Comunica\u00e7\u00e3o PSOL\",\"@id\":\"https:\/\/psol50.org.br\/#\/schema\/person\/475dfa57d0b815993c714c2e96491fcd\"},\"headline\":\"PSOL aciona Justi\u00e7a pela demiss\u00e3o imediata de chefe da Secom de Bolsonaro\",\"datePublished\":\"2020-01-16T14:52:43+00:00\",\"mainEntityOfPage\":{\"@id\":\"https:\/\/psol50.org.br\/psol-aciona-justica-pela-demissao-imediata-de-chefe-da-secom-de-bolsonaro\/\"},\"wordCount\":269,\"publisher\":{\"@id\":\"https:\/\/psol50.org.br\/#organization\"},\"image\":{\"@id\":\"https:\/\/psol50.org.br\/psol-aciona-justica-pela-demissao-imediata-de-chefe-da-secom-de-bolsonaro\/#primaryimage\"},\"thumbnailUrl\":\"https:\/\/psol50.org.br\/inc\/uploads\/2020\/01\/bolsonaro-confirma-fabio-wajngarten-no-comando-da-secom_620_.jpg\",\"keywords\":[\"Bolsonaro\",\"conflito de interesses\",\"corrup\u00e7\u00e3o\",\"fabio wajngarten\",\"justi\u00e7a\",\"PSOL\",\"secom\"],\"articleSection\":[\"Not\u00edcias\"],\"inLanguage\":\"pt-BR\"},{\"@type\":\"WebPage\",\"@id\":\"https:\/\/psol50.org.br\/psol-aciona-justica-pela-demissao-imediata-de-chefe-da-secom-de-bolsonaro\/\",\"url\":\"https:\/\/psol50.org.br\/psol-aciona-justica-pela-demissao-imediata-de-chefe-da-secom-de-bolsonaro\/\",\"name\":\"PSOL aciona Justi\u00e7a pela demiss\u00e3o imediata de chefe da Secom de Bolsonaro\",\"isPartOf\":{\"@id\":\"https:\/\/psol50.org.br\/#website\"},\"primaryImageOfPage\":{\"@id\":\"https:\/\/psol50.org.br\/psol-aciona-justica-pela-demissao-imediata-de-chefe-da-secom-de-bolsonaro\/#primaryimage\"},\"image\":{\"@id\":\"https:\/\/psol50.org.br\/psol-aciona-justica-pela-demissao-imediata-de-chefe-da-secom-de-bolsonaro\/#primaryimage\"},\"thumbnailUrl\":\"https:\/\/psol50.org.br\/inc\/uploads\/2020\/01\/bolsonaro-confirma-fabio-wajngarten-no-comando-da-secom_620_.jpg\",\"datePublished\":\"2020-01-16T14:52:43+00:00\",\"description\":\"A a\u00e7\u00e3o \u00e9 assinada por Ivan Valente e Juliano Medeiros. Fabio Wajngarten \u00e9 acusado de beneficiar emissoras que financiam sua empresa.\",\"breadcrumb\":{\"@id\":\"https:\/\/psol50.org.br\/psol-aciona-justica-pela-demissao-imediata-de-chefe-da-secom-de-bolsonaro\/#breadcrumb\"},\"inLanguage\":\"pt-BR\",\"potentialAction\":[{\"@type\":\"ReadAction\",\"target\":[\"https:\/\/psol50.org.br\/psol-aciona-justica-pela-demissao-imediata-de-chefe-da-secom-de-bolsonaro\/\"]}]},{\"@type\":\"ImageObject\",\"inLanguage\":\"pt-BR\",\"@id\":\"https:\/\/psol50.org.br\/psol-aciona-justica-pela-demissao-imediata-de-chefe-da-secom-de-bolsonaro\/#primaryimage\",\"url\":\"https:\/\/psol50.org.br\/inc\/uploads\/2020\/01\/bolsonaro-confirma-fabio-wajngarten-no-comando-da-secom_620_.jpg\",\"contentUrl\":\"https:\/\/psol50.org.br\/inc\/uploads\/2020\/01\/bolsonaro-confirma-fabio-wajngarten-no-comando-da-secom_620_.jpg\",\"width\":1000,\"height\":720},{\"@type\":\"BreadcrumbList\",\"@id\":\"https:\/\/psol50.org.br\/psol-aciona-justica-pela-demissao-imediata-de-chefe-da-secom-de-bolsonaro\/#breadcrumb\",\"itemListElement\":[{\"@type\":\"ListItem\",\"position\":1,\"name\":\"In\u00edcio\",\"item\":\"https:\/\/psol50.org.br\/\"},{\"@type\":\"ListItem\",\"position\":2,\"name\":\"PSOL aciona Justi\u00e7a pela demiss\u00e3o imediata de chefe da Secom de Bolsonaro\"}]},{\"@type\":\"WebSite\",\"@id\":\"https:\/\/psol50.org.br\/#website\",\"url\":\"https:\/\/psol50.org.br\/\",\"name\":\"PSOL 50\",\"description\":\"Site oficial do Partido Socialismo e Liberdade\",\"publisher\":{\"@id\":\"https:\/\/psol50.org.br\/#organization\"},\"alternateName\":\"PSOL50\",\"potentialAction\":[{\"@type\":\"SearchAction\",\"target\":{\"@type\":\"EntryPoint\",\"urlTemplate\":\"https:\/\/psol50.org.br\/?s={search_term_string}\"},\"query-input\":{\"@type\":\"PropertyValueSpecification\",\"valueRequired\":true,\"valueName\":\"search_term_string\"}}],\"inLanguage\":\"pt-BR\"},{\"@type\":\"Organization\",\"@id\":\"https:\/\/psol50.org.br\/#organization\",\"name\":\"PSOL 50\",\"alternateName\":\"PSOL 50\",\"url\":\"https:\/\/psol50.org.br\/\",\"logo\":{\"@type\":\"ImageObject\",\"inLanguage\":\"pt-BR\",\"@id\":\"https:\/\/psol50.org.br\/#\/schema\/logo\/image\/\",\"url\":\"https:\/\/psol50.org.br\/inc\/uploads\/2018\/07\/capa.png\",\"contentUrl\":\"https:\/\/psol50.org.br\/inc\/uploads\/2018\/07\/capa.png\",\"width\":1350,\"height\":900,\"caption\":\"PSOL 50\"},\"image\":{\"@id\":\"https:\/\/psol50.org.br\/#\/schema\/logo\/image\/\"},\"sameAs\":[\"https:\/\/www.facebook.com\/psol50\",\"https:\/\/x.com\/psol50\",\"https:\/\/www.instagram.com\/psol50\/\",\"https:\/\/www.youtube.com\/channel\/UC7SnJS5o1os7a6CaiNabzcg\"]},{\"@type\":\"Person\",\"@id\":\"https:\/\/psol50.org.br\/#\/schema\/person\/475dfa57d0b815993c714c2e96491fcd\",\"name\":\"Comunica\u00e7\u00e3o PSOL\",\"image\":{\"@type\":\"ImageObject\",\"inLanguage\":\"pt-BR\",\"@id\":\"https:\/\/psol50.org.br\/#\/schema\/person\/image\/\",\"url\":\"https:\/\/secure.gravatar.com\/avatar\/b34fc4f4e468a4e51785917065a3db57b841f5c95dba6ad8c73aaf8f66f8f9bf?s=96&d=mm&r=g\",\"contentUrl\":\"https:\/\/secure.gravatar.com\/avatar\/b34fc4f4e468a4e51785917065a3db57b841f5c95dba6ad8c73aaf8f66f8f9bf?s=96&d=mm&r=g\",\"caption\":\"Comunica\u00e7\u00e3o PSOL\"}}]}<\/script>\n<!-- \/ Yoast SEO plugin. -->","yoast_head_json":{"title":"PSOL aciona Justi\u00e7a pela demiss\u00e3o imediata de chefe da Secom de Bolsonaro","description":"A a\u00e7\u00e3o \u00e9 assinada por Ivan Valente e Juliano Medeiros. Fabio Wajngarten \u00e9 acusado de beneficiar emissoras que financiam sua empresa.","robots":{"index":"index","follow":"follow","max-snippet":"max-snippet:-1","max-image-preview":"max-image-preview:large","max-video-preview":"max-video-preview:-1"},"canonical":"https:\/\/psol50.org.br\/psol-aciona-justica-pela-demissao-imediata-de-chefe-da-secom-de-bolsonaro\/","og_locale":"pt_BR","og_type":"article","og_title":"PSOL aciona Justi\u00e7a pela demiss\u00e3o imediata de chefe da Secom de Bolsonaro","og_description":"A a\u00e7\u00e3o \u00e9 assinada por Ivan Valente e Juliano Medeiros. Fabio Wajngarten \u00e9 acusado de beneficiar emissoras que financiam sua empresa.","og_url":"https:\/\/psol50.org.br\/psol-aciona-justica-pela-demissao-imediata-de-chefe-da-secom-de-bolsonaro\/","og_site_name":"PSOL 50","article_publisher":"https:\/\/www.facebook.com\/psol50","article_published_time":"2020-01-16T14:52:43+00:00","og_image":[{"width":1000,"height":720,"url":"https:\/\/psol50.org.br\/inc\/uploads\/2020\/01\/bolsonaro-confirma-fabio-wajngarten-no-comando-da-secom_620_.jpg","type":"image\/jpeg"}],"author":"Comunica\u00e7\u00e3o PSOL","twitter_card":"summary_large_image","twitter_title":"PSOL aciona Justi\u00e7a pela demiss\u00e3o imediata de chefe da Secom de Bolsonaro","twitter_description":"A a\u00e7\u00e3o \u00e9 assinada por Ivan Valente e Juliano Medeiros. Fabio Wajngarten \u00e9 acusado de beneficiar emissoras que financiam sua empresa.","twitter_image":"https:\/\/psol50.org.br\/inc\/uploads\/2020\/01\/bolsonaro-confirma-fabio-wajngarten-no-comando-da-secom_620_.jpg","twitter_creator":"@psol50","twitter_site":"@psol50","twitter_misc":{"Escrito por":"Comunica\u00e7\u00e3o PSOL","Est. tempo de leitura":"1 minuto"},"schema":{"@context":"https:\/\/schema.org","@graph":[{"@type":"Article","@id":"https:\/\/psol50.org.br\/psol-aciona-justica-pela-demissao-imediata-de-chefe-da-secom-de-bolsonaro\/#article","isPartOf":{"@id":"https:\/\/psol50.org.br\/psol-aciona-justica-pela-demissao-imediata-de-chefe-da-secom-de-bolsonaro\/"},"author":{"name":"Comunica\u00e7\u00e3o PSOL","@id":"https:\/\/psol50.org.br\/#\/schema\/person\/475dfa57d0b815993c714c2e96491fcd"},"headline":"PSOL aciona Justi\u00e7a pela demiss\u00e3o imediata de chefe da Secom de Bolsonaro","datePublished":"2020-01-16T14:52:43+00:00","mainEntityOfPage":{"@id":"https:\/\/psol50.org.br\/psol-aciona-justica-pela-demissao-imediata-de-chefe-da-secom-de-bolsonaro\/"},"wordCount":269,"publisher":{"@id":"https:\/\/psol50.org.br\/#organization"},"image":{"@id":"https:\/\/psol50.org.br\/psol-aciona-justica-pela-demissao-imediata-de-chefe-da-secom-de-bolsonaro\/#primaryimage"},"thumbnailUrl":"https:\/\/psol50.org.br\/inc\/uploads\/2020\/01\/bolsonaro-confirma-fabio-wajngarten-no-comando-da-secom_620_.jpg","keywords":["Bolsonaro","conflito de interesses","corrup\u00e7\u00e3o","fabio wajngarten","justi\u00e7a","PSOL","secom"],"articleSection":["Not\u00edcias"],"inLanguage":"pt-BR"},{"@type":"WebPage","@id":"https:\/\/psol50.org.br\/psol-aciona-justica-pela-demissao-imediata-de-chefe-da-secom-de-bolsonaro\/","url":"https:\/\/psol50.org.br\/psol-aciona-justica-pela-demissao-imediata-de-chefe-da-secom-de-bolsonaro\/","name":"PSOL aciona Justi\u00e7a pela demiss\u00e3o imediata de chefe da Secom de Bolsonaro","isPartOf":{"@id":"https:\/\/psol50.org.br\/#website"},"primaryImageOfPage":{"@id":"https:\/\/psol50.org.br\/psol-aciona-justica-pela-demissao-imediata-de-chefe-da-secom-de-bolsonaro\/#primaryimage"},"image":{"@id":"https:\/\/psol50.org.br\/psol-aciona-justica-pela-demissao-imediata-de-chefe-da-secom-de-bolsonaro\/#primaryimage"},"thumbnailUrl":"https:\/\/psol50.org.br\/inc\/uploads\/2020\/01\/bolsonaro-confirma-fabio-wajngarten-no-comando-da-secom_620_.jpg","datePublished":"2020-01-16T14:52:43+00:00","description":"A a\u00e7\u00e3o \u00e9 assinada por Ivan Valente e Juliano Medeiros. Fabio Wajngarten \u00e9 acusado de beneficiar emissoras que financiam sua empresa.","breadcrumb":{"@id":"https:\/\/psol50.org.br\/psol-aciona-justica-pela-demissao-imediata-de-chefe-da-secom-de-bolsonaro\/#breadcrumb"},"inLanguage":"pt-BR","potentialAction":[{"@type":"ReadAction","target":["https:\/\/psol50.org.br\/psol-aciona-justica-pela-demissao-imediata-de-chefe-da-secom-de-bolsonaro\/"]}]},{"@type":"ImageObject","inLanguage":"pt-BR","@id":"https:\/\/psol50.org.br\/psol-aciona-justica-pela-demissao-imediata-de-chefe-da-secom-de-bolsonaro\/#primaryimage","url":"https:\/\/psol50.org.br\/inc\/uploads\/2020\/01\/bolsonaro-confirma-fabio-wajngarten-no-comando-da-secom_620_.jpg","contentUrl":"https:\/\/psol50.org.br\/inc\/uploads\/2020\/01\/bolsonaro-confirma-fabio-wajngarten-no-comando-da-secom_620_.jpg","width":1000,"height":720},{"@type":"BreadcrumbList","@id":"https:\/\/psol50.org.br\/psol-aciona-justica-pela-demissao-imediata-de-chefe-da-secom-de-bolsonaro\/#breadcrumb","itemListElement":[{"@type":"ListItem","position":1,"name":"In\u00edcio","item":"https:\/\/psol50.org.br\/"},{"@type":"ListItem","position":2,"name":"PSOL aciona Justi\u00e7a pela demiss\u00e3o imediata de chefe da Secom de Bolsonaro"}]},{"@type":"WebSite","@id":"https:\/\/psol50.org.br\/#website","url":"https:\/\/psol50.org.br\/","name":"PSOL 50","description":"Site oficial do Partido Socialismo e Liberdade","publisher":{"@id":"https:\/\/psol50.org.br\/#organization"},"alternateName":"PSOL50","potentialAction":[{"@type":"SearchAction","target":{"@type":"EntryPoint","urlTemplate":"https:\/\/psol50.org.br\/?s={search_term_string}"},"query-input":{"@type":"PropertyValueSpecification","valueRequired":true,"valueName":"search_term_string"}}],"inLanguage":"pt-BR"},{"@type":"Organization","@id":"https:\/\/psol50.org.br\/#organization","name":"PSOL 50","alternateName":"PSOL 50","url":"https:\/\/psol50.org.br\/","logo":{"@type":"ImageObject","inLanguage":"pt-BR","@id":"https:\/\/psol50.org.br\/#\/schema\/logo\/image\/","url":"https:\/\/psol50.org.br\/inc\/uploads\/2018\/07\/capa.png","contentUrl":"https:\/\/psol50.org.br\/inc\/uploads\/2018\/07\/capa.png","width":1350,"height":900,"caption":"PSOL 50"},"image":{"@id":"https:\/\/psol50.org.br\/#\/schema\/logo\/image\/"},"sameAs":["https:\/\/www.facebook.com\/psol50","https:\/\/x.com\/psol50","https:\/\/www.instagram.com\/psol50\/","https:\/\/www.youtube.com\/channel\/UC7SnJS5o1os7a6CaiNabzcg"]},{"@type":"Person","@id":"https:\/\/psol50.org.br\/#\/schema\/person\/475dfa57d0b815993c714c2e96491fcd","name":"Comunica\u00e7\u00e3o PSOL","image":{"@type":"ImageObject","inLanguage":"pt-BR","@id":"https:\/\/psol50.org.br\/#\/schema\/person\/image\/","url":"https:\/\/secure.gravatar.com\/avatar\/b34fc4f4e468a4e51785917065a3db57b841f5c95dba6ad8c73aaf8f66f8f9bf?s=96&d=mm&r=g","contentUrl":"https:\/\/secure.gravatar.com\/avatar\/b34fc4f4e468a4e51785917065a3db57b841f5c95dba6ad8c73aaf8f66f8f9bf?s=96&d=mm&r=g","caption":"Comunica\u00e7\u00e3o PSOL"}}]}},"_links":{"self":[{"href":"https:\/\/psol50.org.br\/rest\/wp\/v2\/posts\/27250","targetHints":{"allow":["GET"]}}],"collection":[{"href":"https:\/\/psol50.org.br\/rest\/wp\/v2\/posts"}],"about":[{"href":"https:\/\/psol50.org.br\/rest\/wp\/v2\/types\/post"}],"author":[{"embeddable":true,"href":"https:\/\/psol50.org.br\/rest\/wp\/v2\/users\/2"}],"replies":[{"embeddable":true,"href":"https:\/\/psol50.org.br\/rest\/wp\/v2\/comments?post=27250"}],"version-history":[{"count":0,"href":"https:\/\/psol50.org.br\/rest\/wp\/v2\/posts\/27250\/revisions"}],"wp:featuredmedia":[{"embeddable":true,"href":"https:\/\/psol50.org.br\/rest\/wp\/v2\/media\/27251"}],"wp:attachment":[{"href":"https:\/\/psol50.org.br\/rest\/wp\/v2\/media?parent=27250"}],"wp:term":[{"taxonomy":"category","embeddable":true,"href":"https:\/\/psol50.org.br\/rest\/wp\/v2\/categories?post=27250"},{"taxonomy":"post_tag","embeddable":true,"href":"https:\/\/psol50.org.br\/rest\/wp\/v2\/tags?post=27250"}],"curies":[{"name":"wp","href":"https:\/\/api.w.org\/{rel}","templated":true}]}}